{"id":101188,"date":"2020-11-18T08:23:52","date_gmt":"2020-11-18T11:23:52","guid":{"rendered":"https:\/\/www.suno.com.br\/noticias\/?p=101188"},"modified":"2020-11-18T08:23:52","modified_gmt":"2020-11-18T11:23:52","slug":"vale-audiencia-brumadinho-mg","status":"publish","type":"post","link":"https:\/\/www.suno.com.br\/noticias\/vale-audiencia-brumadinho-mg\/","title":{"rendered":"Vale (VALE3) ter\u00e1 nova audi\u00eancia em MG sobre Brumadinho em 9 de dezembro"},"content":{"rendered":"<p>A<strong> Vale<\/strong> (<a href=\"https:\/\/www.suno.com.br\/acoes\/vale3\/\" target=\"_blank\" rel=\"noopener noreferrer\">VALE3<\/a>) ter\u00e1 uma nova audi\u00eancia em Minas Gerais sobre a repara\u00e7\u00e3o dos danos causados em Brumadinho no dia 9 de dezembro de 2020. O mercado aguardava alguma informa\u00e7\u00e3o ontem, dia 17, quando ocorreu uma audi\u00eancia no Tribunal de Justi\u00e7a de Minas Gerais (TJMG).<\/p>\t<div class=\"wrapper-featured-image\">\n\t\t<figure class=\"spotlightImg\">\n\n\t\t\t<picture>\n\t\t\t\t<source media=\"(max-width: 768px)\" srcset=\"https:\/\/files.sunoresearch.com.br\/n\/uploads\/2020\/11\/20b282ff-vale-presidente-tjmg-400x200.webp\">\n\t\t\t\t<img loading=\"lazy\" decoding=\"async\" class=\"newsContent__article__imgCapa lazyloadDisabled \" src=\"https:\/\/files.sunoresearch.com.br\/n\/uploads\/2020\/11\/20b282ff-vale-presidente-tjmg-800x450.webp\" width=\"800\" height=\"450\" alt=\"Vale (VALE3) ter\u00e1 nova audi\u00eancia em MG sobre Brumadinho em 9 de dezembro\" fetchpriority=high \/>\n\t\t\t<\/picture>\n\n\t\t\t<figcaption class=\"wp-caption-text wp-caption-text--show\">Foto TJMG: Presidente Gilson Soares Lemes<\/figcaption>\n\t\t<\/figure>\n\t<\/div>\n\n\n<p><span style=\"font-weight: 400;\">\u00a0\t<p>\n\t\t<a href=\"\" target=\"_blank\" data-element=\"shortcode-suno-banner\" title=\"Banner SUNO, clique e saiba mais\">\n\t\t\t<picture>\n\t\t\t\t<source media=\"(max-width: 500px)\" srcset=\"\">\n\t\t\t\t<img class=\"newsContent__article__imgCapa newsContent__article__imgCapa--banner\"\n\t\t\t\t\tsrc=\"\"\n\t\t\t\t\tdata-promo-id=\"97204\"\t\t\t\t\t\t\t\t\t\t\t\t\t\t\talt=\"\"\n\t\t\t\t>\n\t\t\t<\/picture>\n\t\t<\/a>\n\t<\/p>\n\n <\/span><\/p>\n<p>Durante a <strong>audi\u00eancia<\/strong>, as institui\u00e7\u00f5es jur\u00eddicas do estado apresentaram uma proposta para os advogados da Vale, que pediram mais tempo para an\u00e1lise, e uma nova audi\u00eancia foi agendada.<\/p>\n<p>Segundo comunicado divulgado pelo tribunal, o presidente do TJMG,\u00a0desembargador Gilson Soares Lemes, deferiu na tarde de ontem um pedido da Vale para analisar a proposta feita pelas institui\u00e7\u00f5es jur\u00eddicas, nos processos que tratam de repara\u00e7\u00e3o dos danos provocados pelo rompimento da <strong>barragem<\/strong> da Mina C\u00f3rrego do Feij\u00e3o, em <strong>Brumadinho<\/strong>, em janeiro de 2019.<\/p>\n<p><a href=\"https:\/\/lp.suno.com.br\/suno-one\/\"><span style=\"font-weight: 400;\">Suno One: acesse gratuitamente eBooks, Minicursos, Artigos e Video Aulas sobre investimentos com um \u00fanico cadastro. Clique para saber mais!<\/span><\/a><\/p>\n<p>De acordo com o \u00f3rg\u00e3o, representantes do Estado de <strong>Minas Gerais<\/strong>, Advocacia Geral do Estado (AGE), Advocacia Geral da Uni\u00e3o (AGU), Minist\u00e9rio P\u00fablico Estadual (MPE), Minist\u00e9rio P\u00fablico Federal (MPF), Defensoria P\u00fablica Estadual (DPE) e Defensoria P\u00fablica Federal (DPF) elaboraram e apresentaram na segunda-feira \u00e0 noite, uma nova proposta que dever\u00e1 ser analisada pela Vale.<\/p>\n<p>&#8220;Marcamos nova audi\u00eancia para o dia 9 de dezembro, quando esperamos selar um acordo com a Vale&#8221;, declarou Lemes. Segundo ele, o encontro de ontem foi mais uma etapa na tentativa de <strong>acordo<\/strong> entre as partes. O aux\u00edlio emergencial ser\u00e1 pago pela mineradora Vale \u00e0s fam\u00edlias atingidas at\u00e9 o dia 31 de dezembro.<\/p>\n<p><span style=\"font-weight: 400;\">\u00a0<div class=\"hubspot-form-wrapper\">\n\t<div id=\"single-form-target\"><\/div>\n<\/div>\n<\/span><\/p>\n<h2>Desastre pesa sobre precifica\u00e7\u00e3o da Vale<\/h2>\n<p>O desastre de Brumadinho \u00e9 um dos fatores que pesa sobre a precifica\u00e7\u00e3o das a\u00e7\u00f5es da Vale, que est\u00e1 abaixo das suas concorrentes australianas. De acordo com Clecio Danilo, especialista da\u00a0<strong>SUNO Research<\/strong>, enquanto a Vale \u00e9 negociada a um <a href=\"https:\/\/www.suno.com.br\/artigos\/evebitda\/#:~:text=O%20EV%2FEBITDA%C3%A9%20um%20excelente,capital%20de%20giro%20e%20CAPEX.\" target=\"_blank\" rel=\"noopener noreferrer\">EV\/Ebitda<\/a> de 3,94, enquanto que suas principais concorrentes, a Rio Tinto e BHP, s\u00e3o negociadas um m\u00faltiplo de 5,54 e 7,46, respectivamente.<\/p>\n<p><span style=\"font-weight: 400;\">\t<div data-element=\"shortcode-read-more\" class=\"knowMore\">\n\t\t\t\t<span class=\"knowMore__title\">Saiba mais<\/span>\n\t\t\t\t<a class=\"knowMore__link\" href=\"https:\/\/www.suno.com.br\/noticias\/vale-vale3-esta-barata-frente-aos-concorrentes-por-esg-e-barragens\/\">\n\t\t\tVale (VALE3) est\u00e1 barata frente aos concorrentes por ESG e barragens\t\t<\/a>\n\t<\/div>\n\n<\/span><\/p>\n<p>De acordo com os especialistas, h\u00e1 dois motivos de a Vale estar descontada em rela\u00e7\u00e3o a seus pares: os desastres de Brumadinho e Mariana e a onda\u00a0<a href=\"https:\/\/www.suno.com.br\/artigos\/esg\/\">Environmental, Social and Corporate Governance (ESG)<\/a>, que apesar de n\u00e3o ser favor\u00e1vel a nenhuma mineradora, afeta mais a Vale dado o hist\u00f3rico de trag\u00e9dias.<\/p>\n<p>A incerteza sobre o custo das repara\u00e7\u00f5es de Brumadinho \u00e9 algo que incomoda os acionistas da <strong>Vale<\/strong>, j\u00e1 que existem pend\u00eancias em aberto, como \u00e9 o caso da negocia\u00e7\u00e3o em Minas Gerais.<\/p>\n<p><span style=\"font-weight: 400;\">\t<p>\n\t\t<a href=\"https:\/\/lp.suno.com.br\/planilha-de-controle-de-investimentos\/\" target=\"_blank\" data-element=\"shortcode-suno-banner\" title=\"Banner SUNO, clique e saiba mais\">\n\t\t\t<picture>\n\t\t\t\t<source media=\"(max-width: 500px)\" srcset=\"https:\/\/files.sunoresearch.com.br\/n\/uploads\/2023\/03\/400x300-Controle-de-Investimentos.png\">\n\t\t\t\t<img class=\"newsContent__article__imgCapa newsContent__article__imgCapa--banner\"\n\t\t\t\t\tsrc=\"https:\/\/files.sunoresearch.com.br\/n\/uploads\/2023\/03\/1420x240-Controle-de-Investimentos.png\"\n\t\t\t\t\tdata-promo-id=\"75934\"\t\t\t\t\t\t\t\t\t\twidth='1420' height='240'\t\t\t\t\talt=\"https:\/\/files.sunoresearch.com.br\/n\/uploads\/2023\/03\/1420x240-Controle-de-Investimentos.png\"\n\t\t\t\t>\n\t\t\t<\/picture>\n\t\t<\/a>\n\t<\/p>\n\n<\/span><\/p>\n","protected":false},"excerpt":{"rendered":"<p>A Vale (VALE3) ter\u00e1 uma nova audi\u00eancia em Minas Gerais sobre a repara\u00e7\u00e3o dos danos causados em Brumadinho no dia 9 de dezembro de 2020. O mercado aguardava alguma informa\u00e7\u00e3o ontem, dia 17, quando ocorreu uma audi\u00eancia no Tribunal de Justi\u00e7a de Minas Gerais (TJMG). Foto TJMG: Presidente Gilson Soares Lemes \u00a0 Durante a audi\u00eancia, [&hellip;]<\/p>\n","protected":false},"author":60,"featured_media":101196,"comment_status":"closed","ping_status":"closed","sticky":false,"template":"","format":"standard","meta":[],"categories":[64],"tags":[1032,921,676],"suno_strategy":[],"class_list":["post-101188","post","type-post","status-publish","format-standard","has-post-thumbnail","hentry","category-negocios","tag-brumadinho","tag-minas-gerais","tag-vale-vale3"],"yoast_head":"<!-- This site is optimized with the Yoast SEO plugin v24.4 - https:\/\/yoast.com\/wordpress\/plugins\/seo\/ -->\n<title>Vale (VALE3) ter\u00e1 audi\u00eancia em MG sobre Brumadinho em 9 de dezembro<\/title>\n<meta name=\"description\" content=\"A Vale (VALE3) ter\u00e1 uma nova audi\u00eancia em Minas Gerais sobre a repara\u00e7\u00e3o dos danos em Brumadinho no dia 9 de dezembro de 2020. Leia mais.\" \/>\n<meta name=\"robots\" content=\"index, follow, max-snippet:-1, max-image-preview:large, max-video-preview:-1\" \/>\n<link rel=\"canonical\" href=\"https:\/\/www.suno.com.br\/noticias\/vale-audiencia-brumadinho-mg\/\" \/>\n<meta property=\"og:locale\" content=\"pt_BR\" \/>\n<meta property=\"og:type\" content=\"article\" \/>\n<meta property=\"og:title\" content=\"Vale (VALE3) ter\u00e1 audi\u00eancia em MG sobre Brumadinho em 9 de dezembro\" \/>\n<meta property=\"og:description\" content=\"A Vale (VALE3) ter\u00e1 uma nova audi\u00eancia em Minas Gerais sobre a repara\u00e7\u00e3o dos danos em Brumadinho no dia 9 de dezembro de 2020. Leia mais.\" \/>\n<meta property=\"og:url\" content=\"https:\/\/www.suno.com.br\/noticias\/vale-audiencia-brumadinho-mg\/\" \/>\n<meta property=\"og:site_name\" content=\"Suno Not\u00edcias\" \/>\n<meta property=\"article:publisher\" content=\"https:\/\/facebook.com\/sunoresearch\" \/>\n<meta property=\"og:image\" content=\"https:\/\/files.sunoresearch.com.br\/n\/uploads\/2020\/11\/20b282ff-vale-presidente-tjmg.jpg\" \/>\n\t<meta property=\"og:image:width\" content=\"1000\" \/>\n\t<meta property=\"og:image:height\" content=\"667\" \/>\n\t<meta property=\"og:image:type\" content=\"image\/jpeg\" \/>\n<meta name=\"author\" content=\"Natalia G\u00f3mez\" \/>\n<meta name=\"twitter:card\" content=\"summary_large_image\" \/>\n<meta name=\"twitter:creator\" content=\"@sunoresearch\" \/>\n<meta name=\"twitter:site\" content=\"@sunoresearch\" \/>\n<meta name=\"twitter:label1\" content=\"Escrito por\" \/>\n\t<meta name=\"twitter:data1\" content=\"Natalia G\u00f3mez\" \/>\n\t<meta name=\"twitter:label2\" content=\"Est. tempo de leitura\" \/>\n\t<meta name=\"twitter:data2\" content=\"2 minutos\" \/>\n<script type=\"application\/ld+json\" class=\"yoast-schema-graph\">{\"@context\":\"https:\/\/schema.org\",\"@graph\":[{\"@type\":\"NewsArticle\",\"@id\":\"https:\/\/www.suno.com.br\/noticias\/vale-audiencia-brumadinho-mg\/#article\",\"isPartOf\":{\"@id\":\"https:\/\/www.suno.com.br\/noticias\/vale-audiencia-brumadinho-mg\/\"},\"author\":{\"name\":\"Natalia G\u00f3mez\",\"@id\":\"https:\/\/www.suno.com.br\/noticias\/#\/schema\/person\/1b24d67c140a42e864ef414497edb164\"},\"headline\":\"Vale (VALE3) ter\u00e1 nova audi\u00eancia em MG sobre Brumadinho em 9 de dezembro\",\"datePublished\":\"2020-11-18T11:23:52+00:00\",\"mainEntityOfPage\":{\"@id\":\"https:\/\/www.suno.com.br\/noticias\/vale-audiencia-brumadinho-mg\/\"},\"wordCount\":470,\"publisher\":{\"@id\":\"https:\/\/www.suno.com.br\/noticias\/#organization\"},\"image\":{\"@id\":\"https:\/\/www.suno.com.br\/noticias\/vale-audiencia-brumadinho-mg\/#primaryimage\"},\"thumbnailUrl\":\"https:\/\/files.sunoresearch.com.br\/n\/uploads\/2020\/11\/20b282ff-vale-presidente-tjmg-jpg.webp\",\"keywords\":[\"Brumadinho\",\"Minas Gerais\",\"Vale (VALE3)\"],\"articleSection\":[\"Neg\u00f3cios\"],\"inLanguage\":\"pt-BR\"},{\"@type\":\"WebPage\",\"@id\":\"https:\/\/www.suno.com.br\/noticias\/vale-audiencia-brumadinho-mg\/\",\"url\":\"https:\/\/www.suno.com.br\/noticias\/vale-audiencia-brumadinho-mg\/\",\"name\":\"Vale (VALE3) ter\u00e1 audi\u00eancia em MG sobre Brumadinho em 9 de dezembro\",\"isPartOf\":{\"@id\":\"https:\/\/www.suno.com.br\/noticias\/#website\"},\"primaryImageOfPage\":{\"@id\":\"https:\/\/www.suno.com.br\/noticias\/vale-audiencia-brumadinho-mg\/#primaryimage\"},\"image\":{\"@id\":\"https:\/\/www.suno.com.br\/noticias\/vale-audiencia-brumadinho-mg\/#primaryimage\"},\"thumbnailUrl\":\"https:\/\/files.sunoresearch.com.br\/n\/uploads\/2020\/11\/20b282ff-vale-presidente-tjmg-jpg.webp\",\"datePublished\":\"2020-11-18T11:23:52+00:00\",\"description\":\"A Vale (VALE3) ter\u00e1 uma nova audi\u00eancia em Minas Gerais sobre a repara\u00e7\u00e3o dos danos em Brumadinho no dia 9 de dezembro de 2020. Leia mais.\",\"breadcrumb\":{\"@id\":\"https:\/\/www.suno.com.br\/noticias\/vale-audiencia-brumadinho-mg\/#breadcrumb\"},\"inLanguage\":\"pt-BR\",\"potentialAction\":[{\"@type\":\"ReadAction\",\"target\":[\"https:\/\/www.suno.com.br\/noticias\/vale-audiencia-brumadinho-mg\/\"]}]},{\"@type\":\"ImageObject\",\"inLanguage\":\"pt-BR\",\"@id\":\"https:\/\/www.suno.com.br\/noticias\/vale-audiencia-brumadinho-mg\/#primaryimage\",\"url\":\"https:\/\/files.sunoresearch.com.br\/n\/uploads\/2020\/11\/20b282ff-vale-presidente-tjmg-jpg.webp\",\"contentUrl\":\"https:\/\/files.sunoresearch.com.br\/n\/uploads\/2020\/11\/20b282ff-vale-presidente-tjmg-jpg.webp\",\"width\":1000,\"height\":667,\"caption\":\"Foto TJMG: Presidente Gilson Soares Lemes\"},{\"@type\":\"BreadcrumbList\",\"@id\":\"https:\/\/www.suno.com.br\/noticias\/vale-audiencia-brumadinho-mg\/#breadcrumb\",\"itemListElement\":[{\"@type\":\"ListItem\",\"position\":1,\"name\":\"Not\u00edcias\",\"item\":\"https:\/\/www.suno.com.br\/noticias\/\"},{\"@type\":\"ListItem\",\"position\":2,\"name\":\"Neg\u00f3cios\",\"item\":\"https:\/\/www.suno.com.br\/noticias\/negocios\/\"},{\"@type\":\"ListItem\",\"position\":3,\"name\":\"Vale (VALE3) ter\u00e1 nova audi\u00eancia em MG sobre Brumadinho em 9 de dezembro\"}]},{\"@type\":\"WebSite\",\"@id\":\"https:\/\/www.suno.com.br\/noticias\/#website\",\"url\":\"https:\/\/www.suno.com.br\/noticias\/\",\"name\":\"Suno Not\u00edcias\",\"description\":\"Seu portal de informa\u00e7\u00e3o sobre o mundo dos investimentos\",\"publisher\":{\"@id\":\"https:\/\/www.suno.com.br\/noticias\/#organization\"},\"potentialAction\":[{\"@type\":\"SearchAction\",\"target\":{\"@type\":\"EntryPoint\",\"urlTemplate\":\"https:\/\/www.suno.com.br\/noticias\/?s={search_term_string}\"},\"query-input\":{\"@type\":\"PropertyValueSpecification\",\"valueRequired\":true,\"valueName\":\"search_term_string\"}}],\"inLanguage\":\"pt-BR\"},{\"@type\":\"Organization\",\"@id\":\"https:\/\/www.suno.com.br\/noticias\/#organization\",\"name\":\"Suno Not\u00edcias\",\"url\":\"https:\/\/www.suno.com.br\/noticias\/\",\"logo\":{\"@type\":\"ImageObject\",\"inLanguage\":\"pt-BR\",\"@id\":\"https:\/\/www.suno.com.br\/noticias\/#\/schema\/logo\/image\/\",\"url\":\"https:\/\/files.sunoresearch.com.br\/n\/uploads\/2021\/09\/suno-logo.png\",\"contentUrl\":\"https:\/\/files.sunoresearch.com.br\/n\/uploads\/2021\/09\/suno-logo.png\",\"width\":180,\"height\":180,\"caption\":\"Suno Not\u00edcias\"},\"image\":{\"@id\":\"https:\/\/www.suno.com.br\/noticias\/#\/schema\/logo\/image\/\"},\"sameAs\":[\"https:\/\/facebook.com\/sunoresearch\",\"https:\/\/x.com\/sunoresearch\",\"https:\/\/www.instagram.com\/suno\",\"https:\/\/www.linkedin.com\/company\/suno-research\/\",\"https:\/\/www.youtube.com\/c\/sunoresearch\"]},{\"@type\":\"Person\",\"@id\":\"https:\/\/www.suno.com.br\/noticias\/#\/schema\/person\/1b24d67c140a42e864ef414497edb164\",\"name\":\"Natalia G\u00f3mez\",\"image\":{\"@type\":\"ImageObject\",\"inLanguage\":\"pt-BR\",\"@id\":\"https:\/\/www.suno.com.br\/noticias\/#\/schema\/person\/image\/\",\"url\":\"https:\/\/secure.gravatar.com\/avatar\/9e957e0b2b485c2d42c3f4145c16d940?s=96&r=g\",\"contentUrl\":\"https:\/\/secure.gravatar.com\/avatar\/9e957e0b2b485c2d42c3f4145c16d940?s=96&r=g\",\"caption\":\"Natalia G\u00f3mez\"},\"description\":\"Editora do Suno Not\u00edcias desde outubro de 2020, \u00e9 jornalista formada pela PUC-SP, com p\u00f3s-gradua\u00e7\u00e3o em jornalismo liter\u00e1rio. Atua no mercado financeiro desde 2003, quando iniciou a carreira no jornal econ\u00f4mico DCI, cobrindo o setor de alimentos no caderno de Ind\u00fastria. Foi trainee do jornal Valor Econ\u00f4mico, onde atuou no Caderno de Empresas por quase tr\u00eas anos. L\u00e1, cobriu o setor de ind\u00fastria, com foco em siderurgia, embalagens e aeroespacial. Fez coberturas setoriais em viagens para S\u00e3o Jos\u00e9 dos Campos e Franca (SP), al\u00e9m de coberturas internacionais na Alemanha e na Su\u00e9cia. Trabalhou por cinco anos na Ag\u00eancia Estado\/Broadcast, do Grupo Estado, onde foi rep\u00f3rter dos setores de minera\u00e7\u00e3o e siderurgia, alimentos e bebidas e finan\u00e7as. Foi premiada como o pr\u00eamio Destaque de Reportagem da AE em 2007 e 2008. Al\u00e9m de atuar no servi\u00e7o de not\u00edcias em tempo real, fez participa\u00e7\u00f5es no caderno de Economia do jornal Estado de S.Paulo e na R\u00e1dio Eldorado. Ainda no Grupo Estado, foi editora assistente da editoria Empresas e Setores, atuando com edi\u00e7\u00e3o e pauta, al\u00e9m de cobrir mercados diariamente com o cen\u00e1rio de bolsa e fazer reportagens especiais com foco em governan\u00e7a corporativa. Trabalhou tamb\u00e9m como correspondente de finan\u00e7as no servi\u00e7o da Thomson Reuters em portugu\u00eas por quase um ano. Atuou por cerca de oito anos como jornalista independente, contribuindo para ve\u00edculos como UOL Economia, Infomoney e Revista Voc\u00ea SA, al\u00e9m de ter trabalhado em projetos na \u00e1rea de conte\u00fado e comunica\u00e7\u00e3o de institui\u00e7\u00f5es financeiras como Anbima, Banco BS2, Banco Pine, Ita\u00fa BBA e EQI.\",\"url\":\"https:\/\/www.suno.com.br\/noticias\/author\/natalia-gomez\/\"}]}<\/script>\n<!-- \/ Yoast SEO plugin. -->","yoast_head_json":{"title":"Vale (VALE3) ter\u00e1 audi\u00eancia em MG sobre Brumadinho em 9 de dezembro","description":"A Vale (VALE3) ter\u00e1 uma nova audi\u00eancia em Minas Gerais sobre a repara\u00e7\u00e3o dos danos em Brumadinho no dia 9 de dezembro de 2020. Leia mais.","robots":{"index":"index","follow":"follow","max-snippet":"max-snippet:-1","max-image-preview":"max-image-preview:large","max-video-preview":"max-video-preview:-1"},"canonical":"https:\/\/www.suno.com.br\/noticias\/vale-audiencia-brumadinho-mg\/","og_locale":"pt_BR","og_type":"article","og_title":"Vale (VALE3) ter\u00e1 audi\u00eancia em MG sobre Brumadinho em 9 de dezembro","og_description":"A Vale (VALE3) ter\u00e1 uma nova audi\u00eancia em Minas Gerais sobre a repara\u00e7\u00e3o dos danos em Brumadinho no dia 9 de dezembro de 2020. Leia mais.","og_url":"https:\/\/www.suno.com.br\/noticias\/vale-audiencia-brumadinho-mg\/","og_site_name":"Suno Not\u00edcias","article_publisher":"https:\/\/facebook.com\/sunoresearch","og_image":[{"width":1000,"height":667,"url":"https:\/\/files.sunoresearch.com.br\/n\/uploads\/2020\/11\/20b282ff-vale-presidente-tjmg.jpg","type":"image\/jpeg"}],"author":"Natalia G\u00f3mez","twitter_card":"summary_large_image","twitter_creator":"@sunoresearch","twitter_site":"@sunoresearch","twitter_misc":{"Escrito por":"Natalia G\u00f3mez","Est. tempo de leitura":"2 minutos"},"schema":{"@context":"https:\/\/schema.org","@graph":[{"@type":"NewsArticle","@id":"https:\/\/www.suno.com.br\/noticias\/vale-audiencia-brumadinho-mg\/#article","isPartOf":{"@id":"https:\/\/www.suno.com.br\/noticias\/vale-audiencia-brumadinho-mg\/"},"author":{"name":"Natalia G\u00f3mez","@id":"https:\/\/www.suno.com.br\/noticias\/#\/schema\/person\/1b24d67c140a42e864ef414497edb164"},"headline":"Vale (VALE3) ter\u00e1 nova audi\u00eancia em MG sobre Brumadinho em 9 de dezembro","datePublished":"2020-11-18T11:23:52+00:00","mainEntityOfPage":{"@id":"https:\/\/www.suno.com.br\/noticias\/vale-audiencia-brumadinho-mg\/"},"wordCount":470,"publisher":{"@id":"https:\/\/www.suno.com.br\/noticias\/#organization"},"image":{"@id":"https:\/\/www.suno.com.br\/noticias\/vale-audiencia-brumadinho-mg\/#primaryimage"},"thumbnailUrl":"https:\/\/files.sunoresearch.com.br\/n\/uploads\/2020\/11\/20b282ff-vale-presidente-tjmg-jpg.webp","keywords":["Brumadinho","Minas Gerais","Vale (VALE3)"],"articleSection":["Neg\u00f3cios"],"inLanguage":"pt-BR"},{"@type":"WebPage","@id":"https:\/\/www.suno.com.br\/noticias\/vale-audiencia-brumadinho-mg\/","url":"https:\/\/www.suno.com.br\/noticias\/vale-audiencia-brumadinho-mg\/","name":"Vale (VALE3) ter\u00e1 audi\u00eancia em MG sobre Brumadinho em 9 de dezembro","isPartOf":{"@id":"https:\/\/www.suno.com.br\/noticias\/#website"},"primaryImageOfPage":{"@id":"https:\/\/www.suno.com.br\/noticias\/vale-audiencia-brumadinho-mg\/#primaryimage"},"image":{"@id":"https:\/\/www.suno.com.br\/noticias\/vale-audiencia-brumadinho-mg\/#primaryimage"},"thumbnailUrl":"https:\/\/files.sunoresearch.com.br\/n\/uploads\/2020\/11\/20b282ff-vale-presidente-tjmg-jpg.webp","datePublished":"2020-11-18T11:23:52+00:00","description":"A Vale (VALE3) ter\u00e1 uma nova audi\u00eancia em Minas Gerais sobre a repara\u00e7\u00e3o dos danos em Brumadinho no dia 9 de dezembro de 2020. Leia mais.","breadcrumb":{"@id":"https:\/\/www.suno.com.br\/noticias\/vale-audiencia-brumadinho-mg\/#breadcrumb"},"inLanguage":"pt-BR","potentialAction":[{"@type":"ReadAction","target":["https:\/\/www.suno.com.br\/noticias\/vale-audiencia-brumadinho-mg\/"]}]},{"@type":"ImageObject","inLanguage":"pt-BR","@id":"https:\/\/www.suno.com.br\/noticias\/vale-audiencia-brumadinho-mg\/#primaryimage","url":"https:\/\/files.sunoresearch.com.br\/n\/uploads\/2020\/11\/20b282ff-vale-presidente-tjmg-jpg.webp","contentUrl":"https:\/\/files.sunoresearch.com.br\/n\/uploads\/2020\/11\/20b282ff-vale-presidente-tjmg-jpg.webp","width":1000,"height":667,"caption":"Foto TJMG: Presidente Gilson Soares Lemes"},{"@type":"BreadcrumbList","@id":"https:\/\/www.suno.com.br\/noticias\/vale-audiencia-brumadinho-mg\/#breadcrumb","itemListElement":[{"@type":"ListItem","position":1,"name":"Not\u00edcias","item":"https:\/\/www.suno.com.br\/noticias\/"},{"@type":"ListItem","position":2,"name":"Neg\u00f3cios","item":"https:\/\/www.suno.com.br\/noticias\/negocios\/"},{"@type":"ListItem","position":3,"name":"Vale (VALE3) ter\u00e1 nova audi\u00eancia em MG sobre Brumadinho em 9 de dezembro"}]},{"@type":"WebSite","@id":"https:\/\/www.suno.com.br\/noticias\/#website","url":"https:\/\/www.suno.com.br\/noticias\/","name":"Suno Not\u00edcias","description":"Seu portal de informa\u00e7\u00e3o sobre o mundo dos investimentos","publisher":{"@id":"https:\/\/www.suno.com.br\/noticias\/#organization"},"potentialAction":[{"@type":"SearchAction","target":{"@type":"EntryPoint","urlTemplate":"https:\/\/www.suno.com.br\/noticias\/?s={search_term_string}"},"query-input":{"@type":"PropertyValueSpecification","valueRequired":true,"valueName":"search_term_string"}}],"inLanguage":"pt-BR"},{"@type":"Organization","@id":"https:\/\/www.suno.com.br\/noticias\/#organization","name":"Suno Not\u00edcias","url":"https:\/\/www.suno.com.br\/noticias\/","logo":{"@type":"ImageObject","inLanguage":"pt-BR","@id":"https:\/\/www.suno.com.br\/noticias\/#\/schema\/logo\/image\/","url":"https:\/\/files.sunoresearch.com.br\/n\/uploads\/2021\/09\/suno-logo.png","contentUrl":"https:\/\/files.sunoresearch.com.br\/n\/uploads\/2021\/09\/suno-logo.png","width":180,"height":180,"caption":"Suno Not\u00edcias"},"image":{"@id":"https:\/\/www.suno.com.br\/noticias\/#\/schema\/logo\/image\/"},"sameAs":["https:\/\/facebook.com\/sunoresearch","https:\/\/x.com\/sunoresearch","https:\/\/www.instagram.com\/suno","https:\/\/www.linkedin.com\/company\/suno-research\/","https:\/\/www.youtube.com\/c\/sunoresearch"]},{"@type":"Person","@id":"https:\/\/www.suno.com.br\/noticias\/#\/schema\/person\/1b24d67c140a42e864ef414497edb164","name":"Natalia G\u00f3mez","image":{"@type":"ImageObject","inLanguage":"pt-BR","@id":"https:\/\/www.suno.com.br\/noticias\/#\/schema\/person\/image\/","url":"https:\/\/secure.gravatar.com\/avatar\/9e957e0b2b485c2d42c3f4145c16d940?s=96&r=g","contentUrl":"https:\/\/secure.gravatar.com\/avatar\/9e957e0b2b485c2d42c3f4145c16d940?s=96&r=g","caption":"Natalia G\u00f3mez"},"description":"Editora do Suno Not\u00edcias desde outubro de 2020, \u00e9 jornalista formada pela PUC-SP, com p\u00f3s-gradua\u00e7\u00e3o em jornalismo liter\u00e1rio. Atua no mercado financeiro desde 2003, quando iniciou a carreira no jornal econ\u00f4mico DCI, cobrindo o setor de alimentos no caderno de Ind\u00fastria. Foi trainee do jornal Valor Econ\u00f4mico, onde atuou no Caderno de Empresas por quase tr\u00eas anos. L\u00e1, cobriu o setor de ind\u00fastria, com foco em siderurgia, embalagens e aeroespacial. Fez coberturas setoriais em viagens para S\u00e3o Jos\u00e9 dos Campos e Franca (SP), al\u00e9m de coberturas internacionais na Alemanha e na Su\u00e9cia. Trabalhou por cinco anos na Ag\u00eancia Estado\/Broadcast, do Grupo Estado, onde foi rep\u00f3rter dos setores de minera\u00e7\u00e3o e siderurgia, alimentos e bebidas e finan\u00e7as. Foi premiada como o pr\u00eamio Destaque de Reportagem da AE em 2007 e 2008. Al\u00e9m de atuar no servi\u00e7o de not\u00edcias em tempo real, fez participa\u00e7\u00f5es no caderno de Economia do jornal Estado de S.Paulo e na R\u00e1dio Eldorado. Ainda no Grupo Estado, foi editora assistente da editoria Empresas e Setores, atuando com edi\u00e7\u00e3o e pauta, al\u00e9m de cobrir mercados diariamente com o cen\u00e1rio de bolsa e fazer reportagens especiais com foco em governan\u00e7a corporativa. Trabalhou tamb\u00e9m como correspondente de finan\u00e7as no servi\u00e7o da Thomson Reuters em portugu\u00eas por quase um ano. Atuou por cerca de oito anos como jornalista independente, contribuindo para ve\u00edculos como UOL Economia, Infomoney e Revista Voc\u00ea SA, al\u00e9m de ter trabalhado em projetos na \u00e1rea de conte\u00fado e comunica\u00e7\u00e3o de institui\u00e7\u00f5es financeiras como Anbima, Banco BS2, Banco Pine, Ita\u00fa BBA e EQI.","url":"https:\/\/www.suno.com.br\/noticias\/author\/natalia-gomez\/"}]}},"default_loop_html":"<div class=\"cardsPage__listCard__boxs\"><div class=\"cardsPage__listCard__boxs__img\"><a href=\"https:\/\/www.suno.com.br\/noticias\/vale-audiencia-brumadinho-mg\/\"><img class=\"mask\" src=\"https:\/\/www.suno.com.br\/noticias\/wp-content\/themes\/suno\/resources\/images\/spotlight\/spotlight1img\/bg-mask.png\" alt=\"Image Mask\"\/><img src=\"https:\/\/files.sunoresearch.com.br\/n\/uploads\/2020\/11\/20b282ff-vale-presidente-tjmg-400x200.webp\" alt=\"Vale (VALE3) ter\u00e1 nova audi\u00eancia em MG sobre Brumadinho em 9 de dezembro\"\/><\/a><span class=\"spotlightCategory\"><a href=\"https:\/\/www.suno.com.br\/noticias\/negocios\/\">Neg\u00f3cios<\/a><\/span><\/div><div class=\"cardsPage__listCard__boxs__content\"><a href=\"https:\/\/www.suno.com.br\/noticias\/vale-audiencia-brumadinho-mg\/\"><h2 class=\"content__title\">Vale (VALE3) ter\u00e1 nova audi\u00eancia em MG sobre Brumadinho em 9 de dezembro<\/h2><\/a><div class=\"newsContent__article__meta\"><div class=\"newsContent__article__meta__authorBox\"><a href=\"https:\/\/www.suno.com.br\/noticias\/author\/natalia-gomez\/\" class=\"authorBox__avatar noMobi\"><img src=\"https:\/\/secure.gravatar.com\/avatar\/9e957e0b2b485c2d42c3f4145c16d940?s=96&#038;r=g\" alt=\"Natalia G\u00f3mez\"><\/a><div class=\"authorBox__name\"><span>por\n\t\t\t<a href=\"https:\/\/www.suno.com.br\/noticias\/author\/natalia-gomez\/\"><span itemprop=\"author\">Natalia G\u00f3mez<\/span><\/a><\/span><time datetime=\"2020-11-18T08:23:52-03:00\" itemprop=\"datePublished\">18\/11\/2020 08:23<\/time><\/div><\/div><\/div><\/div><\/div>","single_layout":"posts","amp_enabled":true,"_links":{"self":[{"href":"https:\/\/www.suno.com.br\/noticias\/wp-json\/wp\/v2\/posts\/101188"}],"collection":[{"href":"https:\/\/www.suno.com.br\/noticias\/wp-json\/wp\/v2\/posts"}],"about":[{"href":"https:\/\/www.suno.com.br\/noticias\/wp-json\/wp\/v2\/types\/post"}],"author":[{"embeddable":true,"href":"https:\/\/www.suno.com.br\/noticias\/wp-json\/wp\/v2\/users\/60"}],"replies":[{"embeddable":true,"href":"https:\/\/www.suno.com.br\/noticias\/wp-json\/wp\/v2\/comments?post=101188"}],"version-history":[{"count":0,"href":"https:\/\/www.suno.com.br\/noticias\/wp-json\/wp\/v2\/posts\/101188\/revisions"}],"wp:featuredmedia":[{"embeddable":true,"href":"https:\/\/www.suno.com.br\/noticias\/wp-json\/wp\/v2\/media\/101196"}],"wp:attachment":[{"href":"https:\/\/www.suno.com.br\/noticias\/wp-json\/wp\/v2\/media?parent=101188"}],"wp:term":[{"taxonomy":"category","embeddable":true,"href":"https:\/\/www.suno.com.br\/noticias\/wp-json\/wp\/v2\/categories?post=101188"},{"taxonomy":"post_tag","embeddable":true,"href":"https:\/\/www.suno.com.br\/noticias\/wp-json\/wp\/v2\/tags?post=101188"},{"taxonomy":"suno_strategy","embeddable":true,"href":"https:\/\/www.suno.com.br\/noticias\/wp-json\/wp\/v2\/suno_strategy?post=101188"}],"curies":[{"name":"wp","href":"https:\/\/api.w.org\/{rel}","templated":true}]}}