{"id":101171,"date":"2020-11-18T08:24:25","date_gmt":"2020-11-18T11:24:25","guid":{"rendered":"https:\/\/www.suno.com.br\/noticias\/?p=101171"},"modified":"2021-06-14T00:29:14","modified_gmt":"2021-06-14T03:29:14","slug":"agenda-do-dia-zona-do-euro-igp-m-petroleo-18112020","status":"publish","type":"post","link":"https:\/\/www.suno.com.br\/noticias\/agenda-do-dia-zona-do-euro-igp-m-petroleo-18112020\/","title":{"rendered":"Agenda do Dia: pre\u00e7os da zona do euro, IGP-M e estoques de petr\u00f3leo"},"content":{"rendered":"<p>Ap\u00f3s uma ter\u00e7a-feira (17) agitada no calend\u00e1rio macroecon\u00f4mico, a <strong>Agenda do Dia<\/strong> desta quarta-feira (18) est\u00e1 menos movimentada. As aten\u00e7\u00f5es s\u00e3o voltadas a divulga\u00e7\u00e3o de dados econ\u00f4micos no exterior.<\/p>\t<div class=\"wrapper-featured-image\">\n\t\t<figure class=\"spotlightImg\">\n\n\t\t\t<picture>\n\t\t\t\t<source media=\"(max-width: 768px)\" srcset=\"https:\/\/files.sunoresearch.com.br\/n\/uploads\/2020\/11\/cf70e7b9-zona-do-euro-800x450-1-400x200.webp\">\n\t\t\t\t<img loading=\"lazy\" decoding=\"async\" class=\"newsContent__article__imgCapa lazyloadDisabled \" src=\"https:\/\/files.sunoresearch.com.br\/n\/uploads\/2020\/11\/cf70e7b9-zona-do-euro-800x450-1-jpg.webp\" width=\"800\" height=\"450\" alt=\"Agenda do Dia: pre\u00e7os da zona do euro, IGP-M e estoques de petr\u00f3leo\" fetchpriority=high \/>\n\t\t\t<\/picture>\n\n\t\t\t<figcaption class=\"wp-caption-text wp-caption-text--show\">Ap\u00f3s uma ter\u00e7a-feira (17) agitada no calend\u00e1rio macroecon\u00f4mico, a Agenda do Dia desta quarta-feira (18) est\u00e1 menos movimentada. <\/figcaption>\n\t\t<\/figure>\n\t<\/div>\n\n\n\t<p>\n\t\t<a href=\"\" target=\"_blank\" data-element=\"shortcode-suno-banner\" title=\"Banner SUNO, clique e saiba mais\">\n\t\t\t<picture>\n\t\t\t\t<source media=\"(max-width: 500px)\" srcset=\"\">\n\t\t\t\t<img class=\"newsContent__article__imgCapa newsContent__article__imgCapa--banner\"\n\t\t\t\t\tsrc=\"\"\n\t\t\t\t\tdata-promo-id=\"97204\"\t\t\t\t\t\t\t\t\t\t\t\t\t\t\talt=\"\"\n\t\t\t\t>\n\t\t\t<\/picture>\n\t\t<\/a>\n\t<\/p>\n\n\n<p>Os investidores tamb\u00e9m permanecem atentos aos movimentos corporativos do dia, al\u00e9m da varia\u00e7\u00e3o de <a href=\"https:\/\/www.suno.com.br\/artigos\/cotacao-do-petroleo\/\">estoques de petr\u00f3leo<\/a> nos Estados Unidos, o que pode impactar no pre\u00e7o da <em>commodity<\/em>. Confira os destaques da Agenda do Dia:<\/p>\n<h2>\u00cdndice de pre\u00e7os na zona do euro \u00e9 destaque na Agenda do Dia<\/h2>\n<p>O \u00edndice de <strong>pre\u00e7os ao consumidor<\/strong> (CPI, na sigla em ingl\u00eas) da <a href=\"https:\/\/www.suno.com.br\/artigos\/zona-do-euro\/\"><strong>zona do euro<\/strong><\/a> recuou 0,3% em outubro frente igual m\u00eas de 2019, mantendo o mesmo n\u00edvel de queda de setembro, de acordo com dados finais divulgados nesta quarta-feira pela Eurostat, ag\u00eancia de estat\u00edsticas da <a href=\"https:\/\/www.suno.com.br\/artigos\/uniao-europeia\/\">Uni\u00e3o Europeia (UE)<\/a>.<\/p>\n<p><a href=\"https:\/\/lp.suno.com.br\/suno-one\/\">Suno One: acesse gratuitamente eBooks, Minicursos, Artigos e Video Aulas sobre investimentos com um \u00fanico cadastro. Clique para saber mais!<\/a><\/p>\n<p>O resultado confirmou a estimativa preliminar e veio em linha com a expectativa de analistas consultados pelo <em>Wall Street Journal<\/em>. A leitura deixa a infla\u00e7\u00e3o anual da zona do euro ainda mais distante da meta do <a href=\"https:\/\/www.suno.com.br\/artigos\/bce\/\">Banco Central Europeu (BCE)<\/a>, que \u00e9 de uma taxa pouco abaixo de 2%.<\/p>\n<h2>Segunda pr\u00e9via do IGP-M<\/h2>\n<p>O <a href=\"https:\/\/www.suno.com.br\/artigos\/igp-m\/\">\u00cdndice Geral de Pre\u00e7os &#8211; Mercado (<strong>IGP-M<\/strong>)<\/a> avan\u00e7ou 3,05% no segundo dec\u00eandio de novembro, ante 2,92% no mesmo per\u00edodo de novembro. Com este resultado, a taxa acumulada em 12 meses passou de 20,56% para 24,25%.<\/p>\n<p>O \u00cdndice de Pre\u00e7os ao Produtor Amplo (<strong>IPA<\/strong>), por sua vez, subiu 3,98% no segundo dec\u00eandio de novembro, ante 3,75% no segundo dec\u00eandio de outubro. Na an\u00e1lise por est\u00e1gios de processamento, os pre\u00e7os dos Bens Finais passaram de 2,73% em outubro para 2,41% em novembro. A maior contribui\u00e7\u00e3o para este resultado partiu do subgrupo alimentos processados, cuja taxa passou de 4,61% para 3,98%.<\/p>\n<p><span style=\"font-weight: 400;\">\u00a0<div class=\"hubspot-form-wrapper\">\n\t<div id=\"single-form-target\"><\/div>\n<\/div>\n<\/span><\/p>\n<h2>Estoques de petr\u00f3leo<\/h2>\n<p>Hoje, \u00e0s 14h30 pelo hor\u00e1rio de Bras\u00edlia, ser\u00e1 divulgada a varia\u00e7\u00e3o nos estoques de <strong>petr\u00f3leo<\/strong> nos <strong>Estados Unidos<\/strong>. Na \u00faltima semana, os estoques apresentaram leve queda, o que fez com que os pre\u00e7os da <em>commodity<\/em> avan\u00e7assem, juntamente com a expectativa por uma vacina que combata a pandemia do <a href=\"https:\/\/www.suno.com.br\/noticias\/?s=coronav%C3%ADrus\">novo <strong>coronav\u00edrus<\/strong> (Covid-19)<\/a>.<\/p>\n<h2>Neg\u00f3cio entre Linx e Stone na Agenda do Dia<\/h2>\n<p>Na \u00faltima ter\u00e7a-feira, os acionistas da <a href=\"https:\/\/www.suno.com.br\/acoes\/linx3\/\"><strong>Linx<\/strong> (LINX3)<\/a> aprovaram a venda da empresa para a <strong>Stone<\/strong> (<a href=\"https:\/\/www.suno.com.br\/artigos\/nasdaq\/\">NASDAQ<\/a>: STNE). A Associa\u00e7\u00e3o de Investidores do Mercado de Capitais (<strong>Amec<\/strong>), no entanto, afirmou, em carta \u00e0 <a href=\"https:\/\/www.suno.com.br\/artigos\/cvm\/\">Comiss\u00e3o de Valores Mobili\u00e1rios (<strong>CVM<\/strong>)<\/a>, que se preocupa com a repercuss\u00e3o negativa da decis\u00e3o do colegiado da autarquia no neg\u00f3cio.<\/p>\n\n\t<div data-element=\"shortcode-read-more\" class=\"readToo\">\n\t\t\t\t<span class=\"readToo__title\">Saiba mais<\/span>\n\t\t\t\t<ul class=\"readToo__list\">\n\t\t\t<li><a href=\"https:\/\/www.suno.com.br\/noticias\/destaques-de-empresas-oi-petrobras-bmg-stone-linx\/\">Destaques de Empresas: Oi, Petrobras, BMG, Stone e Linx<\/a><\/li><li><a href=\"https:\/\/www.suno.com.br\/noticias\/stone-espera-cade-aprove-aquisicao-linx-linx3\/\">Stone espera que Cade aprove aquisi\u00e7\u00e3o da Linx (LINX3) em 6 meses<\/a><\/li>\t\t<\/ul>\n\t<\/div>\n\n\n<p>Na sexta-feira (13), o regulador do <strong>mercado de capitais<\/strong> deliberou que os fundadores da empresa de software poderiam exercer seu direito de voto na assembleia geral extraordin\u00e1ria que consentiu com a proposta de compra. A decis\u00e3o do colegiado da CVM foi oposta \u00e0 decis\u00e3o da \u00e1rea t\u00e9cnica, que entendeu que havia conflito de interesses no caso.<\/p>\n<p>Por volta das 12h desta quarta-feira, o mercado ficar\u00e1 de olho nas declara\u00e7\u00f5es da presidente do BCE, Christine Lagarde, no aguardo de novas perspectivas sobre a economia em meio \u00e0 pandemia. A <strong>Agenda do Dia<\/strong> tamb\u00e9m destaca a divulga\u00e7\u00e3o do Fluxo Cambial Estrangeiro, \u00e0s 15h30.<\/p>\n\t<p>\n\t\t<a href=\"https:\/\/lp.suno.com.br\/planilha-de-controle-de-investimentos\/\" target=\"_blank\" data-element=\"shortcode-suno-banner\" title=\"Banner SUNO, clique e saiba mais\">\n\t\t\t<picture>\n\t\t\t\t<source media=\"(max-width: 500px)\" srcset=\"https:\/\/files.sunoresearch.com.br\/n\/uploads\/2023\/03\/400x300-Controle-de-Investimentos.png\">\n\t\t\t\t<img class=\"newsContent__article__imgCapa newsContent__article__imgCapa--banner\"\n\t\t\t\t\tsrc=\"https:\/\/files.sunoresearch.com.br\/n\/uploads\/2023\/03\/1420x240-Controle-de-Investimentos.png\"\n\t\t\t\t\tdata-promo-id=\"75934\"\t\t\t\t\t\t\t\t\t\twidth='1420' height='240'\t\t\t\t\talt=\"https:\/\/files.sunoresearch.com.br\/n\/uploads\/2023\/03\/1420x240-Controle-de-Investimentos.png\"\n\t\t\t\t>\n\t\t\t<\/picture>\n\t\t<\/a>\n\t<\/p>\n\n\n","protected":false},"excerpt":{"rendered":"<p>Ap\u00f3s uma ter\u00e7a-feira (17) agitada no calend\u00e1rio macroecon\u00f4mico, a Agenda do Dia desta quarta-feira (18) est\u00e1 menos movimentada. As aten\u00e7\u00f5es s\u00e3o voltadas a divulga\u00e7\u00e3o de dados econ\u00f4micos no exterior. Stone (STOC31). Foto: Reprodu\u00e7\u00e3o Facebook Os investidores tamb\u00e9m permanecem atentos aos movimentos corporativos do dia, al\u00e9m da varia\u00e7\u00e3o de estoques de petr\u00f3leo nos Estados Unidos, o [&hellip;]<\/p>\n","protected":false},"author":24,"featured_media":100410,"comment_status":"closed","ping_status":"closed","sticky":false,"template":"","format":"standard","meta":[],"categories":[60],"tags":[1980,850,533,766,991],"suno_strategy":[],"class_list":["post-101171","post","type-post","status-publish","format-standard","has-post-thumbnail","hentry","category-mercado","tag-agenda-do-dia","tag-inflacao","tag-linx-linx3","tag-petroleo","tag-zona-do-euro"],"yoast_head":"<!-- This site is optimized with the Yoast SEO plugin v24.4 - https:\/\/yoast.com\/wordpress\/plugins\/seo\/ -->\n<title>Agenda do Dia: pre\u00e7os da zona do euro, IGP-M e estoques de petr\u00f3leo<\/title>\n<meta name=\"description\" content=\"Ap\u00f3s uma ter\u00e7a-feira (17) agitada no calend\u00e1rio macroecon\u00f4mico, a Agenda do Dia desta quarta-feira (18) est\u00e1 menos movimentada. Saiba mais.\" \/>\n<meta name=\"robots\" content=\"index, follow, max-snippet:-1, max-image-preview:large, max-video-preview:-1\" \/>\n<link rel=\"canonical\" href=\"https:\/\/www.suno.com.br\/noticias\/agenda-do-dia-zona-do-euro-igp-m-petroleo-18112020\/\" \/>\n<meta property=\"og:locale\" content=\"pt_BR\" \/>\n<meta property=\"og:type\" content=\"article\" \/>\n<meta property=\"og:title\" content=\"Agenda do Dia: pre\u00e7os da zona do euro, IGP-M e estoques de petr\u00f3leo\" \/>\n<meta property=\"og:description\" content=\"Ap\u00f3s uma ter\u00e7a-feira (17) agitada no calend\u00e1rio macroecon\u00f4mico, a Agenda do Dia desta quarta-feira (18) est\u00e1 menos movimentada. Saiba mais.\" \/>\n<meta property=\"og:url\" content=\"https:\/\/www.suno.com.br\/noticias\/agenda-do-dia-zona-do-euro-igp-m-petroleo-18112020\/\" \/>\n<meta property=\"og:site_name\" content=\"Suno Not\u00edcias\" \/>\n<meta property=\"article:publisher\" content=\"https:\/\/facebook.com\/sunoresearch\" \/>\n<meta property=\"og:image\" content=\"https:\/\/files.sunoresearch.com.br\/n\/uploads\/2020\/11\/cf70e7b9-zona-do-euro-800x450-1.jpg\" \/>\n\t<meta property=\"og:image:width\" content=\"800\" \/>\n\t<meta property=\"og:image:height\" content=\"450\" \/>\n\t<meta property=\"og:image:type\" content=\"image\/jpeg\" \/>\n<meta name=\"author\" content=\"Jader Lazarini\" \/>\n<meta name=\"twitter:card\" content=\"summary_large_image\" \/>\n<meta name=\"twitter:creator\" content=\"@sunoresearch\" \/>\n<meta name=\"twitter:site\" content=\"@sunoresearch\" \/>\n<meta name=\"twitter:label1\" content=\"Escrito por\" \/>\n\t<meta name=\"twitter:data1\" content=\"Jader Lazarini\" \/>\n\t<meta name=\"twitter:label2\" content=\"Est. tempo de leitura\" \/>\n\t<meta name=\"twitter:data2\" content=\"3 minutos\" \/>\n<script type=\"application\/ld+json\" class=\"yoast-schema-graph\">{\"@context\":\"https:\/\/schema.org\",\"@graph\":[{\"@type\":\"NewsArticle\",\"@id\":\"https:\/\/www.suno.com.br\/noticias\/agenda-do-dia-zona-do-euro-igp-m-petroleo-18112020\/#article\",\"isPartOf\":{\"@id\":\"https:\/\/www.suno.com.br\/noticias\/agenda-do-dia-zona-do-euro-igp-m-petroleo-18112020\/\"},\"author\":{\"name\":\"Jader Lazarini\",\"@id\":\"https:\/\/www.suno.com.br\/noticias\/#\/schema\/person\/918d79de1f0281f01599b93f9ea6e23f\"},\"headline\":\"Agenda do Dia: pre\u00e7os da zona do euro, IGP-M e estoques de petr\u00f3leo\",\"datePublished\":\"2020-11-18T11:24:25+00:00\",\"dateModified\":\"2021-06-14T03:29:14+00:00\",\"mainEntityOfPage\":{\"@id\":\"https:\/\/www.suno.com.br\/noticias\/agenda-do-dia-zona-do-euro-igp-m-petroleo-18112020\/\"},\"wordCount\":591,\"publisher\":{\"@id\":\"https:\/\/www.suno.com.br\/noticias\/#organization\"},\"image\":{\"@id\":\"https:\/\/www.suno.com.br\/noticias\/agenda-do-dia-zona-do-euro-igp-m-petroleo-18112020\/#primaryimage\"},\"thumbnailUrl\":\"https:\/\/files.sunoresearch.com.br\/n\/uploads\/2020\/11\/cf70e7b9-zona-do-euro-800x450-1-jpg.webp\",\"keywords\":[\"agenda do dia\",\"infla\u00e7\u00e3o\",\"Linx (LINX3)\",\"Petr\u00f3leo\",\"zona do euro\"],\"articleSection\":[\"Mercado\"],\"inLanguage\":\"pt-BR\"},{\"@type\":\"WebPage\",\"@id\":\"https:\/\/www.suno.com.br\/noticias\/agenda-do-dia-zona-do-euro-igp-m-petroleo-18112020\/\",\"url\":\"https:\/\/www.suno.com.br\/noticias\/agenda-do-dia-zona-do-euro-igp-m-petroleo-18112020\/\",\"name\":\"Agenda do Dia: pre\u00e7os da zona do euro, IGP-M e estoques de petr\u00f3leo\",\"isPartOf\":{\"@id\":\"https:\/\/www.suno.com.br\/noticias\/#website\"},\"primaryImageOfPage\":{\"@id\":\"https:\/\/www.suno.com.br\/noticias\/agenda-do-dia-zona-do-euro-igp-m-petroleo-18112020\/#primaryimage\"},\"image\":{\"@id\":\"https:\/\/www.suno.com.br\/noticias\/agenda-do-dia-zona-do-euro-igp-m-petroleo-18112020\/#primaryimage\"},\"thumbnailUrl\":\"https:\/\/files.sunoresearch.com.br\/n\/uploads\/2020\/11\/cf70e7b9-zona-do-euro-800x450-1-jpg.webp\",\"datePublished\":\"2020-11-18T11:24:25+00:00\",\"dateModified\":\"2021-06-14T03:29:14+00:00\",\"description\":\"Ap\u00f3s uma ter\u00e7a-feira (17) agitada no calend\u00e1rio macroecon\u00f4mico, a Agenda do Dia desta quarta-feira (18) est\u00e1 menos movimentada. Saiba mais.\",\"breadcrumb\":{\"@id\":\"https:\/\/www.suno.com.br\/noticias\/agenda-do-dia-zona-do-euro-igp-m-petroleo-18112020\/#breadcrumb\"},\"inLanguage\":\"pt-BR\",\"potentialAction\":[{\"@type\":\"ReadAction\",\"target\":[\"https:\/\/www.suno.com.br\/noticias\/agenda-do-dia-zona-do-euro-igp-m-petroleo-18112020\/\"]}]},{\"@type\":\"ImageObject\",\"inLanguage\":\"pt-BR\",\"@id\":\"https:\/\/www.suno.com.br\/noticias\/agenda-do-dia-zona-do-euro-igp-m-petroleo-18112020\/#primaryimage\",\"url\":\"https:\/\/files.sunoresearch.com.br\/n\/uploads\/2020\/11\/cf70e7b9-zona-do-euro-800x450-1-jpg.webp\",\"contentUrl\":\"https:\/\/files.sunoresearch.com.br\/n\/uploads\/2020\/11\/cf70e7b9-zona-do-euro-800x450-1-jpg.webp\",\"width\":800,\"height\":450,\"caption\":\"Ap\u00f3s uma ter\u00e7a-feira (17) agitada no calend\u00e1rio macroecon\u00f4mico, a Agenda do Dia desta quarta-feira (18) est\u00e1 menos movimentada.\"},{\"@type\":\"BreadcrumbList\",\"@id\":\"https:\/\/www.suno.com.br\/noticias\/agenda-do-dia-zona-do-euro-igp-m-petroleo-18112020\/#breadcrumb\",\"itemListElement\":[{\"@type\":\"ListItem\",\"position\":1,\"name\":\"Not\u00edcias\",\"item\":\"https:\/\/www.suno.com.br\/noticias\/\"},{\"@type\":\"ListItem\",\"position\":2,\"name\":\"Mercado\",\"item\":\"https:\/\/www.suno.com.br\/noticias\/mercado\/\"},{\"@type\":\"ListItem\",\"position\":3,\"name\":\"Agenda do Dia: pre\u00e7os da zona do euro, IGP-M e estoques de petr\u00f3leo\"}]},{\"@type\":\"WebSite\",\"@id\":\"https:\/\/www.suno.com.br\/noticias\/#website\",\"url\":\"https:\/\/www.suno.com.br\/noticias\/\",\"name\":\"Suno Not\u00edcias\",\"description\":\"Seu portal de informa\u00e7\u00e3o sobre o mundo dos investimentos\",\"publisher\":{\"@id\":\"https:\/\/www.suno.com.br\/noticias\/#organization\"},\"potentialAction\":[{\"@type\":\"SearchAction\",\"target\":{\"@type\":\"EntryPoint\",\"urlTemplate\":\"https:\/\/www.suno.com.br\/noticias\/?s={search_term_string}\"},\"query-input\":{\"@type\":\"PropertyValueSpecification\",\"valueRequired\":true,\"valueName\":\"search_term_string\"}}],\"inLanguage\":\"pt-BR\"},{\"@type\":\"Organization\",\"@id\":\"https:\/\/www.suno.com.br\/noticias\/#organization\",\"name\":\"Suno Not\u00edcias\",\"url\":\"https:\/\/www.suno.com.br\/noticias\/\",\"logo\":{\"@type\":\"ImageObject\",\"inLanguage\":\"pt-BR\",\"@id\":\"https:\/\/www.suno.com.br\/noticias\/#\/schema\/logo\/image\/\",\"url\":\"https:\/\/files.sunoresearch.com.br\/n\/uploads\/2021\/09\/suno-logo.png\",\"contentUrl\":\"https:\/\/files.sunoresearch.com.br\/n\/uploads\/2021\/09\/suno-logo.png\",\"width\":180,\"height\":180,\"caption\":\"Suno Not\u00edcias\"},\"image\":{\"@id\":\"https:\/\/www.suno.com.br\/noticias\/#\/schema\/logo\/image\/\"},\"sameAs\":[\"https:\/\/facebook.com\/sunoresearch\",\"https:\/\/x.com\/sunoresearch\",\"https:\/\/www.instagram.com\/suno\",\"https:\/\/www.linkedin.com\/company\/suno-research\/\",\"https:\/\/www.youtube.com\/c\/sunoresearch\"]},{\"@type\":\"Person\",\"@id\":\"https:\/\/www.suno.com.br\/noticias\/#\/schema\/person\/918d79de1f0281f01599b93f9ea6e23f\",\"name\":\"Jader Lazarini\",\"image\":{\"@type\":\"ImageObject\",\"inLanguage\":\"pt-BR\",\"@id\":\"https:\/\/www.suno.com.br\/noticias\/#\/schema\/person\/image\/\",\"url\":\"https:\/\/secure.gravatar.com\/avatar\/3c1ad8caa51589841baeb923fcddea97?s=96&r=g\",\"contentUrl\":\"https:\/\/secure.gravatar.com\/avatar\/3c1ad8caa51589841baeb923fcddea97?s=96&r=g\",\"caption\":\"Jader Lazarini\"},\"description\":\"Jader Lazarini escreve sobre investimentos, finan\u00e7as, economia e neg\u00f3cios. \u00c9 bacharel em Rela\u00e7\u00f5es Internacionais e analista CNPI (2619).\",\"url\":\"https:\/\/www.suno.com.br\/noticias\/author\/jader-lazarini\/\"}]}<\/script>\n<!-- \/ Yoast SEO plugin. -->","yoast_head_json":{"title":"Agenda do Dia: pre\u00e7os da zona do euro, IGP-M e estoques de petr\u00f3leo","description":"Ap\u00f3s uma ter\u00e7a-feira (17) agitada no calend\u00e1rio macroecon\u00f4mico, a Agenda do Dia desta quarta-feira (18) est\u00e1 menos movimentada. Saiba mais.","robots":{"index":"index","follow":"follow","max-snippet":"max-snippet:-1","max-image-preview":"max-image-preview:large","max-video-preview":"max-video-preview:-1"},"canonical":"https:\/\/www.suno.com.br\/noticias\/agenda-do-dia-zona-do-euro-igp-m-petroleo-18112020\/","og_locale":"pt_BR","og_type":"article","og_title":"Agenda do Dia: pre\u00e7os da zona do euro, IGP-M e estoques de petr\u00f3leo","og_description":"Ap\u00f3s uma ter\u00e7a-feira (17) agitada no calend\u00e1rio macroecon\u00f4mico, a Agenda do Dia desta quarta-feira (18) est\u00e1 menos movimentada. Saiba mais.","og_url":"https:\/\/www.suno.com.br\/noticias\/agenda-do-dia-zona-do-euro-igp-m-petroleo-18112020\/","og_site_name":"Suno Not\u00edcias","article_publisher":"https:\/\/facebook.com\/sunoresearch","og_image":[{"width":800,"height":450,"url":"https:\/\/files.sunoresearch.com.br\/n\/uploads\/2020\/11\/cf70e7b9-zona-do-euro-800x450-1.jpg","type":"image\/jpeg"}],"author":"Jader Lazarini","twitter_card":"summary_large_image","twitter_creator":"@sunoresearch","twitter_site":"@sunoresearch","twitter_misc":{"Escrito por":"Jader Lazarini","Est. tempo de leitura":"3 minutos"},"schema":{"@context":"https:\/\/schema.org","@graph":[{"@type":"NewsArticle","@id":"https:\/\/www.suno.com.br\/noticias\/agenda-do-dia-zona-do-euro-igp-m-petroleo-18112020\/#article","isPartOf":{"@id":"https:\/\/www.suno.com.br\/noticias\/agenda-do-dia-zona-do-euro-igp-m-petroleo-18112020\/"},"author":{"name":"Jader Lazarini","@id":"https:\/\/www.suno.com.br\/noticias\/#\/schema\/person\/918d79de1f0281f01599b93f9ea6e23f"},"headline":"Agenda do Dia: pre\u00e7os da zona do euro, IGP-M e estoques de petr\u00f3leo","datePublished":"2020-11-18T11:24:25+00:00","dateModified":"2021-06-14T03:29:14+00:00","mainEntityOfPage":{"@id":"https:\/\/www.suno.com.br\/noticias\/agenda-do-dia-zona-do-euro-igp-m-petroleo-18112020\/"},"wordCount":591,"publisher":{"@id":"https:\/\/www.suno.com.br\/noticias\/#organization"},"image":{"@id":"https:\/\/www.suno.com.br\/noticias\/agenda-do-dia-zona-do-euro-igp-m-petroleo-18112020\/#primaryimage"},"thumbnailUrl":"https:\/\/files.sunoresearch.com.br\/n\/uploads\/2020\/11\/cf70e7b9-zona-do-euro-800x450-1-jpg.webp","keywords":["agenda do dia","infla\u00e7\u00e3o","Linx (LINX3)","Petr\u00f3leo","zona do euro"],"articleSection":["Mercado"],"inLanguage":"pt-BR"},{"@type":"WebPage","@id":"https:\/\/www.suno.com.br\/noticias\/agenda-do-dia-zona-do-euro-igp-m-petroleo-18112020\/","url":"https:\/\/www.suno.com.br\/noticias\/agenda-do-dia-zona-do-euro-igp-m-petroleo-18112020\/","name":"Agenda do Dia: pre\u00e7os da zona do euro, IGP-M e estoques de petr\u00f3leo","isPartOf":{"@id":"https:\/\/www.suno.com.br\/noticias\/#website"},"primaryImageOfPage":{"@id":"https:\/\/www.suno.com.br\/noticias\/agenda-do-dia-zona-do-euro-igp-m-petroleo-18112020\/#primaryimage"},"image":{"@id":"https:\/\/www.suno.com.br\/noticias\/agenda-do-dia-zona-do-euro-igp-m-petroleo-18112020\/#primaryimage"},"thumbnailUrl":"https:\/\/files.sunoresearch.com.br\/n\/uploads\/2020\/11\/cf70e7b9-zona-do-euro-800x450-1-jpg.webp","datePublished":"2020-11-18T11:24:25+00:00","dateModified":"2021-06-14T03:29:14+00:00","description":"Ap\u00f3s uma ter\u00e7a-feira (17) agitada no calend\u00e1rio macroecon\u00f4mico, a Agenda do Dia desta quarta-feira (18) est\u00e1 menos movimentada. Saiba mais.","breadcrumb":{"@id":"https:\/\/www.suno.com.br\/noticias\/agenda-do-dia-zona-do-euro-igp-m-petroleo-18112020\/#breadcrumb"},"inLanguage":"pt-BR","potentialAction":[{"@type":"ReadAction","target":["https:\/\/www.suno.com.br\/noticias\/agenda-do-dia-zona-do-euro-igp-m-petroleo-18112020\/"]}]},{"@type":"ImageObject","inLanguage":"pt-BR","@id":"https:\/\/www.suno.com.br\/noticias\/agenda-do-dia-zona-do-euro-igp-m-petroleo-18112020\/#primaryimage","url":"https:\/\/files.sunoresearch.com.br\/n\/uploads\/2020\/11\/cf70e7b9-zona-do-euro-800x450-1-jpg.webp","contentUrl":"https:\/\/files.sunoresearch.com.br\/n\/uploads\/2020\/11\/cf70e7b9-zona-do-euro-800x450-1-jpg.webp","width":800,"height":450,"caption":"Ap\u00f3s uma ter\u00e7a-feira (17) agitada no calend\u00e1rio macroecon\u00f4mico, a Agenda do Dia desta quarta-feira (18) est\u00e1 menos movimentada."},{"@type":"BreadcrumbList","@id":"https:\/\/www.suno.com.br\/noticias\/agenda-do-dia-zona-do-euro-igp-m-petroleo-18112020\/#breadcrumb","itemListElement":[{"@type":"ListItem","position":1,"name":"Not\u00edcias","item":"https:\/\/www.suno.com.br\/noticias\/"},{"@type":"ListItem","position":2,"name":"Mercado","item":"https:\/\/www.suno.com.br\/noticias\/mercado\/"},{"@type":"ListItem","position":3,"name":"Agenda do Dia: pre\u00e7os da zona do euro, IGP-M e estoques de petr\u00f3leo"}]},{"@type":"WebSite","@id":"https:\/\/www.suno.com.br\/noticias\/#website","url":"https:\/\/www.suno.com.br\/noticias\/","name":"Suno Not\u00edcias","description":"Seu portal de informa\u00e7\u00e3o sobre o mundo dos investimentos","publisher":{"@id":"https:\/\/www.suno.com.br\/noticias\/#organization"},"potentialAction":[{"@type":"SearchAction","target":{"@type":"EntryPoint","urlTemplate":"https:\/\/www.suno.com.br\/noticias\/?s={search_term_string}"},"query-input":{"@type":"PropertyValueSpecification","valueRequired":true,"valueName":"search_term_string"}}],"inLanguage":"pt-BR"},{"@type":"Organization","@id":"https:\/\/www.suno.com.br\/noticias\/#organization","name":"Suno Not\u00edcias","url":"https:\/\/www.suno.com.br\/noticias\/","logo":{"@type":"ImageObject","inLanguage":"pt-BR","@id":"https:\/\/www.suno.com.br\/noticias\/#\/schema\/logo\/image\/","url":"https:\/\/files.sunoresearch.com.br\/n\/uploads\/2021\/09\/suno-logo.png","contentUrl":"https:\/\/files.sunoresearch.com.br\/n\/uploads\/2021\/09\/suno-logo.png","width":180,"height":180,"caption":"Suno Not\u00edcias"},"image":{"@id":"https:\/\/www.suno.com.br\/noticias\/#\/schema\/logo\/image\/"},"sameAs":["https:\/\/facebook.com\/sunoresearch","https:\/\/x.com\/sunoresearch","https:\/\/www.instagram.com\/suno","https:\/\/www.linkedin.com\/company\/suno-research\/","https:\/\/www.youtube.com\/c\/sunoresearch"]},{"@type":"Person","@id":"https:\/\/www.suno.com.br\/noticias\/#\/schema\/person\/918d79de1f0281f01599b93f9ea6e23f","name":"Jader Lazarini","image":{"@type":"ImageObject","inLanguage":"pt-BR","@id":"https:\/\/www.suno.com.br\/noticias\/#\/schema\/person\/image\/","url":"https:\/\/secure.gravatar.com\/avatar\/3c1ad8caa51589841baeb923fcddea97?s=96&r=g","contentUrl":"https:\/\/secure.gravatar.com\/avatar\/3c1ad8caa51589841baeb923fcddea97?s=96&r=g","caption":"Jader Lazarini"},"description":"Jader Lazarini escreve sobre investimentos, finan\u00e7as, economia e neg\u00f3cios. \u00c9 bacharel em Rela\u00e7\u00f5es Internacionais e analista CNPI (2619).","url":"https:\/\/www.suno.com.br\/noticias\/author\/jader-lazarini\/"}]}},"default_loop_html":"<div class=\"cardsPage__listCard__boxs\"><div class=\"cardsPage__listCard__boxs__img\"><a href=\"https:\/\/www.suno.com.br\/noticias\/stone-espera-cade-aprove-aquisicao-linx-linx3\/\"><img class=\"mask\" src=\"https:\/\/www.suno.com.br\/noticias\/wp-content\/themes\/suno\/resources\/images\/spotlight\/spotlight1img\/bg-mask.png\" alt=\"Image Mask\"\/><img src=\"https:\/\/files.sunoresearch.com.br\/n\/uploads\/2020\/10\/af693c44-stone-400x200.webp\" alt=\"Stone espera que Cade aprove aquisi\u00e7\u00e3o da Linx (LINX3) em 6 meses\"\/><\/a><span class=\"spotlightCategory\"><a href=\"https:\/\/www.suno.com.br\/noticias\/negocios\/\">Neg\u00f3cios<\/a><\/span><\/div><div class=\"cardsPage__listCard__boxs__content\"><a href=\"https:\/\/www.suno.com.br\/noticias\/stone-espera-cade-aprove-aquisicao-linx-linx3\/\"><h2 class=\"content__title\">Stone espera que Cade aprove aquisi\u00e7\u00e3o da Linx (LINX3) em 6 meses<\/h2><\/a><div class=\"newsContent__article__meta\"><div class=\"newsContent__article__meta__authorBox\"><a href=\"https:\/\/www.suno.com.br\/noticias\/author\/jader-lazarini\/\" class=\"authorBox__avatar noMobi\"><img src=\"https:\/\/files.sunoresearch.com.br\/n\/uploads\/2021\/01\/178e6598-foto-perfil-2-150x150.jpg\" alt=\"Jader Lazarini\"><\/a><div class=\"authorBox__name\"><span>por\n\t\t\t<a href=\"https:\/\/www.suno.com.br\/noticias\/author\/jader-lazarini\/\"><span itemprop=\"author\">Jader Lazarini<\/span><\/a><\/span><time datetime=\"2020-11-18T07:33:31-03:00\" itemprop=\"datePublished\">18\/11\/2020 07:33<\/time><\/div><\/div><\/div><\/div><\/div>","single_layout":"posts","amp_enabled":true,"_links":{"self":[{"href":"https:\/\/www.suno.com.br\/noticias\/wp-json\/wp\/v2\/posts\/101171"}],"collection":[{"href":"https:\/\/www.suno.com.br\/noticias\/wp-json\/wp\/v2\/posts"}],"about":[{"href":"https:\/\/www.suno.com.br\/noticias\/wp-json\/wp\/v2\/types\/post"}],"author":[{"embeddable":true,"href":"https:\/\/www.suno.com.br\/noticias\/wp-json\/wp\/v2\/users\/24"}],"replies":[{"embeddable":true,"href":"https:\/\/www.suno.com.br\/noticias\/wp-json\/wp\/v2\/comments?post=101171"}],"version-history":[{"count":1,"href":"https:\/\/www.suno.com.br\/noticias\/wp-json\/wp\/v2\/posts\/101171\/revisions"}],"predecessor-version":[{"id":157739,"href":"https:\/\/www.suno.com.br\/noticias\/wp-json\/wp\/v2\/posts\/101171\/revisions\/157739"}],"wp:featuredmedia":[{"embeddable":true,"href":"https:\/\/www.suno.com.br\/noticias\/wp-json\/wp\/v2\/media\/100410"}],"wp:attachment":[{"href":"https:\/\/www.suno.com.br\/noticias\/wp-json\/wp\/v2\/media?parent=101171"}],"wp:term":[{"taxonomy":"category","embeddable":true,"href":"https:\/\/www.suno.com.br\/noticias\/wp-json\/wp\/v2\/categories?post=101171"},{"taxonomy":"post_tag","embeddable":true,"href":"https:\/\/www.suno.com.br\/noticias\/wp-json\/wp\/v2\/tags?post=101171"},{"taxonomy":"suno_strategy","embeddable":true,"href":"https:\/\/www.suno.com.br\/noticias\/wp-json\/wp\/v2\/suno_strategy?post=101171"}],"curies":[{"name":"wp","href":"https:\/\/api.w.org\/{rel}","templated":true}]}}