{"id":101039,"date":"2020-11-17T17:00:36","date_gmt":"2020-11-17T20:00:36","guid":{"rendered":"https:\/\/www.suno.com.br\/noticias\/?p=101039"},"modified":"2020-11-17T17:00:36","modified_gmt":"2020-11-17T20:00:36","slug":"coronavoucher-auxilio-emergencial-pagamento-parcelas","status":"publish","type":"post","link":"https:\/\/www.suno.com.br\/noticias\/coronavoucher-auxilio-emergencial-pagamento-parcelas\/","title":{"rendered":"Coronavoucher: restam R$ 45 bi para pagamento em parcelas do aux\u00edlio"},"content":{"rendered":"<p>De acordo com o secret\u00e1rio de Pol\u00edtica Econ\u00f4mica do Minist\u00e9rio da Economia, Adolfo Sachsida, ainda restam cerca de R$ 45 bilh\u00f5es a serem pagos em parcelas do<a href=\"https:\/\/www.suno.com.br\/noticias\/tags\/coronavoucher\/\"> aux\u00edlio emergencial (<strong>coronavoucher<\/strong>)<\/a> para os benefici\u00e1rios. A informa\u00e7\u00e3o foi divulgada nesta ter\u00e7a-feira (17).<\/p>\t<div class=\"wrapper-featured-image\">\n\t\t<figure class=\"spotlightImg\">\n\n\t\t\t<picture>\n\t\t\t\t<source media=\"(max-width: 768px)\" srcset=\"https:\/\/files.sunoresearch.com.br\/n\/uploads\/2020\/08\/51ee8960-49747091652_3868cf63f9_b-400x200.webp\">\n\t\t\t\t<img loading=\"lazy\" decoding=\"async\" class=\"newsContent__article__imgCapa lazyloadDisabled \" src=\"https:\/\/files.sunoresearch.com.br\/n\/uploads\/2020\/08\/51ee8960-49747091652_3868cf63f9_b-800x450.webp\" width=\"800\" height=\"450\" alt=\"Coronavoucher: restam R$ 45 bi para pagamento em parcelas do aux\u00edlio\" fetchpriority=high \/>\n\t\t\t<\/picture>\n\n\t\t\t<figcaption class=\"wp-caption-text wp-caption-text--show\">Segundo Sachsida, ainda restam R$ 45 bi a serem pagos em parcelas do coronavoucher para os benefici\u00e1rios. <\/figcaption>\n\t\t<\/figure>\n\t<\/div>\n\n\n\t<p>\n\t\t<a href=\"https:\/\/lp.suno.com.br\/planilha-de-controle-de-investimentos\/\" target=\"_blank\" data-element=\"shortcode-suno-banner\" title=\"Banner SUNO, clique e saiba mais\">\n\t\t\t<picture>\n\t\t\t\t<source media=\"(max-width: 500px)\" srcset=\"https:\/\/files.sunoresearch.com.br\/n\/uploads\/2023\/03\/400x300-Controle-de-Investimentos.png\">\n\t\t\t\t<img class=\"newsContent__article__imgCapa newsContent__article__imgCapa--banner\"\n\t\t\t\t\tsrc=\"https:\/\/files.sunoresearch.com.br\/n\/uploads\/2023\/03\/1420x240-Controle-de-Investimentos.png\"\n\t\t\t\t\tdata-promo-id=\"75934\"\t\t\t\t\t\t\t\t\t\twidth='1420' height='240'\t\t\t\t\talt=\"https:\/\/files.sunoresearch.com.br\/n\/uploads\/2023\/03\/1420x240-Controle-de-Investimentos.png\"\n\t\t\t\t>\n\t\t\t<\/picture>\n\t\t<\/a>\n\t<\/p>\n\n\n<p>Comentando sobre o coronavoucher, o secret\u00e1rio apontou que &#8220;isso nos d\u00e1 muita convic\u00e7\u00e3o de que a <strong>economia <\/strong>ter\u00e1 a necess\u00e1ria tra\u00e7\u00e3o para fechar 2020 e entrar\u00e1 bem em 2021. Passo a passo iremos caminhar com um crescimento cada vez maior e mais sustent\u00e1vel&#8221;.<\/p>\n<p>Nesse sentido, <strong>Sachsida<\/strong> apontou que se esses R$ 45 bilh\u00f5es que restam para pagamento forem somados ao valor que as fam\u00edlias pouparam do benef\u00edcio e ao potencial de saques do <a href=\"https:\/\/www.suno.com.br\/noticias\/tags\/fgts\/\"><strong>FGTS<\/strong><\/a>, o valor que ainda pode entrar na economia fica perto de R$ 110 bilh\u00f5es. Segundo o secret\u00e1rio, &#8220;\u00e9 um volume expressivo de recursos de hoje at\u00e9 janeiro&#8221;.<\/p>\n<p><a href=\"https:\/\/lp.suno.com.br\/suno-one\/\">Conhe\u00e7a o Suno One, a central gratuita de informa\u00e7\u00f5es da Suno para quem quer aprender a investir. Acesse clicando aqui.<\/a><\/p>\n<p>Ele ainda completou dizendo que &#8220;acho que o cr\u00e9dito tamb\u00e9m \u00e9 um caminho. Toda a literatura mostra a import\u00e2ncia dos canais de cr\u00e9dito para a retomada econ\u00f4mica&#8221;.<\/p>\n<p>No entanto, ele preferiu n\u00e3o entrar em detalhes sobre o fim do <strong>aux\u00edlio emergencial<\/strong> e apontou que &#8220;quest\u00f5es sobre aux\u00edlio emergencial e<a href=\"https:\/\/www.suno.com.br\/noticias\/tags\/bolsa-familia\/\"><strong> Bolsa Fam\u00edlia<\/strong><\/a> s\u00e3o decis\u00f5es que cabem ao presidente da Rep\u00fablica&#8221;.<\/p>\n<p>Al\u00e9m disso, o secret\u00e1rio falou sobre o cen\u00e1rio atual do Pa\u00eds e ponderou que &#8220;na situa\u00e7\u00e3o que o <strong>Brasil<\/strong> se encontra hoje, se gastarmos muito o crescimento diminui. Se o governo gastar muito agora, o<a href=\"https:\/\/www.suno.com.br\/artigos\/pib-produto-interno-bruto\/\"> <strong>PIB<\/strong> [Produto Interno Bruto]<\/a> cai, a <a href=\"https:\/\/www.suno.com.br\/artigos\/inflacao\/\">infla\u00e7\u00e3o<\/a> aumenta, os <a href=\"https:\/\/www.suno.com.br\/artigos\/juros\/\">juros<\/a> aumentam, o investimento cai e o <a href=\"https:\/\/www.suno.com.br\/noticias\/tags\/taxa-de-desemprego\/\">desemprego<\/a> aumenta. A consolida\u00e7\u00e3o fiscal est\u00e1 no melhor interesse da popula\u00e7\u00e3o, principalmente dos mais pobres&#8221;.<\/p>\n<h2>FGV: coronavoucher reduziu a pobreza em 23%<\/h2>\n<p>O Centro de Pol\u00edticas Sociais da Funda\u00e7\u00e3o Get\u00falio Vargas (<strong>FGV<\/strong> Social) divulgou, no in\u00edcio do m\u00eas passado, um estudo apontando que o<strong> aux\u00edlio emergencial<\/strong> cooperou para queda tempor\u00e1ria da <strong>pobreza<\/strong> no Brasil. Os dados mostraram que, at\u00e9 o oitavo m\u00eas de 2020, 15 milh\u00f5es de brasileiros sa\u00edram da <strong>linha da pobreza<\/strong>, representando um decr\u00e9scimo de 23,7% em compara\u00e7\u00e3o com o mesmo per\u00edodo do ano passado.<\/p>\n<div class=\"hubspot-form-wrapper\">\n\t<div id=\"single-form-target\"><\/div>\n<\/div>\n\n<p>Ap\u00f3s a divulga\u00e7\u00e3o da pesquisa &#8220;Covid, Classes Econ\u00f4micas e o Caminho do Meio: Cr\u00f4nica da <a href=\"https:\/\/www.suno.com.br\/artigos\/crise-economica-oportunidade-ou-ameaca\/\">Crise<\/a> at\u00e9 Agosto de 2020&#8243;, o coordenador do estudo, Marcelo Neri, destacou que o Pa\u00eds ainda contabiliza 50 milh\u00f5es de pobres, ou seja, o n\u00edvel mais baixo de toda a s\u00e9rie estat\u00edstica.<\/p>\n<p>&#8220;Em toda a s\u00e9rie estat\u00edstica a pobreza nunca esteve num n\u00edvel t\u00e3o baixo, s\u00e3o 50 milh\u00f5es de brasileiros. A queda foi realmente in\u00e9dita, de acordo com as s\u00e9ries estat\u00edsticas&#8221;, apontou. O estudo considerou como pobreza uma renda domiciliar <em>per capta<\/em> de at\u00e9 meio <a href=\"https:\/\/www.suno.com.br\/noticias\/salario-minimo-sobe-1045-a-partir-fevereiro\/#:~:text=O%20presidente%20Jair%20Bolsonaro%20afirmou,do%20dia%201%C2%BA%20de%20fevereiro.\">sal\u00e1rio m\u00ednimo<\/a>, equivalente a R$ 522,50.<\/p>\n\t<div data-element=\"shortcode-read-more\" class=\"knowMore\">\n\t\t\t\t<span class=\"knowMore__title\">Veja tamb\u00e9m<\/span>\n\t\t\t\t<a class=\"knowMore__link\" href=\"https:\/\/www.suno.com.br\/noticias\/coronavoucher-auxilio-emergencial-sera-pago-hoje-nascidos-em-setembro\/\">\n\t\t\tCoronavoucher: Aux\u00edlio emergencial ser\u00e1 pago hoje aos nascidos em setembro\t\t<\/a>\n\t<\/div>\n\n\n<p>Neri refor\u00e7ou que a diminui\u00e7\u00e3o da pobreza \u00e9 tempor\u00e1ria, e pode ser revertida com o fim do <strong>coronavoucher<\/strong>. &#8220;O boom social ocorrido em plena pandemia \u00e9 surpreendente, mas enseja uma preocupa\u00e7\u00e3o, porque a sua principal causa, que \u00e9 o aux\u00edlio emergencial, generoso, que foi concedido, ele cai \u00e0 metade agora em outubro, e depois \u00e9 totalmente extinto em 31 dezembro. Ent\u00e3o, a nossa estimativa \u00e9 que esses 15 milh\u00f5es que sa\u00edram da pobreza v\u00e3o voltar \u00e0 velha pobreza de maneira relativamente r\u00e1pida&#8221;, disse.<\/p>\n<p><em>Com informa\u00e7\u00f5es do Estad\u00e3o Conte\u00fado<\/em><\/p>\n\t<p>\n\t\t<a href=\"https:\/\/lp.suno.com.br\/planilha-de-controle-de-investimentos\/\" target=\"_blank\" data-element=\"shortcode-suno-banner\" title=\"Banner SUNO, clique e saiba mais\">\n\t\t\t<picture>\n\t\t\t\t<source media=\"(max-width: 500px)\" srcset=\"https:\/\/files.sunoresearch.com.br\/n\/uploads\/2023\/03\/400x300-Controle-de-Investimentos.png\">\n\t\t\t\t<img class=\"newsContent__article__imgCapa newsContent__article__imgCapa--banner\"\n\t\t\t\t\tsrc=\"https:\/\/files.sunoresearch.com.br\/n\/uploads\/2023\/03\/1420x240-Controle-de-Investimentos.png\"\n\t\t\t\t\tdata-promo-id=\"75934\"\t\t\t\t\t\t\t\t\t\twidth='1420' height='240'\t\t\t\t\talt=\"https:\/\/files.sunoresearch.com.br\/n\/uploads\/2023\/03\/1420x240-Controle-de-Investimentos.png\"\n\t\t\t\t>\n\t\t\t<\/picture>\n\t\t<\/a>\n\t<\/p>\n\n\n","protected":false},"excerpt":{"rendered":"<p>De acordo com o secret\u00e1rio de Pol\u00edtica Econ\u00f4mica do Minist\u00e9rio da Economia, Adolfo Sachsida, ainda restam cerca de R$ 45 bilh\u00f5es a serem pagos em parcelas do aux\u00edlio emergencial (coronavoucher) para os benefici\u00e1rios. A informa\u00e7\u00e3o foi divulgada nesta ter\u00e7a-feira (17). Segundo Sachsida, ainda restam R$ 45 bi a serem pagos em parcelas do coronavoucher para [&hellip;]<\/p>\n","protected":false},"author":39,"featured_media":81383,"comment_status":"closed","ping_status":"closed","sticky":false,"template":"","format":"standard","meta":[],"categories":[62,65],"tags":[82742,17139,2487,12737,909],"suno_strategy":[],"class_list":["post-101039","post","type-post","status-publish","format-standard","has-post-thumbnail","hentry","category-economia","category-financas-pessoais","tag-adolfo-sachsida","tag-auxilio-emergencial","tag-coronavirus","tag-coronavoucher","tag-ministerio-da-economia"],"yoast_head":"<!-- This site is optimized with the Yoast SEO plugin v24.4 - https:\/\/yoast.com\/wordpress\/plugins\/seo\/ -->\n<title>Coronavoucher: restam R$ 45 bi para pagamento em parcelas do aux\u00edlio<\/title>\n<meta name=\"description\" content=\"Segundo Sachsida, ainda restam R$ 45 bi a serem pagos em parcelas do coronavoucher para os benefici\u00e1rios. Clique aqui para saber mais.\" \/>\n<meta name=\"robots\" content=\"index, follow, max-snippet:-1, max-image-preview:large, max-video-preview:-1\" \/>\n<link rel=\"canonical\" href=\"https:\/\/www.suno.com.br\/noticias\/coronavoucher-auxilio-emergencial-pagamento-parcelas\/\" \/>\n<meta property=\"og:locale\" content=\"pt_BR\" \/>\n<meta property=\"og:type\" content=\"article\" \/>\n<meta property=\"og:title\" content=\"Coronavoucher: restam R$ 45 bi para pagamento em parcelas do aux\u00edlio\" \/>\n<meta property=\"og:description\" content=\"Segundo Sachsida, ainda restam R$ 45 bi a serem pagos em parcelas do coronavoucher para os benefici\u00e1rios. Clique aqui para saber mais.\" \/>\n<meta property=\"og:url\" content=\"https:\/\/www.suno.com.br\/noticias\/coronavoucher-auxilio-emergencial-pagamento-parcelas\/\" \/>\n<meta property=\"og:site_name\" content=\"Suno Not\u00edcias\" \/>\n<meta property=\"article:publisher\" content=\"https:\/\/facebook.com\/sunoresearch\" \/>\n<meta property=\"og:image\" content=\"https:\/\/files.sunoresearch.com.br\/n\/uploads\/2020\/08\/51ee8960-49747091652_3868cf63f9_b.jpg\" \/>\n\t<meta property=\"og:image:width\" content=\"1024\" \/>\n\t<meta property=\"og:image:height\" content=\"784\" \/>\n\t<meta property=\"og:image:type\" content=\"image\/jpeg\" \/>\n<meta name=\"author\" content=\"Laura Moutinho\" \/>\n<meta name=\"twitter:card\" content=\"summary_large_image\" \/>\n<meta name=\"twitter:creator\" content=\"@sunoresearch\" \/>\n<meta name=\"twitter:site\" content=\"@sunoresearch\" \/>\n<meta name=\"twitter:label1\" content=\"Escrito por\" \/>\n\t<meta name=\"twitter:data1\" content=\"Laura Moutinho\" \/>\n\t<meta name=\"twitter:label2\" content=\"Est. tempo de leitura\" \/>\n\t<meta name=\"twitter:data2\" content=\"3 minutos\" \/>\n<script type=\"application\/ld+json\" class=\"yoast-schema-graph\">{\"@context\":\"https:\/\/schema.org\",\"@graph\":[{\"@type\":\"NewsArticle\",\"@id\":\"https:\/\/www.suno.com.br\/noticias\/coronavoucher-auxilio-emergencial-pagamento-parcelas\/#article\",\"isPartOf\":{\"@id\":\"https:\/\/www.suno.com.br\/noticias\/coronavoucher-auxilio-emergencial-pagamento-parcelas\/\"},\"author\":{\"name\":\"Laura Moutinho\",\"@id\":\"https:\/\/www.suno.com.br\/noticias\/#\/schema\/person\/3df0d2808748b74496efe5dbeaef2c72\"},\"headline\":\"Coronavoucher: restam R$ 45 bi para pagamento em parcelas do aux\u00edlio\",\"datePublished\":\"2020-11-17T20:00:36+00:00\",\"mainEntityOfPage\":{\"@id\":\"https:\/\/www.suno.com.br\/noticias\/coronavoucher-auxilio-emergencial-pagamento-parcelas\/\"},\"wordCount\":643,\"publisher\":{\"@id\":\"https:\/\/www.suno.com.br\/noticias\/#organization\"},\"image\":{\"@id\":\"https:\/\/www.suno.com.br\/noticias\/coronavoucher-auxilio-emergencial-pagamento-parcelas\/#primaryimage\"},\"thumbnailUrl\":\"https:\/\/files.sunoresearch.com.br\/n\/uploads\/2020\/08\/51ee8960-49747091652_3868cf63f9_b-jpg.webp\",\"keywords\":[\"Adolfo Sachsida\",\"aux\u00edlio emergencial\",\"coronav\u00edrus\",\"coronavoucher\",\"Minist\u00e9rio da Economia\"],\"articleSection\":[\"Economia\",\"Finan\u00e7as Pessoais\"],\"inLanguage\":\"pt-BR\"},{\"@type\":\"WebPage\",\"@id\":\"https:\/\/www.suno.com.br\/noticias\/coronavoucher-auxilio-emergencial-pagamento-parcelas\/\",\"url\":\"https:\/\/www.suno.com.br\/noticias\/coronavoucher-auxilio-emergencial-pagamento-parcelas\/\",\"name\":\"Coronavoucher: restam R$ 45 bi para pagamento em parcelas do aux\u00edlio\",\"isPartOf\":{\"@id\":\"https:\/\/www.suno.com.br\/noticias\/#website\"},\"primaryImageOfPage\":{\"@id\":\"https:\/\/www.suno.com.br\/noticias\/coronavoucher-auxilio-emergencial-pagamento-parcelas\/#primaryimage\"},\"image\":{\"@id\":\"https:\/\/www.suno.com.br\/noticias\/coronavoucher-auxilio-emergencial-pagamento-parcelas\/#primaryimage\"},\"thumbnailUrl\":\"https:\/\/files.sunoresearch.com.br\/n\/uploads\/2020\/08\/51ee8960-49747091652_3868cf63f9_b-jpg.webp\",\"datePublished\":\"2020-11-17T20:00:36+00:00\",\"description\":\"Segundo Sachsida, ainda restam R$ 45 bi a serem pagos em parcelas do coronavoucher para os benefici\u00e1rios. Clique aqui para saber mais.\",\"breadcrumb\":{\"@id\":\"https:\/\/www.suno.com.br\/noticias\/coronavoucher-auxilio-emergencial-pagamento-parcelas\/#breadcrumb\"},\"inLanguage\":\"pt-BR\",\"potentialAction\":[{\"@type\":\"ReadAction\",\"target\":[\"https:\/\/www.suno.com.br\/noticias\/coronavoucher-auxilio-emergencial-pagamento-parcelas\/\"]}]},{\"@type\":\"ImageObject\",\"inLanguage\":\"pt-BR\",\"@id\":\"https:\/\/www.suno.com.br\/noticias\/coronavoucher-auxilio-emergencial-pagamento-parcelas\/#primaryimage\",\"url\":\"https:\/\/files.sunoresearch.com.br\/n\/uploads\/2020\/08\/51ee8960-49747091652_3868cf63f9_b-jpg.webp\",\"contentUrl\":\"https:\/\/files.sunoresearch.com.br\/n\/uploads\/2020\/08\/51ee8960-49747091652_3868cf63f9_b-jpg.webp\",\"width\":1024,\"height\":784,\"caption\":\"Segundo Sachsida, ainda restam R$ 45 bi a serem pagos em parcelas do coronavoucher para os benefici\u00e1rios.\"},{\"@type\":\"BreadcrumbList\",\"@id\":\"https:\/\/www.suno.com.br\/noticias\/coronavoucher-auxilio-emergencial-pagamento-parcelas\/#breadcrumb\",\"itemListElement\":[{\"@type\":\"ListItem\",\"position\":1,\"name\":\"Not\u00edcias\",\"item\":\"https:\/\/www.suno.com.br\/noticias\/\"},{\"@type\":\"ListItem\",\"position\":2,\"name\":\"Finan\u00e7as Pessoais\",\"item\":\"https:\/\/www.suno.com.br\/noticias\/financas-pessoais\/\"},{\"@type\":\"ListItem\",\"position\":3,\"name\":\"Coronavoucher: restam R$ 45 bi para pagamento em parcelas do aux\u00edlio\"}]},{\"@type\":\"WebSite\",\"@id\":\"https:\/\/www.suno.com.br\/noticias\/#website\",\"url\":\"https:\/\/www.suno.com.br\/noticias\/\",\"name\":\"Suno Not\u00edcias\",\"description\":\"Seu portal de informa\u00e7\u00e3o sobre o mundo dos investimentos\",\"publisher\":{\"@id\":\"https:\/\/www.suno.com.br\/noticias\/#organization\"},\"potentialAction\":[{\"@type\":\"SearchAction\",\"target\":{\"@type\":\"EntryPoint\",\"urlTemplate\":\"https:\/\/www.suno.com.br\/noticias\/?s={search_term_string}\"},\"query-input\":{\"@type\":\"PropertyValueSpecification\",\"valueRequired\":true,\"valueName\":\"search_term_string\"}}],\"inLanguage\":\"pt-BR\"},{\"@type\":\"Organization\",\"@id\":\"https:\/\/www.suno.com.br\/noticias\/#organization\",\"name\":\"Suno Not\u00edcias\",\"url\":\"https:\/\/www.suno.com.br\/noticias\/\",\"logo\":{\"@type\":\"ImageObject\",\"inLanguage\":\"pt-BR\",\"@id\":\"https:\/\/www.suno.com.br\/noticias\/#\/schema\/logo\/image\/\",\"url\":\"https:\/\/files.sunoresearch.com.br\/n\/uploads\/2021\/09\/suno-logo.png\",\"contentUrl\":\"https:\/\/files.sunoresearch.com.br\/n\/uploads\/2021\/09\/suno-logo.png\",\"width\":180,\"height\":180,\"caption\":\"Suno Not\u00edcias\"},\"image\":{\"@id\":\"https:\/\/www.suno.com.br\/noticias\/#\/schema\/logo\/image\/\"},\"sameAs\":[\"https:\/\/facebook.com\/sunoresearch\",\"https:\/\/x.com\/sunoresearch\",\"https:\/\/www.instagram.com\/suno\",\"https:\/\/www.linkedin.com\/company\/suno-research\/\",\"https:\/\/www.youtube.com\/c\/sunoresearch\"]},{\"@type\":\"Person\",\"@id\":\"https:\/\/www.suno.com.br\/noticias\/#\/schema\/person\/3df0d2808748b74496efe5dbeaef2c72\",\"name\":\"Laura Moutinho\",\"image\":{\"@type\":\"ImageObject\",\"inLanguage\":\"pt-BR\",\"@id\":\"https:\/\/www.suno.com.br\/noticias\/#\/schema\/person\/image\/\",\"url\":\"https:\/\/secure.gravatar.com\/avatar\/7571c7c8ca3a6fca5e41384ece5557ff?s=96&r=g\",\"contentUrl\":\"https:\/\/secure.gravatar.com\/avatar\/7571c7c8ca3a6fca5e41384ece5557ff?s=96&r=g\",\"caption\":\"Laura Moutinho\"},\"description\":\"Estagi\u00e1ria na Suno Not\u00edcias, escreve not\u00edcias que afetam o mercado financeiro. Estuda administra\u00e7\u00e3o na Universidade Presbiteriana Mackenzie.\",\"url\":\"https:\/\/www.suno.com.br\/noticias\/author\/laura-moutinho\/\"}]}<\/script>\n<!-- \/ Yoast SEO plugin. -->","yoast_head_json":{"title":"Coronavoucher: restam R$ 45 bi para pagamento em parcelas do aux\u00edlio","description":"Segundo Sachsida, ainda restam R$ 45 bi a serem pagos em parcelas do coronavoucher para os benefici\u00e1rios. Clique aqui para saber mais.","robots":{"index":"index","follow":"follow","max-snippet":"max-snippet:-1","max-image-preview":"max-image-preview:large","max-video-preview":"max-video-preview:-1"},"canonical":"https:\/\/www.suno.com.br\/noticias\/coronavoucher-auxilio-emergencial-pagamento-parcelas\/","og_locale":"pt_BR","og_type":"article","og_title":"Coronavoucher: restam R$ 45 bi para pagamento em parcelas do aux\u00edlio","og_description":"Segundo Sachsida, ainda restam R$ 45 bi a serem pagos em parcelas do coronavoucher para os benefici\u00e1rios. Clique aqui para saber mais.","og_url":"https:\/\/www.suno.com.br\/noticias\/coronavoucher-auxilio-emergencial-pagamento-parcelas\/","og_site_name":"Suno Not\u00edcias","article_publisher":"https:\/\/facebook.com\/sunoresearch","og_image":[{"width":1024,"height":784,"url":"https:\/\/files.sunoresearch.com.br\/n\/uploads\/2020\/08\/51ee8960-49747091652_3868cf63f9_b.jpg","type":"image\/jpeg"}],"author":"Laura Moutinho","twitter_card":"summary_large_image","twitter_creator":"@sunoresearch","twitter_site":"@sunoresearch","twitter_misc":{"Escrito por":"Laura Moutinho","Est. tempo de leitura":"3 minutos"},"schema":{"@context":"https:\/\/schema.org","@graph":[{"@type":"NewsArticle","@id":"https:\/\/www.suno.com.br\/noticias\/coronavoucher-auxilio-emergencial-pagamento-parcelas\/#article","isPartOf":{"@id":"https:\/\/www.suno.com.br\/noticias\/coronavoucher-auxilio-emergencial-pagamento-parcelas\/"},"author":{"name":"Laura Moutinho","@id":"https:\/\/www.suno.com.br\/noticias\/#\/schema\/person\/3df0d2808748b74496efe5dbeaef2c72"},"headline":"Coronavoucher: restam R$ 45 bi para pagamento em parcelas do aux\u00edlio","datePublished":"2020-11-17T20:00:36+00:00","mainEntityOfPage":{"@id":"https:\/\/www.suno.com.br\/noticias\/coronavoucher-auxilio-emergencial-pagamento-parcelas\/"},"wordCount":643,"publisher":{"@id":"https:\/\/www.suno.com.br\/noticias\/#organization"},"image":{"@id":"https:\/\/www.suno.com.br\/noticias\/coronavoucher-auxilio-emergencial-pagamento-parcelas\/#primaryimage"},"thumbnailUrl":"https:\/\/files.sunoresearch.com.br\/n\/uploads\/2020\/08\/51ee8960-49747091652_3868cf63f9_b-jpg.webp","keywords":["Adolfo Sachsida","aux\u00edlio emergencial","coronav\u00edrus","coronavoucher","Minist\u00e9rio da Economia"],"articleSection":["Economia","Finan\u00e7as Pessoais"],"inLanguage":"pt-BR"},{"@type":"WebPage","@id":"https:\/\/www.suno.com.br\/noticias\/coronavoucher-auxilio-emergencial-pagamento-parcelas\/","url":"https:\/\/www.suno.com.br\/noticias\/coronavoucher-auxilio-emergencial-pagamento-parcelas\/","name":"Coronavoucher: restam R$ 45 bi para pagamento em parcelas do aux\u00edlio","isPartOf":{"@id":"https:\/\/www.suno.com.br\/noticias\/#website"},"primaryImageOfPage":{"@id":"https:\/\/www.suno.com.br\/noticias\/coronavoucher-auxilio-emergencial-pagamento-parcelas\/#primaryimage"},"image":{"@id":"https:\/\/www.suno.com.br\/noticias\/coronavoucher-auxilio-emergencial-pagamento-parcelas\/#primaryimage"},"thumbnailUrl":"https:\/\/files.sunoresearch.com.br\/n\/uploads\/2020\/08\/51ee8960-49747091652_3868cf63f9_b-jpg.webp","datePublished":"2020-11-17T20:00:36+00:00","description":"Segundo Sachsida, ainda restam R$ 45 bi a serem pagos em parcelas do coronavoucher para os benefici\u00e1rios. Clique aqui para saber mais.","breadcrumb":{"@id":"https:\/\/www.suno.com.br\/noticias\/coronavoucher-auxilio-emergencial-pagamento-parcelas\/#breadcrumb"},"inLanguage":"pt-BR","potentialAction":[{"@type":"ReadAction","target":["https:\/\/www.suno.com.br\/noticias\/coronavoucher-auxilio-emergencial-pagamento-parcelas\/"]}]},{"@type":"ImageObject","inLanguage":"pt-BR","@id":"https:\/\/www.suno.com.br\/noticias\/coronavoucher-auxilio-emergencial-pagamento-parcelas\/#primaryimage","url":"https:\/\/files.sunoresearch.com.br\/n\/uploads\/2020\/08\/51ee8960-49747091652_3868cf63f9_b-jpg.webp","contentUrl":"https:\/\/files.sunoresearch.com.br\/n\/uploads\/2020\/08\/51ee8960-49747091652_3868cf63f9_b-jpg.webp","width":1024,"height":784,"caption":"Segundo Sachsida, ainda restam R$ 45 bi a serem pagos em parcelas do coronavoucher para os benefici\u00e1rios."},{"@type":"BreadcrumbList","@id":"https:\/\/www.suno.com.br\/noticias\/coronavoucher-auxilio-emergencial-pagamento-parcelas\/#breadcrumb","itemListElement":[{"@type":"ListItem","position":1,"name":"Not\u00edcias","item":"https:\/\/www.suno.com.br\/noticias\/"},{"@type":"ListItem","position":2,"name":"Finan\u00e7as Pessoais","item":"https:\/\/www.suno.com.br\/noticias\/financas-pessoais\/"},{"@type":"ListItem","position":3,"name":"Coronavoucher: restam R$ 45 bi para pagamento em parcelas do aux\u00edlio"}]},{"@type":"WebSite","@id":"https:\/\/www.suno.com.br\/noticias\/#website","url":"https:\/\/www.suno.com.br\/noticias\/","name":"Suno Not\u00edcias","description":"Seu portal de informa\u00e7\u00e3o sobre o mundo dos investimentos","publisher":{"@id":"https:\/\/www.suno.com.br\/noticias\/#organization"},"potentialAction":[{"@type":"SearchAction","target":{"@type":"EntryPoint","urlTemplate":"https:\/\/www.suno.com.br\/noticias\/?s={search_term_string}"},"query-input":{"@type":"PropertyValueSpecification","valueRequired":true,"valueName":"search_term_string"}}],"inLanguage":"pt-BR"},{"@type":"Organization","@id":"https:\/\/www.suno.com.br\/noticias\/#organization","name":"Suno Not\u00edcias","url":"https:\/\/www.suno.com.br\/noticias\/","logo":{"@type":"ImageObject","inLanguage":"pt-BR","@id":"https:\/\/www.suno.com.br\/noticias\/#\/schema\/logo\/image\/","url":"https:\/\/files.sunoresearch.com.br\/n\/uploads\/2021\/09\/suno-logo.png","contentUrl":"https:\/\/files.sunoresearch.com.br\/n\/uploads\/2021\/09\/suno-logo.png","width":180,"height":180,"caption":"Suno Not\u00edcias"},"image":{"@id":"https:\/\/www.suno.com.br\/noticias\/#\/schema\/logo\/image\/"},"sameAs":["https:\/\/facebook.com\/sunoresearch","https:\/\/x.com\/sunoresearch","https:\/\/www.instagram.com\/suno","https:\/\/www.linkedin.com\/company\/suno-research\/","https:\/\/www.youtube.com\/c\/sunoresearch"]},{"@type":"Person","@id":"https:\/\/www.suno.com.br\/noticias\/#\/schema\/person\/3df0d2808748b74496efe5dbeaef2c72","name":"Laura Moutinho","image":{"@type":"ImageObject","inLanguage":"pt-BR","@id":"https:\/\/www.suno.com.br\/noticias\/#\/schema\/person\/image\/","url":"https:\/\/secure.gravatar.com\/avatar\/7571c7c8ca3a6fca5e41384ece5557ff?s=96&r=g","contentUrl":"https:\/\/secure.gravatar.com\/avatar\/7571c7c8ca3a6fca5e41384ece5557ff?s=96&r=g","caption":"Laura Moutinho"},"description":"Estagi\u00e1ria na Suno Not\u00edcias, escreve not\u00edcias que afetam o mercado financeiro. Estuda administra\u00e7\u00e3o na Universidade Presbiteriana Mackenzie.","url":"https:\/\/www.suno.com.br\/noticias\/author\/laura-moutinho\/"}]}},"default_loop_html":"<div class=\"cardsPage__listCard__boxs\"><div class=\"cardsPage__listCard__boxs__img\"><a href=\"https:\/\/www.suno.com.br\/noticias\/coronavoucher-auxilio-emergencial-pagamento-parcelas\/\"><img class=\"mask\" src=\"https:\/\/www.suno.com.br\/noticias\/wp-content\/themes\/suno\/resources\/images\/spotlight\/spotlight1img\/bg-mask.png\" alt=\"Image Mask\"\/><img src=\"https:\/\/files.sunoresearch.com.br\/n\/uploads\/2020\/08\/51ee8960-49747091652_3868cf63f9_b-400x200.webp\" alt=\"Coronavoucher: restam R$ 45 bi para pagamento em parcelas do aux\u00edlio\"\/><\/a><span class=\"spotlightCategory\"><a href=\"https:\/\/www.suno.com.br\/noticias\/economia\/\">Economia<\/a><\/span><\/div><div class=\"cardsPage__listCard__boxs__content\"><a href=\"https:\/\/www.suno.com.br\/noticias\/coronavoucher-auxilio-emergencial-pagamento-parcelas\/\"><h2 class=\"content__title\">Coronavoucher: restam R$ 45 bi para pagamento em parcelas do aux\u00edlio<\/h2><\/a><div class=\"newsContent__article__meta\"><div class=\"newsContent__article__meta__authorBox\"><a href=\"https:\/\/www.suno.com.br\/noticias\/author\/laura-moutinho\/\" class=\"authorBox__avatar noMobi\"><img src=\"https:\/\/files.sunoresearch.com.br\/n\/uploads\/2020\/08\/531ff69d-whatsapp-image-2020-08-03-at-14.54.38-150x150.webp\" alt=\"Laura Moutinho\"><\/a><div class=\"authorBox__name\"><span>por\n\t\t\t<a href=\"https:\/\/www.suno.com.br\/noticias\/author\/laura-moutinho\/\"><span itemprop=\"author\">Laura Moutinho<\/span><\/a><\/span><time datetime=\"2020-11-17T17:00:36-03:00\" itemprop=\"datePublished\">17\/11\/2020 17:00<\/time><\/div><\/div><\/div><\/div><\/div>","single_layout":"posts","amp_enabled":true,"_links":{"self":[{"href":"https:\/\/www.suno.com.br\/noticias\/wp-json\/wp\/v2\/posts\/101039"}],"collection":[{"href":"https:\/\/www.suno.com.br\/noticias\/wp-json\/wp\/v2\/posts"}],"about":[{"href":"https:\/\/www.suno.com.br\/noticias\/wp-json\/wp\/v2\/types\/post"}],"author":[{"embeddable":true,"href":"https:\/\/www.suno.com.br\/noticias\/wp-json\/wp\/v2\/users\/39"}],"replies":[{"embeddable":true,"href":"https:\/\/www.suno.com.br\/noticias\/wp-json\/wp\/v2\/comments?post=101039"}],"version-history":[{"count":0,"href":"https:\/\/www.suno.com.br\/noticias\/wp-json\/wp\/v2\/posts\/101039\/revisions"}],"wp:featuredmedia":[{"embeddable":true,"href":"https:\/\/www.suno.com.br\/noticias\/wp-json\/wp\/v2\/media\/81383"}],"wp:attachment":[{"href":"https:\/\/www.suno.com.br\/noticias\/wp-json\/wp\/v2\/media?parent=101039"}],"wp:term":[{"taxonomy":"category","embeddable":true,"href":"https:\/\/www.suno.com.br\/noticias\/wp-json\/wp\/v2\/categories?post=101039"},{"taxonomy":"post_tag","embeddable":true,"href":"https:\/\/www.suno.com.br\/noticias\/wp-json\/wp\/v2\/tags?post=101039"},{"taxonomy":"suno_strategy","embeddable":true,"href":"https:\/\/www.suno.com.br\/noticias\/wp-json\/wp\/v2\/suno_strategy?post=101039"}],"curies":[{"name":"wp","href":"https:\/\/api.w.org\/{rel}","templated":true}]}}