{"id":101008,"date":"2020-11-17T15:55:47","date_gmt":"2020-11-17T18:55:47","guid":{"rendered":"https:\/\/www.suno.com.br\/noticias\/?p=101008"},"modified":"2021-02-17T22:43:15","modified_gmt":"2021-02-18T01:43:15","slug":"bce-anuncios-vacina-nao-mudam-planos-instituicao","status":"publish","type":"post","link":"https:\/\/www.suno.com.br\/noticias\/bce-anuncios-vacina-nao-mudam-planos-instituicao\/","title":{"rendered":"BCE: An\u00fancios sobre vacina n\u00e3o mudam os planos da institui\u00e7\u00e3o, diz Lagarde"},"content":{"rendered":"<p>A presidente do <a href=\"https:\/\/www.suno.com.br\/artigos\/bce\/\"><strong>Banco Central Europeu (BCE)<\/strong><\/a>, <a href=\"https:\/\/www.suno.com.br\/tudo-sobre\/christine-lagarde\/#:~:text=Christine%20Lagarde%20%C3%A9%20a%20atual,de%20investimento%20de%20uma%20na%C3%A7%C3%A3o.\">Christine Lagarde<\/a>, informou nesta ter\u00e7a-feira (17) que os an\u00fancios recentes sobre o desenvolvimento e a efic\u00e1cia das vacinas contra o novo <a href=\"https:\/\/www.suno.com.br\/noticias\/tags\/coronavirus\/\">coronav\u00edrus (Covid-19)<\/a> n\u00e3o ir\u00e3o interferir nos projetos de lan\u00e7amento de novos est\u00edmulos monet\u00e1rios para a zona do euro. A declara\u00e7\u00e3o foi feita em uma entrevista em f\u00f3rum da Bloomberg.<\/p>\t<div class=\"wrapper-featured-image\">\n\t\t<figure class=\"spotlightImg\">\n\n\t\t\t<picture>\n\t\t\t\t<source media=\"(max-width: 768px)\" srcset=\"https:\/\/files.sunoresearch.com.br\/n\/uploads\/2020\/11\/cf526629-bce-400x200.webp\">\n\t\t\t\t<img loading=\"lazy\" decoding=\"async\" class=\"newsContent__article__imgCapa lazyloadDisabled \" src=\"https:\/\/files.sunoresearch.com.br\/n\/uploads\/2020\/11\/cf526629-bce-jpg.webp\" width=\"800\" height=\"450\" alt=\"BCE: An\u00fancios sobre vacina n\u00e3o mudam os planos da institui\u00e7\u00e3o, diz Lagarde\" fetchpriority=high \/>\n\t\t\t<\/picture>\n\n\t\t\t<figcaption class=\"wp-caption-text wp-caption-text--show\">BCE: Not\u00edcias sobre vacina n\u00e3o mudam os planos da institui\u00e7\u00e3o, diz Lagarde <\/figcaption>\n\t\t<\/figure>\n\t<\/div>\n\n\n\t<p>\n\t\t<a href=\"\" target=\"_blank\" data-element=\"shortcode-suno-banner\" title=\"Banner SUNO, clique e saiba mais\">\n\t\t\t<picture>\n\t\t\t\t<source media=\"(max-width: 500px)\" srcset=\"\">\n\t\t\t\t<img class=\"newsContent__article__imgCapa newsContent__article__imgCapa--banner\"\n\t\t\t\t\tsrc=\"\"\n\t\t\t\t\tdata-promo-id=\"97204\"\t\t\t\t\t\t\t\t\t\t\t\t\t\t\talt=\"\"\n\t\t\t\t>\n\t\t\t<\/picture>\n\t\t<\/a>\n\t<\/p>\n\n\n<p>Segundo a mandat\u00e1ria do BCE, \u201cN\u00e3o tenho certeza de que ser\u00e1 um grande divisor de \u00e1guas para nossas previs\u00f5es\u201d, revelou Lagarde. \u201cAntes de recebermos a not\u00edcia sobre uma vacina, tivemos not\u00edcias negativas sobre a <strong>segunda onda<\/strong> e as medidas de conten\u00e7\u00e3o que afetaram um pa\u00eds ap\u00f3s o outro\u201d, completou.<\/p>\n<p>A autoridade do Banco Central Europeu refor\u00e7ou ainda que a institui\u00e7\u00e3o planeja &#8220;recalibrar&#8221; o <strong>est\u00edmulo<\/strong> em dezembro deste ano.<\/p>\n<p><a href=\"https:\/\/lp.suno.com.br\/suno-one\/\">Suno One: acesse gratuitamente eBooks, Minicursos, Artigos e Video Aulas sobre investimentos com um \u00fanico cadastro. Clique para saber mais!<\/a><\/p>\n<p>Al\u00e9m disso, os pr\u00f3ximos est\u00edmulos, provavelmente, se concentrar\u00e3o em seu programa de compra de t\u00edtulos de emerg\u00eancia de 1,35 trilh\u00e3o de euros e seus empr\u00e9stimos banc\u00e1rios de longo prazo, disse Lagarde.<\/p>\n<h2>Pol\u00edtica monet\u00e1ria dar\u00e1 mais apoio ante segunda onda da covid, diz BCE<\/h2>\n<p>Integrante do conselho do Banco Central Europeu, Isabel Schnabel, declarou na \u00faltima quarta-feira (4) que a segunda onda de casos do <strong>coronav\u00edrus (Covid-19)<\/strong> prejudica a atividade econ\u00f4mica dos pa\u00edses da zona do euro, desta forma, &#8220;mais apoio da pol\u00edtica monet\u00e1ria \u00e9 necess\u00e1rio&#8221;, informou. A declara\u00e7\u00e3o foi feita durante evento virtual, a confer\u00eancia &#8220;Europe and the Covid-19 Crisis &#8211; Looking back and looking forward&#8221;.<\/p>\n<p>A integrante do conselho do BCE ressaltou ainda que ser\u00e1 poss\u00edvel apoiar as condi\u00e7\u00f5es financeiras e tamb\u00e9m a atividade econ\u00f4mica, &#8220;diante de uma deteriora\u00e7\u00e3o da perspectiva de crescimento&#8221;.<\/p>\n<p><a href=\"https:\/\/www.suno.com.br\/noticias\/politica-monetaria-dara-mais-apoio-ante-segunda-onda-da-covid-19-diz-bce\/\">Saiba Mais: Pol\u00edtica monet\u00e1ria dar\u00e1 mais apoio ante segunda onda da covid-19, diz BCE<\/a><\/p>\n<p>Segundo Schnabel, nas pr\u00f3ximas semanas o conselho do Banco Central Europeu avaliar\u00e1 como poder\u00e1 apoiar melhor a economia ao longo do pr\u00f3ximo ano e para al\u00e9m disso, baseando-se na perspectiva para a infla\u00e7\u00e3o no m\u00e9dio prazo.<\/p>\n<p>Al\u00e9m disso, a dirigente do <strong>BCE<\/strong> revelou que as condi\u00e7\u00f5es t\u00eam mudado, entretanto, deve haver uma resposta proporcional aos riscos enfrentados, dando &#8220;apoio vital \u00e0 economia&#8221; e para que a infla\u00e7\u00e3o caminhe rumo \u00e0 meta do banco, finalizou.<\/p>\n<p>Com informa\u00e7\u00f5es do Estad\u00e3o Conte\u00fado<\/p>\n\t<p>\n\t\t<a href=\"https:\/\/lp.suno.com.br\/planilha-de-controle-de-investimentos\/\" target=\"_blank\" data-element=\"shortcode-suno-banner\" title=\"Banner SUNO, clique e saiba mais\">\n\t\t\t<picture>\n\t\t\t\t<source media=\"(max-width: 500px)\" srcset=\"https:\/\/files.sunoresearch.com.br\/n\/uploads\/2023\/03\/400x300-Controle-de-Investimentos.png\">\n\t\t\t\t<img class=\"newsContent__article__imgCapa newsContent__article__imgCapa--banner\"\n\t\t\t\t\tsrc=\"https:\/\/files.sunoresearch.com.br\/n\/uploads\/2023\/03\/1420x240-Controle-de-Investimentos.png\"\n\t\t\t\t\tdata-promo-id=\"75934\"\t\t\t\t\t\t\t\t\t\twidth='1420' height='240'\t\t\t\t\talt=\"https:\/\/files.sunoresearch.com.br\/n\/uploads\/2023\/03\/1420x240-Controle-de-Investimentos.png\"\n\t\t\t\t>\n\t\t\t<\/picture>\n\t\t<\/a>\n\t<\/p>\n\n\n","protected":false},"excerpt":{"rendered":"<p>A presidente do Banco Central Europeu (BCE), Christine Lagarde, informou nesta ter\u00e7a-feira (17) que os an\u00fancios recentes sobre o desenvolvimento e a efic\u00e1cia das vacinas contra o novo coronav\u00edrus (Covid-19) n\u00e3o ir\u00e3o interferir nos projetos de lan\u00e7amento de novos est\u00edmulos monet\u00e1rios para a zona do euro. A declara\u00e7\u00e3o foi feita em uma entrevista em f\u00f3rum [&hellip;]<\/p>\n","protected":false},"author":56,"featured_media":101031,"comment_status":"closed","ping_status":"closed","sticky":false,"template":"","format":"standard","meta":[],"categories":[63],"tags":[863,2487,5255,710,991],"suno_strategy":[],"class_list":["post-101008","post","type-post","status-publish","format-standard","has-post-thumbnail","hentry","category-internacional","tag-banco-central-europeu-bce","tag-coronavirus","tag-covid-19","tag-europa","tag-zona-do-euro"],"yoast_head":"<!-- This site is optimized with the Yoast SEO plugin v24.4 - https:\/\/yoast.com\/wordpress\/plugins\/seo\/ -->\n<title>BCE: Not\u00edcias sobre vacina n\u00e3o mudam os planos da institui\u00e7\u00e3o<\/title>\n<meta name=\"description\" content=\"Segundo a autoridade do BCE, \u201cN\u00e3o tenho certeza de que ser\u00e1 um grande divisor de \u00e1guas para nossas previs\u00f5es\u201d. Clique aqui para saber mais.\" \/>\n<meta name=\"robots\" content=\"index, follow, max-snippet:-1, max-image-preview:large, max-video-preview:-1\" \/>\n<link rel=\"canonical\" href=\"https:\/\/www.suno.com.br\/noticias\/bce-anuncios-vacina-nao-mudam-planos-instituicao\/\" \/>\n<meta property=\"og:locale\" content=\"pt_BR\" \/>\n<meta property=\"og:type\" content=\"article\" \/>\n<meta property=\"og:title\" content=\"BCE: Not\u00edcias sobre vacina n\u00e3o mudam os planos da institui\u00e7\u00e3o\" \/>\n<meta property=\"og:description\" content=\"Segundo a autoridade do BCE, \u201cN\u00e3o tenho certeza de que ser\u00e1 um grande divisor de \u00e1guas para nossas previs\u00f5es\u201d. Clique aqui para saber mais.\" \/>\n<meta property=\"og:url\" content=\"https:\/\/www.suno.com.br\/noticias\/bce-anuncios-vacina-nao-mudam-planos-instituicao\/\" \/>\n<meta property=\"og:site_name\" content=\"Suno Not\u00edcias\" \/>\n<meta property=\"article:publisher\" content=\"https:\/\/facebook.com\/sunoresearch\" \/>\n<meta property=\"og:image\" content=\"https:\/\/files.sunoresearch.com.br\/n\/uploads\/2020\/11\/cf526629-bce.jpg\" \/>\n\t<meta property=\"og:image:width\" content=\"770\" \/>\n\t<meta property=\"og:image:height\" content=\"433\" \/>\n\t<meta property=\"og:image:type\" content=\"image\/jpeg\" \/>\n<meta name=\"author\" content=\"Rafaela La Regina\" \/>\n<meta name=\"twitter:card\" content=\"summary_large_image\" \/>\n<meta name=\"twitter:creator\" content=\"@sunoresearch\" \/>\n<meta name=\"twitter:site\" content=\"@sunoresearch\" \/>\n<meta name=\"twitter:label1\" content=\"Escrito por\" \/>\n\t<meta name=\"twitter:data1\" content=\"Rafaela La Regina\" \/>\n\t<meta name=\"twitter:label2\" content=\"Est. tempo de leitura\" \/>\n\t<meta name=\"twitter:data2\" content=\"2 minutos\" \/>\n<script type=\"application\/ld+json\" class=\"yoast-schema-graph\">{\"@context\":\"https:\/\/schema.org\",\"@graph\":[{\"@type\":\"NewsArticle\",\"@id\":\"https:\/\/www.suno.com.br\/noticias\/bce-anuncios-vacina-nao-mudam-planos-instituicao\/#article\",\"isPartOf\":{\"@id\":\"https:\/\/www.suno.com.br\/noticias\/bce-anuncios-vacina-nao-mudam-planos-instituicao\/\"},\"author\":{\"name\":\"Rafaela La Regina\",\"@id\":\"https:\/\/www.suno.com.br\/noticias\/#\/schema\/person\/e672ca8cea627fe715fa29bca7da95e0\"},\"headline\":\"BCE: An\u00fancios sobre vacina n\u00e3o mudam os planos da institui\u00e7\u00e3o, diz Lagarde\",\"datePublished\":\"2020-11-17T18:55:47+00:00\",\"dateModified\":\"2021-02-18T01:43:15+00:00\",\"mainEntityOfPage\":{\"@id\":\"https:\/\/www.suno.com.br\/noticias\/bce-anuncios-vacina-nao-mudam-planos-instituicao\/\"},\"wordCount\":447,\"publisher\":{\"@id\":\"https:\/\/www.suno.com.br\/noticias\/#organization\"},\"image\":{\"@id\":\"https:\/\/www.suno.com.br\/noticias\/bce-anuncios-vacina-nao-mudam-planos-instituicao\/#primaryimage\"},\"thumbnailUrl\":\"https:\/\/files.sunoresearch.com.br\/n\/uploads\/2020\/11\/cf526629-bce-jpg.webp\",\"keywords\":[\"Banco Central Europeu (BCE)\",\"coronav\u00edrus\",\"covid-19\",\"Europa\",\"zona do euro\"],\"articleSection\":[\"Internacional\"],\"inLanguage\":\"pt-BR\"},{\"@type\":\"WebPage\",\"@id\":\"https:\/\/www.suno.com.br\/noticias\/bce-anuncios-vacina-nao-mudam-planos-instituicao\/\",\"url\":\"https:\/\/www.suno.com.br\/noticias\/bce-anuncios-vacina-nao-mudam-planos-instituicao\/\",\"name\":\"BCE: Not\u00edcias sobre vacina n\u00e3o mudam os planos da institui\u00e7\u00e3o\",\"isPartOf\":{\"@id\":\"https:\/\/www.suno.com.br\/noticias\/#website\"},\"primaryImageOfPage\":{\"@id\":\"https:\/\/www.suno.com.br\/noticias\/bce-anuncios-vacina-nao-mudam-planos-instituicao\/#primaryimage\"},\"image\":{\"@id\":\"https:\/\/www.suno.com.br\/noticias\/bce-anuncios-vacina-nao-mudam-planos-instituicao\/#primaryimage\"},\"thumbnailUrl\":\"https:\/\/files.sunoresearch.com.br\/n\/uploads\/2020\/11\/cf526629-bce-jpg.webp\",\"datePublished\":\"2020-11-17T18:55:47+00:00\",\"dateModified\":\"2021-02-18T01:43:15+00:00\",\"description\":\"Segundo a autoridade do BCE, \u201cN\u00e3o tenho certeza de que ser\u00e1 um grande divisor de \u00e1guas para nossas previs\u00f5es\u201d. Clique aqui para saber mais.\",\"breadcrumb\":{\"@id\":\"https:\/\/www.suno.com.br\/noticias\/bce-anuncios-vacina-nao-mudam-planos-instituicao\/#breadcrumb\"},\"inLanguage\":\"pt-BR\",\"potentialAction\":[{\"@type\":\"ReadAction\",\"target\":[\"https:\/\/www.suno.com.br\/noticias\/bce-anuncios-vacina-nao-mudam-planos-instituicao\/\"]}]},{\"@type\":\"ImageObject\",\"inLanguage\":\"pt-BR\",\"@id\":\"https:\/\/www.suno.com.br\/noticias\/bce-anuncios-vacina-nao-mudam-planos-instituicao\/#primaryimage\",\"url\":\"https:\/\/files.sunoresearch.com.br\/n\/uploads\/2020\/11\/cf526629-bce-jpg.webp\",\"contentUrl\":\"https:\/\/files.sunoresearch.com.br\/n\/uploads\/2020\/11\/cf526629-bce-jpg.webp\",\"width\":770,\"height\":433,\"caption\":\"BCE: Not\u00edcias sobre vacina n\u00e3o mudam os planos da institui\u00e7\u00e3o, diz Lagarde\"},{\"@type\":\"BreadcrumbList\",\"@id\":\"https:\/\/www.suno.com.br\/noticias\/bce-anuncios-vacina-nao-mudam-planos-instituicao\/#breadcrumb\",\"itemListElement\":[{\"@type\":\"ListItem\",\"position\":1,\"name\":\"Not\u00edcias\",\"item\":\"https:\/\/www.suno.com.br\/noticias\/\"},{\"@type\":\"ListItem\",\"position\":2,\"name\":\"Internacional\",\"item\":\"https:\/\/www.suno.com.br\/noticias\/internacional\/\"},{\"@type\":\"ListItem\",\"position\":3,\"name\":\"BCE: An\u00fancios sobre vacina n\u00e3o mudam os planos da institui\u00e7\u00e3o, diz Lagarde\"}]},{\"@type\":\"WebSite\",\"@id\":\"https:\/\/www.suno.com.br\/noticias\/#website\",\"url\":\"https:\/\/www.suno.com.br\/noticias\/\",\"name\":\"Suno Not\u00edcias\",\"description\":\"Seu portal de informa\u00e7\u00e3o sobre o mundo dos investimentos\",\"publisher\":{\"@id\":\"https:\/\/www.suno.com.br\/noticias\/#organization\"},\"potentialAction\":[{\"@type\":\"SearchAction\",\"target\":{\"@type\":\"EntryPoint\",\"urlTemplate\":\"https:\/\/www.suno.com.br\/noticias\/?s={search_term_string}\"},\"query-input\":{\"@type\":\"PropertyValueSpecification\",\"valueRequired\":true,\"valueName\":\"search_term_string\"}}],\"inLanguage\":\"pt-BR\"},{\"@type\":\"Organization\",\"@id\":\"https:\/\/www.suno.com.br\/noticias\/#organization\",\"name\":\"Suno Not\u00edcias\",\"url\":\"https:\/\/www.suno.com.br\/noticias\/\",\"logo\":{\"@type\":\"ImageObject\",\"inLanguage\":\"pt-BR\",\"@id\":\"https:\/\/www.suno.com.br\/noticias\/#\/schema\/logo\/image\/\",\"url\":\"https:\/\/files.sunoresearch.com.br\/n\/uploads\/2021\/09\/suno-logo.png\",\"contentUrl\":\"https:\/\/files.sunoresearch.com.br\/n\/uploads\/2021\/09\/suno-logo.png\",\"width\":180,\"height\":180,\"caption\":\"Suno Not\u00edcias\"},\"image\":{\"@id\":\"https:\/\/www.suno.com.br\/noticias\/#\/schema\/logo\/image\/\"},\"sameAs\":[\"https:\/\/facebook.com\/sunoresearch\",\"https:\/\/x.com\/sunoresearch\",\"https:\/\/www.instagram.com\/suno\",\"https:\/\/www.linkedin.com\/company\/suno-research\/\",\"https:\/\/www.youtube.com\/c\/sunoresearch\"]},{\"@type\":\"Person\",\"@id\":\"https:\/\/www.suno.com.br\/noticias\/#\/schema\/person\/e672ca8cea627fe715fa29bca7da95e0\",\"name\":\"Rafaela La Regina\",\"image\":{\"@type\":\"ImageObject\",\"inLanguage\":\"pt-BR\",\"@id\":\"https:\/\/www.suno.com.br\/noticias\/#\/schema\/person\/image\/\",\"url\":\"https:\/\/secure.gravatar.com\/avatar\/d2c75a52d243deb93d0465fdcb21bd37?s=96&r=g\",\"contentUrl\":\"https:\/\/secure.gravatar.com\/avatar\/d2c75a52d243deb93d0465fdcb21bd37?s=96&r=g\",\"caption\":\"Rafaela La Regina\"},\"description\":\"Estagi\u00e1ria no Suno Not\u00edcias. Escreve sobre economia, pol\u00edtica e neg\u00f3cios. Estuda Rela\u00e7\u00f5es Internacionais no IBMEC-SP.\",\"url\":\"https:\/\/www.suno.com.br\/noticias\/author\/rafaela-la-regina\/\"}]}<\/script>\n<!-- \/ Yoast SEO plugin. -->","yoast_head_json":{"title":"BCE: Not\u00edcias sobre vacina n\u00e3o mudam os planos da institui\u00e7\u00e3o","description":"Segundo a autoridade do BCE, \u201cN\u00e3o tenho certeza de que ser\u00e1 um grande divisor de \u00e1guas para nossas previs\u00f5es\u201d. Clique aqui para saber mais.","robots":{"index":"index","follow":"follow","max-snippet":"max-snippet:-1","max-image-preview":"max-image-preview:large","max-video-preview":"max-video-preview:-1"},"canonical":"https:\/\/www.suno.com.br\/noticias\/bce-anuncios-vacina-nao-mudam-planos-instituicao\/","og_locale":"pt_BR","og_type":"article","og_title":"BCE: Not\u00edcias sobre vacina n\u00e3o mudam os planos da institui\u00e7\u00e3o","og_description":"Segundo a autoridade do BCE, \u201cN\u00e3o tenho certeza de que ser\u00e1 um grande divisor de \u00e1guas para nossas previs\u00f5es\u201d. Clique aqui para saber mais.","og_url":"https:\/\/www.suno.com.br\/noticias\/bce-anuncios-vacina-nao-mudam-planos-instituicao\/","og_site_name":"Suno Not\u00edcias","article_publisher":"https:\/\/facebook.com\/sunoresearch","og_image":[{"width":770,"height":433,"url":"https:\/\/files.sunoresearch.com.br\/n\/uploads\/2020\/11\/cf526629-bce.jpg","type":"image\/jpeg"}],"author":"Rafaela La Regina","twitter_card":"summary_large_image","twitter_creator":"@sunoresearch","twitter_site":"@sunoresearch","twitter_misc":{"Escrito por":"Rafaela La Regina","Est. tempo de leitura":"2 minutos"},"schema":{"@context":"https:\/\/schema.org","@graph":[{"@type":"NewsArticle","@id":"https:\/\/www.suno.com.br\/noticias\/bce-anuncios-vacina-nao-mudam-planos-instituicao\/#article","isPartOf":{"@id":"https:\/\/www.suno.com.br\/noticias\/bce-anuncios-vacina-nao-mudam-planos-instituicao\/"},"author":{"name":"Rafaela La Regina","@id":"https:\/\/www.suno.com.br\/noticias\/#\/schema\/person\/e672ca8cea627fe715fa29bca7da95e0"},"headline":"BCE: An\u00fancios sobre vacina n\u00e3o mudam os planos da institui\u00e7\u00e3o, diz Lagarde","datePublished":"2020-11-17T18:55:47+00:00","dateModified":"2021-02-18T01:43:15+00:00","mainEntityOfPage":{"@id":"https:\/\/www.suno.com.br\/noticias\/bce-anuncios-vacina-nao-mudam-planos-instituicao\/"},"wordCount":447,"publisher":{"@id":"https:\/\/www.suno.com.br\/noticias\/#organization"},"image":{"@id":"https:\/\/www.suno.com.br\/noticias\/bce-anuncios-vacina-nao-mudam-planos-instituicao\/#primaryimage"},"thumbnailUrl":"https:\/\/files.sunoresearch.com.br\/n\/uploads\/2020\/11\/cf526629-bce-jpg.webp","keywords":["Banco Central Europeu (BCE)","coronav\u00edrus","covid-19","Europa","zona do euro"],"articleSection":["Internacional"],"inLanguage":"pt-BR"},{"@type":"WebPage","@id":"https:\/\/www.suno.com.br\/noticias\/bce-anuncios-vacina-nao-mudam-planos-instituicao\/","url":"https:\/\/www.suno.com.br\/noticias\/bce-anuncios-vacina-nao-mudam-planos-instituicao\/","name":"BCE: Not\u00edcias sobre vacina n\u00e3o mudam os planos da institui\u00e7\u00e3o","isPartOf":{"@id":"https:\/\/www.suno.com.br\/noticias\/#website"},"primaryImageOfPage":{"@id":"https:\/\/www.suno.com.br\/noticias\/bce-anuncios-vacina-nao-mudam-planos-instituicao\/#primaryimage"},"image":{"@id":"https:\/\/www.suno.com.br\/noticias\/bce-anuncios-vacina-nao-mudam-planos-instituicao\/#primaryimage"},"thumbnailUrl":"https:\/\/files.sunoresearch.com.br\/n\/uploads\/2020\/11\/cf526629-bce-jpg.webp","datePublished":"2020-11-17T18:55:47+00:00","dateModified":"2021-02-18T01:43:15+00:00","description":"Segundo a autoridade do BCE, \u201cN\u00e3o tenho certeza de que ser\u00e1 um grande divisor de \u00e1guas para nossas previs\u00f5es\u201d. Clique aqui para saber mais.","breadcrumb":{"@id":"https:\/\/www.suno.com.br\/noticias\/bce-anuncios-vacina-nao-mudam-planos-instituicao\/#breadcrumb"},"inLanguage":"pt-BR","potentialAction":[{"@type":"ReadAction","target":["https:\/\/www.suno.com.br\/noticias\/bce-anuncios-vacina-nao-mudam-planos-instituicao\/"]}]},{"@type":"ImageObject","inLanguage":"pt-BR","@id":"https:\/\/www.suno.com.br\/noticias\/bce-anuncios-vacina-nao-mudam-planos-instituicao\/#primaryimage","url":"https:\/\/files.sunoresearch.com.br\/n\/uploads\/2020\/11\/cf526629-bce-jpg.webp","contentUrl":"https:\/\/files.sunoresearch.com.br\/n\/uploads\/2020\/11\/cf526629-bce-jpg.webp","width":770,"height":433,"caption":"BCE: Not\u00edcias sobre vacina n\u00e3o mudam os planos da institui\u00e7\u00e3o, diz Lagarde"},{"@type":"BreadcrumbList","@id":"https:\/\/www.suno.com.br\/noticias\/bce-anuncios-vacina-nao-mudam-planos-instituicao\/#breadcrumb","itemListElement":[{"@type":"ListItem","position":1,"name":"Not\u00edcias","item":"https:\/\/www.suno.com.br\/noticias\/"},{"@type":"ListItem","position":2,"name":"Internacional","item":"https:\/\/www.suno.com.br\/noticias\/internacional\/"},{"@type":"ListItem","position":3,"name":"BCE: An\u00fancios sobre vacina n\u00e3o mudam os planos da institui\u00e7\u00e3o, diz Lagarde"}]},{"@type":"WebSite","@id":"https:\/\/www.suno.com.br\/noticias\/#website","url":"https:\/\/www.suno.com.br\/noticias\/","name":"Suno Not\u00edcias","description":"Seu portal de informa\u00e7\u00e3o sobre o mundo dos investimentos","publisher":{"@id":"https:\/\/www.suno.com.br\/noticias\/#organization"},"potentialAction":[{"@type":"SearchAction","target":{"@type":"EntryPoint","urlTemplate":"https:\/\/www.suno.com.br\/noticias\/?s={search_term_string}"},"query-input":{"@type":"PropertyValueSpecification","valueRequired":true,"valueName":"search_term_string"}}],"inLanguage":"pt-BR"},{"@type":"Organization","@id":"https:\/\/www.suno.com.br\/noticias\/#organization","name":"Suno Not\u00edcias","url":"https:\/\/www.suno.com.br\/noticias\/","logo":{"@type":"ImageObject","inLanguage":"pt-BR","@id":"https:\/\/www.suno.com.br\/noticias\/#\/schema\/logo\/image\/","url":"https:\/\/files.sunoresearch.com.br\/n\/uploads\/2021\/09\/suno-logo.png","contentUrl":"https:\/\/files.sunoresearch.com.br\/n\/uploads\/2021\/09\/suno-logo.png","width":180,"height":180,"caption":"Suno Not\u00edcias"},"image":{"@id":"https:\/\/www.suno.com.br\/noticias\/#\/schema\/logo\/image\/"},"sameAs":["https:\/\/facebook.com\/sunoresearch","https:\/\/x.com\/sunoresearch","https:\/\/www.instagram.com\/suno","https:\/\/www.linkedin.com\/company\/suno-research\/","https:\/\/www.youtube.com\/c\/sunoresearch"]},{"@type":"Person","@id":"https:\/\/www.suno.com.br\/noticias\/#\/schema\/person\/e672ca8cea627fe715fa29bca7da95e0","name":"Rafaela La Regina","image":{"@type":"ImageObject","inLanguage":"pt-BR","@id":"https:\/\/www.suno.com.br\/noticias\/#\/schema\/person\/image\/","url":"https:\/\/secure.gravatar.com\/avatar\/d2c75a52d243deb93d0465fdcb21bd37?s=96&r=g","contentUrl":"https:\/\/secure.gravatar.com\/avatar\/d2c75a52d243deb93d0465fdcb21bd37?s=96&r=g","caption":"Rafaela La Regina"},"description":"Estagi\u00e1ria no Suno Not\u00edcias. Escreve sobre economia, pol\u00edtica e neg\u00f3cios. Estuda Rela\u00e7\u00f5es Internacionais no IBMEC-SP.","url":"https:\/\/www.suno.com.br\/noticias\/author\/rafaela-la-regina\/"}]}},"default_loop_html":"<div class=\"cardsPage__listCard__boxs\"><div class=\"cardsPage__listCard__boxs__img\"><a href=\"https:\/\/www.suno.com.br\/noticias\/bce-anuncios-vacina-nao-mudam-planos-instituicao\/\"><img class=\"mask\" src=\"https:\/\/www.suno.com.br\/noticias\/wp-content\/themes\/suno\/resources\/images\/spotlight\/spotlight1img\/bg-mask.png\" alt=\"Image Mask\"\/><img src=\"https:\/\/files.sunoresearch.com.br\/n\/uploads\/2020\/11\/cf526629-bce-400x200.webp\" alt=\"BCE: An\u00fancios sobre vacina n\u00e3o mudam os planos da institui\u00e7\u00e3o, diz Lagarde\"\/><\/a><span class=\"spotlightCategory\"><a href=\"https:\/\/www.suno.com.br\/noticias\/internacional\/\">Internacional<\/a><\/span><\/div><div class=\"cardsPage__listCard__boxs__content\"><a href=\"https:\/\/www.suno.com.br\/noticias\/bce-anuncios-vacina-nao-mudam-planos-instituicao\/\"><h2 class=\"content__title\">BCE: An\u00fancios sobre vacina n\u00e3o mudam os planos da institui\u00e7\u00e3o, diz Lagarde<\/h2><\/a><div class=\"newsContent__article__meta\"><div class=\"newsContent__article__meta__authorBox\"><a href=\"https:\/\/www.suno.com.br\/noticias\/author\/rafaela-la-regina\/\" class=\"authorBox__avatar noMobi\"><img src=\"https:\/\/secure.gravatar.com\/avatar\/d2c75a52d243deb93d0465fdcb21bd37?s=96&#038;r=g\" alt=\"Rafaela La Regina\"><\/a><div class=\"authorBox__name\"><span>por\n\t\t\t<a href=\"https:\/\/www.suno.com.br\/noticias\/author\/rafaela-la-regina\/\"><span itemprop=\"author\">Rafaela La Regina<\/span><\/a><\/span><time datetime=\"2020-11-17T15:55:47-03:00\" itemprop=\"datePublished\">17\/11\/2020 15:55<\/time><\/div><\/div><\/div><\/div><\/div>","single_layout":"posts","amp_enabled":true,"_links":{"self":[{"href":"https:\/\/www.suno.com.br\/noticias\/wp-json\/wp\/v2\/posts\/101008"}],"collection":[{"href":"https:\/\/www.suno.com.br\/noticias\/wp-json\/wp\/v2\/posts"}],"about":[{"href":"https:\/\/www.suno.com.br\/noticias\/wp-json\/wp\/v2\/types\/post"}],"author":[{"embeddable":true,"href":"https:\/\/www.suno.com.br\/noticias\/wp-json\/wp\/v2\/users\/56"}],"replies":[{"embeddable":true,"href":"https:\/\/www.suno.com.br\/noticias\/wp-json\/wp\/v2\/comments?post=101008"}],"version-history":[{"count":0,"href":"https:\/\/www.suno.com.br\/noticias\/wp-json\/wp\/v2\/posts\/101008\/revisions"}],"wp:featuredmedia":[{"embeddable":true,"href":"https:\/\/www.suno.com.br\/noticias\/wp-json\/wp\/v2\/media\/101031"}],"wp:attachment":[{"href":"https:\/\/www.suno.com.br\/noticias\/wp-json\/wp\/v2\/media?parent=101008"}],"wp:term":[{"taxonomy":"category","embeddable":true,"href":"https:\/\/www.suno.com.br\/noticias\/wp-json\/wp\/v2\/categories?post=101008"},{"taxonomy":"post_tag","embeddable":true,"href":"https:\/\/www.suno.com.br\/noticias\/wp-json\/wp\/v2\/tags?post=101008"},{"taxonomy":"suno_strategy","embeddable":true,"href":"https:\/\/www.suno.com.br\/noticias\/wp-json\/wp\/v2\/suno_strategy?post=101008"}],"curies":[{"name":"wp","href":"https:\/\/api.w.org\/{rel}","templated":true}]}}