{"id":100993,"date":"2020-11-22T10:00:42","date_gmt":"2020-11-22T13:00:42","guid":{"rendered":"https:\/\/www.suno.com.br\/noticias\/?p=100993"},"modified":"2020-11-20T11:47:06","modified_gmt":"2020-11-20T14:47:06","slug":"black-friday-corretoras","status":"publish","type":"post","link":"https:\/\/www.suno.com.br\/noticias\/black-friday-corretoras\/","title":{"rendered":"Black Friday das corretoras ter\u00e1 incentivo para abertura de conta e cr\u00e9dito"},"content":{"rendered":"<p>Al\u00e9m das promo\u00e7\u00f5es no varejo, o consumidor brasileiro tamb\u00e9m encontra ofertas em diversas institui\u00e7\u00f5es financeiras nesta \u00e9poca do ano. Al\u00e9m dos bancos, as<a href=\"https:\/\/www.suno.com.br\/artigos\/corretora-de-valores\/\" target=\"_blank\" rel=\"noopener noreferrer\"> corretoras de valores<\/a> tamb\u00e9m se mobilizam para atrair novos clientes em novembro, e em 2020 n\u00e3o ser\u00e1 diferente. A <strong>Black Friday das corretoras<\/strong> de valores ter\u00e1 incentivos para abertura de contas e at\u00e9 oferta de<a href=\"https:\/\/www.suno.com.br\/artigos\/emprestimo-pessoal\/\" target=\"_blank\" rel=\"noopener noreferrer\"> cr\u00e9dito<\/a> para clientes, usando os investimentos como garantia.<\/p>\t<div class=\"wrapper-featured-image\">\n\t\t<figure class=\"spotlightImg\">\n\n\t\t\t<picture>\n\t\t\t\t<source media=\"(max-width: 768px)\" srcset=\"https:\/\/files.sunoresearch.com.br\/n\/uploads\/2020\/11\/04c49489-corretoras-black-friday-400x200.jpg\">\n\t\t\t\t<img loading=\"lazy\" decoding=\"async\" class=\"newsContent__article__imgCapa lazyloadDisabled \" src=\"https:\/\/files.sunoresearch.com.br\/n\/uploads\/2020\/11\/04c49489-corretoras-black-friday-800x450.jpg\" width=\"800\" height=\"450\" alt=\"Black Friday das corretoras ter\u00e1 incentivo para abertura de conta e cr\u00e9dito\" fetchpriority=high \/>\n\t\t\t<\/picture>\n\n\t\t\t<figcaption class=\"wp-caption-text wp-caption-text--show\">Black Friday das corretoras<\/figcaption>\n\t\t<\/figure>\n\t<\/div>\n\n\n<p><span style=\"font-weight: 400;\">\t<p>\n\t\t<a href=\"\" target=\"_blank\" data-element=\"shortcode-suno-banner\" title=\"Banner SUNO, clique e saiba mais\">\n\t\t\t<picture>\n\t\t\t\t<source media=\"(max-width: 500px)\" srcset=\"\">\n\t\t\t\t<img class=\"newsContent__article__imgCapa newsContent__article__imgCapa--banner\"\n\t\t\t\t\tsrc=\"\"\n\t\t\t\t\tdata-promo-id=\"97204\"\t\t\t\t\t\t\t\t\t\t\t\t\t\t\talt=\"\"\n\t\t\t\t>\n\t\t\t<\/picture>\n\t\t<\/a>\n\t<\/p>\n\n <\/span><\/p>\n<p>Participar\u00e3o da Black Friday das <a href=\"https:\/\/www.suno.com.br\/artigos\/qual-corretora-voce-deve-utilizar\/\" target=\"_blank\" rel=\"noopener noreferrer\">corretoras<\/a> nomes como Easynvest, Genial e \u00d3rama. Confira os destaques:<\/p>\n<h2>Black Friday da Easynvest<\/h2>\n<p>A <strong>Easynvest,<\/strong> que tem hoje 1,5 milh\u00e3o de clientes, vai oferecer cr\u00e9dito com taxa de 1,29% para contrata\u00e7\u00e3o de empr\u00e9stimos a clientes com mais de R$ 75 mil em investimentos sob <a href=\"https:\/\/www.suno.com.br\/artigos\/custodia\/\" target=\"_blank\" rel=\"noopener noreferrer\">cust\u00f3dia<\/a>. O pagamento dos recursos emprestados poder\u00e1 ser efetuado em boleto, em at\u00e9 36 meses.<\/p>\n<p><a href=\"https:\/\/lp.suno.com.br\/suno-one\/\"><span style=\"font-weight: 400;\">Suno One: acesse gratuitamente eBooks, Minicursos, Artigos e Video Aulas sobre investimentos com um \u00fanico cadastro. Clique para saber mais!<\/span><\/a><\/p>\n<p>Segundo dados mais recentes do<a href=\"https:\/\/www.suno.com.br\/artigos\/bacen\/\" target=\"_blank\" rel=\"noopener noreferrer\"> Banco Central (BC)<\/a>, de setembro, a menor taxa m\u00e9dia de juros para contrata\u00e7\u00e3o de cr\u00e9dito foi de 1,3%, referente ao consignado voltado a servidores p\u00fablicos.<\/p>\n<p dir=\"ltr\">A oferta de cr\u00e9dito faz parte do neg\u00f3ciode cr\u00e9dito lan\u00e7ado em setembro pela corretora, o EasyCred. Para conceder o empr\u00e9stimo, a EasyCred usa investimentos como <a href=\"https:\/\/www.suno.com.br\/artigos\/colateral\/\" target=\"_blank\" rel=\"noopener noreferrer\">garantias<\/a>, isentando o cliente de an\u00e1lises de cr\u00e9dito tradicionais junto ao Serasa ou SPC (<a href=\"https:\/\/www.suno.com.br\/artigos\/spc\/\" target=\"_blank\" rel=\"noopener noreferrer\">Servi\u00e7o de Prote\u00e7\u00e3o ao Cr\u00e9dito<\/a>). At\u00e9 o momento, foram concedidos R$ 1,6 milh\u00e3o em recursos, sendo que metade destes empr\u00e9stimos com valores inferiores a R$ 5 mil.<span id=\"m_-4045886636003507862gmail-docs-internal-guid-d369dbdc-7fff-ef09-b33e-ba0208c87dec\"> <\/span><\/p>\n<p dir=\"ltr\">A corretora tamb\u00e9m lan\u00e7a nesta Black Friday os dois primeiros<a href=\"https:\/\/www.suno.com.br\/fundos-de-investimento\/\" target=\"_blank\" rel=\"noopener noreferrer\"> fundos de investimentos<\/a> pr\u00f3prios, em parceria com a gestora Vinci Partners. Anunciados no m\u00eas da Black Friday, os dois fundos ser\u00e3o do tipo a\u00e7\u00f5es e offshore, focados, respectivamente, nos p\u00fablicos de perfis moderado e experiente.<\/p>\n<p dir=\"ltr\">O <span class=\"il\">Easynest<\/span> TOP Fundo de A\u00e7\u00f5es FIC FIA ter\u00e1 R$ 100 de entrada e o mesmo valor de manuten\u00e7\u00e3o. J\u00e1 o <span class=\"il\">Easynvest<\/span> TOP Fundo Internacionais FIC FIM IE ter\u00e1 R$ 500 de entrada e o mesmo pre\u00e7o para manuten\u00e7\u00e3o. Os fundos reproduzem estrat\u00e9gias geridas pela Vinci h\u00e1 cerca de dez anos.<\/p>\n<p dir=\"ltr\"><span style=\"font-weight: 400;\"><div class=\"hubspot-form-wrapper\">\n\t<div id=\"single-form-target\"><\/div>\n<\/div>\n <\/span><\/p>\n<h2 style=\"font-weight: 400;\"><strong>\u00d3rama quer atrair novos clientes<\/strong><\/h2>\n<p>A <strong>\u00d3rama<\/strong> tamb\u00e9m vai participar da Black Friday das corretoras. Entre 16 e 30 de novembro, a corretora dar\u00e1 um incentivo para novos clientes abrirem suas contas. Ao fazer seu primeiro dep\u00f3sito na \u00d3rama, a cada R$ 3.500, o <strong>investidor<\/strong> ganha, no mesmo dia, 2% desse valor, atrav\u00e9s de uma cota no fundo imobili\u00e1rio IBFF11.<\/p>\n<p>&#8220;\u00c9 o equivalente ao <a href=\"https:\/\/www.suno.com.br\/artigos\/cdi\/\" target=\"_blank\" rel=\"noopener noreferrer\">CDI<\/a> do ano inteiro e ainda mais que o oferecido pela poupan\u00e7a&#8221;, informou a \u00d3rama. A oferta \u00e9 v\u00e1lida para os mil primeiros clientes. Se o cliente depositar R$ 7.000 mil, s\u00e3o duas cotas. Para a promo\u00e7\u00e3o, o limite m\u00e1ximo de investimento \u00e9 de R$ 10.500, que d\u00e1 direito a tr\u00eas cotas.<\/p>\n<p style=\"font-weight: 400;\">Al\u00e9m disso, a \u00d3rama oferece a seus clientes taxas diferentes para quem aplicar em <a href=\"https:\/\/www.suno.com.br\/artigos\/cdb\/\" target=\"_blank\" rel=\"noopener noreferrer\">CDBs<\/a> do Banco M\u00e1xima. Os rendimentos variam de acordo com o prazo de vencimento: tr\u00eas anos e meio, com 8,85% ao ano; cinco anos e meio, rendendo 11,10% ao ano; e nove anos e meio, com 12% ao ano.<\/p>\n<h2>Genial tamb\u00e9m participa da Black Friday das corretoras<\/h2>\n<p style=\"font-weight: 400;\">A Genial Week, da Genial Investimentos, vai promover um sald\u00e3o de CDBs e <a href=\"https:\/\/www.suno.com.br\/artigos\/letra-de-cambio\/\" target=\"_blank\" rel=\"noopener noreferrer\">LCs<\/a>, no <a href=\"https:\/\/www.suno.com.br\/artigos\/mercado-secundario\/\" target=\"_blank\" rel=\"noopener noreferrer\">mercado secund\u00e1rio<\/a>. De acordo com a corretora, os ativos ter\u00e3o rentabilidades de at\u00e9 300% do CDI, ticket m\u00ednimo de R$ 1.500 e vencimentos de at\u00e9 seis meses. Os t\u00edtulos prov\u00eam de sete emissores diferentes e todos t\u00eam garantia do <a href=\"https:\/\/www.suno.com.br\/artigos\/fgc\/\" target=\"_blank\" rel=\"noopener noreferrer\">Fundo Garantidor de Cr\u00e9dito (FGC)<\/a>.<\/p>\n<p style=\"font-weight: 400;\">A cada dia, de 23 a 27 de novembro, ser\u00e1 disponibilizado na plataforma da Genial um lote com quantidade limitada de pap\u00e9is.<\/p>\n<p><span style=\"font-weight: 400;\">\t<div data-element=\"shortcode-read-more\" class=\"knowMore\">\n\t\t\t\t<span class=\"knowMore__title\">Saiba mais<\/span>\n\t\t\t\t<a class=\"knowMore__link\" href=\"https:\/\/www.suno.com.br\/noticias\/black-friday-dos-bancos\/\">\n\t\t\tBlack Friday dos bancos ter\u00e1 promo\u00e7\u00f5es de cr\u00e9dito e investimentos\t\t<\/a>\n\t<\/div>\n\n<\/span><\/p>\n<p>Al\u00e9m da <strong>Black Friday das corretoras<\/strong>, quem quiser comprar d\u00f3lar tamb\u00e9m encontra promo\u00e7\u00f5es em corretoras de <a href=\"https:\/\/www.suno.com.br\/artigos\/dolar\/\" target=\"_blank\" rel=\"noopener noreferrer\">c\u00e2mbio<\/a>. Na Travelex Confidence, entre 23 e 27 de novembro, ser\u00e1 poss\u00edvel ter 50% de desconto na tarifa de aquisi\u00e7\u00e3o de moedas. Al\u00e9m disso, no dia 27 a casa vai dar cashback de US$ 1, creditado em cart\u00e3o pr\u00e9-pago internacional, a cada 100 d\u00f3lares ou 100 euros comprados em papel moeda ou cart\u00e3o, acima de US$ 500.<\/p>\n<p><span style=\"font-weight: 400;\">\t<p>\n\t\t<a href=\"https:\/\/lp.suno.com.br\/planilha-de-controle-de-investimentos\/\" target=\"_blank\" data-element=\"shortcode-suno-banner\" title=\"Banner SUNO, clique e saiba mais\">\n\t\t\t<picture>\n\t\t\t\t<source media=\"(max-width: 500px)\" srcset=\"https:\/\/files.sunoresearch.com.br\/n\/uploads\/2023\/03\/400x300-Controle-de-Investimentos.png\">\n\t\t\t\t<img class=\"newsContent__article__imgCapa newsContent__article__imgCapa--banner\"\n\t\t\t\t\tsrc=\"https:\/\/files.sunoresearch.com.br\/n\/uploads\/2023\/03\/1420x240-Controle-de-Investimentos.png\"\n\t\t\t\t\tdata-promo-id=\"75934\"\t\t\t\t\t\t\t\t\t\twidth='1420' height='240'\t\t\t\t\talt=\"https:\/\/files.sunoresearch.com.br\/n\/uploads\/2023\/03\/1420x240-Controle-de-Investimentos.png\"\n\t\t\t\t>\n\t\t\t<\/picture>\n\t\t<\/a>\n\t<\/p>\n\n<\/span><\/p>\n","protected":false},"excerpt":{"rendered":"<p>Al\u00e9m das promo\u00e7\u00f5es no varejo, o consumidor brasileiro tamb\u00e9m encontra ofertas em diversas institui\u00e7\u00f5es financeiras nesta \u00e9poca do ano. Al\u00e9m dos bancos, as corretoras de valores tamb\u00e9m se mobilizam para atrair novos clientes em novembro, e em 2020 n\u00e3o ser\u00e1 diferente. A Black Friday das corretoras de valores ter\u00e1 incentivos para abertura de contas e [&hellip;]<\/p>\n","protected":false},"author":60,"featured_media":101923,"comment_status":"closed","ping_status":"closed","sticky":false,"template":"","format":"standard","meta":[],"categories":[65],"tags":[104507,105130,105129],"suno_strategy":[],"class_list":["post-100993","post","type-post","status-publish","format-standard","has-post-thumbnail","hentry","category-financas-pessoais","tag-easynvest","tag-genial-investimentos","tag-orama"],"yoast_head":"<!-- This site is optimized with the Yoast SEO plugin v24.4 - https:\/\/yoast.com\/wordpress\/plugins\/seo\/ -->\n<title>Black Friday das corretoras ter\u00e1 incentivo para abertura de conta e cr\u00e9dito<\/title>\n<meta name=\"description\" content=\"A Black Friday das corretoras de valores ter\u00e1 incentivos para abertura de contas, redu\u00e7\u00e3o de taxas de administra\u00e7\u00e3o e cr\u00e9dito. Leia mais.\" \/>\n<meta name=\"robots\" content=\"index, follow, max-snippet:-1, max-image-preview:large, max-video-preview:-1\" \/>\n<link rel=\"canonical\" href=\"https:\/\/www.suno.com.br\/noticias\/black-friday-corretoras\/\" \/>\n<meta property=\"og:locale\" content=\"pt_BR\" \/>\n<meta property=\"og:type\" content=\"article\" \/>\n<meta property=\"og:title\" content=\"Black Friday das corretoras ter\u00e1 incentivo para abertura de conta e cr\u00e9dito\" \/>\n<meta property=\"og:description\" content=\"A Black Friday das corretoras de valores ter\u00e1 incentivos para abertura de contas, redu\u00e7\u00e3o de taxas de administra\u00e7\u00e3o e cr\u00e9dito. Leia mais.\" \/>\n<meta property=\"og:url\" content=\"https:\/\/www.suno.com.br\/noticias\/black-friday-corretoras\/\" \/>\n<meta property=\"og:site_name\" content=\"Suno Not\u00edcias\" \/>\n<meta property=\"article:publisher\" content=\"https:\/\/facebook.com\/sunoresearch\" \/>\n<meta property=\"og:image\" content=\"https:\/\/files.sunoresearch.com.br\/n\/uploads\/2020\/11\/04c49489-corretoras-black-friday-scaled.jpg\" \/>\n\t<meta property=\"og:image:width\" content=\"2560\" \/>\n\t<meta property=\"og:image:height\" content=\"1707\" \/>\n\t<meta property=\"og:image:type\" content=\"image\/jpeg\" \/>\n<meta name=\"author\" content=\"Natalia G\u00f3mez\" \/>\n<meta name=\"twitter:card\" content=\"summary_large_image\" \/>\n<meta name=\"twitter:creator\" content=\"@sunoresearch\" \/>\n<meta name=\"twitter:site\" content=\"@sunoresearch\" \/>\n<meta name=\"twitter:label1\" content=\"Escrito por\" \/>\n\t<meta name=\"twitter:data1\" content=\"Natalia G\u00f3mez\" \/>\n\t<meta name=\"twitter:label2\" content=\"Est. tempo de leitura\" \/>\n\t<meta name=\"twitter:data2\" content=\"4 minutos\" \/>\n<script type=\"application\/ld+json\" class=\"yoast-schema-graph\">{\"@context\":\"https:\/\/schema.org\",\"@graph\":[{\"@type\":\"NewsArticle\",\"@id\":\"https:\/\/www.suno.com.br\/noticias\/black-friday-corretoras\/#article\",\"isPartOf\":{\"@id\":\"https:\/\/www.suno.com.br\/noticias\/black-friday-corretoras\/\"},\"author\":{\"name\":\"Natalia G\u00f3mez\",\"@id\":\"https:\/\/www.suno.com.br\/noticias\/#\/schema\/person\/1b24d67c140a42e864ef414497edb164\"},\"headline\":\"Black Friday das corretoras ter\u00e1 incentivo para abertura de conta e cr\u00e9dito\",\"datePublished\":\"2020-11-22T13:00:42+00:00\",\"mainEntityOfPage\":{\"@id\":\"https:\/\/www.suno.com.br\/noticias\/black-friday-corretoras\/\"},\"wordCount\":756,\"publisher\":{\"@id\":\"https:\/\/www.suno.com.br\/noticias\/#organization\"},\"image\":{\"@id\":\"https:\/\/www.suno.com.br\/noticias\/black-friday-corretoras\/#primaryimage\"},\"thumbnailUrl\":\"https:\/\/files.sunoresearch.com.br\/n\/uploads\/2020\/11\/04c49489-corretoras-black-friday-scaled.jpg\",\"keywords\":[\"Easynvest\",\"Genial Investimentos\",\"\u00d3rama\"],\"articleSection\":[\"Finan\u00e7as Pessoais\"],\"inLanguage\":\"pt-BR\"},{\"@type\":\"WebPage\",\"@id\":\"https:\/\/www.suno.com.br\/noticias\/black-friday-corretoras\/\",\"url\":\"https:\/\/www.suno.com.br\/noticias\/black-friday-corretoras\/\",\"name\":\"Black Friday das corretoras ter\u00e1 incentivo para abertura de conta e cr\u00e9dito\",\"isPartOf\":{\"@id\":\"https:\/\/www.suno.com.br\/noticias\/#website\"},\"primaryImageOfPage\":{\"@id\":\"https:\/\/www.suno.com.br\/noticias\/black-friday-corretoras\/#primaryimage\"},\"image\":{\"@id\":\"https:\/\/www.suno.com.br\/noticias\/black-friday-corretoras\/#primaryimage\"},\"thumbnailUrl\":\"https:\/\/files.sunoresearch.com.br\/n\/uploads\/2020\/11\/04c49489-corretoras-black-friday-scaled.jpg\",\"datePublished\":\"2020-11-22T13:00:42+00:00\",\"description\":\"A Black Friday das corretoras de valores ter\u00e1 incentivos para abertura de contas, redu\u00e7\u00e3o de taxas de administra\u00e7\u00e3o e cr\u00e9dito. Leia mais.\",\"breadcrumb\":{\"@id\":\"https:\/\/www.suno.com.br\/noticias\/black-friday-corretoras\/#breadcrumb\"},\"inLanguage\":\"pt-BR\",\"potentialAction\":[{\"@type\":\"ReadAction\",\"target\":[\"https:\/\/www.suno.com.br\/noticias\/black-friday-corretoras\/\"]}]},{\"@type\":\"ImageObject\",\"inLanguage\":\"pt-BR\",\"@id\":\"https:\/\/www.suno.com.br\/noticias\/black-friday-corretoras\/#primaryimage\",\"url\":\"https:\/\/files.sunoresearch.com.br\/n\/uploads\/2020\/11\/04c49489-corretoras-black-friday-scaled.jpg\",\"contentUrl\":\"https:\/\/files.sunoresearch.com.br\/n\/uploads\/2020\/11\/04c49489-corretoras-black-friday-scaled.jpg\",\"width\":2560,\"height\":1707,\"caption\":\"Black Friday das corretoras\"},{\"@type\":\"BreadcrumbList\",\"@id\":\"https:\/\/www.suno.com.br\/noticias\/black-friday-corretoras\/#breadcrumb\",\"itemListElement\":[{\"@type\":\"ListItem\",\"position\":1,\"name\":\"Not\u00edcias\",\"item\":\"https:\/\/www.suno.com.br\/noticias\/\"},{\"@type\":\"ListItem\",\"position\":2,\"name\":\"Finan\u00e7as Pessoais\",\"item\":\"https:\/\/www.suno.com.br\/noticias\/financas-pessoais\/\"},{\"@type\":\"ListItem\",\"position\":3,\"name\":\"Black Friday das corretoras ter\u00e1 incentivo para abertura de conta e cr\u00e9dito\"}]},{\"@type\":\"WebSite\",\"@id\":\"https:\/\/www.suno.com.br\/noticias\/#website\",\"url\":\"https:\/\/www.suno.com.br\/noticias\/\",\"name\":\"Suno Not\u00edcias\",\"description\":\"Seu portal de informa\u00e7\u00e3o sobre o mundo dos investimentos\",\"publisher\":{\"@id\":\"https:\/\/www.suno.com.br\/noticias\/#organization\"},\"potentialAction\":[{\"@type\":\"SearchAction\",\"target\":{\"@type\":\"EntryPoint\",\"urlTemplate\":\"https:\/\/www.suno.com.br\/noticias\/?s={search_term_string}\"},\"query-input\":{\"@type\":\"PropertyValueSpecification\",\"valueRequired\":true,\"valueName\":\"search_term_string\"}}],\"inLanguage\":\"pt-BR\"},{\"@type\":\"Organization\",\"@id\":\"https:\/\/www.suno.com.br\/noticias\/#organization\",\"name\":\"Suno Not\u00edcias\",\"url\":\"https:\/\/www.suno.com.br\/noticias\/\",\"logo\":{\"@type\":\"ImageObject\",\"inLanguage\":\"pt-BR\",\"@id\":\"https:\/\/www.suno.com.br\/noticias\/#\/schema\/logo\/image\/\",\"url\":\"https:\/\/files.sunoresearch.com.br\/n\/uploads\/2021\/09\/suno-logo.png\",\"contentUrl\":\"https:\/\/files.sunoresearch.com.br\/n\/uploads\/2021\/09\/suno-logo.png\",\"width\":180,\"height\":180,\"caption\":\"Suno Not\u00edcias\"},\"image\":{\"@id\":\"https:\/\/www.suno.com.br\/noticias\/#\/schema\/logo\/image\/\"},\"sameAs\":[\"https:\/\/facebook.com\/sunoresearch\",\"https:\/\/x.com\/sunoresearch\",\"https:\/\/www.instagram.com\/suno\",\"https:\/\/www.linkedin.com\/company\/suno-research\/\",\"https:\/\/www.youtube.com\/c\/sunoresearch\"]},{\"@type\":\"Person\",\"@id\":\"https:\/\/www.suno.com.br\/noticias\/#\/schema\/person\/1b24d67c140a42e864ef414497edb164\",\"name\":\"Natalia G\u00f3mez\",\"image\":{\"@type\":\"ImageObject\",\"inLanguage\":\"pt-BR\",\"@id\":\"https:\/\/www.suno.com.br\/noticias\/#\/schema\/person\/image\/\",\"url\":\"https:\/\/secure.gravatar.com\/avatar\/9e957e0b2b485c2d42c3f4145c16d940?s=96&r=g\",\"contentUrl\":\"https:\/\/secure.gravatar.com\/avatar\/9e957e0b2b485c2d42c3f4145c16d940?s=96&r=g\",\"caption\":\"Natalia G\u00f3mez\"},\"description\":\"Editora do Suno Not\u00edcias desde outubro de 2020, \u00e9 jornalista formada pela PUC-SP, com p\u00f3s-gradua\u00e7\u00e3o em jornalismo liter\u00e1rio. Atua no mercado financeiro desde 2003, quando iniciou a carreira no jornal econ\u00f4mico DCI, cobrindo o setor de alimentos no caderno de Ind\u00fastria. Foi trainee do jornal Valor Econ\u00f4mico, onde atuou no Caderno de Empresas por quase tr\u00eas anos. L\u00e1, cobriu o setor de ind\u00fastria, com foco em siderurgia, embalagens e aeroespacial. Fez coberturas setoriais em viagens para S\u00e3o Jos\u00e9 dos Campos e Franca (SP), al\u00e9m de coberturas internacionais na Alemanha e na Su\u00e9cia. Trabalhou por cinco anos na Ag\u00eancia Estado\/Broadcast, do Grupo Estado, onde foi rep\u00f3rter dos setores de minera\u00e7\u00e3o e siderurgia, alimentos e bebidas e finan\u00e7as. Foi premiada como o pr\u00eamio Destaque de Reportagem da AE em 2007 e 2008. Al\u00e9m de atuar no servi\u00e7o de not\u00edcias em tempo real, fez participa\u00e7\u00f5es no caderno de Economia do jornal Estado de S.Paulo e na R\u00e1dio Eldorado. Ainda no Grupo Estado, foi editora assistente da editoria Empresas e Setores, atuando com edi\u00e7\u00e3o e pauta, al\u00e9m de cobrir mercados diariamente com o cen\u00e1rio de bolsa e fazer reportagens especiais com foco em governan\u00e7a corporativa. Trabalhou tamb\u00e9m como correspondente de finan\u00e7as no servi\u00e7o da Thomson Reuters em portugu\u00eas por quase um ano. Atuou por cerca de oito anos como jornalista independente, contribuindo para ve\u00edculos como UOL Economia, Infomoney e Revista Voc\u00ea SA, al\u00e9m de ter trabalhado em projetos na \u00e1rea de conte\u00fado e comunica\u00e7\u00e3o de institui\u00e7\u00f5es financeiras como Anbima, Banco BS2, Banco Pine, Ita\u00fa BBA e EQI.\",\"url\":\"https:\/\/www.suno.com.br\/noticias\/author\/natalia-gomez\/\"}]}<\/script>\n<!-- \/ Yoast SEO plugin. -->","yoast_head_json":{"title":"Black Friday das corretoras ter\u00e1 incentivo para abertura de conta e cr\u00e9dito","description":"A Black Friday das corretoras de valores ter\u00e1 incentivos para abertura de contas, redu\u00e7\u00e3o de taxas de administra\u00e7\u00e3o e cr\u00e9dito. Leia mais.","robots":{"index":"index","follow":"follow","max-snippet":"max-snippet:-1","max-image-preview":"max-image-preview:large","max-video-preview":"max-video-preview:-1"},"canonical":"https:\/\/www.suno.com.br\/noticias\/black-friday-corretoras\/","og_locale":"pt_BR","og_type":"article","og_title":"Black Friday das corretoras ter\u00e1 incentivo para abertura de conta e cr\u00e9dito","og_description":"A Black Friday das corretoras de valores ter\u00e1 incentivos para abertura de contas, redu\u00e7\u00e3o de taxas de administra\u00e7\u00e3o e cr\u00e9dito. Leia mais.","og_url":"https:\/\/www.suno.com.br\/noticias\/black-friday-corretoras\/","og_site_name":"Suno Not\u00edcias","article_publisher":"https:\/\/facebook.com\/sunoresearch","og_image":[{"width":2560,"height":1707,"url":"https:\/\/files.sunoresearch.com.br\/n\/uploads\/2020\/11\/04c49489-corretoras-black-friday-scaled.jpg","type":"image\/jpeg"}],"author":"Natalia G\u00f3mez","twitter_card":"summary_large_image","twitter_creator":"@sunoresearch","twitter_site":"@sunoresearch","twitter_misc":{"Escrito por":"Natalia G\u00f3mez","Est. tempo de leitura":"4 minutos"},"schema":{"@context":"https:\/\/schema.org","@graph":[{"@type":"NewsArticle","@id":"https:\/\/www.suno.com.br\/noticias\/black-friday-corretoras\/#article","isPartOf":{"@id":"https:\/\/www.suno.com.br\/noticias\/black-friday-corretoras\/"},"author":{"name":"Natalia G\u00f3mez","@id":"https:\/\/www.suno.com.br\/noticias\/#\/schema\/person\/1b24d67c140a42e864ef414497edb164"},"headline":"Black Friday das corretoras ter\u00e1 incentivo para abertura de conta e cr\u00e9dito","datePublished":"2020-11-22T13:00:42+00:00","mainEntityOfPage":{"@id":"https:\/\/www.suno.com.br\/noticias\/black-friday-corretoras\/"},"wordCount":756,"publisher":{"@id":"https:\/\/www.suno.com.br\/noticias\/#organization"},"image":{"@id":"https:\/\/www.suno.com.br\/noticias\/black-friday-corretoras\/#primaryimage"},"thumbnailUrl":"https:\/\/files.sunoresearch.com.br\/n\/uploads\/2020\/11\/04c49489-corretoras-black-friday-scaled.jpg","keywords":["Easynvest","Genial Investimentos","\u00d3rama"],"articleSection":["Finan\u00e7as Pessoais"],"inLanguage":"pt-BR"},{"@type":"WebPage","@id":"https:\/\/www.suno.com.br\/noticias\/black-friday-corretoras\/","url":"https:\/\/www.suno.com.br\/noticias\/black-friday-corretoras\/","name":"Black Friday das corretoras ter\u00e1 incentivo para abertura de conta e cr\u00e9dito","isPartOf":{"@id":"https:\/\/www.suno.com.br\/noticias\/#website"},"primaryImageOfPage":{"@id":"https:\/\/www.suno.com.br\/noticias\/black-friday-corretoras\/#primaryimage"},"image":{"@id":"https:\/\/www.suno.com.br\/noticias\/black-friday-corretoras\/#primaryimage"},"thumbnailUrl":"https:\/\/files.sunoresearch.com.br\/n\/uploads\/2020\/11\/04c49489-corretoras-black-friday-scaled.jpg","datePublished":"2020-11-22T13:00:42+00:00","description":"A Black Friday das corretoras de valores ter\u00e1 incentivos para abertura de contas, redu\u00e7\u00e3o de taxas de administra\u00e7\u00e3o e cr\u00e9dito. Leia mais.","breadcrumb":{"@id":"https:\/\/www.suno.com.br\/noticias\/black-friday-corretoras\/#breadcrumb"},"inLanguage":"pt-BR","potentialAction":[{"@type":"ReadAction","target":["https:\/\/www.suno.com.br\/noticias\/black-friday-corretoras\/"]}]},{"@type":"ImageObject","inLanguage":"pt-BR","@id":"https:\/\/www.suno.com.br\/noticias\/black-friday-corretoras\/#primaryimage","url":"https:\/\/files.sunoresearch.com.br\/n\/uploads\/2020\/11\/04c49489-corretoras-black-friday-scaled.jpg","contentUrl":"https:\/\/files.sunoresearch.com.br\/n\/uploads\/2020\/11\/04c49489-corretoras-black-friday-scaled.jpg","width":2560,"height":1707,"caption":"Black Friday das corretoras"},{"@type":"BreadcrumbList","@id":"https:\/\/www.suno.com.br\/noticias\/black-friday-corretoras\/#breadcrumb","itemListElement":[{"@type":"ListItem","position":1,"name":"Not\u00edcias","item":"https:\/\/www.suno.com.br\/noticias\/"},{"@type":"ListItem","position":2,"name":"Finan\u00e7as Pessoais","item":"https:\/\/www.suno.com.br\/noticias\/financas-pessoais\/"},{"@type":"ListItem","position":3,"name":"Black Friday das corretoras ter\u00e1 incentivo para abertura de conta e cr\u00e9dito"}]},{"@type":"WebSite","@id":"https:\/\/www.suno.com.br\/noticias\/#website","url":"https:\/\/www.suno.com.br\/noticias\/","name":"Suno Not\u00edcias","description":"Seu portal de informa\u00e7\u00e3o sobre o mundo dos investimentos","publisher":{"@id":"https:\/\/www.suno.com.br\/noticias\/#organization"},"potentialAction":[{"@type":"SearchAction","target":{"@type":"EntryPoint","urlTemplate":"https:\/\/www.suno.com.br\/noticias\/?s={search_term_string}"},"query-input":{"@type":"PropertyValueSpecification","valueRequired":true,"valueName":"search_term_string"}}],"inLanguage":"pt-BR"},{"@type":"Organization","@id":"https:\/\/www.suno.com.br\/noticias\/#organization","name":"Suno Not\u00edcias","url":"https:\/\/www.suno.com.br\/noticias\/","logo":{"@type":"ImageObject","inLanguage":"pt-BR","@id":"https:\/\/www.suno.com.br\/noticias\/#\/schema\/logo\/image\/","url":"https:\/\/files.sunoresearch.com.br\/n\/uploads\/2021\/09\/suno-logo.png","contentUrl":"https:\/\/files.sunoresearch.com.br\/n\/uploads\/2021\/09\/suno-logo.png","width":180,"height":180,"caption":"Suno Not\u00edcias"},"image":{"@id":"https:\/\/www.suno.com.br\/noticias\/#\/schema\/logo\/image\/"},"sameAs":["https:\/\/facebook.com\/sunoresearch","https:\/\/x.com\/sunoresearch","https:\/\/www.instagram.com\/suno","https:\/\/www.linkedin.com\/company\/suno-research\/","https:\/\/www.youtube.com\/c\/sunoresearch"]},{"@type":"Person","@id":"https:\/\/www.suno.com.br\/noticias\/#\/schema\/person\/1b24d67c140a42e864ef414497edb164","name":"Natalia G\u00f3mez","image":{"@type":"ImageObject","inLanguage":"pt-BR","@id":"https:\/\/www.suno.com.br\/noticias\/#\/schema\/person\/image\/","url":"https:\/\/secure.gravatar.com\/avatar\/9e957e0b2b485c2d42c3f4145c16d940?s=96&r=g","contentUrl":"https:\/\/secure.gravatar.com\/avatar\/9e957e0b2b485c2d42c3f4145c16d940?s=96&r=g","caption":"Natalia G\u00f3mez"},"description":"Editora do Suno Not\u00edcias desde outubro de 2020, \u00e9 jornalista formada pela PUC-SP, com p\u00f3s-gradua\u00e7\u00e3o em jornalismo liter\u00e1rio. Atua no mercado financeiro desde 2003, quando iniciou a carreira no jornal econ\u00f4mico DCI, cobrindo o setor de alimentos no caderno de Ind\u00fastria. Foi trainee do jornal Valor Econ\u00f4mico, onde atuou no Caderno de Empresas por quase tr\u00eas anos. L\u00e1, cobriu o setor de ind\u00fastria, com foco em siderurgia, embalagens e aeroespacial. Fez coberturas setoriais em viagens para S\u00e3o Jos\u00e9 dos Campos e Franca (SP), al\u00e9m de coberturas internacionais na Alemanha e na Su\u00e9cia. Trabalhou por cinco anos na Ag\u00eancia Estado\/Broadcast, do Grupo Estado, onde foi rep\u00f3rter dos setores de minera\u00e7\u00e3o e siderurgia, alimentos e bebidas e finan\u00e7as. Foi premiada como o pr\u00eamio Destaque de Reportagem da AE em 2007 e 2008. Al\u00e9m de atuar no servi\u00e7o de not\u00edcias em tempo real, fez participa\u00e7\u00f5es no caderno de Economia do jornal Estado de S.Paulo e na R\u00e1dio Eldorado. Ainda no Grupo Estado, foi editora assistente da editoria Empresas e Setores, atuando com edi\u00e7\u00e3o e pauta, al\u00e9m de cobrir mercados diariamente com o cen\u00e1rio de bolsa e fazer reportagens especiais com foco em governan\u00e7a corporativa. Trabalhou tamb\u00e9m como correspondente de finan\u00e7as no servi\u00e7o da Thomson Reuters em portugu\u00eas por quase um ano. Atuou por cerca de oito anos como jornalista independente, contribuindo para ve\u00edculos como UOL Economia, Infomoney e Revista Voc\u00ea SA, al\u00e9m de ter trabalhado em projetos na \u00e1rea de conte\u00fado e comunica\u00e7\u00e3o de institui\u00e7\u00f5es financeiras como Anbima, Banco BS2, Banco Pine, Ita\u00fa BBA e EQI.","url":"https:\/\/www.suno.com.br\/noticias\/author\/natalia-gomez\/"}]}},"default_loop_html":"<div class=\"cardsPage__listCard__boxs\"><div class=\"cardsPage__listCard__boxs__img\"><a href=\"https:\/\/www.suno.com.br\/noticias\/black-friday-corretoras\/\"><img class=\"mask\" src=\"https:\/\/www.suno.com.br\/noticias\/wp-content\/themes\/suno\/resources\/images\/spotlight\/spotlight1img\/bg-mask.png\" alt=\"Image Mask\"\/><img src=\"https:\/\/files.sunoresearch.com.br\/n\/uploads\/2020\/11\/04c49489-corretoras-black-friday-400x200.jpg\" alt=\"Black Friday das corretoras ter\u00e1 incentivo para abertura de conta e cr\u00e9dito\"\/><\/a><span class=\"spotlightCategory\"><a href=\"https:\/\/www.suno.com.br\/noticias\/financas-pessoais\/\">Finan\u00e7as Pessoais<\/a><\/span><\/div><div class=\"cardsPage__listCard__boxs__content\"><a href=\"https:\/\/www.suno.com.br\/noticias\/black-friday-corretoras\/\"><h2 class=\"content__title\">Black Friday das corretoras ter\u00e1 incentivo para abertura de conta e cr\u00e9dito<\/h2><\/a><div class=\"newsContent__article__meta\"><div class=\"newsContent__article__meta__authorBox\"><a href=\"https:\/\/www.suno.com.br\/noticias\/author\/natalia-gomez\/\" class=\"authorBox__avatar noMobi\"><img src=\"https:\/\/secure.gravatar.com\/avatar\/9e957e0b2b485c2d42c3f4145c16d940?s=96&#038;r=g\" alt=\"Natalia G\u00f3mez\"><\/a><div class=\"authorBox__name\"><span>por\n\t\t\t<a href=\"https:\/\/www.suno.com.br\/noticias\/author\/natalia-gomez\/\"><span itemprop=\"author\">Natalia G\u00f3mez<\/span><\/a><\/span><time datetime=\"2020-11-22T10:00:42-03:00\" itemprop=\"datePublished\">22\/11\/2020 10:00<\/time><\/div><\/div><\/div><\/div><\/div>","single_layout":"posts","amp_enabled":true,"_links":{"self":[{"href":"https:\/\/www.suno.com.br\/noticias\/wp-json\/wp\/v2\/posts\/100993"}],"collection":[{"href":"https:\/\/www.suno.com.br\/noticias\/wp-json\/wp\/v2\/posts"}],"about":[{"href":"https:\/\/www.suno.com.br\/noticias\/wp-json\/wp\/v2\/types\/post"}],"author":[{"embeddable":true,"href":"https:\/\/www.suno.com.br\/noticias\/wp-json\/wp\/v2\/users\/60"}],"replies":[{"embeddable":true,"href":"https:\/\/www.suno.com.br\/noticias\/wp-json\/wp\/v2\/comments?post=100993"}],"version-history":[{"count":0,"href":"https:\/\/www.suno.com.br\/noticias\/wp-json\/wp\/v2\/posts\/100993\/revisions"}],"wp:featuredmedia":[{"embeddable":true,"href":"https:\/\/www.suno.com.br\/noticias\/wp-json\/wp\/v2\/media\/101923"}],"wp:attachment":[{"href":"https:\/\/www.suno.com.br\/noticias\/wp-json\/wp\/v2\/media?parent=100993"}],"wp:term":[{"taxonomy":"category","embeddable":true,"href":"https:\/\/www.suno.com.br\/noticias\/wp-json\/wp\/v2\/categories?post=100993"},{"taxonomy":"post_tag","embeddable":true,"href":"https:\/\/www.suno.com.br\/noticias\/wp-json\/wp\/v2\/tags?post=100993"},{"taxonomy":"suno_strategy","embeddable":true,"href":"https:\/\/www.suno.com.br\/noticias\/wp-json\/wp\/v2\/suno_strategy?post=100993"}],"curies":[{"name":"wp","href":"https:\/\/api.w.org\/{rel}","templated":true}]}}