{"id":10096,"date":"2019-01-02T11:25:32","date_gmt":"2019-01-02T13:25:32","guid":{"rendered":"https:\/\/www.suno.com.br\/noticias\/?p=10096"},"modified":"2019-01-02T11:29:52","modified_gmt":"2019-01-02T13:29:52","slug":"banco-brasil-credito-rural","status":"publish","type":"post","link":"https:\/\/www.suno.com.br\/noticias\/banco-brasil-credito-rural\/","title":{"rendered":"Banco do Brasil assina terceiro aditivo a contratos de cr\u00e9dito rural"},"content":{"rendered":"<div class=\"heading-title\"><\/div>\n<p>O Banco do Brasil (BB) declarou na ter\u00e7a-feira (01) que assinou o terceiro aditivo a contrato de <strong>cr\u00e9dito rural<\/strong> com a Uni\u00e3o. O valor estimado que o BB receber\u00e1 \u00e9 de R$ 1,65 bilh\u00e3o, segundo apura\u00e7\u00e3o da Reuters.<\/p>\t<div class=\"wrapper-featured-image\">\n\t\t<figure class=\"spotlightImg\">\n\n\t\t\t<picture>\n\t\t\t\t<source media=\"(max-width: 768px)\" srcset=\"https:\/\/files.sunoresearch.com.br\/n\/uploads\/2019\/01\/f63747f5-banco-do-brasil-400x200.webp\">\n\t\t\t\t<img loading=\"lazy\" decoding=\"async\" class=\"newsContent__article__imgCapa lazyloadDisabled newsContent__article__imgCapa--noCaption\" src=\"https:\/\/files.sunoresearch.com.br\/n\/uploads\/2019\/01\/f63747f5-banco-do-brasil-800x450.webp\" width=\"800\" height=\"450\" alt=\"Banco do Brasil assina terceiro aditivo a contratos de cr\u00e9dito rural\" fetchpriority=high \/>\n\t\t\t<\/picture>\n\n\t\t\t<figcaption class=\"wp-caption-text wp-caption-text--hide\">Banco do Brasil registra lucro l\u00edquido de R$ 5,6 bilh\u00f5es no 4T19<\/figcaption>\n\t\t<\/figure>\n\t<\/div>\n\n<div class=\"heading-title\"><\/div>\n\n<p>O aditivo foi realizado em contrato acertado pela Uni\u00e3o com a institui\u00e7\u00e3o financeira no final de junho de 2001.<\/p>\n<p>O <strong>Banco do Brasil<\/strong> anseia um &#8220;impacto residual&#8221; no balan\u00e7o da institui\u00e7\u00e3o financeira do quarto trimestre de 2018.<\/p>\n<p>De acordo com o BB,\u00a0\u201cno \u00e2mbito do processo de concilia\u00e7\u00e3o de registros relacionados a programas e servi\u00e7os rurais junto \u00e0 Uni\u00e3o o <strong>BB<\/strong> tamb\u00e9m realizou a concilia\u00e7\u00e3o de diversos programas, dentre eles:<\/p>\n<ul>\n<li>Programa de Recupera\u00e7\u00e3o da Lavoura Cacaueira Baiana &#8211; PRLCB<\/li>\n<li>Subven\u00e7\u00f5es Pronaf Finame\/BNDES, Pronaf Reforma Agr\u00e1ria Grupo A &#8211; Safra 1999\/2000<\/li>\n<li>Fundo Cont\u00e1bil do PROCERA (Programa Especial de Cr\u00e9dito para a Reforma Agr\u00e1ria)\u201d.<\/li>\n<\/ul>\n<p><a href=\"https:\/\/www.suno.com.br\/noticias\/banco-brasil-sacar-dinheiro-whatsapp\/\">Saiba mais &#8211;\u00a0Clientes do Banco do Brasil poder\u00e3o sacar dinheiro pelo WhatsApp<\/a><\/p>\n<h2>Ren\u00fancias<\/h2>\n<p>O <strong>BB<\/strong> anunciou na \u00faltima segunda-feira (31) que Fabr\u00edcio da Soller renunciou ao cargo de presidente do conselho de administra\u00e7\u00e3o. A ren\u00fancia foi feita por meio de comunicado enviado \u00e0 Comiss\u00e3o de Valores Mobili\u00e1rios (CVM).<\/p>\n<p>At\u00e9 o momento, o banco n\u00e3o declarou quem ser\u00e1 seu substituto.<\/p>\n<p>De movo semelhante,\u00a0Reinaldo Kazufumi Yokoyama tamb\u00e9m renunciou ao cargo de diretor de Distribui\u00e7\u00e3o.<\/p>\n<p>No entanto, a decis\u00e3o de Yokoyama deve-se ao fato de ter sido eleito ao cargo de diretor de\u00a0Clientes, Comercial e Produtos da BB Seguridade Participa\u00e7\u00f5es S.A, empresa controlada do BB.<\/p>\n<p>Especula-se que o presidente da Rep\u00fablica Jair Bolsonaro nomear\u00e1 Rubem Novaes para a presid\u00eancia do <strong>Banco do Brasil<\/strong>. Amigo de Paulo Guedes, Novaes j\u00e1 foi diretor do Banco Nacional do Desenvolvimento Econ\u00f4mico e Social (BNDES) e \u00e9 professor da Funda\u00e7\u00e3o Get\u00falio Vargas (FGV).<\/p>\n","protected":false},"excerpt":{"rendered":"<p>O Banco do Brasil (BB) declarou na ter\u00e7a-feira (01) que assinou o terceiro aditivo a contrato de cr\u00e9dito rural com a Uni\u00e3o. O valor estimado que o BB receber\u00e1 \u00e9 de R$ 1,65 bilh\u00e3o, segundo apura\u00e7\u00e3o da Reuters. Banco do Brasil registra lucro l\u00edquido de R$ 5,6 bilh\u00f5es no 4T19 O aditivo foi realizado em [&hellip;]<\/p>\n","protected":false},"author":12,"featured_media":10097,"comment_status":"closed","ping_status":"closed","sticky":false,"template":"","format":"standard","meta":[],"categories":[64],"tags":[732],"suno_strategy":[],"class_list":["post-10096","post","type-post","status-publish","format-standard","has-post-thumbnail","hentry","category-negocios","tag-banco-do-brasil-bbas3"],"yoast_head":"<!-- This site is optimized with the Yoast SEO plugin v24.4 - https:\/\/yoast.com\/wordpress\/plugins\/seo\/ -->\n<title>Banco do Brasil assina terceiro aditivo a contratos de cr\u00e9dito rural<\/title>\n<meta name=\"description\" content=\"O Banco do Brasil assinou no \u00faltimo dia 31 o terceiro aditivo a contrato de cr\u00e9dito rural com a Uni\u00e3o. Clique para saber mais.\" \/>\n<meta name=\"robots\" content=\"index, follow, max-snippet:-1, max-image-preview:large, max-video-preview:-1\" \/>\n<link rel=\"canonical\" href=\"https:\/\/www.suno.com.br\/noticias\/banco-brasil-credito-rural\/\" \/>\n<meta property=\"og:locale\" content=\"pt_BR\" \/>\n<meta property=\"og:type\" content=\"article\" \/>\n<meta property=\"og:title\" content=\"Banco do Brasil assina terceiro aditivo a contratos de cr\u00e9dito rural\" \/>\n<meta property=\"og:description\" content=\"O Banco do Brasil assinou no \u00faltimo dia 31 o terceiro aditivo a contrato de cr\u00e9dito rural com a Uni\u00e3o. Clique para saber mais.\" \/>\n<meta property=\"og:url\" content=\"https:\/\/www.suno.com.br\/noticias\/banco-brasil-credito-rural\/\" \/>\n<meta property=\"og:site_name\" content=\"Suno Not\u00edcias\" \/>\n<meta property=\"article:publisher\" content=\"https:\/\/facebook.com\/sunoresearch\" \/>\n<meta property=\"og:image\" content=\"https:\/\/files.sunoresearch.com.br\/n\/uploads\/2019\/01\/f63747f5-banco-do-brasil-1024x768.jpg\" \/>\n\t<meta property=\"og:image:width\" content=\"1024\" \/>\n\t<meta property=\"og:image:height\" content=\"768\" \/>\n\t<meta property=\"og:image:type\" content=\"image\/jpeg\" \/>\n<meta name=\"author\" content=\"Amanda Gushiken\" \/>\n<meta name=\"twitter:card\" content=\"summary_large_image\" \/>\n<meta name=\"twitter:creator\" content=\"@sunoresearch\" \/>\n<meta name=\"twitter:site\" content=\"@sunoresearch\" \/>\n<meta name=\"twitter:label1\" content=\"Escrito por\" \/>\n\t<meta name=\"twitter:data1\" content=\"Amanda Gushiken\" \/>\n\t<meta name=\"twitter:label2\" content=\"Est. tempo de leitura\" \/>\n\t<meta name=\"twitter:data2\" content=\"2 minutos\" \/>\n<script type=\"application\/ld+json\" class=\"yoast-schema-graph\">{\"@context\":\"https:\/\/schema.org\",\"@graph\":[{\"@type\":\"NewsArticle\",\"@id\":\"https:\/\/www.suno.com.br\/noticias\/banco-brasil-credito-rural\/#article\",\"isPartOf\":{\"@id\":\"https:\/\/www.suno.com.br\/noticias\/banco-brasil-credito-rural\/\"},\"author\":{\"name\":\"Amanda Gushiken\",\"@id\":\"https:\/\/www.suno.com.br\/noticias\/#\/schema\/person\/a5b06fa4e879d8e8e119c6ed3cd630d1\"},\"headline\":\"Banco do Brasil assina terceiro aditivo a contratos de cr\u00e9dito rural\",\"datePublished\":\"2019-01-02T13:25:32+00:00\",\"dateModified\":\"2019-01-02T13:29:52+00:00\",\"mainEntityOfPage\":{\"@id\":\"https:\/\/www.suno.com.br\/noticias\/banco-brasil-credito-rural\/\"},\"wordCount\":329,\"publisher\":{\"@id\":\"https:\/\/www.suno.com.br\/noticias\/#organization\"},\"image\":{\"@id\":\"https:\/\/www.suno.com.br\/noticias\/banco-brasil-credito-rural\/#primaryimage\"},\"thumbnailUrl\":\"https:\/\/files.sunoresearch.com.br\/n\/uploads\/2019\/01\/f63747f5-banco-do-brasil-scaled.webp\",\"keywords\":[\"Banco do Brasil (BBAS3)\"],\"articleSection\":[\"Neg\u00f3cios\"],\"inLanguage\":\"pt-BR\"},{\"@type\":\"WebPage\",\"@id\":\"https:\/\/www.suno.com.br\/noticias\/banco-brasil-credito-rural\/\",\"url\":\"https:\/\/www.suno.com.br\/noticias\/banco-brasil-credito-rural\/\",\"name\":\"Banco do Brasil assina terceiro aditivo a contratos de cr\u00e9dito rural\",\"isPartOf\":{\"@id\":\"https:\/\/www.suno.com.br\/noticias\/#website\"},\"primaryImageOfPage\":{\"@id\":\"https:\/\/www.suno.com.br\/noticias\/banco-brasil-credito-rural\/#primaryimage\"},\"image\":{\"@id\":\"https:\/\/www.suno.com.br\/noticias\/banco-brasil-credito-rural\/#primaryimage\"},\"thumbnailUrl\":\"https:\/\/files.sunoresearch.com.br\/n\/uploads\/2019\/01\/f63747f5-banco-do-brasil-scaled.webp\",\"datePublished\":\"2019-01-02T13:25:32+00:00\",\"dateModified\":\"2019-01-02T13:29:52+00:00\",\"description\":\"O Banco do Brasil assinou no \u00faltimo dia 31 o terceiro aditivo a contrato de cr\u00e9dito rural com a Uni\u00e3o. Clique para saber mais.\",\"breadcrumb\":{\"@id\":\"https:\/\/www.suno.com.br\/noticias\/banco-brasil-credito-rural\/#breadcrumb\"},\"inLanguage\":\"pt-BR\",\"potentialAction\":[{\"@type\":\"ReadAction\",\"target\":[\"https:\/\/www.suno.com.br\/noticias\/banco-brasil-credito-rural\/\"]}]},{\"@type\":\"ImageObject\",\"inLanguage\":\"pt-BR\",\"@id\":\"https:\/\/www.suno.com.br\/noticias\/banco-brasil-credito-rural\/#primaryimage\",\"url\":\"https:\/\/files.sunoresearch.com.br\/n\/uploads\/2019\/01\/f63747f5-banco-do-brasil-scaled.webp\",\"contentUrl\":\"https:\/\/files.sunoresearch.com.br\/n\/uploads\/2019\/01\/f63747f5-banco-do-brasil-scaled.webp\",\"width\":2560,\"height\":1920,\"caption\":\"Banco do Brasil registra lucro l\u00edquido de R$ 5,6 bilh\u00f5es no 4T19\"},{\"@type\":\"BreadcrumbList\",\"@id\":\"https:\/\/www.suno.com.br\/noticias\/banco-brasil-credito-rural\/#breadcrumb\",\"itemListElement\":[{\"@type\":\"ListItem\",\"position\":1,\"name\":\"Not\u00edcias\",\"item\":\"https:\/\/www.suno.com.br\/noticias\/\"},{\"@type\":\"ListItem\",\"position\":2,\"name\":\"Neg\u00f3cios\",\"item\":\"https:\/\/www.suno.com.br\/noticias\/negocios\/\"},{\"@type\":\"ListItem\",\"position\":3,\"name\":\"Banco do Brasil assina terceiro aditivo a contratos de cr\u00e9dito rural\"}]},{\"@type\":\"WebSite\",\"@id\":\"https:\/\/www.suno.com.br\/noticias\/#website\",\"url\":\"https:\/\/www.suno.com.br\/noticias\/\",\"name\":\"Suno Not\u00edcias\",\"description\":\"Seu portal de informa\u00e7\u00e3o sobre o mundo dos investimentos\",\"publisher\":{\"@id\":\"https:\/\/www.suno.com.br\/noticias\/#organization\"},\"potentialAction\":[{\"@type\":\"SearchAction\",\"target\":{\"@type\":\"EntryPoint\",\"urlTemplate\":\"https:\/\/www.suno.com.br\/noticias\/?s={search_term_string}\"},\"query-input\":{\"@type\":\"PropertyValueSpecification\",\"valueRequired\":true,\"valueName\":\"search_term_string\"}}],\"inLanguage\":\"pt-BR\"},{\"@type\":\"Organization\",\"@id\":\"https:\/\/www.suno.com.br\/noticias\/#organization\",\"name\":\"Suno Not\u00edcias\",\"url\":\"https:\/\/www.suno.com.br\/noticias\/\",\"logo\":{\"@type\":\"ImageObject\",\"inLanguage\":\"pt-BR\",\"@id\":\"https:\/\/www.suno.com.br\/noticias\/#\/schema\/logo\/image\/\",\"url\":\"https:\/\/files.sunoresearch.com.br\/n\/uploads\/2021\/09\/suno-logo.png\",\"contentUrl\":\"https:\/\/files.sunoresearch.com.br\/n\/uploads\/2021\/09\/suno-logo.png\",\"width\":180,\"height\":180,\"caption\":\"Suno Not\u00edcias\"},\"image\":{\"@id\":\"https:\/\/www.suno.com.br\/noticias\/#\/schema\/logo\/image\/\"},\"sameAs\":[\"https:\/\/facebook.com\/sunoresearch\",\"https:\/\/x.com\/sunoresearch\",\"https:\/\/www.instagram.com\/suno\",\"https:\/\/www.linkedin.com\/company\/suno-research\/\",\"https:\/\/www.youtube.com\/c\/sunoresearch\"]},{\"@type\":\"Person\",\"@id\":\"https:\/\/www.suno.com.br\/noticias\/#\/schema\/person\/a5b06fa4e879d8e8e119c6ed3cd630d1\",\"name\":\"Amanda Gushiken\",\"image\":{\"@type\":\"ImageObject\",\"inLanguage\":\"pt-BR\",\"@id\":\"https:\/\/www.suno.com.br\/noticias\/#\/schema\/person\/image\/\",\"url\":\"https:\/\/secure.gravatar.com\/avatar\/ecd84705e6b65e3685ae80d725501fbe?s=96&r=g\",\"contentUrl\":\"https:\/\/secure.gravatar.com\/avatar\/ecd84705e6b65e3685ae80d725501fbe?s=96&r=g\",\"caption\":\"Amanda Gushiken\"},\"description\":\"Amanda Sayuri Gushiken escreve sobre finan\u00e7as e neg\u00f3cios para o portal Suno Not\u00edcias. Antes, trabalhou selecionando not\u00edcias da imprensa para clientes do mercado financeiro. Tamb\u00e9m desenvolveu pesquisa acad\u00eamica pela Universidade Anhembi Morumbi na \u00e1rea de Teorias da Comunica\u00e7\u00e3o e \u00e9 fot\u00f3grafa nas horas vagas.\",\"url\":\"https:\/\/www.suno.com.br\/noticias\/author\/amanda\/\"}]}<\/script>\n<!-- \/ Yoast SEO plugin. -->","yoast_head_json":{"title":"Banco do Brasil assina terceiro aditivo a contratos de cr\u00e9dito rural","description":"O Banco do Brasil assinou no \u00faltimo dia 31 o terceiro aditivo a contrato de cr\u00e9dito rural com a Uni\u00e3o. Clique para saber mais.","robots":{"index":"index","follow":"follow","max-snippet":"max-snippet:-1","max-image-preview":"max-image-preview:large","max-video-preview":"max-video-preview:-1"},"canonical":"https:\/\/www.suno.com.br\/noticias\/banco-brasil-credito-rural\/","og_locale":"pt_BR","og_type":"article","og_title":"Banco do Brasil assina terceiro aditivo a contratos de cr\u00e9dito rural","og_description":"O Banco do Brasil assinou no \u00faltimo dia 31 o terceiro aditivo a contrato de cr\u00e9dito rural com a Uni\u00e3o. Clique para saber mais.","og_url":"https:\/\/www.suno.com.br\/noticias\/banco-brasil-credito-rural\/","og_site_name":"Suno Not\u00edcias","article_publisher":"https:\/\/facebook.com\/sunoresearch","og_image":[{"width":1024,"height":768,"url":"https:\/\/files.sunoresearch.com.br\/n\/uploads\/2019\/01\/f63747f5-banco-do-brasil-1024x768.jpg","type":"image\/jpeg"}],"author":"Amanda Gushiken","twitter_card":"summary_large_image","twitter_creator":"@sunoresearch","twitter_site":"@sunoresearch","twitter_misc":{"Escrito por":"Amanda Gushiken","Est. tempo de leitura":"2 minutos"},"schema":{"@context":"https:\/\/schema.org","@graph":[{"@type":"NewsArticle","@id":"https:\/\/www.suno.com.br\/noticias\/banco-brasil-credito-rural\/#article","isPartOf":{"@id":"https:\/\/www.suno.com.br\/noticias\/banco-brasil-credito-rural\/"},"author":{"name":"Amanda Gushiken","@id":"https:\/\/www.suno.com.br\/noticias\/#\/schema\/person\/a5b06fa4e879d8e8e119c6ed3cd630d1"},"headline":"Banco do Brasil assina terceiro aditivo a contratos de cr\u00e9dito rural","datePublished":"2019-01-02T13:25:32+00:00","dateModified":"2019-01-02T13:29:52+00:00","mainEntityOfPage":{"@id":"https:\/\/www.suno.com.br\/noticias\/banco-brasil-credito-rural\/"},"wordCount":329,"publisher":{"@id":"https:\/\/www.suno.com.br\/noticias\/#organization"},"image":{"@id":"https:\/\/www.suno.com.br\/noticias\/banco-brasil-credito-rural\/#primaryimage"},"thumbnailUrl":"https:\/\/files.sunoresearch.com.br\/n\/uploads\/2019\/01\/f63747f5-banco-do-brasil-scaled.webp","keywords":["Banco do Brasil (BBAS3)"],"articleSection":["Neg\u00f3cios"],"inLanguage":"pt-BR"},{"@type":"WebPage","@id":"https:\/\/www.suno.com.br\/noticias\/banco-brasil-credito-rural\/","url":"https:\/\/www.suno.com.br\/noticias\/banco-brasil-credito-rural\/","name":"Banco do Brasil assina terceiro aditivo a contratos de cr\u00e9dito rural","isPartOf":{"@id":"https:\/\/www.suno.com.br\/noticias\/#website"},"primaryImageOfPage":{"@id":"https:\/\/www.suno.com.br\/noticias\/banco-brasil-credito-rural\/#primaryimage"},"image":{"@id":"https:\/\/www.suno.com.br\/noticias\/banco-brasil-credito-rural\/#primaryimage"},"thumbnailUrl":"https:\/\/files.sunoresearch.com.br\/n\/uploads\/2019\/01\/f63747f5-banco-do-brasil-scaled.webp","datePublished":"2019-01-02T13:25:32+00:00","dateModified":"2019-01-02T13:29:52+00:00","description":"O Banco do Brasil assinou no \u00faltimo dia 31 o terceiro aditivo a contrato de cr\u00e9dito rural com a Uni\u00e3o. Clique para saber mais.","breadcrumb":{"@id":"https:\/\/www.suno.com.br\/noticias\/banco-brasil-credito-rural\/#breadcrumb"},"inLanguage":"pt-BR","potentialAction":[{"@type":"ReadAction","target":["https:\/\/www.suno.com.br\/noticias\/banco-brasil-credito-rural\/"]}]},{"@type":"ImageObject","inLanguage":"pt-BR","@id":"https:\/\/www.suno.com.br\/noticias\/banco-brasil-credito-rural\/#primaryimage","url":"https:\/\/files.sunoresearch.com.br\/n\/uploads\/2019\/01\/f63747f5-banco-do-brasil-scaled.webp","contentUrl":"https:\/\/files.sunoresearch.com.br\/n\/uploads\/2019\/01\/f63747f5-banco-do-brasil-scaled.webp","width":2560,"height":1920,"caption":"Banco do Brasil registra lucro l\u00edquido de R$ 5,6 bilh\u00f5es no 4T19"},{"@type":"BreadcrumbList","@id":"https:\/\/www.suno.com.br\/noticias\/banco-brasil-credito-rural\/#breadcrumb","itemListElement":[{"@type":"ListItem","position":1,"name":"Not\u00edcias","item":"https:\/\/www.suno.com.br\/noticias\/"},{"@type":"ListItem","position":2,"name":"Neg\u00f3cios","item":"https:\/\/www.suno.com.br\/noticias\/negocios\/"},{"@type":"ListItem","position":3,"name":"Banco do Brasil assina terceiro aditivo a contratos de cr\u00e9dito rural"}]},{"@type":"WebSite","@id":"https:\/\/www.suno.com.br\/noticias\/#website","url":"https:\/\/www.suno.com.br\/noticias\/","name":"Suno Not\u00edcias","description":"Seu portal de informa\u00e7\u00e3o sobre o mundo dos investimentos","publisher":{"@id":"https:\/\/www.suno.com.br\/noticias\/#organization"},"potentialAction":[{"@type":"SearchAction","target":{"@type":"EntryPoint","urlTemplate":"https:\/\/www.suno.com.br\/noticias\/?s={search_term_string}"},"query-input":{"@type":"PropertyValueSpecification","valueRequired":true,"valueName":"search_term_string"}}],"inLanguage":"pt-BR"},{"@type":"Organization","@id":"https:\/\/www.suno.com.br\/noticias\/#organization","name":"Suno Not\u00edcias","url":"https:\/\/www.suno.com.br\/noticias\/","logo":{"@type":"ImageObject","inLanguage":"pt-BR","@id":"https:\/\/www.suno.com.br\/noticias\/#\/schema\/logo\/image\/","url":"https:\/\/files.sunoresearch.com.br\/n\/uploads\/2021\/09\/suno-logo.png","contentUrl":"https:\/\/files.sunoresearch.com.br\/n\/uploads\/2021\/09\/suno-logo.png","width":180,"height":180,"caption":"Suno Not\u00edcias"},"image":{"@id":"https:\/\/www.suno.com.br\/noticias\/#\/schema\/logo\/image\/"},"sameAs":["https:\/\/facebook.com\/sunoresearch","https:\/\/x.com\/sunoresearch","https:\/\/www.instagram.com\/suno","https:\/\/www.linkedin.com\/company\/suno-research\/","https:\/\/www.youtube.com\/c\/sunoresearch"]},{"@type":"Person","@id":"https:\/\/www.suno.com.br\/noticias\/#\/schema\/person\/a5b06fa4e879d8e8e119c6ed3cd630d1","name":"Amanda Gushiken","image":{"@type":"ImageObject","inLanguage":"pt-BR","@id":"https:\/\/www.suno.com.br\/noticias\/#\/schema\/person\/image\/","url":"https:\/\/secure.gravatar.com\/avatar\/ecd84705e6b65e3685ae80d725501fbe?s=96&r=g","contentUrl":"https:\/\/secure.gravatar.com\/avatar\/ecd84705e6b65e3685ae80d725501fbe?s=96&r=g","caption":"Amanda Gushiken"},"description":"Amanda Sayuri Gushiken escreve sobre finan\u00e7as e neg\u00f3cios para o portal Suno Not\u00edcias. Antes, trabalhou selecionando not\u00edcias da imprensa para clientes do mercado financeiro. Tamb\u00e9m desenvolveu pesquisa acad\u00eamica pela Universidade Anhembi Morumbi na \u00e1rea de Teorias da Comunica\u00e7\u00e3o e \u00e9 fot\u00f3grafa nas horas vagas.","url":"https:\/\/www.suno.com.br\/noticias\/author\/amanda\/"}]}},"default_loop_html":"<div class=\"cardsPage__listCard__boxs\"><div class=\"cardsPage__listCard__boxs__img\"><a href=\"https:\/\/www.suno.com.br\/noticias\/banco-brasil-credito-rural\/\"><img class=\"mask\" src=\"https:\/\/www.suno.com.br\/noticias\/wp-content\/themes\/suno\/resources\/images\/spotlight\/spotlight1img\/bg-mask.png\" alt=\"Image Mask\"\/><img src=\"https:\/\/files.sunoresearch.com.br\/n\/uploads\/2019\/01\/f63747f5-banco-do-brasil-400x200.webp\" alt=\"Banco do Brasil assina terceiro aditivo a contratos de cr\u00e9dito rural\"\/><\/a><span class=\"spotlightCategory\"><a href=\"https:\/\/www.suno.com.br\/noticias\/negocios\/\">Neg\u00f3cios<\/a><\/span><\/div><div class=\"cardsPage__listCard__boxs__content\"><a href=\"https:\/\/www.suno.com.br\/noticias\/banco-brasil-credito-rural\/\"><h2 class=\"content__title\">Banco do Brasil assina terceiro aditivo a contratos de cr\u00e9dito rural<\/h2><\/a><div class=\"newsContent__article__meta\"><div class=\"newsContent__article__meta__authorBox\"><a href=\"https:\/\/www.suno.com.br\/noticias\/author\/amanda\/\" class=\"authorBox__avatar noMobi\"><img src=\"https:\/\/files.sunoresearch.com.br\/n\/uploads\/2018\/11\/c6ad30be-amanda-150x150.webp\" alt=\"Amanda Gushiken\"><\/a><div class=\"authorBox__name\"><span>por\n\t\t\t<a href=\"https:\/\/www.suno.com.br\/noticias\/author\/amanda\/\"><span itemprop=\"author\">Amanda Gushiken<\/span><\/a><\/span><time datetime=\"2019-01-02T11:25:32-02:00\" itemprop=\"datePublished\">02\/01\/2019 11:25<\/time><\/div><\/div><\/div><\/div><\/div>","single_layout":"posts","amp_enabled":true,"_links":{"self":[{"href":"https:\/\/www.suno.com.br\/noticias\/wp-json\/wp\/v2\/posts\/10096"}],"collection":[{"href":"https:\/\/www.suno.com.br\/noticias\/wp-json\/wp\/v2\/posts"}],"about":[{"href":"https:\/\/www.suno.com.br\/noticias\/wp-json\/wp\/v2\/types\/post"}],"author":[{"embeddable":true,"href":"https:\/\/www.suno.com.br\/noticias\/wp-json\/wp\/v2\/users\/12"}],"replies":[{"embeddable":true,"href":"https:\/\/www.suno.com.br\/noticias\/wp-json\/wp\/v2\/comments?post=10096"}],"version-history":[{"count":0,"href":"https:\/\/www.suno.com.br\/noticias\/wp-json\/wp\/v2\/posts\/10096\/revisions"}],"wp:featuredmedia":[{"embeddable":true,"href":"https:\/\/www.suno.com.br\/noticias\/wp-json\/wp\/v2\/media\/10097"}],"wp:attachment":[{"href":"https:\/\/www.suno.com.br\/noticias\/wp-json\/wp\/v2\/media?parent=10096"}],"wp:term":[{"taxonomy":"category","embeddable":true,"href":"https:\/\/www.suno.com.br\/noticias\/wp-json\/wp\/v2\/categories?post=10096"},{"taxonomy":"post_tag","embeddable":true,"href":"https:\/\/www.suno.com.br\/noticias\/wp-json\/wp\/v2\/tags?post=10096"},{"taxonomy":"suno_strategy","embeddable":true,"href":"https:\/\/www.suno.com.br\/noticias\/wp-json\/wp\/v2\/suno_strategy?post=10096"}],"curies":[{"name":"wp","href":"https:\/\/api.w.org\/{rel}","templated":true}]}}