{"id":100876,"date":"2020-11-17T09:48:09","date_gmt":"2020-11-17T12:48:09","guid":{"rendered":"https:\/\/www.suno.com.br\/noticias\/?p=100876"},"modified":"2020-11-17T11:30:18","modified_gmt":"2020-11-17T14:30:18","slug":"petrobras-petr4-fase-nao-vinculante-albacora-albacora-leste","status":"publish","type":"post","link":"https:\/\/www.suno.com.br\/noticias\/petrobras-petr4-fase-nao-vinculante-albacora-albacora-leste\/","title":{"rendered":"Petrobras (PETR4) inicia fase n\u00e3o-vinculante de Albacora e Albacora Leste"},"content":{"rendered":"<p>A <a href=\"https:\/\/www.suno.com.br\/acoes\/petr4\/\"><strong>Petrobras<\/strong> (PETR4)<\/a> informou, na manh\u00e3 desta ter\u00e7a-feira (17), que deu in\u00edcio \u00e0 fase n\u00e3o-vinculante referente \u00e0 venda da totalide de sua participa\u00e7\u00e3o nas concess\u00f5es de Albacora e Albacora Leste. A informa\u00e7\u00e3o foi revelada por meio de um comunicado ao mercado.<\/p>\t<div class=\"wrapper-featured-image\">\n\t\t<figure class=\"spotlightImg\">\n\n\t\t\t<picture>\n\t\t\t\t<source media=\"(max-width: 768px)\" srcset=\"https:\/\/files.sunoresearch.com.br\/n\/uploads\/2020\/11\/5ab467ad-petrobras-argentina-800x450-2-400x200.webp\">\n\t\t\t\t<img loading=\"lazy\" decoding=\"async\" class=\"newsContent__article__imgCapa lazyloadDisabled \" src=\"https:\/\/files.sunoresearch.com.br\/n\/uploads\/2020\/11\/5ab467ad-petrobras-argentina-800x450-2-jpg.webp\" width=\"800\" height=\"450\" alt=\"Petrobras (PETR4) inicia fase n\u00e3o-vinculante de Albacora e Albacora Leste\" fetchpriority=high \/>\n\t\t\t<\/picture>\n\n\t\t\t<figcaption class=\"wp-caption-text wp-caption-text--show\">Petrobras: BTG Pactual eleva pre\u00e7o-alvo para R$ 34<\/figcaption>\n\t\t<\/figure>\n\t<\/div>\n\n\n<p><span style=\"font-weight: 400;\">\t<p>\n\t\t<a href=\"\" target=\"_blank\" data-element=\"shortcode-suno-banner\" title=\"Banner SUNO, clique e saiba mais\">\n\t\t\t<picture>\n\t\t\t\t<source media=\"(max-width: 500px)\" srcset=\"\">\n\t\t\t\t<img class=\"newsContent__article__imgCapa newsContent__article__imgCapa--banner\"\n\t\t\t\t\tsrc=\"\"\n\t\t\t\t\tdata-promo-id=\"97204\"\t\t\t\t\t\t\t\t\t\t\t\t\t\t\talt=\"\"\n\t\t\t\t>\n\t\t\t<\/picture>\n\t\t<\/a>\n\t<\/p>\n\n<\/span><\/p>\n<p>Os campos ficam est\u00e3o localizados em \u00e1guas profundas na <strong>Bacia de Campos<\/strong>. Segundo a Petrobras, os potenciais compradores habilitados para essa fase receber\u00e3o instru\u00e7\u00f5es sobre o processo de <strong>desinvestimento<\/strong>, &#8220;incluindo as orienta\u00e7\u00f5es para elabora\u00e7\u00e3o e envio das propostas n\u00e3o vinculantes&#8221;.<\/p>\n<p>O campo de <strong>Albacora<\/strong> contempla uma \u00e1rea de 455 quil\u00f4metros quadrados, em l\u00e2mina d&#8217;\u00e1gua que varia de 100 a 1.050 metros, ficando a cerca de 110 quil\u00f4metros do <strong>Cabo de S\u00e3o Tom\u00e9<\/strong>, no litoral norte do <strong>Rio de Janeiro<\/strong>. No m\u00eas passado, Albacora produziu em m\u00e9dia 36,4 mil barris de \u00f3leo por dia e 606 mil metros c\u00fabicos de g\u00e1s. A Petrobras \u00e9 operadora com 100% de participa\u00e7\u00e3o.<\/p>\n<p><span style=\"font-weight: 400;\"><a href=\"https:\/\/lp.suno.com.br\/suno-one\/\">Suno One: acesse gratuitamente eBooks, Minicursos, Artigos e Video Aulas sobre investimentos com um \u00fanico cadastro. Clique para saber mais!<\/a><\/span><\/p>\n<p>J\u00e1 o campo de <strong>Albacora Leste<\/strong> equivale a uma \u00e1rea de 511,56 quil\u00f4metros quadrados, com uma l\u00e2mina d&#8217;\u00e1gua que fica entre 1.000 e 2.150, a 120 quil\u00f4metros do Cabo de S\u00e3o Tom\u00e9. Em outubro, o campo produziu uma m\u00e9dia de 30 mil barris de \u00f3leo por dia, al\u00e9m de 703 mil metros c\u00fabicos de g\u00e1s. A <a href=\"https:\/\/www.suno.com.br\/artigos\/estatal-so-se-for-de-graca\/\">estatal controla o campo<\/a> com 90% de participa\u00e7\u00e3o, sendo que os demais 10% ficam com a Repsol Sinopec Brasil.<br \/>\n\t<p>\n\t\t<a href=\"\" target=\"_blank\" data-element=\"shortcode-suno-banner\" title=\"Banner SUNO, clique e saiba mais\">\n\t\t\t<picture>\n\t\t\t\t<source media=\"(max-width: 500px)\" srcset=\"\">\n\t\t\t\t<img class=\"newsContent__article__imgCapa newsContent__article__imgCapa--banner\"\n\t\t\t\t\tsrc=\"\"\n\t\t\t\t\tdata-promo-id=\"91326\"\t\t\t\t\t\t\t\t\t\t\t\t\t\t\talt=\"\"\n\t\t\t\t>\n\t\t\t<\/picture>\n\t\t<\/a>\n\t<\/p>\n\n<br \/>\nA Petrobras salientou que essa opera\u00e7\u00e3o est\u00e1 alinhada \u00e0 estrat\u00e9gia de otimiza\u00e7\u00e3o do portf\u00f3lio e \u00e0 melhoria de aloca\u00e7\u00e3o do capital da empresa, passando a concentrar cada vez mais os seus recursos em ativos de classe mundial, ou seja, &#8220;aqueles que sejam mais resilientes frente \u00e0s oscila\u00e7\u00f5es do <strong>pre\u00e7o do <a href=\"https:\/\/www.suno.com.br\/artigos\/cotacao-do-petroleo\/\">petr\u00f3leo<\/a><\/strong>, com menor risco e maior retorno financeiro&#8221;.<\/p>\n<p><span style=\"font-weight: 400;\">\u00a0<div class=\"hubspot-form-wrapper\">\n\t<div id=\"single-form-target\"><\/div>\n<\/div>\n<\/span><\/p>\n<h2>Petrobras inicia venda de participa\u00e7\u00e3o no Polo Marlim<\/h2>\n<p>A Petrobras\u00a0tamb\u00e9m deu in\u00edcio \u00e0 etapa de divulga\u00e7\u00e3o de oportunidade (<em>teaser<\/em>) referente \u00e0 venda de 50% de sua participa\u00e7\u00e3o nas concess\u00f5es de <strong>Marlim<\/strong>, <strong>Voador<\/strong>, <strong>Marlim Leste<\/strong> e <strong>Marlim Sul<\/strong>, chamadas de Polo Marlim. As opera\u00e7\u00f5es ficam em \u00e1guas profundas na Bacia de Campos.<\/p>\n<p><span style=\"font-weight: 400;\">\t<div data-element=\"shortcode-read-more\" class=\"knowMore\">\n\t\t\t\t<span class=\"knowMore__title\">Saiba mais<\/span>\n\t\t\t\t<a class=\"knowMore__link\" href=\"https:\/\/www.suno.com.br\/noticias\/petrobras-petr4-reduzir-custos-campo-buzios\/\">\n\t\t\tPetrobras (PETR4) quer reduzir custos com po\u00e7os do campo de B\u00fazios\t\t<\/a>\n\t<\/div>\n\n<\/span><\/p>\n<p>Segundo fato relevante divulgado pela empresa na \u00faltima segunda-feira (16), a <strong>Petrobras<\/strong> se manter\u00e1 como operadora dos campos. Os polos de Marlim e Voador ocupam uma \u00e1rea de 339,3 quil\u00f4metros quadrados. Marlim e Voador compartilham a infraestrutura de produ\u00e7\u00e3o e, entre janeiro e outubro de 2020, produziram em m\u00e9dia cerca de 68,9 mil barris de \u00f3leo por dia e 934 mil metros c\u00fabicos\/dia de g\u00e1s.<\/p>\n<p><span style=\"font-weight: 400;\">\t<p>\n\t\t<a href=\"https:\/\/lp.suno.com.br\/planilha-de-controle-de-investimentos\/\" target=\"_blank\" data-element=\"shortcode-suno-banner\" title=\"Banner SUNO, clique e saiba mais\">\n\t\t\t<picture>\n\t\t\t\t<source media=\"(max-width: 500px)\" srcset=\"https:\/\/files.sunoresearch.com.br\/n\/uploads\/2023\/03\/400x300-Controle-de-Investimentos.png\">\n\t\t\t\t<img class=\"newsContent__article__imgCapa newsContent__article__imgCapa--banner\"\n\t\t\t\t\tsrc=\"https:\/\/files.sunoresearch.com.br\/n\/uploads\/2023\/03\/1420x240-Controle-de-Investimentos.png\"\n\t\t\t\t\tdata-promo-id=\"75934\"\t\t\t\t\t\t\t\t\t\twidth='1420' height='240'\t\t\t\t\talt=\"https:\/\/files.sunoresearch.com.br\/n\/uploads\/2023\/03\/1420x240-Controle-de-Investimentos.png\"\n\t\t\t\t>\n\t\t\t<\/picture>\n\t\t<\/a>\n\t<\/p>\n\n<\/span><\/p>\n","protected":false},"excerpt":{"rendered":"<p>A Petrobras (PETR4) informou, na manh\u00e3 desta ter\u00e7a-feira (17), que deu in\u00edcio \u00e0 fase n\u00e3o-vinculante referente \u00e0 venda da totalide de sua participa\u00e7\u00e3o nas concess\u00f5es de Albacora e Albacora Leste. A informa\u00e7\u00e3o foi revelada por meio de um comunicado ao mercado. Petrobras: BTG Pactual eleva pre\u00e7o-alvo para R$ 34 Os campos ficam est\u00e3o localizados em [&hellip;]<\/p>\n","protected":false},"author":24,"featured_media":99422,"comment_status":"closed","ping_status":"closed","sticky":false,"template":"","format":"standard","meta":[],"categories":[64],"tags":[1834,595],"suno_strategy":[],"class_list":["post-100876","post","type-post","status-publish","format-standard","has-post-thumbnail","hentry","category-negocios","tag-desinvestimentos","tag-petrobras-petr4"],"yoast_head":"<!-- This site is optimized with the Yoast SEO plugin v24.4 - https:\/\/yoast.com\/wordpress\/plugins\/seo\/ -->\n<title>Petrobras (PETR4) inicia fase n\u00e3o-vinculante de Albacora e Albacora Leste<\/title>\n<meta name=\"description\" content=\"A Petrobras (PETR4) deu in\u00edcio \u00e0 fase n\u00e3o-vinculante da venda de sua participa\u00e7\u00e3o nas concess\u00f5es de Albacora e Albacora Leste. Saiba mais.\" \/>\n<meta name=\"robots\" content=\"index, follow, max-snippet:-1, max-image-preview:large, max-video-preview:-1\" \/>\n<link rel=\"canonical\" href=\"https:\/\/www.suno.com.br\/noticias\/petrobras-petr4-fase-nao-vinculante-albacora-albacora-leste\/\" \/>\n<meta property=\"og:locale\" content=\"pt_BR\" \/>\n<meta property=\"og:type\" content=\"article\" \/>\n<meta property=\"og:title\" content=\"Petrobras (PETR4) inicia fase n\u00e3o-vinculante de Albacora e Albacora Leste\" \/>\n<meta property=\"og:description\" content=\"A Petrobras (PETR4) deu in\u00edcio \u00e0 fase n\u00e3o-vinculante da venda de sua participa\u00e7\u00e3o nas concess\u00f5es de Albacora e Albacora Leste. Saiba mais.\" \/>\n<meta property=\"og:url\" content=\"https:\/\/www.suno.com.br\/noticias\/petrobras-petr4-fase-nao-vinculante-albacora-albacora-leste\/\" \/>\n<meta property=\"og:site_name\" content=\"Suno Not\u00edcias\" \/>\n<meta property=\"article:publisher\" content=\"https:\/\/facebook.com\/sunoresearch\" \/>\n<meta property=\"og:image\" content=\"https:\/\/files.sunoresearch.com.br\/n\/uploads\/2020\/11\/5ab467ad-petrobras-argentina-800x450-2.jpg\" \/>\n\t<meta property=\"og:image:width\" content=\"800\" \/>\n\t<meta property=\"og:image:height\" content=\"450\" \/>\n\t<meta property=\"og:image:type\" content=\"image\/jpeg\" \/>\n<meta name=\"author\" content=\"Jader Lazarini\" \/>\n<meta name=\"twitter:card\" content=\"summary_large_image\" \/>\n<meta name=\"twitter:creator\" content=\"@sunoresearch\" \/>\n<meta name=\"twitter:site\" content=\"@sunoresearch\" \/>\n<meta name=\"twitter:label1\" content=\"Escrito por\" \/>\n\t<meta name=\"twitter:data1\" content=\"Jader Lazarini\" \/>\n\t<meta name=\"twitter:label2\" content=\"Est. tempo de leitura\" \/>\n\t<meta name=\"twitter:data2\" content=\"2 minutos\" \/>\n<script type=\"application\/ld+json\" class=\"yoast-schema-graph\">{\"@context\":\"https:\/\/schema.org\",\"@graph\":[{\"@type\":\"NewsArticle\",\"@id\":\"https:\/\/www.suno.com.br\/noticias\/petrobras-petr4-fase-nao-vinculante-albacora-albacora-leste\/#article\",\"isPartOf\":{\"@id\":\"https:\/\/www.suno.com.br\/noticias\/petrobras-petr4-fase-nao-vinculante-albacora-albacora-leste\/\"},\"author\":{\"name\":\"Jader Lazarini\",\"@id\":\"https:\/\/www.suno.com.br\/noticias\/#\/schema\/person\/918d79de1f0281f01599b93f9ea6e23f\"},\"headline\":\"Petrobras (PETR4) inicia fase n\u00e3o-vinculante de Albacora e Albacora Leste\",\"datePublished\":\"2020-11-17T12:48:09+00:00\",\"dateModified\":\"2020-11-17T14:30:18+00:00\",\"mainEntityOfPage\":{\"@id\":\"https:\/\/www.suno.com.br\/noticias\/petrobras-petr4-fase-nao-vinculante-albacora-albacora-leste\/\"},\"wordCount\":483,\"publisher\":{\"@id\":\"https:\/\/www.suno.com.br\/noticias\/#organization\"},\"image\":{\"@id\":\"https:\/\/www.suno.com.br\/noticias\/petrobras-petr4-fase-nao-vinculante-albacora-albacora-leste\/#primaryimage\"},\"thumbnailUrl\":\"https:\/\/files.sunoresearch.com.br\/n\/uploads\/2020\/11\/5ab467ad-petrobras-argentina-800x450-2-jpg.webp\",\"keywords\":[\"desinvestimentos\",\"Petrobras (PETR4)\"],\"articleSection\":[\"Neg\u00f3cios\"],\"inLanguage\":\"pt-BR\"},{\"@type\":\"WebPage\",\"@id\":\"https:\/\/www.suno.com.br\/noticias\/petrobras-petr4-fase-nao-vinculante-albacora-albacora-leste\/\",\"url\":\"https:\/\/www.suno.com.br\/noticias\/petrobras-petr4-fase-nao-vinculante-albacora-albacora-leste\/\",\"name\":\"Petrobras (PETR4) inicia fase n\u00e3o-vinculante de Albacora e Albacora Leste\",\"isPartOf\":{\"@id\":\"https:\/\/www.suno.com.br\/noticias\/#website\"},\"primaryImageOfPage\":{\"@id\":\"https:\/\/www.suno.com.br\/noticias\/petrobras-petr4-fase-nao-vinculante-albacora-albacora-leste\/#primaryimage\"},\"image\":{\"@id\":\"https:\/\/www.suno.com.br\/noticias\/petrobras-petr4-fase-nao-vinculante-albacora-albacora-leste\/#primaryimage\"},\"thumbnailUrl\":\"https:\/\/files.sunoresearch.com.br\/n\/uploads\/2020\/11\/5ab467ad-petrobras-argentina-800x450-2-jpg.webp\",\"datePublished\":\"2020-11-17T12:48:09+00:00\",\"dateModified\":\"2020-11-17T14:30:18+00:00\",\"description\":\"A Petrobras (PETR4) deu in\u00edcio \u00e0 fase n\u00e3o-vinculante da venda de sua participa\u00e7\u00e3o nas concess\u00f5es de Albacora e Albacora Leste. Saiba mais.\",\"breadcrumb\":{\"@id\":\"https:\/\/www.suno.com.br\/noticias\/petrobras-petr4-fase-nao-vinculante-albacora-albacora-leste\/#breadcrumb\"},\"inLanguage\":\"pt-BR\",\"potentialAction\":[{\"@type\":\"ReadAction\",\"target\":[\"https:\/\/www.suno.com.br\/noticias\/petrobras-petr4-fase-nao-vinculante-albacora-albacora-leste\/\"]}]},{\"@type\":\"ImageObject\",\"inLanguage\":\"pt-BR\",\"@id\":\"https:\/\/www.suno.com.br\/noticias\/petrobras-petr4-fase-nao-vinculante-albacora-albacora-leste\/#primaryimage\",\"url\":\"https:\/\/files.sunoresearch.com.br\/n\/uploads\/2020\/11\/5ab467ad-petrobras-argentina-800x450-2-jpg.webp\",\"contentUrl\":\"https:\/\/files.sunoresearch.com.br\/n\/uploads\/2020\/11\/5ab467ad-petrobras-argentina-800x450-2-jpg.webp\",\"width\":800,\"height\":450,\"caption\":\"Petrobras: BTG Pactual eleva pre\u00e7o-alvo para R$ 34\"},{\"@type\":\"BreadcrumbList\",\"@id\":\"https:\/\/www.suno.com.br\/noticias\/petrobras-petr4-fase-nao-vinculante-albacora-albacora-leste\/#breadcrumb\",\"itemListElement\":[{\"@type\":\"ListItem\",\"position\":1,\"name\":\"Not\u00edcias\",\"item\":\"https:\/\/www.suno.com.br\/noticias\/\"},{\"@type\":\"ListItem\",\"position\":2,\"name\":\"Neg\u00f3cios\",\"item\":\"https:\/\/www.suno.com.br\/noticias\/negocios\/\"},{\"@type\":\"ListItem\",\"position\":3,\"name\":\"Petrobras (PETR4) inicia fase n\u00e3o-vinculante de Albacora e Albacora Leste\"}]},{\"@type\":\"WebSite\",\"@id\":\"https:\/\/www.suno.com.br\/noticias\/#website\",\"url\":\"https:\/\/www.suno.com.br\/noticias\/\",\"name\":\"Suno Not\u00edcias\",\"description\":\"Seu portal de informa\u00e7\u00e3o sobre o mundo dos investimentos\",\"publisher\":{\"@id\":\"https:\/\/www.suno.com.br\/noticias\/#organization\"},\"potentialAction\":[{\"@type\":\"SearchAction\",\"target\":{\"@type\":\"EntryPoint\",\"urlTemplate\":\"https:\/\/www.suno.com.br\/noticias\/?s={search_term_string}\"},\"query-input\":{\"@type\":\"PropertyValueSpecification\",\"valueRequired\":true,\"valueName\":\"search_term_string\"}}],\"inLanguage\":\"pt-BR\"},{\"@type\":\"Organization\",\"@id\":\"https:\/\/www.suno.com.br\/noticias\/#organization\",\"name\":\"Suno Not\u00edcias\",\"url\":\"https:\/\/www.suno.com.br\/noticias\/\",\"logo\":{\"@type\":\"ImageObject\",\"inLanguage\":\"pt-BR\",\"@id\":\"https:\/\/www.suno.com.br\/noticias\/#\/schema\/logo\/image\/\",\"url\":\"https:\/\/files.sunoresearch.com.br\/n\/uploads\/2021\/09\/suno-logo.png\",\"contentUrl\":\"https:\/\/files.sunoresearch.com.br\/n\/uploads\/2021\/09\/suno-logo.png\",\"width\":180,\"height\":180,\"caption\":\"Suno Not\u00edcias\"},\"image\":{\"@id\":\"https:\/\/www.suno.com.br\/noticias\/#\/schema\/logo\/image\/\"},\"sameAs\":[\"https:\/\/facebook.com\/sunoresearch\",\"https:\/\/x.com\/sunoresearch\",\"https:\/\/www.instagram.com\/suno\",\"https:\/\/www.linkedin.com\/company\/suno-research\/\",\"https:\/\/www.youtube.com\/c\/sunoresearch\"]},{\"@type\":\"Person\",\"@id\":\"https:\/\/www.suno.com.br\/noticias\/#\/schema\/person\/918d79de1f0281f01599b93f9ea6e23f\",\"name\":\"Jader Lazarini\",\"image\":{\"@type\":\"ImageObject\",\"inLanguage\":\"pt-BR\",\"@id\":\"https:\/\/www.suno.com.br\/noticias\/#\/schema\/person\/image\/\",\"url\":\"https:\/\/secure.gravatar.com\/avatar\/3c1ad8caa51589841baeb923fcddea97?s=96&r=g\",\"contentUrl\":\"https:\/\/secure.gravatar.com\/avatar\/3c1ad8caa51589841baeb923fcddea97?s=96&r=g\",\"caption\":\"Jader Lazarini\"},\"description\":\"Jader Lazarini escreve sobre investimentos, finan\u00e7as, economia e neg\u00f3cios. \u00c9 bacharel em Rela\u00e7\u00f5es Internacionais e analista CNPI (2619).\",\"url\":\"https:\/\/www.suno.com.br\/noticias\/author\/jader-lazarini\/\"}]}<\/script>\n<!-- \/ Yoast SEO plugin. -->","yoast_head_json":{"title":"Petrobras (PETR4) inicia fase n\u00e3o-vinculante de Albacora e Albacora Leste","description":"A Petrobras (PETR4) deu in\u00edcio \u00e0 fase n\u00e3o-vinculante da venda de sua participa\u00e7\u00e3o nas concess\u00f5es de Albacora e Albacora Leste. Saiba mais.","robots":{"index":"index","follow":"follow","max-snippet":"max-snippet:-1","max-image-preview":"max-image-preview:large","max-video-preview":"max-video-preview:-1"},"canonical":"https:\/\/www.suno.com.br\/noticias\/petrobras-petr4-fase-nao-vinculante-albacora-albacora-leste\/","og_locale":"pt_BR","og_type":"article","og_title":"Petrobras (PETR4) inicia fase n\u00e3o-vinculante de Albacora e Albacora Leste","og_description":"A Petrobras (PETR4) deu in\u00edcio \u00e0 fase n\u00e3o-vinculante da venda de sua participa\u00e7\u00e3o nas concess\u00f5es de Albacora e Albacora Leste. Saiba mais.","og_url":"https:\/\/www.suno.com.br\/noticias\/petrobras-petr4-fase-nao-vinculante-albacora-albacora-leste\/","og_site_name":"Suno Not\u00edcias","article_publisher":"https:\/\/facebook.com\/sunoresearch","og_image":[{"width":800,"height":450,"url":"https:\/\/files.sunoresearch.com.br\/n\/uploads\/2020\/11\/5ab467ad-petrobras-argentina-800x450-2.jpg","type":"image\/jpeg"}],"author":"Jader Lazarini","twitter_card":"summary_large_image","twitter_creator":"@sunoresearch","twitter_site":"@sunoresearch","twitter_misc":{"Escrito por":"Jader Lazarini","Est. tempo de leitura":"2 minutos"},"schema":{"@context":"https:\/\/schema.org","@graph":[{"@type":"NewsArticle","@id":"https:\/\/www.suno.com.br\/noticias\/petrobras-petr4-fase-nao-vinculante-albacora-albacora-leste\/#article","isPartOf":{"@id":"https:\/\/www.suno.com.br\/noticias\/petrobras-petr4-fase-nao-vinculante-albacora-albacora-leste\/"},"author":{"name":"Jader Lazarini","@id":"https:\/\/www.suno.com.br\/noticias\/#\/schema\/person\/918d79de1f0281f01599b93f9ea6e23f"},"headline":"Petrobras (PETR4) inicia fase n\u00e3o-vinculante de Albacora e Albacora Leste","datePublished":"2020-11-17T12:48:09+00:00","dateModified":"2020-11-17T14:30:18+00:00","mainEntityOfPage":{"@id":"https:\/\/www.suno.com.br\/noticias\/petrobras-petr4-fase-nao-vinculante-albacora-albacora-leste\/"},"wordCount":483,"publisher":{"@id":"https:\/\/www.suno.com.br\/noticias\/#organization"},"image":{"@id":"https:\/\/www.suno.com.br\/noticias\/petrobras-petr4-fase-nao-vinculante-albacora-albacora-leste\/#primaryimage"},"thumbnailUrl":"https:\/\/files.sunoresearch.com.br\/n\/uploads\/2020\/11\/5ab467ad-petrobras-argentina-800x450-2-jpg.webp","keywords":["desinvestimentos","Petrobras (PETR4)"],"articleSection":["Neg\u00f3cios"],"inLanguage":"pt-BR"},{"@type":"WebPage","@id":"https:\/\/www.suno.com.br\/noticias\/petrobras-petr4-fase-nao-vinculante-albacora-albacora-leste\/","url":"https:\/\/www.suno.com.br\/noticias\/petrobras-petr4-fase-nao-vinculante-albacora-albacora-leste\/","name":"Petrobras (PETR4) inicia fase n\u00e3o-vinculante de Albacora e Albacora Leste","isPartOf":{"@id":"https:\/\/www.suno.com.br\/noticias\/#website"},"primaryImageOfPage":{"@id":"https:\/\/www.suno.com.br\/noticias\/petrobras-petr4-fase-nao-vinculante-albacora-albacora-leste\/#primaryimage"},"image":{"@id":"https:\/\/www.suno.com.br\/noticias\/petrobras-petr4-fase-nao-vinculante-albacora-albacora-leste\/#primaryimage"},"thumbnailUrl":"https:\/\/files.sunoresearch.com.br\/n\/uploads\/2020\/11\/5ab467ad-petrobras-argentina-800x450-2-jpg.webp","datePublished":"2020-11-17T12:48:09+00:00","dateModified":"2020-11-17T14:30:18+00:00","description":"A Petrobras (PETR4) deu in\u00edcio \u00e0 fase n\u00e3o-vinculante da venda de sua participa\u00e7\u00e3o nas concess\u00f5es de Albacora e Albacora Leste. Saiba mais.","breadcrumb":{"@id":"https:\/\/www.suno.com.br\/noticias\/petrobras-petr4-fase-nao-vinculante-albacora-albacora-leste\/#breadcrumb"},"inLanguage":"pt-BR","potentialAction":[{"@type":"ReadAction","target":["https:\/\/www.suno.com.br\/noticias\/petrobras-petr4-fase-nao-vinculante-albacora-albacora-leste\/"]}]},{"@type":"ImageObject","inLanguage":"pt-BR","@id":"https:\/\/www.suno.com.br\/noticias\/petrobras-petr4-fase-nao-vinculante-albacora-albacora-leste\/#primaryimage","url":"https:\/\/files.sunoresearch.com.br\/n\/uploads\/2020\/11\/5ab467ad-petrobras-argentina-800x450-2-jpg.webp","contentUrl":"https:\/\/files.sunoresearch.com.br\/n\/uploads\/2020\/11\/5ab467ad-petrobras-argentina-800x450-2-jpg.webp","width":800,"height":450,"caption":"Petrobras: BTG Pactual eleva pre\u00e7o-alvo para R$ 34"},{"@type":"BreadcrumbList","@id":"https:\/\/www.suno.com.br\/noticias\/petrobras-petr4-fase-nao-vinculante-albacora-albacora-leste\/#breadcrumb","itemListElement":[{"@type":"ListItem","position":1,"name":"Not\u00edcias","item":"https:\/\/www.suno.com.br\/noticias\/"},{"@type":"ListItem","position":2,"name":"Neg\u00f3cios","item":"https:\/\/www.suno.com.br\/noticias\/negocios\/"},{"@type":"ListItem","position":3,"name":"Petrobras (PETR4) inicia fase n\u00e3o-vinculante de Albacora e Albacora Leste"}]},{"@type":"WebSite","@id":"https:\/\/www.suno.com.br\/noticias\/#website","url":"https:\/\/www.suno.com.br\/noticias\/","name":"Suno Not\u00edcias","description":"Seu portal de informa\u00e7\u00e3o sobre o mundo dos investimentos","publisher":{"@id":"https:\/\/www.suno.com.br\/noticias\/#organization"},"potentialAction":[{"@type":"SearchAction","target":{"@type":"EntryPoint","urlTemplate":"https:\/\/www.suno.com.br\/noticias\/?s={search_term_string}"},"query-input":{"@type":"PropertyValueSpecification","valueRequired":true,"valueName":"search_term_string"}}],"inLanguage":"pt-BR"},{"@type":"Organization","@id":"https:\/\/www.suno.com.br\/noticias\/#organization","name":"Suno Not\u00edcias","url":"https:\/\/www.suno.com.br\/noticias\/","logo":{"@type":"ImageObject","inLanguage":"pt-BR","@id":"https:\/\/www.suno.com.br\/noticias\/#\/schema\/logo\/image\/","url":"https:\/\/files.sunoresearch.com.br\/n\/uploads\/2021\/09\/suno-logo.png","contentUrl":"https:\/\/files.sunoresearch.com.br\/n\/uploads\/2021\/09\/suno-logo.png","width":180,"height":180,"caption":"Suno Not\u00edcias"},"image":{"@id":"https:\/\/www.suno.com.br\/noticias\/#\/schema\/logo\/image\/"},"sameAs":["https:\/\/facebook.com\/sunoresearch","https:\/\/x.com\/sunoresearch","https:\/\/www.instagram.com\/suno","https:\/\/www.linkedin.com\/company\/suno-research\/","https:\/\/www.youtube.com\/c\/sunoresearch"]},{"@type":"Person","@id":"https:\/\/www.suno.com.br\/noticias\/#\/schema\/person\/918d79de1f0281f01599b93f9ea6e23f","name":"Jader Lazarini","image":{"@type":"ImageObject","inLanguage":"pt-BR","@id":"https:\/\/www.suno.com.br\/noticias\/#\/schema\/person\/image\/","url":"https:\/\/secure.gravatar.com\/avatar\/3c1ad8caa51589841baeb923fcddea97?s=96&r=g","contentUrl":"https:\/\/secure.gravatar.com\/avatar\/3c1ad8caa51589841baeb923fcddea97?s=96&r=g","caption":"Jader Lazarini"},"description":"Jader Lazarini escreve sobre investimentos, finan\u00e7as, economia e neg\u00f3cios. \u00c9 bacharel em Rela\u00e7\u00f5es Internacionais e analista CNPI (2619).","url":"https:\/\/www.suno.com.br\/noticias\/author\/jader-lazarini\/"}]}},"default_loop_html":"<div class=\"cardsPage__listCard__boxs\"><div class=\"cardsPage__listCard__boxs__img\"><a href=\"https:\/\/www.suno.com.br\/noticias\/petrobras-petr4-fase-nao-vinculante-albacora-albacora-leste\/\"><img class=\"mask\" src=\"https:\/\/www.suno.com.br\/noticias\/wp-content\/themes\/suno\/resources\/images\/spotlight\/spotlight1img\/bg-mask.png\" alt=\"Image Mask\"\/><img src=\"https:\/\/files.sunoresearch.com.br\/n\/uploads\/2020\/11\/5ab467ad-petrobras-argentina-800x450-2-400x200.webp\" alt=\"Petrobras (PETR4) inicia fase n\u00e3o-vinculante de Albacora e Albacora Leste\"\/><\/a><span class=\"spotlightCategory\"><a href=\"https:\/\/www.suno.com.br\/noticias\/negocios\/\">Neg\u00f3cios<\/a><\/span><\/div><div class=\"cardsPage__listCard__boxs__content\"><a href=\"https:\/\/www.suno.com.br\/noticias\/petrobras-petr4-fase-nao-vinculante-albacora-albacora-leste\/\"><h2 class=\"content__title\">Petrobras (PETR4) inicia fase n\u00e3o-vinculante de Albacora e Albacora Leste<\/h2><\/a><div class=\"newsContent__article__meta\"><div class=\"newsContent__article__meta__authorBox\"><a href=\"https:\/\/www.suno.com.br\/noticias\/author\/jader-lazarini\/\" class=\"authorBox__avatar noMobi\"><img src=\"https:\/\/files.sunoresearch.com.br\/n\/uploads\/2021\/01\/178e6598-foto-perfil-2-150x150.jpg\" alt=\"Jader Lazarini\"><\/a><div class=\"authorBox__name\"><span>por\n\t\t\t<a href=\"https:\/\/www.suno.com.br\/noticias\/author\/jader-lazarini\/\"><span itemprop=\"author\">Jader Lazarini<\/span><\/a><\/span><time datetime=\"2020-11-17T09:48:09-03:00\" itemprop=\"datePublished\">17\/11\/2020 09:48<\/time><\/div><\/div><\/div><\/div><\/div>","single_layout":"posts","amp_enabled":true,"_links":{"self":[{"href":"https:\/\/www.suno.com.br\/noticias\/wp-json\/wp\/v2\/posts\/100876"}],"collection":[{"href":"https:\/\/www.suno.com.br\/noticias\/wp-json\/wp\/v2\/posts"}],"about":[{"href":"https:\/\/www.suno.com.br\/noticias\/wp-json\/wp\/v2\/types\/post"}],"author":[{"embeddable":true,"href":"https:\/\/www.suno.com.br\/noticias\/wp-json\/wp\/v2\/users\/24"}],"replies":[{"embeddable":true,"href":"https:\/\/www.suno.com.br\/noticias\/wp-json\/wp\/v2\/comments?post=100876"}],"version-history":[{"count":0,"href":"https:\/\/www.suno.com.br\/noticias\/wp-json\/wp\/v2\/posts\/100876\/revisions"}],"wp:featuredmedia":[{"embeddable":true,"href":"https:\/\/www.suno.com.br\/noticias\/wp-json\/wp\/v2\/media\/99422"}],"wp:attachment":[{"href":"https:\/\/www.suno.com.br\/noticias\/wp-json\/wp\/v2\/media?parent=100876"}],"wp:term":[{"taxonomy":"category","embeddable":true,"href":"https:\/\/www.suno.com.br\/noticias\/wp-json\/wp\/v2\/categories?post=100876"},{"taxonomy":"post_tag","embeddable":true,"href":"https:\/\/www.suno.com.br\/noticias\/wp-json\/wp\/v2\/tags?post=100876"},{"taxonomy":"suno_strategy","embeddable":true,"href":"https:\/\/www.suno.com.br\/noticias\/wp-json\/wp\/v2\/suno_strategy?post=100876"}],"curies":[{"name":"wp","href":"https:\/\/api.w.org\/{rel}","templated":true}]}}