{"id":100854,"date":"2020-11-17T08:35:01","date_gmt":"2020-11-17T11:35:01","guid":{"rendered":"https:\/\/www.suno.com.br\/noticias\/?p=100854"},"modified":"2021-05-29T20:45:03","modified_gmt":"2021-05-29T23:45:03","slug":"destaques-de-empresas-azul-rede-d-or-qualicorp-azul","status":"publish","type":"post","link":"https:\/\/www.suno.com.br\/noticias\/destaques-de-empresas-azul-rede-d-or-qualicorp-azul\/","title":{"rendered":"Destaques de Empresas: Rede D&#8217;Or, Vale, Qualicorp e Azul"},"content":{"rendered":"<p>Nos <strong>destaques de empresas\u00a0<\/strong>desta ter\u00e7a-feira (17) est\u00e3o os balan\u00e7os trimestrais divulgados pela Enjoei, Qualicorp, Azul, Notre Dame Interm\u00e9dica, 3R Petroleum, Smart Fit e M\u00e9liuz.<\/p>\t<div class=\"wrapper-featured-image\">\n\t\t<figure class=\"spotlightImg\">\n\n\t\t\t<picture>\n\t\t\t\t<source media=\"(max-width: 768px)\" srcset=\"https:\/\/files.sunoresearch.com.br\/n\/uploads\/2020\/08\/fadcaa35-hospital-s\u00e3o-lucas_easy-resize.com_-400x200.webp\">\n\t\t\t\t<img loading=\"lazy\" decoding=\"async\" class=\"newsContent__article__imgCapa lazyloadDisabled \" src=\"https:\/\/files.sunoresearch.com.br\/n\/uploads\/2020\/08\/fadcaa35-hospital-s\u00e3o-lucas_easy-resize.com_-800x450.webp\" width=\"800\" height=\"450\" alt=\"Destaques de Empresas: Rede D&#8217;Or, Vale, Qualicorp e Azul\" fetchpriority=high \/>\n\t\t\t<\/picture>\n\n\t\t\t<figcaption class=\"wp-caption-text wp-caption-text--show\">Destaques de Empresas: Rede D&#039;Or, Vale, Qualicorp e Azul<\/figcaption>\n\t\t<\/figure>\n\t<\/div>\n\n\n<p><span style=\"font-weight: 400;\">\t<p>\n\t\t<a href=\"\" target=\"_blank\" data-element=\"shortcode-suno-banner\" title=\"Banner SUNO, clique e saiba mais\">\n\t\t\t<picture>\n\t\t\t\t<source media=\"(max-width: 500px)\" srcset=\"\">\n\t\t\t\t<img class=\"newsContent__article__imgCapa newsContent__article__imgCapa--banner\"\n\t\t\t\t\tsrc=\"\"\n\t\t\t\t\tdata-promo-id=\"97204\"\t\t\t\t\t\t\t\t\t\t\t\t\t\t\talt=\"\"\n\t\t\t\t>\n\t\t\t<\/picture>\n\t\t<\/a>\n\t<\/p>\n\n<\/span><\/p>\n<p>Ademais, companhias como Vale e Rede D&#8217;Or tamb\u00e9m est\u00e3o nos destaques de hoje.<\/p>\n<p>Confira os destaques de empresas:<\/p>\n<p><a href=\"https:\/\/lp.suno.com.br\/suno-one\/\">Suno One: acesse gratuitamente eBooks, Minicursos, Artigos e Video Aulas sobre investimentos com um \u00fanico cadastro. Clique para saber mais!<\/a><\/p>\n<h2>Azul<\/h2>\n<p>A<strong> Azul<\/strong> (<a href=\"https:\/\/www.suno.com.br\/acoes\/azul4\/#:~:text=SOBRE%20AZUL%20%2D%20AZUL4&amp;text=Sua%20atividade%20principal%20%C3%A9%20o,quase%20todos%20os%20estados%20brasileiros.&amp;text=Em%20Portugal%2C%20Argentina%20e%20Estados,para%20mais%20de%20um%20destino.\" target=\"_blank\" rel=\"noopener noreferrer\">AZUL4<\/a>) teve um preju\u00edzo de R$ 1,22 bilh\u00e3o no terceiro trimestre de 2020, aumento de 122,7% nas perdas em compara\u00e7\u00e3o com o mesmo per\u00edodo do ano passado. Ao mesmo tempo, a companhia melhorou hoje suas previs\u00f5es de oferta de voos at\u00e9 o final deste ano, quando deve chegar a 70%.<\/p>\n\t<div data-element=\"shortcode-read-more\" class=\"knowMore\">\n\t\t\t\t<span class=\"knowMore__title\">Saiba Mais<\/span>\n\t\t\t\t<a class=\"knowMore__link\" href=\"https:\/\/www.suno.com.br\/noticias\/azul-azul4-prejuizo\/\">\n\t\t\tAzul (AZUL4) tem preju\u00edzo de R$ 1,22 bilh\u00e3o mas melhora previs\u00f5es\t\t<\/a>\n\t<\/div>\n\n\n<p>O <a href=\"https:\/\/www.suno.com.br\/artigos\/ebitda\/\" target=\"_blank\" rel=\"noopener noreferrer\">Ebitda<\/a> (lucro antes de juros, impostos, amortiza\u00e7\u00e3o e deprecia\u00e7\u00e3o) da companhia a\u00e9rea foi de R$ 198,3 milh\u00f5es no terceiro trimestre, queda de 78,4% ante o mesmo intervalo de 2019. A <a href=\"https:\/\/www.suno.com.br\/artigos\/o-que-receita-liquida\/\" target=\"_blank\" rel=\"noopener noreferrer\">receita l\u00edquida<\/a> somou R$ 805,3 milh\u00f5es, queda de 73,4%, impactada pela redu\u00e7\u00e3o na demanda de passageiros devido \u00e0 pandemia da Covid.<\/p>\n<h2>Enjoei<\/h2>\n<p>O <a href=\"https:\/\/www.suno.com.br\/artigos\/marketplace\/\">marketplace<\/a> de venda de itens usados<a href=\"https:\/\/www.suno.com.br\/acoes\/\"> Enjoei (ENJU3)<\/a> registrou<a href=\"https:\/\/www.suno.com.br\/artigos\/prejuizos-acumulados\/\"> preju\u00edzo l\u00edquido<\/a> de R$ 8,147 milh\u00f5es no terceiro trimestre de 2020, ante perdas de R$ 1,697 milh\u00e3o no mesmo per\u00edodo de 2019.<\/p>\n\n<p>O Ebitda foi negativo em R$ 5,365 milh\u00f5es entre julho e setembro, ante resultado negativo de R$ 170 mil um ano antes. Segundo a companhia, h\u00e1 um grande volume de investimentos em <strong>marketing<\/strong>, e neste ano de 2020, houve um aumento de gastos com <strong>a m\u00eddia off-line<\/strong>, que em 9 meses somaram R$ 5,762 milh\u00f5es.<\/p>\n<h2>Notre Dame Interm\u00e9dica<\/h2>\n<p>A <a href=\"https:\/\/www.suno.com.br\/acoes\/gndi3\/\"><strong>Notre Dame Interm\u00e9dica<\/strong> (GNDI3)<\/a> reportou um <a href=\"https:\/\/www.suno.com.br\/artigos\/lucro-liquido\/\">lucro l\u00edquido<\/a> de <span class=\"\">R$ 196,8 milh\u00f5es referente ao exerc\u00edcio no terceiro trimestre de 2020, um salto de 97,4% em rela\u00e7\u00e3o ao mesmo per\u00edodo do ano passado, refletindo os esfor\u00e7os cont\u00ednuos &#8221; nos controles de custos&#8221;, de acordo com o grupo.<\/span><\/p>\n\t<div data-element=\"shortcode-read-more\" class=\"knowMore\">\n\t\t\t\t<span class=\"knowMore__title\">Saiba Mais<\/span>\n\t\t\t\t<a class=\"knowMore__link\" href=\"https:\/\/www.suno.com.br\/noticias\/notre-dame-intermedica-gndi3-quase-dobra-lucro-3t20\/\">\n\t\t\tNotre Dame Interm\u00e9dica (GNDI3) quase dobra lucro l\u00edquido do 3\u00ba trimestre\t\t<\/a>\n\t<\/div>\n\n\n<p>O Ebitda da Notre Dame Interm\u00e9dica saiu de R$ 278,4 milh\u00f5es, em setembro de 2019, para R$ 437,5 milh\u00f5es ao final do terceiro trimestre deste ano. O resultado foi impulsionado pelo crescimento da receita, da melhoria cont\u00ednua da Sinistralidade Caixa e da dilui\u00e7\u00e3o do G&amp;A Caixa, informou a companhia. A <a href=\"https:\/\/www.suno.com.br\/artigos\/margem-ebitda\/\">margem Ebitda<\/a> cresceu para 17,0%.<\/p>\n<h2>Qualicorp<\/h2>\n<p>A <strong>Qualicorp<\/strong> (<a href=\"https:\/\/www.suno.com.br\/acoes\/qual3\/\" target=\"_blank\" rel=\"noopener noreferrer\">QUAL3<\/a>) teve um lucro l\u00edquido de R$ 130,9 milh\u00f5es no terceiro trimestre de 2020, alta de 18,1% em rela\u00e7\u00e3o ao mesmo per\u00edodo do ano passado. De acordo com o release de resultados, a alta se deve ao melhor desempenho operacional e \u00e0 menor al\u00edquota efetiva de Imposto de Renda\/CSLL, que passou de 39% para 34%.<\/p>\n\t<div data-element=\"shortcode-read-more\" class=\"knowMore\">\n\t\t\t\t<span class=\"knowMore__title\">Saiba Mais<\/span>\n\t\t\t\t<a class=\"knowMore__link\" href=\"https:\/\/www.suno.com.br\/noticias\/qualicorp-qual3-resultado\/\">\n\t\t\tQualicorp (QUAL3) v\u00ea lucro subir 18% no 3T20 para R$ 130,9 milh\u00f5es\t\t<\/a>\n\t<\/div>\n\n\n<p>A empresa destacou que o terceiro trimestre foi &#8220;at\u00edpico&#8221; devido \u00e0 suspens\u00e3o do reajuste anual de pre\u00e7os, definida pela Ag\u00eancia Nacional de Sa\u00fade Suplementar (ANS) em agosto deste ano.<\/p>\n<h2>3R Petroleum<\/h2>\n<p>A rec\u00e9m chegada \u00e0 <a href=\"https:\/\/www.suno.com.br\/artigos\/b3\/\">Bolsa de Valores de S\u00e3o Paulo (B3)<\/a> <strong>3R Petroleum<\/strong> (RRRP3) registrou, na segunda-feira (16), um preju\u00edzo de R$ 50,4 milh\u00f5es auferido no terceiro trimestre deste ano. A companhia levantou R$ 690 milh\u00f5es com sua <a href=\"https:\/\/www.suno.com.br\/artigos\/ipo\/\">oferta p\u00fablica inicial de a\u00e7\u00f5es (IPO<\/a>, na sigla em ingl\u00eas), realizada na \u00faltima quinta-feira (12).<\/p>\n\t<div data-element=\"shortcode-read-more\" class=\"knowMore\">\n\t\t\t\t<span class=\"knowMore__title\">Saiba Mais<\/span>\n\t\t\t\t<a class=\"knowMore__link\" href=\"https:\/\/www.suno.com.br\/noticias\/3r-petroleum-prejuizo-3t20\/\">\n\t\t\t3R Petroleum (RRRP3) tem preju\u00edzo de R$ 50,4 milh\u00f5es no 3T20; a\u00e7\u00f5es sobem\t\t<\/a>\n\t<\/div>\n\n\n<p>De acordo com o balan\u00e7o da 3R Petroleum, o campo de Macau foi respons\u00e1vel por R$ 35 milh\u00f5es desse resultado, enquanto o campo de Pescada contribuiu com R$ 11,26 milh\u00f5es. O <a href=\"https:\/\/www.suno.com.br\/artigos\/ebitda\/\"><strong>Ebitda<\/strong> (lucro antes de juros, impostos, deprecia\u00e7\u00e3o e amortiza\u00e7\u00e3o)<\/a>, somado \u00e0s despesas de explora\u00e7\u00e3o com po\u00e7os secos ou subcomerciais, atingiu R$ 26,9 milh\u00f5es. O resultado ajustado ficou em R$ 49,9 milh\u00f5es, com margem ajustada de 61,1%.<\/p>\n<h2>Smart Fit<\/h2>\n<p>A maior rede de academias esportivas da Am\u00e9rica Latina,<strong><a href=\"https:\/\/www.suno.com.br\/acoes\/smft3\/\"> Smart Fit,<\/a><\/strong> registrou um <a href=\"https:\/\/www.suno.com.br\/artigos\/prejuizos-acumulados\/\">preju\u00edzo<\/a> de R$ 162,8 milh\u00f5es no terceiro trimestre deste ano. No mesmo per\u00edodo em 2019, o resultado operacional havia sido preju\u00edzo de R$ 6,9 milh\u00f5es.<\/p>\n\t<div data-element=\"shortcode-read-more\" class=\"knowMore\">\n\t\t\t\t<span class=\"knowMore__title\">Saiba Mais<\/span>\n\t\t\t\t<a class=\"knowMore__link\" href=\"https:\/\/www.suno.com.br\/noticias\/smart-fit-prejuizo-academia-162-milhoes-3t20\/\">\n\t\t\tSmart Fit tem preju\u00edzo de R$ 162,8 milh\u00f5es no 3T20\t\t<\/a>\n\t<\/div>\n\n\n<p>A <a href=\"https:\/\/www.suno.com.br\/artigos\/o-que-receita-liquida\/\">receita l\u00edquida<\/a> da rede de academias foi de R$ 200,3 milh\u00f5es, ante R$ 488,5 milh\u00f5es no per\u00edodo de julho a setembro do ano passado, equivalente a queda de 59%. O Ebitda ajustado da Smart Fit ficou negativo em R$ 24,6 milh\u00f5es, em compara\u00e7\u00e3o com o R$ 136,6 milh\u00f5es positivo em 2019, &#8220;impactado pelo fechamento das academias&#8221;, informou o documento.<\/p>\n<h2>M\u00e9liuz<\/h2>\n<p>A <a href=\"https:\/\/www.suno.com.br\/noticias\/ipo-da-meliuz-cash3\/\"><span class=\"js-about-item-abstr\">startup <\/span> rec\u00e9m chegada \u00e0 Bolsa, <strong>M\u00e9liuz<\/strong> (CASH3)<\/a>, divulgou ontem os resultados do terceiro trimestre deste ano, com um lucro l\u00edquido R$ 4,733 milh\u00f5es, ante um resultado de R$ 3,222 milh\u00f5es no mesmo per\u00edodo de 2019.<\/p>\n\t<div data-element=\"shortcode-read-more\" class=\"knowMore\">\n\t\t\t\t<span class=\"knowMore__title\">Saiba Mais<\/span>\n\t\t\t\t<a class=\"knowMore__link\" href=\"https:\/\/www.suno.com.br\/noticias\/meliuz-cash3-lucro-3t20\/\">\n\t\t\tStartup de cashback M\u00e9liuz (CASH3) registra lucro R$ 4,733 mi no 3T20\t\t<\/a>\n\t<\/div>\n\n\n<p>A receita l\u00edquida total da empresa atingiu R$ 25,644 milh\u00f5es no trimestre encerrado no \u00faltimo m\u00eas de setembro, o equivalente a um crescimento de 15% em rela\u00e7\u00e3o a igual intervalo do ano passado, quando a M\u00e9liuz havia registrado R$ 22,345 milh\u00f5es.<\/p>\n<h2>Rede D&#8217;Or define faixa indicativa de pre\u00e7o<\/h2>\n<p>O grupo hospitalar privado <strong>Rede D\u2019Or S\u00e3o Luiz<\/strong> (RDOR3) definiu ontem a faixa indicativa de pre\u00e7o de sua <a href=\"https:\/\/www.suno.com.br\/artigos\/ipo\/\">oferta p\u00fablica inicial de a\u00e7\u00f5es (IPO<\/a>, na sigla em ingl\u00eas) no intervalo entre R$ 48,91 e R$ 64,35.<\/p>\n\t<div data-element=\"shortcode-read-more\" class=\"knowMore\">\n\t\t\t\t<span class=\"knowMore__title\">Saiba Mais<\/span>\n\t\t\t\t<a class=\"knowMore__link\" href=\"https:\/\/www.suno.com.br\/noticias\/rede-dor-define-faixa-indicativa\/\">\n\t\t\tRede D\u2019Or define faixa indicativa de pre\u00e7o e pode levantar R$ 8,249 bi em IPO\t\t<\/a>\n\t<\/div>\n\n\n<p>Com isso, considerando a oferta base de a\u00e7\u00f5es, de 145.677.487 a\u00e7\u00f5es ordin\u00e1rias, e a mediana da faixa indicativa, de R$ 56,63, a opera\u00e7\u00e3o de abertura de capital da Rede D\u2019Or pode levantar R$ 8,249 bilh\u00f5es.<\/p>\n<h2>BNDES vende participa\u00e7\u00e3o na Vale<\/h2>\n<p>O <a href=\"https:\/\/www.suno.com.br\/artigos\/bndes\/\">Banco Nacional do Desenvolvimento (BNDES)<\/a> vendeu, na segunda-feira, uma participa\u00e7\u00e3o na <a href=\"https:\/\/www.suno.com.br\/acoes\/vale3\/\"><strong>Vale<\/strong> (VALE3)<\/a> que corresponde a R$ 2,5 bilh\u00f5es. O banco p\u00fablico possu\u00eda cerca de 3,7% da mineradora por meio do bra\u00e7o de investimento em participa\u00e7\u00f5es, o BNDESpar. Por volta das 16h30 (de Bras\u00edlia), as a\u00e7\u00f5es da Vale subiam 1,42%, a R$ 64,15.<\/p>\n\t<div data-element=\"shortcode-read-more\" class=\"knowMore\">\n\t\t\t\t<span class=\"knowMore__title\">Saiba Mais<\/span>\n\t\t\t\t<a class=\"knowMore__link\" href=\"https:\/\/www.suno.com.br\/noticias\/vale-vale3-bndes-vende-r-25-bilhoes-de-participacao-na-mineradora\/\">\n\t\t\tVale (VALE3): BNDES vende R$ 2,5 bilh\u00f5es de participa\u00e7\u00e3o na mineradora\t\t<\/a>\n\t<\/div>\n\n\n<p>A venda de uma parte da participa\u00e7\u00e3o do BNDES na Vale ocorre dias depois do fim do acordo de acionistas na mineradora, que mantinha a companhia sob controle de um grupo de grandes investidores institucionais -com o banco p\u00fablico entre eles. N\u00e3o h\u00e1 informa\u00e7\u00f5es sobre quem foi o comprador.<\/p>\n<p>Os<a href=\"https:\/\/www.youtube.com\/channel\/UCWDeEIDAIi_oYKDiqwfGyRg\"> <strong>destaques de empresas<\/strong><\/a> do<a href=\"https:\/\/www.suno.com.br\/noticias\/\"> Suno Not\u00edcias<\/a> mostram os principais acontecimentos que prometem movimentar o mercado durante o dia.<\/p>\n\t<p>\n\t\t<a href=\"https:\/\/lp.suno.com.br\/planilha-de-controle-de-investimentos\/\" target=\"_blank\" data-element=\"shortcode-suno-banner\" title=\"Banner SUNO, clique e saiba mais\">\n\t\t\t<picture>\n\t\t\t\t<source media=\"(max-width: 500px)\" srcset=\"https:\/\/files.sunoresearch.com.br\/n\/uploads\/2023\/03\/400x300-Controle-de-Investimentos.png\">\n\t\t\t\t<img class=\"newsContent__article__imgCapa newsContent__article__imgCapa--banner\"\n\t\t\t\t\tsrc=\"https:\/\/files.sunoresearch.com.br\/n\/uploads\/2023\/03\/1420x240-Controle-de-Investimentos.png\"\n\t\t\t\t\tdata-promo-id=\"75934\"\t\t\t\t\t\t\t\t\t\twidth='1420' height='240'\t\t\t\t\talt=\"https:\/\/files.sunoresearch.com.br\/n\/uploads\/2023\/03\/1420x240-Controle-de-Investimentos.png\"\n\t\t\t\t>\n\t\t\t<\/picture>\n\t\t<\/a>\n\t<\/p>\n\n\n","protected":false},"excerpt":{"rendered":"<p>Nos destaques de empresas\u00a0desta ter\u00e7a-feira (17) est\u00e3o os balan\u00e7os trimestrais divulgados pela Enjoei, Qualicorp, Azul, Notre Dame Interm\u00e9dica, 3R Petroleum, Smart Fit e M\u00e9liuz. Destaques de Empresas: Rede D&#039;Or, Vale, Qualicorp e Azul Ademais, companhias como Vale e Rede D&#8217;Or tamb\u00e9m est\u00e3o nos destaques de hoje. Confira os destaques de empresas: Suno One: acesse gratuitamente [&hellip;]<\/p>\n","protected":false},"author":15,"featured_media":80662,"comment_status":"closed","ping_status":"closed","sticky":false,"template":"","format":"standard","meta":[],"categories":[64],"tags":[106932,104831,104838,611,2312,676],"suno_strategy":[],"class_list":["post-100854","post","type-post","status-publish","format-standard","has-post-thumbnail","hentry","category-negocios","tag-azul-azul4","tag-destaques-de-empresas","tag-enjoei-enju3","tag-qualicorp-qual3","tag-rede-dor-rdor3","tag-vale-vale3"],"yoast_head":"<!-- This site is optimized with the Yoast SEO plugin v24.4 - https:\/\/yoast.com\/wordpress\/plugins\/seo\/ -->\n<title>Destaques de Empresas: Rede D&#039;Or, Vale, Qualicorp e Azul<\/title>\n<meta name=\"description\" content=\"Os destaques de empresas do Suno Not\u00edcias mostram os principais acontecimentos que prometem movimentar o mercado durante o dia. Clique aqui\" \/>\n<meta name=\"robots\" content=\"index, follow, max-snippet:-1, max-image-preview:large, max-video-preview:-1\" \/>\n<link rel=\"canonical\" href=\"https:\/\/www.suno.com.br\/noticias\/destaques-de-empresas-azul-rede-d-or-qualicorp-azul\/\" \/>\n<meta property=\"og:locale\" content=\"pt_BR\" \/>\n<meta property=\"og:type\" content=\"article\" \/>\n<meta property=\"og:title\" content=\"Destaques de Empresas: Rede D&#039;Or, Vale, Qualicorp e Azul\" \/>\n<meta property=\"og:description\" content=\"Os destaques de empresas do Suno Not\u00edcias mostram os principais acontecimentos que prometem movimentar o mercado durante o dia. Clique aqui\" \/>\n<meta property=\"og:url\" content=\"https:\/\/www.suno.com.br\/noticias\/destaques-de-empresas-azul-rede-d-or-qualicorp-azul\/\" \/>\n<meta property=\"og:site_name\" content=\"Suno Not\u00edcias\" \/>\n<meta property=\"article:publisher\" content=\"https:\/\/facebook.com\/sunoresearch\" \/>\n<meta property=\"og:image\" content=\"https:\/\/files.sunoresearch.com.br\/n\/uploads\/2020\/08\/fadcaa35-hospital-s\u00e3o-lucas_easy-resize.com_.jpg\" \/>\n\t<meta property=\"og:image:width\" content=\"1280\" \/>\n\t<meta property=\"og:image:height\" content=\"854\" \/>\n\t<meta property=\"og:image:type\" content=\"image\/jpeg\" \/>\n<meta name=\"author\" content=\"Poliana Santos\" \/>\n<meta name=\"twitter:card\" content=\"summary_large_image\" \/>\n<meta name=\"twitter:creator\" content=\"@sunoresearch\" \/>\n<meta name=\"twitter:site\" content=\"@sunoresearch\" \/>\n<meta name=\"twitter:label1\" content=\"Escrito por\" \/>\n\t<meta name=\"twitter:data1\" content=\"Poliana Santos\" \/>\n\t<meta name=\"twitter:label2\" content=\"Est. tempo de leitura\" \/>\n\t<meta name=\"twitter:data2\" content=\"5 minutos\" \/>\n<script type=\"application\/ld+json\" class=\"yoast-schema-graph\">{\"@context\":\"https:\/\/schema.org\",\"@graph\":[{\"@type\":\"NewsArticle\",\"@id\":\"https:\/\/www.suno.com.br\/noticias\/destaques-de-empresas-azul-rede-d-or-qualicorp-azul\/#article\",\"isPartOf\":{\"@id\":\"https:\/\/www.suno.com.br\/noticias\/destaques-de-empresas-azul-rede-d-or-qualicorp-azul\/\"},\"author\":{\"name\":\"Poliana Santos\",\"@id\":\"https:\/\/www.suno.com.br\/noticias\/#\/schema\/person\/02ec1f752758247878a2bf4abee1aeda\"},\"headline\":\"Destaques de Empresas: Rede D&#8217;Or, Vale, Qualicorp e Azul\",\"datePublished\":\"2020-11-17T11:35:01+00:00\",\"dateModified\":\"2021-05-29T23:45:03+00:00\",\"mainEntityOfPage\":{\"@id\":\"https:\/\/www.suno.com.br\/noticias\/destaques-de-empresas-azul-rede-d-or-qualicorp-azul\/\"},\"wordCount\":1089,\"publisher\":{\"@id\":\"https:\/\/www.suno.com.br\/noticias\/#organization\"},\"image\":{\"@id\":\"https:\/\/www.suno.com.br\/noticias\/destaques-de-empresas-azul-rede-d-or-qualicorp-azul\/#primaryimage\"},\"thumbnailUrl\":\"https:\/\/files.sunoresearch.com.br\/n\/uploads\/2020\/08\/fadcaa35-hospital-s\u00e3o-lucas_easy-resize.com_-jpg.webp\",\"keywords\":[\"Azul (AZUL4)\",\"destaques de empresas\",\"Enjoei (ENJU3)\",\"Qualicorp (QUAL3)\",\"Rede D'or (RDOR3)\",\"Vale (VALE3)\"],\"articleSection\":[\"Neg\u00f3cios\"],\"inLanguage\":\"pt-BR\"},{\"@type\":\"WebPage\",\"@id\":\"https:\/\/www.suno.com.br\/noticias\/destaques-de-empresas-azul-rede-d-or-qualicorp-azul\/\",\"url\":\"https:\/\/www.suno.com.br\/noticias\/destaques-de-empresas-azul-rede-d-or-qualicorp-azul\/\",\"name\":\"Destaques de Empresas: Rede D'Or, Vale, Qualicorp e Azul\",\"isPartOf\":{\"@id\":\"https:\/\/www.suno.com.br\/noticias\/#website\"},\"primaryImageOfPage\":{\"@id\":\"https:\/\/www.suno.com.br\/noticias\/destaques-de-empresas-azul-rede-d-or-qualicorp-azul\/#primaryimage\"},\"image\":{\"@id\":\"https:\/\/www.suno.com.br\/noticias\/destaques-de-empresas-azul-rede-d-or-qualicorp-azul\/#primaryimage\"},\"thumbnailUrl\":\"https:\/\/files.sunoresearch.com.br\/n\/uploads\/2020\/08\/fadcaa35-hospital-s\u00e3o-lucas_easy-resize.com_-jpg.webp\",\"datePublished\":\"2020-11-17T11:35:01+00:00\",\"dateModified\":\"2021-05-29T23:45:03+00:00\",\"description\":\"Os destaques de empresas do Suno Not\u00edcias mostram os principais acontecimentos que prometem movimentar o mercado durante o dia. Clique aqui\",\"breadcrumb\":{\"@id\":\"https:\/\/www.suno.com.br\/noticias\/destaques-de-empresas-azul-rede-d-or-qualicorp-azul\/#breadcrumb\"},\"inLanguage\":\"pt-BR\",\"potentialAction\":[{\"@type\":\"ReadAction\",\"target\":[\"https:\/\/www.suno.com.br\/noticias\/destaques-de-empresas-azul-rede-d-or-qualicorp-azul\/\"]}]},{\"@type\":\"ImageObject\",\"inLanguage\":\"pt-BR\",\"@id\":\"https:\/\/www.suno.com.br\/noticias\/destaques-de-empresas-azul-rede-d-or-qualicorp-azul\/#primaryimage\",\"url\":\"https:\/\/files.sunoresearch.com.br\/n\/uploads\/2020\/08\/fadcaa35-hospital-s\u00e3o-lucas_easy-resize.com_-jpg.webp\",\"contentUrl\":\"https:\/\/files.sunoresearch.com.br\/n\/uploads\/2020\/08\/fadcaa35-hospital-s\u00e3o-lucas_easy-resize.com_-jpg.webp\",\"width\":1280,\"height\":854,\"caption\":\"Destaques de Empresas: Rede D'Or, Vale, Qualicorp e Azul\"},{\"@type\":\"BreadcrumbList\",\"@id\":\"https:\/\/www.suno.com.br\/noticias\/destaques-de-empresas-azul-rede-d-or-qualicorp-azul\/#breadcrumb\",\"itemListElement\":[{\"@type\":\"ListItem\",\"position\":1,\"name\":\"Not\u00edcias\",\"item\":\"https:\/\/www.suno.com.br\/noticias\/\"},{\"@type\":\"ListItem\",\"position\":2,\"name\":\"Neg\u00f3cios\",\"item\":\"https:\/\/www.suno.com.br\/noticias\/negocios\/\"},{\"@type\":\"ListItem\",\"position\":3,\"name\":\"Destaques de Empresas: Rede D&#8217;Or, Vale, Qualicorp e Azul\"}]},{\"@type\":\"WebSite\",\"@id\":\"https:\/\/www.suno.com.br\/noticias\/#website\",\"url\":\"https:\/\/www.suno.com.br\/noticias\/\",\"name\":\"Suno Not\u00edcias\",\"description\":\"Seu portal de informa\u00e7\u00e3o sobre o mundo dos investimentos\",\"publisher\":{\"@id\":\"https:\/\/www.suno.com.br\/noticias\/#organization\"},\"potentialAction\":[{\"@type\":\"SearchAction\",\"target\":{\"@type\":\"EntryPoint\",\"urlTemplate\":\"https:\/\/www.suno.com.br\/noticias\/?s={search_term_string}\"},\"query-input\":{\"@type\":\"PropertyValueSpecification\",\"valueRequired\":true,\"valueName\":\"search_term_string\"}}],\"inLanguage\":\"pt-BR\"},{\"@type\":\"Organization\",\"@id\":\"https:\/\/www.suno.com.br\/noticias\/#organization\",\"name\":\"Suno Not\u00edcias\",\"url\":\"https:\/\/www.suno.com.br\/noticias\/\",\"logo\":{\"@type\":\"ImageObject\",\"inLanguage\":\"pt-BR\",\"@id\":\"https:\/\/www.suno.com.br\/noticias\/#\/schema\/logo\/image\/\",\"url\":\"https:\/\/files.sunoresearch.com.br\/n\/uploads\/2021\/09\/suno-logo.png\",\"contentUrl\":\"https:\/\/files.sunoresearch.com.br\/n\/uploads\/2021\/09\/suno-logo.png\",\"width\":180,\"height\":180,\"caption\":\"Suno Not\u00edcias\"},\"image\":{\"@id\":\"https:\/\/www.suno.com.br\/noticias\/#\/schema\/logo\/image\/\"},\"sameAs\":[\"https:\/\/facebook.com\/sunoresearch\",\"https:\/\/x.com\/sunoresearch\",\"https:\/\/www.instagram.com\/suno\",\"https:\/\/www.linkedin.com\/company\/suno-research\/\",\"https:\/\/www.youtube.com\/c\/sunoresearch\"]},{\"@type\":\"Person\",\"@id\":\"https:\/\/www.suno.com.br\/noticias\/#\/schema\/person\/02ec1f752758247878a2bf4abee1aeda\",\"name\":\"Poliana Santos\",\"image\":{\"@type\":\"ImageObject\",\"inLanguage\":\"pt-BR\",\"@id\":\"https:\/\/www.suno.com.br\/noticias\/#\/schema\/person\/image\/\",\"url\":\"https:\/\/secure.gravatar.com\/avatar\/0645bd32f23d87b2130f2b2dff1d3f8d?s=96&r=g\",\"contentUrl\":\"https:\/\/secure.gravatar.com\/avatar\/0645bd32f23d87b2130f2b2dff1d3f8d?s=96&r=g\",\"caption\":\"Poliana Santos\"},\"description\":\"Rep\u00f3rter no Suno Not\u00edcias, com cobertura em mercado financeiro, economia, finan\u00e7as pessoais, renda fixa e varejo. Jornalista formada pela Faculdade C\u00e1sper L\u00edbero e possui passagem na R\u00e1dio Gazeta AM com a produ\u00e7\u00e3o de conte\u00fado sobre economia, pol\u00edtica, sa\u00fade, moda e m\u00fasica. Possui certificado de conclus\u00e3o do curso de An\u00e1lise de Balan\u00e7os pela Funda\u00e7\u00e3o Bradesco, Agenda Brasil pela FAAP, Educa\u00e7\u00e3o Pol\u00edtica por Alexandre Garcia e do Tesouro Direto e Mercado de A\u00e7\u00f5es pela B3.\",\"url\":\"https:\/\/www.suno.com.br\/noticias\/author\/poliana-santos\/\"}]}<\/script>\n<!-- \/ Yoast SEO plugin. -->","yoast_head_json":{"title":"Destaques de Empresas: Rede D'Or, Vale, Qualicorp e Azul","description":"Os destaques de empresas do Suno Not\u00edcias mostram os principais acontecimentos que prometem movimentar o mercado durante o dia. Clique aqui","robots":{"index":"index","follow":"follow","max-snippet":"max-snippet:-1","max-image-preview":"max-image-preview:large","max-video-preview":"max-video-preview:-1"},"canonical":"https:\/\/www.suno.com.br\/noticias\/destaques-de-empresas-azul-rede-d-or-qualicorp-azul\/","og_locale":"pt_BR","og_type":"article","og_title":"Destaques de Empresas: Rede D'Or, Vale, Qualicorp e Azul","og_description":"Os destaques de empresas do Suno Not\u00edcias mostram os principais acontecimentos que prometem movimentar o mercado durante o dia. Clique aqui","og_url":"https:\/\/www.suno.com.br\/noticias\/destaques-de-empresas-azul-rede-d-or-qualicorp-azul\/","og_site_name":"Suno Not\u00edcias","article_publisher":"https:\/\/facebook.com\/sunoresearch","og_image":[{"width":1280,"height":854,"url":"https:\/\/files.sunoresearch.com.br\/n\/uploads\/2020\/08\/fadcaa35-hospital-s\u00e3o-lucas_easy-resize.com_.jpg","type":"image\/jpeg"}],"author":"Poliana Santos","twitter_card":"summary_large_image","twitter_creator":"@sunoresearch","twitter_site":"@sunoresearch","twitter_misc":{"Escrito por":"Poliana Santos","Est. tempo de leitura":"5 minutos"},"schema":{"@context":"https:\/\/schema.org","@graph":[{"@type":"NewsArticle","@id":"https:\/\/www.suno.com.br\/noticias\/destaques-de-empresas-azul-rede-d-or-qualicorp-azul\/#article","isPartOf":{"@id":"https:\/\/www.suno.com.br\/noticias\/destaques-de-empresas-azul-rede-d-or-qualicorp-azul\/"},"author":{"name":"Poliana Santos","@id":"https:\/\/www.suno.com.br\/noticias\/#\/schema\/person\/02ec1f752758247878a2bf4abee1aeda"},"headline":"Destaques de Empresas: Rede D&#8217;Or, Vale, Qualicorp e Azul","datePublished":"2020-11-17T11:35:01+00:00","dateModified":"2021-05-29T23:45:03+00:00","mainEntityOfPage":{"@id":"https:\/\/www.suno.com.br\/noticias\/destaques-de-empresas-azul-rede-d-or-qualicorp-azul\/"},"wordCount":1089,"publisher":{"@id":"https:\/\/www.suno.com.br\/noticias\/#organization"},"image":{"@id":"https:\/\/www.suno.com.br\/noticias\/destaques-de-empresas-azul-rede-d-or-qualicorp-azul\/#primaryimage"},"thumbnailUrl":"https:\/\/files.sunoresearch.com.br\/n\/uploads\/2020\/08\/fadcaa35-hospital-s\u00e3o-lucas_easy-resize.com_-jpg.webp","keywords":["Azul (AZUL4)","destaques de empresas","Enjoei (ENJU3)","Qualicorp (QUAL3)","Rede D'or (RDOR3)","Vale (VALE3)"],"articleSection":["Neg\u00f3cios"],"inLanguage":"pt-BR"},{"@type":"WebPage","@id":"https:\/\/www.suno.com.br\/noticias\/destaques-de-empresas-azul-rede-d-or-qualicorp-azul\/","url":"https:\/\/www.suno.com.br\/noticias\/destaques-de-empresas-azul-rede-d-or-qualicorp-azul\/","name":"Destaques de Empresas: Rede D'Or, Vale, Qualicorp e Azul","isPartOf":{"@id":"https:\/\/www.suno.com.br\/noticias\/#website"},"primaryImageOfPage":{"@id":"https:\/\/www.suno.com.br\/noticias\/destaques-de-empresas-azul-rede-d-or-qualicorp-azul\/#primaryimage"},"image":{"@id":"https:\/\/www.suno.com.br\/noticias\/destaques-de-empresas-azul-rede-d-or-qualicorp-azul\/#primaryimage"},"thumbnailUrl":"https:\/\/files.sunoresearch.com.br\/n\/uploads\/2020\/08\/fadcaa35-hospital-s\u00e3o-lucas_easy-resize.com_-jpg.webp","datePublished":"2020-11-17T11:35:01+00:00","dateModified":"2021-05-29T23:45:03+00:00","description":"Os destaques de empresas do Suno Not\u00edcias mostram os principais acontecimentos que prometem movimentar o mercado durante o dia. Clique aqui","breadcrumb":{"@id":"https:\/\/www.suno.com.br\/noticias\/destaques-de-empresas-azul-rede-d-or-qualicorp-azul\/#breadcrumb"},"inLanguage":"pt-BR","potentialAction":[{"@type":"ReadAction","target":["https:\/\/www.suno.com.br\/noticias\/destaques-de-empresas-azul-rede-d-or-qualicorp-azul\/"]}]},{"@type":"ImageObject","inLanguage":"pt-BR","@id":"https:\/\/www.suno.com.br\/noticias\/destaques-de-empresas-azul-rede-d-or-qualicorp-azul\/#primaryimage","url":"https:\/\/files.sunoresearch.com.br\/n\/uploads\/2020\/08\/fadcaa35-hospital-s\u00e3o-lucas_easy-resize.com_-jpg.webp","contentUrl":"https:\/\/files.sunoresearch.com.br\/n\/uploads\/2020\/08\/fadcaa35-hospital-s\u00e3o-lucas_easy-resize.com_-jpg.webp","width":1280,"height":854,"caption":"Destaques de Empresas: Rede D'Or, Vale, Qualicorp e Azul"},{"@type":"BreadcrumbList","@id":"https:\/\/www.suno.com.br\/noticias\/destaques-de-empresas-azul-rede-d-or-qualicorp-azul\/#breadcrumb","itemListElement":[{"@type":"ListItem","position":1,"name":"Not\u00edcias","item":"https:\/\/www.suno.com.br\/noticias\/"},{"@type":"ListItem","position":2,"name":"Neg\u00f3cios","item":"https:\/\/www.suno.com.br\/noticias\/negocios\/"},{"@type":"ListItem","position":3,"name":"Destaques de Empresas: Rede D&#8217;Or, Vale, Qualicorp e Azul"}]},{"@type":"WebSite","@id":"https:\/\/www.suno.com.br\/noticias\/#website","url":"https:\/\/www.suno.com.br\/noticias\/","name":"Suno Not\u00edcias","description":"Seu portal de informa\u00e7\u00e3o sobre o mundo dos investimentos","publisher":{"@id":"https:\/\/www.suno.com.br\/noticias\/#organization"},"potentialAction":[{"@type":"SearchAction","target":{"@type":"EntryPoint","urlTemplate":"https:\/\/www.suno.com.br\/noticias\/?s={search_term_string}"},"query-input":{"@type":"PropertyValueSpecification","valueRequired":true,"valueName":"search_term_string"}}],"inLanguage":"pt-BR"},{"@type":"Organization","@id":"https:\/\/www.suno.com.br\/noticias\/#organization","name":"Suno Not\u00edcias","url":"https:\/\/www.suno.com.br\/noticias\/","logo":{"@type":"ImageObject","inLanguage":"pt-BR","@id":"https:\/\/www.suno.com.br\/noticias\/#\/schema\/logo\/image\/","url":"https:\/\/files.sunoresearch.com.br\/n\/uploads\/2021\/09\/suno-logo.png","contentUrl":"https:\/\/files.sunoresearch.com.br\/n\/uploads\/2021\/09\/suno-logo.png","width":180,"height":180,"caption":"Suno Not\u00edcias"},"image":{"@id":"https:\/\/www.suno.com.br\/noticias\/#\/schema\/logo\/image\/"},"sameAs":["https:\/\/facebook.com\/sunoresearch","https:\/\/x.com\/sunoresearch","https:\/\/www.instagram.com\/suno","https:\/\/www.linkedin.com\/company\/suno-research\/","https:\/\/www.youtube.com\/c\/sunoresearch"]},{"@type":"Person","@id":"https:\/\/www.suno.com.br\/noticias\/#\/schema\/person\/02ec1f752758247878a2bf4abee1aeda","name":"Poliana Santos","image":{"@type":"ImageObject","inLanguage":"pt-BR","@id":"https:\/\/www.suno.com.br\/noticias\/#\/schema\/person\/image\/","url":"https:\/\/secure.gravatar.com\/avatar\/0645bd32f23d87b2130f2b2dff1d3f8d?s=96&r=g","contentUrl":"https:\/\/secure.gravatar.com\/avatar\/0645bd32f23d87b2130f2b2dff1d3f8d?s=96&r=g","caption":"Poliana Santos"},"description":"Rep\u00f3rter no Suno Not\u00edcias, com cobertura em mercado financeiro, economia, finan\u00e7as pessoais, renda fixa e varejo. Jornalista formada pela Faculdade C\u00e1sper L\u00edbero e possui passagem na R\u00e1dio Gazeta AM com a produ\u00e7\u00e3o de conte\u00fado sobre economia, pol\u00edtica, sa\u00fade, moda e m\u00fasica. Possui certificado de conclus\u00e3o do curso de An\u00e1lise de Balan\u00e7os pela Funda\u00e7\u00e3o Bradesco, Agenda Brasil pela FAAP, Educa\u00e7\u00e3o Pol\u00edtica por Alexandre Garcia e do Tesouro Direto e Mercado de A\u00e7\u00f5es pela B3.","url":"https:\/\/www.suno.com.br\/noticias\/author\/poliana-santos\/"}]}},"default_loop_html":"<div class=\"cardsPage__listCard__boxs\"><div class=\"cardsPage__listCard__boxs__img\"><a href=\"https:\/\/www.suno.com.br\/noticias\/destaques-de-empresas-azul-rede-d-or-qualicorp-azul\/\"><img class=\"mask\" src=\"https:\/\/www.suno.com.br\/noticias\/wp-content\/themes\/suno\/resources\/images\/spotlight\/spotlight1img\/bg-mask.png\" alt=\"Image Mask\"\/><img src=\"https:\/\/files.sunoresearch.com.br\/n\/uploads\/2020\/08\/fadcaa35-hospital-s\u00e3o-lucas_easy-resize.com_-400x200.webp\" alt=\"Destaques de Empresas: Rede D&#8217;Or, Vale, Qualicorp e Azul\"\/><\/a><span class=\"spotlightCategory\"><a href=\"https:\/\/www.suno.com.br\/noticias\/negocios\/\">Neg\u00f3cios<\/a><\/span><\/div><div class=\"cardsPage__listCard__boxs__content\"><a href=\"https:\/\/www.suno.com.br\/noticias\/destaques-de-empresas-azul-rede-d-or-qualicorp-azul\/\"><h2 class=\"content__title\">Destaques de Empresas: Rede D&#8217;Or, Vale, Qualicorp e Azul<\/h2><\/a><div class=\"newsContent__article__meta\"><div class=\"newsContent__article__meta__authorBox\"><a href=\"https:\/\/www.suno.com.br\/noticias\/author\/poliana-santos\/\" class=\"authorBox__avatar noMobi\"><img src=\"https:\/\/files.sunoresearch.com.br\/n\/uploads\/2020\/08\/7ef34026-whatsapp-image-2020-08-03-at-12.37.57-150x150.webp\" alt=\"Poliana Santos\"><\/a><div class=\"authorBox__name\"><span>por\n\t\t\t<a href=\"https:\/\/www.suno.com.br\/noticias\/author\/poliana-santos\/\"><span itemprop=\"author\">Poliana Santos<\/span><\/a><\/span><time datetime=\"2020-11-17T08:35:01-03:00\" itemprop=\"datePublished\">17\/11\/2020 08:35<\/time><\/div><\/div><\/div><\/div><\/div>","single_layout":"posts","amp_enabled":true,"_links":{"self":[{"href":"https:\/\/www.suno.com.br\/noticias\/wp-json\/wp\/v2\/posts\/100854"}],"collection":[{"href":"https:\/\/www.suno.com.br\/noticias\/wp-json\/wp\/v2\/posts"}],"about":[{"href":"https:\/\/www.suno.com.br\/noticias\/wp-json\/wp\/v2\/types\/post"}],"author":[{"embeddable":true,"href":"https:\/\/www.suno.com.br\/noticias\/wp-json\/wp\/v2\/users\/15"}],"replies":[{"embeddable":true,"href":"https:\/\/www.suno.com.br\/noticias\/wp-json\/wp\/v2\/comments?post=100854"}],"version-history":[{"count":1,"href":"https:\/\/www.suno.com.br\/noticias\/wp-json\/wp\/v2\/posts\/100854\/revisions"}],"predecessor-version":[{"id":152254,"href":"https:\/\/www.suno.com.br\/noticias\/wp-json\/wp\/v2\/posts\/100854\/revisions\/152254"}],"wp:featuredmedia":[{"embeddable":true,"href":"https:\/\/www.suno.com.br\/noticias\/wp-json\/wp\/v2\/media\/80662"}],"wp:attachment":[{"href":"https:\/\/www.suno.com.br\/noticias\/wp-json\/wp\/v2\/media?parent=100854"}],"wp:term":[{"taxonomy":"category","embeddable":true,"href":"https:\/\/www.suno.com.br\/noticias\/wp-json\/wp\/v2\/categories?post=100854"},{"taxonomy":"post_tag","embeddable":true,"href":"https:\/\/www.suno.com.br\/noticias\/wp-json\/wp\/v2\/tags?post=100854"},{"taxonomy":"suno_strategy","embeddable":true,"href":"https:\/\/www.suno.com.br\/noticias\/wp-json\/wp\/v2\/suno_strategy?post=100854"}],"curies":[{"name":"wp","href":"https:\/\/api.w.org\/{rel}","templated":true}]}}