{"id":100770,"date":"2020-11-16T20:28:43","date_gmt":"2020-11-16T23:28:43","guid":{"rendered":"https:\/\/www.suno.com.br\/noticias\/?p=100770"},"modified":"2020-11-16T21:39:24","modified_gmt":"2020-11-17T00:39:24","slug":"rede-dor-define-faixa-indicativa","status":"publish","type":"post","link":"https:\/\/www.suno.com.br\/noticias\/rede-dor-define-faixa-indicativa\/","title":{"rendered":"Rede D\u2019Or define faixa indicativa de pre\u00e7o e pode levantar R$ 8,249 bi em IPO"},"content":{"rendered":"<p>O grupo hospitalar privado <strong>Rede D\u2019Or S\u00e3o Luiz<\/strong> (RDOR3) definiu nesta segunda-feira (16) a faixa indicativa de pre\u00e7o de sua <a href=\"https:\/\/www.suno.com.br\/artigos\/ipo\/\">oferta p\u00fablica inicial de a\u00e7\u00f5es (IPO<\/a>, na sigla em ingl\u00eas) no intervalo entre R$ 48,91 e R$ 64,35.<\/p>\t<div class=\"wrapper-featured-image\">\n\t\t<figure class=\"spotlightImg\">\n\n\t\t\t<picture>\n\t\t\t\t<source media=\"(max-width: 768px)\" srcset=\"https:\/\/files.sunoresearch.com.br\/n\/uploads\/2020\/10\/db6a5fa2-rede-dor-apresenta-pedido-de-registro-para-abertura-de-capital-400x200.webp\">\n\t\t\t\t<img loading=\"lazy\" decoding=\"async\" class=\"newsContent__article__imgCapa lazyloadDisabled \" src=\"https:\/\/files.sunoresearch.com.br\/n\/uploads\/2020\/10\/db6a5fa2-rede-dor-apresenta-pedido-de-registro-para-abertura-de-capital-800x450.webp\" width=\"800\" height=\"450\" alt=\"Rede D\u2019Or define faixa indicativa de pre\u00e7o e pode levantar R$ 8,249 bi em IPO\" fetchpriority=high \/>\n\t\t\t<\/picture>\n\n\t\t\t<figcaption class=\"wp-caption-text wp-caption-text--show\">Rede D&#039;or (RDOR3). Foto: divulga\u00e7\u00e3o<\/figcaption>\n\t\t<\/figure>\n\t<\/div>\n\n\n\t<p>\n\t\t<a href=\"\" target=\"_blank\" data-element=\"shortcode-suno-banner\" title=\"Banner SUNO, clique e saiba mais\">\n\t\t\t<picture>\n\t\t\t\t<source media=\"(max-width: 500px)\" srcset=\"\">\n\t\t\t\t<img class=\"newsContent__article__imgCapa newsContent__article__imgCapa--banner\"\n\t\t\t\t\tsrc=\"\"\n\t\t\t\t\tdata-promo-id=\"97204\"\t\t\t\t\t\t\t\t\t\t\t\t\t\t\talt=\"\"\n\t\t\t\t>\n\t\t\t<\/picture>\n\t\t<\/a>\n\t<\/p>\n\n\n<p>Com isso, considerando a oferta base de a\u00e7\u00f5es, de 145.677.487 a\u00e7\u00f5es ordin\u00e1rias, e a mediana da faixa indicativa, de R$ 56,63, a opera\u00e7\u00e3o de abertura de capital da Rede D\u2019Or pode levantar R$ 8,249 bilh\u00f5es.<\/p>\n<p>Por outro lado, quando consideramos a possibilidade de negocia\u00e7\u00f5es dos lotes adicional, de at\u00e9 20%, ou 29.135.497 a\u00e7\u00f5es; e suplementar de at\u00e9 15%, ou 21.851.623; ainda de acordo com o meio da faixa indicativa, a oferta total subiria para R$ 11,137 bilh\u00f5es.<\/p>\n<p><a href=\"https:\/\/lp.suno.com.br\/suno-one\/\">Suno One: acesse gratuitamente eBooks, Minicursos, Artigos e Video Aulas sobre investimentos com um \u00fanico cadastro. Clique para saber mais!<\/a><\/p>\n<p>O grupo pretende destinar os recursos para a constru\u00e7\u00e3o de novos hospitais, expans\u00e3o das unidades existentes por meio de projetos greenfield e brownfield e aquisi\u00e7\u00e3o de novos ativos (hospitais, cl\u00ednicas oncol\u00f3gicas, corretoras de seguros de sa\u00fade, dentre outros).<\/p>\n<p>A opera\u00e7\u00e3o ser\u00e1 coordenada pelas seguintes institui\u00e7\u00f5es:<\/p>\n<ul>\n<li>Bank of America (Coordenador L\u00edder)<\/li>\n<li><a href=\"https:\/\/www.suno.com.br\/acoes\/bpac11\/\">BTG Pactual (BPAC11<\/a>, o Agente Estabilizador)<\/li>\n<li>J.P. Morgan<\/li>\n<li>Bradesco BBI<\/li>\n<li>XP<\/li>\n<li>BB Investimentos<\/li>\n<li>Citi<\/li>\n<li>Credit Suisse<\/li>\n<li>Safra<\/li>\n<li><a href=\"https:\/\/www.suno.com.br\/acoes\/sanb11\/\">Santander (SANB11)<\/a><\/li>\n<\/ul>\n<p>A oferta ser\u00e1 prim\u00e1ria, quando os recursos s\u00e3o destinados ao caixa da empresa, e secund\u00e1ria, aquela em que os acionistas atuais vendem parte de suas fatias no neg\u00f3cio. Se concretizada, a empresa ser\u00e1 listada no segmento <a href=\"https:\/\/www.suno.com.br\/artigos\/novo-mercado\/\"><strong>Novo Mercado<\/strong><\/a><strong>,<\/strong> o mais alto n\u00edvel de governan\u00e7a da <a href=\"https:\/\/www.suno.com.br\/artigos\/b3\/\"><strong>Bolsa de Valores de S\u00e3o Paulo (B3)<\/strong><\/a><strong>.<\/strong><\/p>\n<div class=\"hubspot-form-wrapper\">\n\t<div id=\"single-form-target\"><\/div>\n<\/div>\n\n<h2>Perfil e resultados da Rede D\u2019Or<\/h2>\n<p>O grupo hospitalar se coloca no prospecto preliminar como o operador da maior rede independente de <strong>hospitais privados<\/strong> do Brasil, que engloba, segundo dados de 30 de setembro de 2020, 51 hospitais pr\u00f3prios, um hospital sob administra\u00e7\u00e3o e 32 projetos de hospitais em desenvolvimento, licenciamento ou constru\u00e7\u00e3o, distribu\u00eddos nos estados do Rio de Janeiro, S\u00e3o Paulo, Pernambuco, Bahia, Sergipe, Maranh\u00e3o, Paran\u00e1 e Cear\u00e1 e no Distrito Federal. A empresa se diz operar a maior rede de <strong>cl\u00ednicas oncol\u00f3gicas<\/strong> do Pa\u00eds, composta por 39 cl\u00ednicas estrategicamente localizadas ao longo do territ\u00f3rio brasileiro.<\/p>\n<p>Al\u00e9m disso, a Rede D&#8217;Or possui opera\u00e7\u00e3o de laborat\u00f3rios de an\u00e1lises cl\u00ednicas e de imagem, bem como unidades de di\u00e1lise, contando com 11 laborat\u00f3rios e 53 unidades de di\u00e1lise, das quais 51 funcionam nos pr\u00f3prios hospitais da Companhia, e 2 funcionam em um ambiente externo.<\/p>\n\t<div data-element=\"shortcode-read-more\" class=\"knowMore\">\n\t\t\t\t<span class=\"knowMore__title\">Saiba mais<\/span>\n\t\t\t\t<a class=\"knowMore__link\" href=\"https:\/\/www.suno.com.br\/noticias\/rede-d-or-sao-luiz-adquire-100-clinica-sao-lucas\/\">\n\t\t\tRede D\u2019Or S\u00e3o Luiz compra Cl\u00ednica S\u00e3o Lucas por R$ 67,2 milh\u00f5es\t\t<\/a>\n\t<\/div>\n\n\n<p>Segundo o documento, em 2019, a companhia registrou um <a href=\"https:\/\/www.suno.com.br\/artigos\/lucro-liquido\/\">lucro l\u00edquido<\/a> de R$ 1,191 bilh\u00e3o, ante um resultado de R$ 1,179 bilh\u00e3o no mesmo per\u00edodo do ano anterior.<\/p>\n<p>Na mesma base de compara\u00e7\u00e3o, o <a href=\"https:\/\/www.suno.com.br\/artigos\/ebitda\/\">Ebitda (lucro antes de juros, impostos, deprecia\u00e7\u00e3o e amortiza\u00e7\u00e3o)<\/a> do grupo saiu de R$ 2,670 bilh\u00f5es para R$ 3,484 bilh\u00f5es.<\/p>\n<p>J\u00e1 a <a href=\"https:\/\/www.suno.com.br\/artigos\/o-que-receita-liquida\/\">receita l\u00edquida<\/a> atingiu um patamar de R$ 13,319 bilh\u00f5es no ano passado, contra os R$ 10,914 bilh\u00f5es apurados em 2018.<\/p>\n<p>O <strong>IPO da Rede D&#8217;Or<\/strong> est\u00e1 previsto para acontecer em pouco menos de um m\u00eas, no pr\u00f3ximo dia 10 de dezembro de 2020.<\/p>\n\t<p>\n\t\t<a href=\"https:\/\/lp.suno.com.br\/planilha-de-controle-de-investimentos\/\" target=\"_blank\" data-element=\"shortcode-suno-banner\" title=\"Banner SUNO, clique e saiba mais\">\n\t\t\t<picture>\n\t\t\t\t<source media=\"(max-width: 500px)\" srcset=\"https:\/\/files.sunoresearch.com.br\/n\/uploads\/2023\/03\/400x300-Controle-de-Investimentos.png\">\n\t\t\t\t<img class=\"newsContent__article__imgCapa newsContent__article__imgCapa--banner\"\n\t\t\t\t\tsrc=\"https:\/\/files.sunoresearch.com.br\/n\/uploads\/2023\/03\/1420x240-Controle-de-Investimentos.png\"\n\t\t\t\t\tdata-promo-id=\"75934\"\t\t\t\t\t\t\t\t\t\twidth='1420' height='240'\t\t\t\t\talt=\"https:\/\/files.sunoresearch.com.br\/n\/uploads\/2023\/03\/1420x240-Controle-de-Investimentos.png\"\n\t\t\t\t>\n\t\t\t<\/picture>\n\t\t<\/a>\n\t<\/p>\n\n\n","protected":false},"excerpt":{"rendered":"<p>O grupo hospitalar privado Rede D\u2019Or S\u00e3o Luiz (RDOR3) definiu nesta segunda-feira (16) a faixa indicativa de pre\u00e7o de sua oferta p\u00fablica inicial de a\u00e7\u00f5es (IPO, na sigla em ingl\u00eas) no intervalo entre R$ 48,91 e R$ 64,35. Rede D&#039;or (RDOR3). Foto: divulga\u00e7\u00e3o Com isso, considerando a oferta base de a\u00e7\u00f5es, de 145.677.487 a\u00e7\u00f5es ordin\u00e1rias, [&hellip;]<\/p>\n","protected":false},"author":35,"featured_media":90874,"comment_status":"closed","ping_status":"closed","sticky":false,"template":"","format":"standard","meta":[],"categories":[64],"tags":[319,2312],"suno_strategy":[],"class_list":["post-100770","post","type-post","status-publish","format-standard","has-post-thumbnail","hentry","category-negocios","tag-ipo-oferta-inicial-de-acoes","tag-rede-dor-rdor3"],"yoast_head":"<!-- This site is optimized with the Yoast SEO plugin v24.4 - https:\/\/yoast.com\/wordpress\/plugins\/seo\/ -->\n<title>Rede D\u2019Or define faixa indicativa de pre\u00e7o e pode levantar R$ 8,249 bi<\/title>\n<meta name=\"description\" content=\"A Rede D\u2019Or S\u00e3o Luiz (RDOR3) definiu a faixa indicativa de pre\u00e7os de seu IPO no intervalo entre R$ 48,91 e R$ 64,35. Clique para saber mais\" \/>\n<meta name=\"robots\" content=\"index, follow, max-snippet:-1, max-image-preview:large, max-video-preview:-1\" \/>\n<link rel=\"canonical\" href=\"https:\/\/www.suno.com.br\/noticias\/rede-dor-define-faixa-indicativa\/\" \/>\n<meta property=\"og:locale\" content=\"pt_BR\" \/>\n<meta property=\"og:type\" content=\"article\" \/>\n<meta property=\"og:title\" content=\"Rede D\u2019Or define faixa indicativa de pre\u00e7o e pode levantar R$ 8,249 bi\" \/>\n<meta property=\"og:description\" content=\"A Rede D\u2019Or S\u00e3o Luiz (RDOR3) definiu a faixa indicativa de pre\u00e7os de seu IPO no intervalo entre R$ 48,91 e R$ 64,35. Clique para saber mais\" \/>\n<meta property=\"og:url\" content=\"https:\/\/www.suno.com.br\/noticias\/rede-dor-define-faixa-indicativa\/\" \/>\n<meta property=\"og:site_name\" content=\"Suno Not\u00edcias\" \/>\n<meta property=\"article:publisher\" content=\"https:\/\/facebook.com\/sunoresearch\" \/>\n<meta property=\"og:image\" content=\"https:\/\/files.sunoresearch.com.br\/n\/uploads\/2020\/10\/db6a5fa2-rede-dor-apresenta-pedido-de-registro-para-abertura-de-capital.jpg\" \/>\n\t<meta property=\"og:image:width\" content=\"1535\" \/>\n\t<meta property=\"og:image:height\" content=\"1131\" \/>\n\t<meta property=\"og:image:type\" content=\"image\/jpeg\" \/>\n<meta name=\"author\" content=\"Arthur Guimar\u00e3es\" \/>\n<meta name=\"twitter:card\" content=\"summary_large_image\" \/>\n<meta name=\"twitter:creator\" content=\"@sunoresearch\" \/>\n<meta name=\"twitter:site\" content=\"@sunoresearch\" \/>\n<meta name=\"twitter:label1\" content=\"Escrito por\" \/>\n\t<meta name=\"twitter:data1\" content=\"Arthur Guimar\u00e3es\" \/>\n\t<meta name=\"twitter:label2\" content=\"Est. tempo de leitura\" \/>\n\t<meta name=\"twitter:data2\" content=\"3 minutos\" \/>\n<script type=\"application\/ld+json\" class=\"yoast-schema-graph\">{\"@context\":\"https:\/\/schema.org\",\"@graph\":[{\"@type\":\"NewsArticle\",\"@id\":\"https:\/\/www.suno.com.br\/noticias\/rede-dor-define-faixa-indicativa\/#article\",\"isPartOf\":{\"@id\":\"https:\/\/www.suno.com.br\/noticias\/rede-dor-define-faixa-indicativa\/\"},\"author\":{\"name\":\"Arthur Guimar\u00e3es\",\"@id\":\"https:\/\/www.suno.com.br\/noticias\/#\/schema\/person\/053a750a709a263919a20f976caae91c\"},\"headline\":\"Rede D\u2019Or define faixa indicativa de pre\u00e7o e pode levantar R$ 8,249 bi em IPO\",\"datePublished\":\"2020-11-16T23:28:43+00:00\",\"dateModified\":\"2020-11-17T00:39:24+00:00\",\"mainEntityOfPage\":{\"@id\":\"https:\/\/www.suno.com.br\/noticias\/rede-dor-define-faixa-indicativa\/\"},\"wordCount\":578,\"publisher\":{\"@id\":\"https:\/\/www.suno.com.br\/noticias\/#organization\"},\"image\":{\"@id\":\"https:\/\/www.suno.com.br\/noticias\/rede-dor-define-faixa-indicativa\/#primaryimage\"},\"thumbnailUrl\":\"https:\/\/files.sunoresearch.com.br\/n\/uploads\/2020\/10\/db6a5fa2-rede-dor-apresenta-pedido-de-registro-para-abertura-de-capital-jpg.webp\",\"keywords\":[\"IPO (Oferta Inicial de A\u00e7\u00f5es)\",\"Rede D'or (RDOR3)\"],\"articleSection\":[\"Neg\u00f3cios\"],\"inLanguage\":\"pt-BR\"},{\"@type\":\"WebPage\",\"@id\":\"https:\/\/www.suno.com.br\/noticias\/rede-dor-define-faixa-indicativa\/\",\"url\":\"https:\/\/www.suno.com.br\/noticias\/rede-dor-define-faixa-indicativa\/\",\"name\":\"Rede D\u2019Or define faixa indicativa de pre\u00e7o e pode levantar R$ 8,249 bi\",\"isPartOf\":{\"@id\":\"https:\/\/www.suno.com.br\/noticias\/#website\"},\"primaryImageOfPage\":{\"@id\":\"https:\/\/www.suno.com.br\/noticias\/rede-dor-define-faixa-indicativa\/#primaryimage\"},\"image\":{\"@id\":\"https:\/\/www.suno.com.br\/noticias\/rede-dor-define-faixa-indicativa\/#primaryimage\"},\"thumbnailUrl\":\"https:\/\/files.sunoresearch.com.br\/n\/uploads\/2020\/10\/db6a5fa2-rede-dor-apresenta-pedido-de-registro-para-abertura-de-capital-jpg.webp\",\"datePublished\":\"2020-11-16T23:28:43+00:00\",\"dateModified\":\"2020-11-17T00:39:24+00:00\",\"description\":\"A Rede D\u2019Or S\u00e3o Luiz (RDOR3) definiu a faixa indicativa de pre\u00e7os de seu IPO no intervalo entre R$ 48,91 e R$ 64,35. Clique para saber mais\",\"breadcrumb\":{\"@id\":\"https:\/\/www.suno.com.br\/noticias\/rede-dor-define-faixa-indicativa\/#breadcrumb\"},\"inLanguage\":\"pt-BR\",\"potentialAction\":[{\"@type\":\"ReadAction\",\"target\":[\"https:\/\/www.suno.com.br\/noticias\/rede-dor-define-faixa-indicativa\/\"]}]},{\"@type\":\"ImageObject\",\"inLanguage\":\"pt-BR\",\"@id\":\"https:\/\/www.suno.com.br\/noticias\/rede-dor-define-faixa-indicativa\/#primaryimage\",\"url\":\"https:\/\/files.sunoresearch.com.br\/n\/uploads\/2020\/10\/db6a5fa2-rede-dor-apresenta-pedido-de-registro-para-abertura-de-capital-jpg.webp\",\"contentUrl\":\"https:\/\/files.sunoresearch.com.br\/n\/uploads\/2020\/10\/db6a5fa2-rede-dor-apresenta-pedido-de-registro-para-abertura-de-capital-jpg.webp\",\"width\":1535,\"height\":1131,\"caption\":\"Rede D'or (RDOR3). Foto: divulga\u00e7\u00e3o\"},{\"@type\":\"BreadcrumbList\",\"@id\":\"https:\/\/www.suno.com.br\/noticias\/rede-dor-define-faixa-indicativa\/#breadcrumb\",\"itemListElement\":[{\"@type\":\"ListItem\",\"position\":1,\"name\":\"Not\u00edcias\",\"item\":\"https:\/\/www.suno.com.br\/noticias\/\"},{\"@type\":\"ListItem\",\"position\":2,\"name\":\"Neg\u00f3cios\",\"item\":\"https:\/\/www.suno.com.br\/noticias\/negocios\/\"},{\"@type\":\"ListItem\",\"position\":3,\"name\":\"Rede D\u2019Or define faixa indicativa de pre\u00e7o e pode levantar R$ 8,249 bi em IPO\"}]},{\"@type\":\"WebSite\",\"@id\":\"https:\/\/www.suno.com.br\/noticias\/#website\",\"url\":\"https:\/\/www.suno.com.br\/noticias\/\",\"name\":\"Suno Not\u00edcias\",\"description\":\"Seu portal de informa\u00e7\u00e3o sobre o mundo dos investimentos\",\"publisher\":{\"@id\":\"https:\/\/www.suno.com.br\/noticias\/#organization\"},\"potentialAction\":[{\"@type\":\"SearchAction\",\"target\":{\"@type\":\"EntryPoint\",\"urlTemplate\":\"https:\/\/www.suno.com.br\/noticias\/?s={search_term_string}\"},\"query-input\":{\"@type\":\"PropertyValueSpecification\",\"valueRequired\":true,\"valueName\":\"search_term_string\"}}],\"inLanguage\":\"pt-BR\"},{\"@type\":\"Organization\",\"@id\":\"https:\/\/www.suno.com.br\/noticias\/#organization\",\"name\":\"Suno Not\u00edcias\",\"url\":\"https:\/\/www.suno.com.br\/noticias\/\",\"logo\":{\"@type\":\"ImageObject\",\"inLanguage\":\"pt-BR\",\"@id\":\"https:\/\/www.suno.com.br\/noticias\/#\/schema\/logo\/image\/\",\"url\":\"https:\/\/files.sunoresearch.com.br\/n\/uploads\/2021\/09\/suno-logo.png\",\"contentUrl\":\"https:\/\/files.sunoresearch.com.br\/n\/uploads\/2021\/09\/suno-logo.png\",\"width\":180,\"height\":180,\"caption\":\"Suno Not\u00edcias\"},\"image\":{\"@id\":\"https:\/\/www.suno.com.br\/noticias\/#\/schema\/logo\/image\/\"},\"sameAs\":[\"https:\/\/facebook.com\/sunoresearch\",\"https:\/\/x.com\/sunoresearch\",\"https:\/\/www.instagram.com\/suno\",\"https:\/\/www.linkedin.com\/company\/suno-research\/\",\"https:\/\/www.youtube.com\/c\/sunoresearch\"]},{\"@type\":\"Person\",\"@id\":\"https:\/\/www.suno.com.br\/noticias\/#\/schema\/person\/053a750a709a263919a20f976caae91c\",\"name\":\"Arthur Guimar\u00e3es\",\"image\":{\"@type\":\"ImageObject\",\"inLanguage\":\"pt-BR\",\"@id\":\"https:\/\/www.suno.com.br\/noticias\/#\/schema\/person\/image\/\",\"url\":\"https:\/\/secure.gravatar.com\/avatar\/1affd86a11209ae09eb6dd3bcad3e96c?s=96&r=g\",\"contentUrl\":\"https:\/\/secure.gravatar.com\/avatar\/1affd86a11209ae09eb6dd3bcad3e96c?s=96&r=g\",\"caption\":\"Arthur Guimar\u00e3es\"},\"description\":\"Arthur Guimar\u00e3es escreve sobre pol\u00edtica, economia e neg\u00f3cios para o portal de not\u00edcias da Suno Research. Atualmente, \u00e9 estudante de jornalismo pela Faculdade C\u00e1sper L\u00edbero.\",\"url\":\"https:\/\/www.suno.com.br\/noticias\/author\/arthur-guimaraes\/\"}]}<\/script>\n<!-- \/ Yoast SEO plugin. -->","yoast_head_json":{"title":"Rede D\u2019Or define faixa indicativa de pre\u00e7o e pode levantar R$ 8,249 bi","description":"A Rede D\u2019Or S\u00e3o Luiz (RDOR3) definiu a faixa indicativa de pre\u00e7os de seu IPO no intervalo entre R$ 48,91 e R$ 64,35. Clique para saber mais","robots":{"index":"index","follow":"follow","max-snippet":"max-snippet:-1","max-image-preview":"max-image-preview:large","max-video-preview":"max-video-preview:-1"},"canonical":"https:\/\/www.suno.com.br\/noticias\/rede-dor-define-faixa-indicativa\/","og_locale":"pt_BR","og_type":"article","og_title":"Rede D\u2019Or define faixa indicativa de pre\u00e7o e pode levantar R$ 8,249 bi","og_description":"A Rede D\u2019Or S\u00e3o Luiz (RDOR3) definiu a faixa indicativa de pre\u00e7os de seu IPO no intervalo entre R$ 48,91 e R$ 64,35. Clique para saber mais","og_url":"https:\/\/www.suno.com.br\/noticias\/rede-dor-define-faixa-indicativa\/","og_site_name":"Suno Not\u00edcias","article_publisher":"https:\/\/facebook.com\/sunoresearch","og_image":[{"width":1535,"height":1131,"url":"https:\/\/files.sunoresearch.com.br\/n\/uploads\/2020\/10\/db6a5fa2-rede-dor-apresenta-pedido-de-registro-para-abertura-de-capital.jpg","type":"image\/jpeg"}],"author":"Arthur Guimar\u00e3es","twitter_card":"summary_large_image","twitter_creator":"@sunoresearch","twitter_site":"@sunoresearch","twitter_misc":{"Escrito por":"Arthur Guimar\u00e3es","Est. tempo de leitura":"3 minutos"},"schema":{"@context":"https:\/\/schema.org","@graph":[{"@type":"NewsArticle","@id":"https:\/\/www.suno.com.br\/noticias\/rede-dor-define-faixa-indicativa\/#article","isPartOf":{"@id":"https:\/\/www.suno.com.br\/noticias\/rede-dor-define-faixa-indicativa\/"},"author":{"name":"Arthur Guimar\u00e3es","@id":"https:\/\/www.suno.com.br\/noticias\/#\/schema\/person\/053a750a709a263919a20f976caae91c"},"headline":"Rede D\u2019Or define faixa indicativa de pre\u00e7o e pode levantar R$ 8,249 bi em IPO","datePublished":"2020-11-16T23:28:43+00:00","dateModified":"2020-11-17T00:39:24+00:00","mainEntityOfPage":{"@id":"https:\/\/www.suno.com.br\/noticias\/rede-dor-define-faixa-indicativa\/"},"wordCount":578,"publisher":{"@id":"https:\/\/www.suno.com.br\/noticias\/#organization"},"image":{"@id":"https:\/\/www.suno.com.br\/noticias\/rede-dor-define-faixa-indicativa\/#primaryimage"},"thumbnailUrl":"https:\/\/files.sunoresearch.com.br\/n\/uploads\/2020\/10\/db6a5fa2-rede-dor-apresenta-pedido-de-registro-para-abertura-de-capital-jpg.webp","keywords":["IPO (Oferta Inicial de A\u00e7\u00f5es)","Rede D'or (RDOR3)"],"articleSection":["Neg\u00f3cios"],"inLanguage":"pt-BR"},{"@type":"WebPage","@id":"https:\/\/www.suno.com.br\/noticias\/rede-dor-define-faixa-indicativa\/","url":"https:\/\/www.suno.com.br\/noticias\/rede-dor-define-faixa-indicativa\/","name":"Rede D\u2019Or define faixa indicativa de pre\u00e7o e pode levantar R$ 8,249 bi","isPartOf":{"@id":"https:\/\/www.suno.com.br\/noticias\/#website"},"primaryImageOfPage":{"@id":"https:\/\/www.suno.com.br\/noticias\/rede-dor-define-faixa-indicativa\/#primaryimage"},"image":{"@id":"https:\/\/www.suno.com.br\/noticias\/rede-dor-define-faixa-indicativa\/#primaryimage"},"thumbnailUrl":"https:\/\/files.sunoresearch.com.br\/n\/uploads\/2020\/10\/db6a5fa2-rede-dor-apresenta-pedido-de-registro-para-abertura-de-capital-jpg.webp","datePublished":"2020-11-16T23:28:43+00:00","dateModified":"2020-11-17T00:39:24+00:00","description":"A Rede D\u2019Or S\u00e3o Luiz (RDOR3) definiu a faixa indicativa de pre\u00e7os de seu IPO no intervalo entre R$ 48,91 e R$ 64,35. Clique para saber mais","breadcrumb":{"@id":"https:\/\/www.suno.com.br\/noticias\/rede-dor-define-faixa-indicativa\/#breadcrumb"},"inLanguage":"pt-BR","potentialAction":[{"@type":"ReadAction","target":["https:\/\/www.suno.com.br\/noticias\/rede-dor-define-faixa-indicativa\/"]}]},{"@type":"ImageObject","inLanguage":"pt-BR","@id":"https:\/\/www.suno.com.br\/noticias\/rede-dor-define-faixa-indicativa\/#primaryimage","url":"https:\/\/files.sunoresearch.com.br\/n\/uploads\/2020\/10\/db6a5fa2-rede-dor-apresenta-pedido-de-registro-para-abertura-de-capital-jpg.webp","contentUrl":"https:\/\/files.sunoresearch.com.br\/n\/uploads\/2020\/10\/db6a5fa2-rede-dor-apresenta-pedido-de-registro-para-abertura-de-capital-jpg.webp","width":1535,"height":1131,"caption":"Rede D'or (RDOR3). Foto: divulga\u00e7\u00e3o"},{"@type":"BreadcrumbList","@id":"https:\/\/www.suno.com.br\/noticias\/rede-dor-define-faixa-indicativa\/#breadcrumb","itemListElement":[{"@type":"ListItem","position":1,"name":"Not\u00edcias","item":"https:\/\/www.suno.com.br\/noticias\/"},{"@type":"ListItem","position":2,"name":"Neg\u00f3cios","item":"https:\/\/www.suno.com.br\/noticias\/negocios\/"},{"@type":"ListItem","position":3,"name":"Rede D\u2019Or define faixa indicativa de pre\u00e7o e pode levantar R$ 8,249 bi em IPO"}]},{"@type":"WebSite","@id":"https:\/\/www.suno.com.br\/noticias\/#website","url":"https:\/\/www.suno.com.br\/noticias\/","name":"Suno Not\u00edcias","description":"Seu portal de informa\u00e7\u00e3o sobre o mundo dos investimentos","publisher":{"@id":"https:\/\/www.suno.com.br\/noticias\/#organization"},"potentialAction":[{"@type":"SearchAction","target":{"@type":"EntryPoint","urlTemplate":"https:\/\/www.suno.com.br\/noticias\/?s={search_term_string}"},"query-input":{"@type":"PropertyValueSpecification","valueRequired":true,"valueName":"search_term_string"}}],"inLanguage":"pt-BR"},{"@type":"Organization","@id":"https:\/\/www.suno.com.br\/noticias\/#organization","name":"Suno Not\u00edcias","url":"https:\/\/www.suno.com.br\/noticias\/","logo":{"@type":"ImageObject","inLanguage":"pt-BR","@id":"https:\/\/www.suno.com.br\/noticias\/#\/schema\/logo\/image\/","url":"https:\/\/files.sunoresearch.com.br\/n\/uploads\/2021\/09\/suno-logo.png","contentUrl":"https:\/\/files.sunoresearch.com.br\/n\/uploads\/2021\/09\/suno-logo.png","width":180,"height":180,"caption":"Suno Not\u00edcias"},"image":{"@id":"https:\/\/www.suno.com.br\/noticias\/#\/schema\/logo\/image\/"},"sameAs":["https:\/\/facebook.com\/sunoresearch","https:\/\/x.com\/sunoresearch","https:\/\/www.instagram.com\/suno","https:\/\/www.linkedin.com\/company\/suno-research\/","https:\/\/www.youtube.com\/c\/sunoresearch"]},{"@type":"Person","@id":"https:\/\/www.suno.com.br\/noticias\/#\/schema\/person\/053a750a709a263919a20f976caae91c","name":"Arthur Guimar\u00e3es","image":{"@type":"ImageObject","inLanguage":"pt-BR","@id":"https:\/\/www.suno.com.br\/noticias\/#\/schema\/person\/image\/","url":"https:\/\/secure.gravatar.com\/avatar\/1affd86a11209ae09eb6dd3bcad3e96c?s=96&r=g","contentUrl":"https:\/\/secure.gravatar.com\/avatar\/1affd86a11209ae09eb6dd3bcad3e96c?s=96&r=g","caption":"Arthur Guimar\u00e3es"},"description":"Arthur Guimar\u00e3es escreve sobre pol\u00edtica, economia e neg\u00f3cios para o portal de not\u00edcias da Suno Research. Atualmente, \u00e9 estudante de jornalismo pela Faculdade C\u00e1sper L\u00edbero.","url":"https:\/\/www.suno.com.br\/noticias\/author\/arthur-guimaraes\/"}]}},"default_loop_html":"<div class=\"cardsPage__listCard__boxs\"><div class=\"cardsPage__listCard__boxs__img\"><a href=\"https:\/\/www.suno.com.br\/noticias\/rede-dor-define-faixa-indicativa\/\"><img class=\"mask\" src=\"https:\/\/www.suno.com.br\/noticias\/wp-content\/themes\/suno\/resources\/images\/spotlight\/spotlight1img\/bg-mask.png\" alt=\"Image Mask\"\/><img src=\"https:\/\/files.sunoresearch.com.br\/n\/uploads\/2020\/10\/db6a5fa2-rede-dor-apresenta-pedido-de-registro-para-abertura-de-capital-400x200.webp\" alt=\"Rede D\u2019Or define faixa indicativa de pre\u00e7o e pode levantar R$ 8,249 bi em IPO\"\/><\/a><span class=\"spotlightCategory\"><a href=\"https:\/\/www.suno.com.br\/noticias\/negocios\/\">Neg\u00f3cios<\/a><\/span><\/div><div class=\"cardsPage__listCard__boxs__content\"><a href=\"https:\/\/www.suno.com.br\/noticias\/rede-dor-define-faixa-indicativa\/\"><h2 class=\"content__title\">Rede D\u2019Or define faixa indicativa de pre\u00e7o e pode levantar R$ 8,249 bi em IPO<\/h2><\/a><div class=\"newsContent__article__meta\"><div class=\"newsContent__article__meta__authorBox\"><a href=\"https:\/\/www.suno.com.br\/noticias\/author\/arthur-guimaraes\/\" class=\"authorBox__avatar noMobi\"><img src=\"https:\/\/files.sunoresearch.com.br\/n\/uploads\/2020\/02\/dfb40897-eu-150x150.webp\" alt=\"Arthur Guimar\u00e3es\"><\/a><div class=\"authorBox__name\"><span>por\n\t\t\t<a href=\"https:\/\/www.suno.com.br\/noticias\/author\/arthur-guimaraes\/\"><span itemprop=\"author\">Arthur Guimar\u00e3es<\/span><\/a><\/span><time datetime=\"2020-11-16T20:28:43-03:00\" itemprop=\"datePublished\">16\/11\/2020 20:28<\/time><\/div><\/div><\/div><\/div><\/div>","single_layout":"posts","amp_enabled":true,"_links":{"self":[{"href":"https:\/\/www.suno.com.br\/noticias\/wp-json\/wp\/v2\/posts\/100770"}],"collection":[{"href":"https:\/\/www.suno.com.br\/noticias\/wp-json\/wp\/v2\/posts"}],"about":[{"href":"https:\/\/www.suno.com.br\/noticias\/wp-json\/wp\/v2\/types\/post"}],"author":[{"embeddable":true,"href":"https:\/\/www.suno.com.br\/noticias\/wp-json\/wp\/v2\/users\/35"}],"replies":[{"embeddable":true,"href":"https:\/\/www.suno.com.br\/noticias\/wp-json\/wp\/v2\/comments?post=100770"}],"version-history":[{"count":0,"href":"https:\/\/www.suno.com.br\/noticias\/wp-json\/wp\/v2\/posts\/100770\/revisions"}],"wp:featuredmedia":[{"embeddable":true,"href":"https:\/\/www.suno.com.br\/noticias\/wp-json\/wp\/v2\/media\/90874"}],"wp:attachment":[{"href":"https:\/\/www.suno.com.br\/noticias\/wp-json\/wp\/v2\/media?parent=100770"}],"wp:term":[{"taxonomy":"category","embeddable":true,"href":"https:\/\/www.suno.com.br\/noticias\/wp-json\/wp\/v2\/categories?post=100770"},{"taxonomy":"post_tag","embeddable":true,"href":"https:\/\/www.suno.com.br\/noticias\/wp-json\/wp\/v2\/tags?post=100770"},{"taxonomy":"suno_strategy","embeddable":true,"href":"https:\/\/www.suno.com.br\/noticias\/wp-json\/wp\/v2\/suno_strategy?post=100770"}],"curies":[{"name":"wp","href":"https:\/\/api.w.org\/{rel}","templated":true}]}}