{"id":100709,"date":"2020-11-16T17:43:24","date_gmt":"2020-11-16T20:43:24","guid":{"rendered":"https:\/\/www.suno.com.br\/noticias\/?p=100709"},"modified":"2021-05-29T20:39:20","modified_gmt":"2021-05-29T23:39:20","slug":"dolar-encerra-em-queda-de-069-negociado-a-r-5437","status":"publish","type":"post","link":"https:\/\/www.suno.com.br\/noticias\/dolar-encerra-em-queda-de-069-negociado-a-r-5437\/","title":{"rendered":"D\u00f3lar encerra em queda de 0,69%, negociado a R$ 5,43"},"content":{"rendered":"<p>O <a href=\"https:\/\/www.suno.com.br\/artigos\/dolar\/\"><strong>d\u00f3lar<\/strong> <\/a>encerrou nesta segunda-feira (16) em queda de 0,69%, negociado a R$ 5,437 na venda.<\/p>\t<div class=\"wrapper-featured-image\">\n\t\t<figure class=\"spotlightImg\">\n\n\t\t\t<picture>\n\t\t\t\t<source media=\"(max-width: 768px)\" srcset=\"https:\/\/files.sunoresearch.com.br\/n\/uploads\/2020\/11\/e1c128ff-dolarr-2-400x200.webp\">\n\t\t\t\t<img loading=\"lazy\" decoding=\"async\" class=\"newsContent__article__imgCapa lazyloadDisabled \" src=\"https:\/\/files.sunoresearch.com.br\/n\/uploads\/2020\/11\/e1c128ff-dolarr-2-jpg.webp\" width=\"800\" height=\"450\" alt=\"D\u00f3lar encerra em queda de 0,69%, negociado a R$ 5,43\" fetchpriority=high \/>\n\t\t\t<\/picture>\n\n\t\t\t<figcaption class=\"wp-caption-text wp-caption-text--show\">D\u00f3lar encerra em queda de 0,69%, negociado a R$ 5,437<\/figcaption>\n\t\t<\/figure>\n\t<\/div>\n\n\n\t<p>\n\t\t<a href=\"\" target=\"_blank\" data-element=\"shortcode-suno-banner\" title=\"Banner SUNO, clique e saiba mais\">\n\t\t\t<picture>\n\t\t\t\t<source media=\"(max-width: 500px)\" srcset=\"\">\n\t\t\t\t<img class=\"newsContent__article__imgCapa newsContent__article__imgCapa--banner\"\n\t\t\t\t\tsrc=\"\"\n\t\t\t\t\tdata-promo-id=\"97204\"\t\t\t\t\t\t\t\t\t\t\t\t\t\t\talt=\"\"\n\t\t\t\t>\n\t\t\t<\/picture>\n\t\t<\/a>\n\t<\/p>\n\n\n<p>Por volta das 9h38, nesta manh\u00e3, o d\u00f3lar operava em queda de 1,21%, negociado a R$ 5,39. O mercado acompanha os desempenhos das bolsas mundiais que apresentam varia\u00e7\u00f5es positivas em seus indicadores devido aos dados econ\u00f4micos da segunda pot\u00eancia mundial, a <strong>China<\/strong>, e a <strong>vacina<\/strong> da Moderna .<\/p>\n<p>A produ\u00e7\u00e3o industrial da <strong>China<\/strong> cresceu 6,9% em outubro, em compara\u00e7\u00e3o ao mesmo m\u00eas de 2019. A informa\u00e7\u00e3o foi revelada pelo Escrit\u00f3rio Nacional de Estat\u00edsticas da China (NBS, na sigla em ingl\u00eas) nesta madrugada. O resultado ficou acima do esperado pelos economistas ouvidos pelo<em> The Wall Street Journal<\/em>, que estimavam um avan\u00e7o de 6,5%.<\/p>\n<p><a href=\"https:\/\/lp.suno.com.br\/suno-one\/\">Suno One: o primeiro passo para alcan\u00e7ar a sua independ\u00eancia financeira. Acesse agora, \u00e9 gratuito!<\/a><\/p>\n<p>Al\u00e9m disso, confira as principais not\u00edcias que movimentaram o mercado nessa segunda-feira:<\/p>\n<ul>\n<li>Boletim Focus eleva proje\u00e7\u00e3o da infla\u00e7\u00e3o pela 14\u00aa semana consecutiva<\/li>\n<li>Produ\u00e7\u00e3o industrial da China cresce 6,9% em outubro, acima do esperado<\/li>\n<li>Pa\u00edses asi\u00e1ticos criam maior bloco comercial do mundo<\/li>\n<\/ul>\n<h2>Boletim Focus<\/h2>\n<p>O <a href=\"https:\/\/www.suno.com.br\/artigos\/boletim-focus\/\"><strong>Boletim Focus<\/strong><\/a>, divulgado nesta segunda-feira (16), voltou a elevar a expectativa pela infla\u00e7\u00e3o deste ano, medida pelo <a href=\"https:\/\/www.suno.com.br\/artigos\/ipca\/\">\u00cdndice de Pre\u00e7os ao Consumidor Amplo (IPCA)<\/a>. De acordo com a publica\u00e7\u00e3o do <a href=\"https:\/\/www.suno.com.br\/artigos\/bacen\/\">Banco Central (BC)<\/a>, os especialistas do mercado esperam que a infla\u00e7\u00e3o de 2020 seja de 3,25%. Essa \u00e9 a 14\u00aa semana consecutiva de aumento nas expectativas.<\/p>\n<p>Quatro semanas atr\u00e1s, a proje\u00e7\u00e3o dos analistas ouvidos pelo <strong>Banco Central<\/strong> era de um aumento nos pre\u00e7os na ordem de 2,65%, enquanto na semana passada, a estimativa estava em 3,20%. O Boletim <strong>Focus<\/strong> desta segunda-feira tamb\u00e9m marca a 18\u00aa semana consecutiva de aumento na proje\u00e7\u00e3o para o <a href=\"https:\/\/www.suno.com.br\/artigos\/igp-m\/\">\u00cdndice Geral de Pre\u00e7os de Mercado (<strong>IGP-M<\/strong>)<\/a>, para 21,21%.<\/p>\n\t<div data-element=\"shortcode-read-more\" class=\"knowMore\">\n\t\t\t\t<span class=\"knowMore__title\">Saiba mais<\/span>\n\t\t\t\t<a class=\"knowMore__link\" href=\"https:\/\/www.suno.com.br\/noticias\/boletim-focus-ipca-inflacao-16112020\/\">\n\t\t\tBoletim Focus eleva proje\u00e7\u00e3o da infla\u00e7\u00e3o pela 14\u00aa semana consecutiva\t\t<\/a>\n\t<\/div>\n\n\n<p>Na hip\u00f3tese de que as estimativas se confirmem, a infla\u00e7\u00e3o deste ano ficar\u00e1 abaixo da meta estabelecida pelo <a href=\"https:\/\/www.suno.com.br\/artigos\/cmn-conselho-monetario-nacional\/\">Conselho Monet\u00e1rio Nacional (<strong>CMN<\/strong>)<\/a>. O alvo definido pela autoridade monet\u00e1ria \u00e9 de uma infla\u00e7\u00e3o de 4%, com 1,5 ponto percentual de toler\u00e2ncia, ficando entre 2,5% e 5,5%. Essa meta, no entanto, j\u00e1 foi consideravelmente mais distante ao longo do ano.<\/p>\n<h2>China<\/h2>\n<p>A produ\u00e7\u00e3o industrial da <strong>China<\/strong> cresceu 6,9% em outubro, em compara\u00e7\u00e3o ao mesmo m\u00eas de 2019. A informa\u00e7\u00e3o foi revelada pelo Escrit\u00f3rio Nacional de Estat\u00edsticas da China (NBS, na sigla em ingl\u00eas) nesta madrugada.<\/p>\n<p>O resultado ficou acima do esperado pelos economistas ouvidos pelo<em> The Wall Street Journal<\/em>, que estimavam um avan\u00e7o de 6,5%. Junto \u00e0 produ\u00e7\u00e3o industrial, a economia da China tem se recuperado dos efeitos do <a href=\"https:\/\/www.suno.com.br\/noticias\/?s=coronav%C3%ADrus\">novo <strong>coronav\u00edrus<\/strong> (Covid-19)<\/a> com fortes investimentos do governo e gastos dos consumidores.<\/p>\n\t<div data-element=\"shortcode-read-more\" class=\"knowMore\">\n\t\t\t\t<span class=\"knowMore__title\">Saiba mais<\/span>\n\t\t\t\t<a class=\"knowMore__link\" href=\"https:\/\/www.suno.com.br\/noticias\/producao-industrial-china-outubro\/\">\n\t\t\tProdu\u00e7\u00e3o industrial da China cresce 6,9% em outubro, acima do esperado\t\t<\/a>\n\t<\/div>\n\n\n<p>O escrit\u00f3rio chin\u00eas tamb\u00e9m informou que os investimentos em <strong>ativos fixos<\/strong> n\u00e3o rurais cresceram 1,8% no intervalo entre janeiro e outubro, acelerando 0,8% de crescimento no acumulado de nove meses. Os especialistas estimavam um avan\u00e7o de 1,6% nos invetimentos em ativos fixos, que contemplam manufatura, im\u00f3veis e infraestrutura.<\/p>\n<h2>Pa\u00edses asi\u00e1ticos<\/h2>\n<p>Quinze pa\u00edses da \u00c1sia formaram o maior <strong><a href=\"https:\/\/www.suno.com.br\/artigos\/blocos-economicos\/\" target=\"_blank\" rel=\"noopener noreferrer\">bloco<\/a> comercial<\/strong> do mundo neste domingo, numa iniciativa apoiada pela China. Al\u00e9m da China, fazem parte do acordo Jap\u00e3o, Coreia do Sul, Nova Zel\u00e2ndia, Austr\u00e1lia e dez pa\u00edses do Sudeste Asi\u00e1tico, incluindo Indon\u00e9sia, Vietn\u00e3, Tail\u00e2ndia e <a href=\"https:\/\/www.suno.com.br\/artigos\/tigres-asiaticos\/\" target=\"_blank\" rel=\"noopener noreferrer\">Cingapura<\/a>. O acordo n\u00e3o inclui os Estados Unidos, maior economia do mundo.<\/p>\n<p>O bloco comercial, chamado de Parceria Econ\u00f4mica Abrangente Regional (<strong>RCEP<\/strong>, na sigla em ingl\u00eas), tem como objetivo reduzir progressivamente as tarifas em v\u00e1rias atividades econ\u00f4micas.<\/p>\n\t<div data-element=\"shortcode-read-more\" class=\"knowMore\">\n\t\t\t\t<span class=\"knowMore__title\">Saiba mais<\/span>\n\t\t\t\t<a class=\"knowMore__link\" href=\"https:\/\/www.suno.com.br\/noticias\/bloco-comercial-asia\/\">\n\t\t\tPa\u00edses asi\u00e1ticos criam maior bloco comercial do mundo\t\t<\/a>\n\t<\/div>\n\n\n<p>O neg\u00f3cio pode firmar a parceria econ\u00f4mica da <strong>China<\/strong> com o Sudeste Asi\u00e1tico, Jap\u00e3o e Coreia, colocando a segunda maior economia do mundo em uma posi\u00e7\u00e3o mais favor\u00e1vel para moldar as regras de com\u00e9rcio da regi\u00e3o, segundo a CNBC.<\/p>\n<h2>\u00daltima cota\u00e7\u00e3o do d\u00f3lar<\/h2>\n<p>Na \u00faltima sess\u00e3o, sexta-feira (13), o <strong>d\u00f3lar<\/strong> encerrou o preg\u00e3o em queda de 0,05%, negociado a R$ 5,475.<\/p>\n\t<p>\n\t\t<a href=\"https:\/\/lp.suno.com.br\/planilha-de-controle-de-investimentos\/\" target=\"_blank\" data-element=\"shortcode-suno-banner\" title=\"Banner SUNO, clique e saiba mais\">\n\t\t\t<picture>\n\t\t\t\t<source media=\"(max-width: 500px)\" srcset=\"https:\/\/files.sunoresearch.com.br\/n\/uploads\/2023\/03\/400x300-Controle-de-Investimentos.png\">\n\t\t\t\t<img class=\"newsContent__article__imgCapa newsContent__article__imgCapa--banner\"\n\t\t\t\t\tsrc=\"https:\/\/files.sunoresearch.com.br\/n\/uploads\/2023\/03\/1420x240-Controle-de-Investimentos.png\"\n\t\t\t\t\tdata-promo-id=\"75934\"\t\t\t\t\t\t\t\t\t\twidth='1420' height='240'\t\t\t\t\talt=\"https:\/\/files.sunoresearch.com.br\/n\/uploads\/2023\/03\/1420x240-Controle-de-Investimentos.png\"\n\t\t\t\t>\n\t\t\t<\/picture>\n\t\t<\/a>\n\t<\/p>\n\n\n","protected":false},"excerpt":{"rendered":"<p>O d\u00f3lar encerrou nesta segunda-feira (16) em queda de 0,69%, negociado a R$ 5,437 na venda. D\u00f3lar encerra em queda de 0,69%, negociado a R$ 5,437 Por volta das 9h38, nesta manh\u00e3, o d\u00f3lar operava em queda de 1,21%, negociado a R$ 5,39. O mercado acompanha os desempenhos das bolsas mundiais que apresentam varia\u00e7\u00f5es positivas [&hellip;]<\/p>\n","protected":false},"author":56,"featured_media":100718,"comment_status":"closed","ping_status":"closed","sticky":false,"template":"","format":"standard","meta":[],"categories":[60],"tags":[834,711,5255,326],"suno_strategy":[],"class_list":["post-100709","post","type-post","status-publish","format-standard","has-post-thumbnail","hentry","category-mercado","tag-boletim-focus","tag-china","tag-covid-19","tag-dolar"],"yoast_head":"<!-- This site is optimized with the Yoast SEO plugin v24.4 - https:\/\/yoast.com\/wordpress\/plugins\/seo\/ -->\n<title>D\u00f3lar encerra em queda de 0,69%, negociado a R$ 5,437<\/title>\n<meta name=\"description\" content=\"Por volta das 9h38, nesta segunda-feira (16), o d\u00f3lar operava em queda de 1,21%, negociado a R$ 5,39. Clique aqui para saber mais.\" \/>\n<meta name=\"robots\" content=\"index, follow, max-snippet:-1, max-image-preview:large, max-video-preview:-1\" \/>\n<link rel=\"canonical\" href=\"https:\/\/www.suno.com.br\/noticias\/dolar-encerra-em-queda-de-069-negociado-a-r-5437\/\" \/>\n<meta property=\"og:locale\" content=\"pt_BR\" \/>\n<meta property=\"og:type\" content=\"article\" \/>\n<meta property=\"og:title\" content=\"D\u00f3lar encerra em queda de 0,69%, negociado a R$ 5,437\" \/>\n<meta property=\"og:description\" content=\"Por volta das 9h38, nesta segunda-feira (16), o d\u00f3lar operava em queda de 1,21%, negociado a R$ 5,39. Clique aqui para saber mais.\" \/>\n<meta property=\"og:url\" content=\"https:\/\/www.suno.com.br\/noticias\/dolar-encerra-em-queda-de-069-negociado-a-r-5437\/\" \/>\n<meta property=\"og:site_name\" content=\"Suno Not\u00edcias\" \/>\n<meta property=\"article:publisher\" content=\"https:\/\/facebook.com\/sunoresearch\" \/>\n<meta property=\"og:image\" content=\"https:\/\/files.sunoresearch.com.br\/n\/uploads\/2020\/11\/e1c128ff-dolarr-2.jpg\" \/>\n\t<meta property=\"og:image:width\" content=\"640\" \/>\n\t<meta property=\"og:image:height\" content=\"370\" \/>\n\t<meta property=\"og:image:type\" content=\"image\/jpeg\" \/>\n<meta name=\"author\" content=\"Rafaela La Regina\" \/>\n<meta name=\"twitter:card\" content=\"summary_large_image\" \/>\n<meta name=\"twitter:creator\" content=\"@sunoresearch\" \/>\n<meta name=\"twitter:site\" content=\"@sunoresearch\" \/>\n<meta name=\"twitter:label1\" content=\"Escrito por\" \/>\n\t<meta name=\"twitter:data1\" content=\"Rafaela La Regina\" \/>\n\t<meta name=\"twitter:label2\" content=\"Est. tempo de leitura\" \/>\n\t<meta name=\"twitter:data2\" content=\"3 minutos\" \/>\n<script type=\"application\/ld+json\" class=\"yoast-schema-graph\">{\"@context\":\"https:\/\/schema.org\",\"@graph\":[{\"@type\":\"NewsArticle\",\"@id\":\"https:\/\/www.suno.com.br\/noticias\/dolar-encerra-em-queda-de-069-negociado-a-r-5437\/#article\",\"isPartOf\":{\"@id\":\"https:\/\/www.suno.com.br\/noticias\/dolar-encerra-em-queda-de-069-negociado-a-r-5437\/\"},\"author\":{\"name\":\"Rafaela La Regina\",\"@id\":\"https:\/\/www.suno.com.br\/noticias\/#\/schema\/person\/e672ca8cea627fe715fa29bca7da95e0\"},\"headline\":\"D\u00f3lar encerra em queda de 0,69%, negociado a R$ 5,43\",\"datePublished\":\"2020-11-16T20:43:24+00:00\",\"dateModified\":\"2021-05-29T23:39:20+00:00\",\"mainEntityOfPage\":{\"@id\":\"https:\/\/www.suno.com.br\/noticias\/dolar-encerra-em-queda-de-069-negociado-a-r-5437\/\"},\"wordCount\":702,\"publisher\":{\"@id\":\"https:\/\/www.suno.com.br\/noticias\/#organization\"},\"image\":{\"@id\":\"https:\/\/www.suno.com.br\/noticias\/dolar-encerra-em-queda-de-069-negociado-a-r-5437\/#primaryimage\"},\"thumbnailUrl\":\"https:\/\/files.sunoresearch.com.br\/n\/uploads\/2020\/11\/e1c128ff-dolarr-2-jpg.webp\",\"keywords\":[\"Boletim Focus\",\"China\",\"covid-19\",\"d\u00f3lar\"],\"articleSection\":[\"Mercado\"],\"inLanguage\":\"pt-BR\"},{\"@type\":\"WebPage\",\"@id\":\"https:\/\/www.suno.com.br\/noticias\/dolar-encerra-em-queda-de-069-negociado-a-r-5437\/\",\"url\":\"https:\/\/www.suno.com.br\/noticias\/dolar-encerra-em-queda-de-069-negociado-a-r-5437\/\",\"name\":\"D\u00f3lar encerra em queda de 0,69%, negociado a R$ 5,437\",\"isPartOf\":{\"@id\":\"https:\/\/www.suno.com.br\/noticias\/#website\"},\"primaryImageOfPage\":{\"@id\":\"https:\/\/www.suno.com.br\/noticias\/dolar-encerra-em-queda-de-069-negociado-a-r-5437\/#primaryimage\"},\"image\":{\"@id\":\"https:\/\/www.suno.com.br\/noticias\/dolar-encerra-em-queda-de-069-negociado-a-r-5437\/#primaryimage\"},\"thumbnailUrl\":\"https:\/\/files.sunoresearch.com.br\/n\/uploads\/2020\/11\/e1c128ff-dolarr-2-jpg.webp\",\"datePublished\":\"2020-11-16T20:43:24+00:00\",\"dateModified\":\"2021-05-29T23:39:20+00:00\",\"description\":\"Por volta das 9h38, nesta segunda-feira (16), o d\u00f3lar operava em queda de 1,21%, negociado a R$ 5,39. Clique aqui para saber mais.\",\"breadcrumb\":{\"@id\":\"https:\/\/www.suno.com.br\/noticias\/dolar-encerra-em-queda-de-069-negociado-a-r-5437\/#breadcrumb\"},\"inLanguage\":\"pt-BR\",\"potentialAction\":[{\"@type\":\"ReadAction\",\"target\":[\"https:\/\/www.suno.com.br\/noticias\/dolar-encerra-em-queda-de-069-negociado-a-r-5437\/\"]}]},{\"@type\":\"ImageObject\",\"inLanguage\":\"pt-BR\",\"@id\":\"https:\/\/www.suno.com.br\/noticias\/dolar-encerra-em-queda-de-069-negociado-a-r-5437\/#primaryimage\",\"url\":\"https:\/\/files.sunoresearch.com.br\/n\/uploads\/2020\/11\/e1c128ff-dolarr-2-jpg.webp\",\"contentUrl\":\"https:\/\/files.sunoresearch.com.br\/n\/uploads\/2020\/11\/e1c128ff-dolarr-2-jpg.webp\",\"width\":640,\"height\":370,\"caption\":\"D\u00f3lar encerra em queda de 0,69%, negociado a R$ 5,437\"},{\"@type\":\"BreadcrumbList\",\"@id\":\"https:\/\/www.suno.com.br\/noticias\/dolar-encerra-em-queda-de-069-negociado-a-r-5437\/#breadcrumb\",\"itemListElement\":[{\"@type\":\"ListItem\",\"position\":1,\"name\":\"Not\u00edcias\",\"item\":\"https:\/\/www.suno.com.br\/noticias\/\"},{\"@type\":\"ListItem\",\"position\":2,\"name\":\"Mercado\",\"item\":\"https:\/\/www.suno.com.br\/noticias\/mercado\/\"},{\"@type\":\"ListItem\",\"position\":3,\"name\":\"D\u00f3lar encerra em queda de 0,69%, negociado a R$ 5,43\"}]},{\"@type\":\"WebSite\",\"@id\":\"https:\/\/www.suno.com.br\/noticias\/#website\",\"url\":\"https:\/\/www.suno.com.br\/noticias\/\",\"name\":\"Suno Not\u00edcias\",\"description\":\"Seu portal de informa\u00e7\u00e3o sobre o mundo dos investimentos\",\"publisher\":{\"@id\":\"https:\/\/www.suno.com.br\/noticias\/#organization\"},\"potentialAction\":[{\"@type\":\"SearchAction\",\"target\":{\"@type\":\"EntryPoint\",\"urlTemplate\":\"https:\/\/www.suno.com.br\/noticias\/?s={search_term_string}\"},\"query-input\":{\"@type\":\"PropertyValueSpecification\",\"valueRequired\":true,\"valueName\":\"search_term_string\"}}],\"inLanguage\":\"pt-BR\"},{\"@type\":\"Organization\",\"@id\":\"https:\/\/www.suno.com.br\/noticias\/#organization\",\"name\":\"Suno Not\u00edcias\",\"url\":\"https:\/\/www.suno.com.br\/noticias\/\",\"logo\":{\"@type\":\"ImageObject\",\"inLanguage\":\"pt-BR\",\"@id\":\"https:\/\/www.suno.com.br\/noticias\/#\/schema\/logo\/image\/\",\"url\":\"https:\/\/files.sunoresearch.com.br\/n\/uploads\/2021\/09\/suno-logo.png\",\"contentUrl\":\"https:\/\/files.sunoresearch.com.br\/n\/uploads\/2021\/09\/suno-logo.png\",\"width\":180,\"height\":180,\"caption\":\"Suno Not\u00edcias\"},\"image\":{\"@id\":\"https:\/\/www.suno.com.br\/noticias\/#\/schema\/logo\/image\/\"},\"sameAs\":[\"https:\/\/facebook.com\/sunoresearch\",\"https:\/\/x.com\/sunoresearch\",\"https:\/\/www.instagram.com\/suno\",\"https:\/\/www.linkedin.com\/company\/suno-research\/\",\"https:\/\/www.youtube.com\/c\/sunoresearch\"]},{\"@type\":\"Person\",\"@id\":\"https:\/\/www.suno.com.br\/noticias\/#\/schema\/person\/e672ca8cea627fe715fa29bca7da95e0\",\"name\":\"Rafaela La Regina\",\"image\":{\"@type\":\"ImageObject\",\"inLanguage\":\"pt-BR\",\"@id\":\"https:\/\/www.suno.com.br\/noticias\/#\/schema\/person\/image\/\",\"url\":\"https:\/\/secure.gravatar.com\/avatar\/d2c75a52d243deb93d0465fdcb21bd37?s=96&r=g\",\"contentUrl\":\"https:\/\/secure.gravatar.com\/avatar\/d2c75a52d243deb93d0465fdcb21bd37?s=96&r=g\",\"caption\":\"Rafaela La Regina\"},\"description\":\"Estagi\u00e1ria no Suno Not\u00edcias. Escreve sobre economia, pol\u00edtica e neg\u00f3cios. Estuda Rela\u00e7\u00f5es Internacionais no IBMEC-SP.\",\"url\":\"https:\/\/www.suno.com.br\/noticias\/author\/rafaela-la-regina\/\"}]}<\/script>\n<!-- \/ Yoast SEO plugin. -->","yoast_head_json":{"title":"D\u00f3lar encerra em queda de 0,69%, negociado a R$ 5,437","description":"Por volta das 9h38, nesta segunda-feira (16), o d\u00f3lar operava em queda de 1,21%, negociado a R$ 5,39. Clique aqui para saber mais.","robots":{"index":"index","follow":"follow","max-snippet":"max-snippet:-1","max-image-preview":"max-image-preview:large","max-video-preview":"max-video-preview:-1"},"canonical":"https:\/\/www.suno.com.br\/noticias\/dolar-encerra-em-queda-de-069-negociado-a-r-5437\/","og_locale":"pt_BR","og_type":"article","og_title":"D\u00f3lar encerra em queda de 0,69%, negociado a R$ 5,437","og_description":"Por volta das 9h38, nesta segunda-feira (16), o d\u00f3lar operava em queda de 1,21%, negociado a R$ 5,39. Clique aqui para saber mais.","og_url":"https:\/\/www.suno.com.br\/noticias\/dolar-encerra-em-queda-de-069-negociado-a-r-5437\/","og_site_name":"Suno Not\u00edcias","article_publisher":"https:\/\/facebook.com\/sunoresearch","og_image":[{"width":640,"height":370,"url":"https:\/\/files.sunoresearch.com.br\/n\/uploads\/2020\/11\/e1c128ff-dolarr-2.jpg","type":"image\/jpeg"}],"author":"Rafaela La Regina","twitter_card":"summary_large_image","twitter_creator":"@sunoresearch","twitter_site":"@sunoresearch","twitter_misc":{"Escrito por":"Rafaela La Regina","Est. tempo de leitura":"3 minutos"},"schema":{"@context":"https:\/\/schema.org","@graph":[{"@type":"NewsArticle","@id":"https:\/\/www.suno.com.br\/noticias\/dolar-encerra-em-queda-de-069-negociado-a-r-5437\/#article","isPartOf":{"@id":"https:\/\/www.suno.com.br\/noticias\/dolar-encerra-em-queda-de-069-negociado-a-r-5437\/"},"author":{"name":"Rafaela La Regina","@id":"https:\/\/www.suno.com.br\/noticias\/#\/schema\/person\/e672ca8cea627fe715fa29bca7da95e0"},"headline":"D\u00f3lar encerra em queda de 0,69%, negociado a R$ 5,43","datePublished":"2020-11-16T20:43:24+00:00","dateModified":"2021-05-29T23:39:20+00:00","mainEntityOfPage":{"@id":"https:\/\/www.suno.com.br\/noticias\/dolar-encerra-em-queda-de-069-negociado-a-r-5437\/"},"wordCount":702,"publisher":{"@id":"https:\/\/www.suno.com.br\/noticias\/#organization"},"image":{"@id":"https:\/\/www.suno.com.br\/noticias\/dolar-encerra-em-queda-de-069-negociado-a-r-5437\/#primaryimage"},"thumbnailUrl":"https:\/\/files.sunoresearch.com.br\/n\/uploads\/2020\/11\/e1c128ff-dolarr-2-jpg.webp","keywords":["Boletim Focus","China","covid-19","d\u00f3lar"],"articleSection":["Mercado"],"inLanguage":"pt-BR"},{"@type":"WebPage","@id":"https:\/\/www.suno.com.br\/noticias\/dolar-encerra-em-queda-de-069-negociado-a-r-5437\/","url":"https:\/\/www.suno.com.br\/noticias\/dolar-encerra-em-queda-de-069-negociado-a-r-5437\/","name":"D\u00f3lar encerra em queda de 0,69%, negociado a R$ 5,437","isPartOf":{"@id":"https:\/\/www.suno.com.br\/noticias\/#website"},"primaryImageOfPage":{"@id":"https:\/\/www.suno.com.br\/noticias\/dolar-encerra-em-queda-de-069-negociado-a-r-5437\/#primaryimage"},"image":{"@id":"https:\/\/www.suno.com.br\/noticias\/dolar-encerra-em-queda-de-069-negociado-a-r-5437\/#primaryimage"},"thumbnailUrl":"https:\/\/files.sunoresearch.com.br\/n\/uploads\/2020\/11\/e1c128ff-dolarr-2-jpg.webp","datePublished":"2020-11-16T20:43:24+00:00","dateModified":"2021-05-29T23:39:20+00:00","description":"Por volta das 9h38, nesta segunda-feira (16), o d\u00f3lar operava em queda de 1,21%, negociado a R$ 5,39. Clique aqui para saber mais.","breadcrumb":{"@id":"https:\/\/www.suno.com.br\/noticias\/dolar-encerra-em-queda-de-069-negociado-a-r-5437\/#breadcrumb"},"inLanguage":"pt-BR","potentialAction":[{"@type":"ReadAction","target":["https:\/\/www.suno.com.br\/noticias\/dolar-encerra-em-queda-de-069-negociado-a-r-5437\/"]}]},{"@type":"ImageObject","inLanguage":"pt-BR","@id":"https:\/\/www.suno.com.br\/noticias\/dolar-encerra-em-queda-de-069-negociado-a-r-5437\/#primaryimage","url":"https:\/\/files.sunoresearch.com.br\/n\/uploads\/2020\/11\/e1c128ff-dolarr-2-jpg.webp","contentUrl":"https:\/\/files.sunoresearch.com.br\/n\/uploads\/2020\/11\/e1c128ff-dolarr-2-jpg.webp","width":640,"height":370,"caption":"D\u00f3lar encerra em queda de 0,69%, negociado a R$ 5,437"},{"@type":"BreadcrumbList","@id":"https:\/\/www.suno.com.br\/noticias\/dolar-encerra-em-queda-de-069-negociado-a-r-5437\/#breadcrumb","itemListElement":[{"@type":"ListItem","position":1,"name":"Not\u00edcias","item":"https:\/\/www.suno.com.br\/noticias\/"},{"@type":"ListItem","position":2,"name":"Mercado","item":"https:\/\/www.suno.com.br\/noticias\/mercado\/"},{"@type":"ListItem","position":3,"name":"D\u00f3lar encerra em queda de 0,69%, negociado a R$ 5,43"}]},{"@type":"WebSite","@id":"https:\/\/www.suno.com.br\/noticias\/#website","url":"https:\/\/www.suno.com.br\/noticias\/","name":"Suno Not\u00edcias","description":"Seu portal de informa\u00e7\u00e3o sobre o mundo dos investimentos","publisher":{"@id":"https:\/\/www.suno.com.br\/noticias\/#organization"},"potentialAction":[{"@type":"SearchAction","target":{"@type":"EntryPoint","urlTemplate":"https:\/\/www.suno.com.br\/noticias\/?s={search_term_string}"},"query-input":{"@type":"PropertyValueSpecification","valueRequired":true,"valueName":"search_term_string"}}],"inLanguage":"pt-BR"},{"@type":"Organization","@id":"https:\/\/www.suno.com.br\/noticias\/#organization","name":"Suno Not\u00edcias","url":"https:\/\/www.suno.com.br\/noticias\/","logo":{"@type":"ImageObject","inLanguage":"pt-BR","@id":"https:\/\/www.suno.com.br\/noticias\/#\/schema\/logo\/image\/","url":"https:\/\/files.sunoresearch.com.br\/n\/uploads\/2021\/09\/suno-logo.png","contentUrl":"https:\/\/files.sunoresearch.com.br\/n\/uploads\/2021\/09\/suno-logo.png","width":180,"height":180,"caption":"Suno Not\u00edcias"},"image":{"@id":"https:\/\/www.suno.com.br\/noticias\/#\/schema\/logo\/image\/"},"sameAs":["https:\/\/facebook.com\/sunoresearch","https:\/\/x.com\/sunoresearch","https:\/\/www.instagram.com\/suno","https:\/\/www.linkedin.com\/company\/suno-research\/","https:\/\/www.youtube.com\/c\/sunoresearch"]},{"@type":"Person","@id":"https:\/\/www.suno.com.br\/noticias\/#\/schema\/person\/e672ca8cea627fe715fa29bca7da95e0","name":"Rafaela La Regina","image":{"@type":"ImageObject","inLanguage":"pt-BR","@id":"https:\/\/www.suno.com.br\/noticias\/#\/schema\/person\/image\/","url":"https:\/\/secure.gravatar.com\/avatar\/d2c75a52d243deb93d0465fdcb21bd37?s=96&r=g","contentUrl":"https:\/\/secure.gravatar.com\/avatar\/d2c75a52d243deb93d0465fdcb21bd37?s=96&r=g","caption":"Rafaela La Regina"},"description":"Estagi\u00e1ria no Suno Not\u00edcias. Escreve sobre economia, pol\u00edtica e neg\u00f3cios. Estuda Rela\u00e7\u00f5es Internacionais no IBMEC-SP.","url":"https:\/\/www.suno.com.br\/noticias\/author\/rafaela-la-regina\/"}]}},"default_loop_html":"<div class=\"cardsPage__listCard__boxs\"><div class=\"cardsPage__listCard__boxs__img\"><a href=\"https:\/\/www.suno.com.br\/noticias\/dolar-encerra-em-queda-de-069-negociado-a-r-5437\/\"><img class=\"mask\" src=\"https:\/\/www.suno.com.br\/noticias\/wp-content\/themes\/suno\/resources\/images\/spotlight\/spotlight1img\/bg-mask.png\" alt=\"Image Mask\"\/><img src=\"https:\/\/files.sunoresearch.com.br\/n\/uploads\/2020\/11\/e1c128ff-dolarr-2-400x200.webp\" alt=\"D\u00f3lar encerra em queda de 0,69%, negociado a R$ 5,43\"\/><\/a><span class=\"spotlightCategory\"><a href=\"https:\/\/www.suno.com.br\/noticias\/mercado\/\">Mercado<\/a><\/span><\/div><div class=\"cardsPage__listCard__boxs__content\"><a href=\"https:\/\/www.suno.com.br\/noticias\/dolar-encerra-em-queda-de-069-negociado-a-r-5437\/\"><h2 class=\"content__title\">D\u00f3lar encerra em queda de 0,69%, negociado a R$ 5,43<\/h2><\/a><div class=\"newsContent__article__meta\"><div class=\"newsContent__article__meta__authorBox\"><a href=\"https:\/\/www.suno.com.br\/noticias\/author\/rafaela-la-regina\/\" class=\"authorBox__avatar noMobi\"><img src=\"https:\/\/secure.gravatar.com\/avatar\/d2c75a52d243deb93d0465fdcb21bd37?s=96&#038;r=g\" alt=\"Rafaela La Regina\"><\/a><div class=\"authorBox__name\"><span>por\n\t\t\t<a href=\"https:\/\/www.suno.com.br\/noticias\/author\/rafaela-la-regina\/\"><span itemprop=\"author\">Rafaela La Regina<\/span><\/a><\/span><time datetime=\"2020-11-16T17:43:24-03:00\" itemprop=\"datePublished\">16\/11\/2020 17:43<\/time><\/div><\/div><\/div><\/div><\/div>","single_layout":"posts","amp_enabled":true,"_links":{"self":[{"href":"https:\/\/www.suno.com.br\/noticias\/wp-json\/wp\/v2\/posts\/100709"}],"collection":[{"href":"https:\/\/www.suno.com.br\/noticias\/wp-json\/wp\/v2\/posts"}],"about":[{"href":"https:\/\/www.suno.com.br\/noticias\/wp-json\/wp\/v2\/types\/post"}],"author":[{"embeddable":true,"href":"https:\/\/www.suno.com.br\/noticias\/wp-json\/wp\/v2\/users\/56"}],"replies":[{"embeddable":true,"href":"https:\/\/www.suno.com.br\/noticias\/wp-json\/wp\/v2\/comments?post=100709"}],"version-history":[{"count":1,"href":"https:\/\/www.suno.com.br\/noticias\/wp-json\/wp\/v2\/posts\/100709\/revisions"}],"predecessor-version":[{"id":152219,"href":"https:\/\/www.suno.com.br\/noticias\/wp-json\/wp\/v2\/posts\/100709\/revisions\/152219"}],"wp:featuredmedia":[{"embeddable":true,"href":"https:\/\/www.suno.com.br\/noticias\/wp-json\/wp\/v2\/media\/100718"}],"wp:attachment":[{"href":"https:\/\/www.suno.com.br\/noticias\/wp-json\/wp\/v2\/media?parent=100709"}],"wp:term":[{"taxonomy":"category","embeddable":true,"href":"https:\/\/www.suno.com.br\/noticias\/wp-json\/wp\/v2\/categories?post=100709"},{"taxonomy":"post_tag","embeddable":true,"href":"https:\/\/www.suno.com.br\/noticias\/wp-json\/wp\/v2\/tags?post=100709"},{"taxonomy":"suno_strategy","embeddable":true,"href":"https:\/\/www.suno.com.br\/noticias\/wp-json\/wp\/v2\/suno_strategy?post=100709"}],"curies":[{"name":"wp","href":"https:\/\/api.w.org\/{rel}","templated":true}]}}