{"id":100670,"date":"2020-11-16T16:43:04","date_gmt":"2020-11-16T19:43:04","guid":{"rendered":"https:\/\/www.suno.com.br\/noticias\/?p=100670"},"modified":"2021-02-17T21:41:47","modified_gmt":"2021-02-18T00:41:47","slug":"ifi-queda-pib-2020-expansao-2021","status":"publish","type":"post","link":"https:\/\/www.suno.com.br\/noticias\/ifi-queda-pib-2020-expansao-2021\/","title":{"rendered":"IFI projeta queda menor do PIB nesse ano e v\u00ea expans\u00e3o em 2021"},"content":{"rendered":"<p>A <a href=\"https:\/\/www.suno.com.br\/noticias\/tags\/ifi\/\">Institui\u00e7\u00e3o Fiscal Independente (IFI)<\/a> informou nesta segunda-feira (16) que passou a ver uma queda menor do <a href=\"https:\/\/www.suno.com.br\/artigos\/pib-produto-interno-bruto\/\">Produto Interno bruto (<strong>PIB<\/strong>)<\/a> brasileiro neste ano, e assim melhorou sua expectativa para a atividade econ\u00f4mica em 2020 e 2021.<\/p>\t<div class=\"wrapper-featured-image\">\n\t\t<figure class=\"spotlightImg\">\n\n\t\t\t<picture>\n\t\t\t\t<source media=\"(max-width: 768px)\" srcset=\"https:\/\/files.sunoresearch.com.br\/n\/uploads\/2020\/08\/bfc933fb-4096-2731-max-400x200.webp\">\n\t\t\t\t<img loading=\"lazy\" decoding=\"async\" class=\"newsContent__article__imgCapa lazyloadDisabled \" src=\"https:\/\/files.sunoresearch.com.br\/n\/uploads\/2020\/08\/bfc933fb-4096-2731-max-800x450.webp\" width=\"800\" height=\"450\" alt=\"IFI projeta queda menor do PIB nesse ano e v\u00ea expans\u00e3o em 2021\" fetchpriority=high \/>\n\t\t\t<\/picture>\n\n\t\t\t<figcaption class=\"wp-caption-text wp-caption-text--show\"> Foto: Pixabay<\/figcaption>\n\t\t<\/figure>\n\t<\/div>\n\n\n\t<p>\n\t\t<a href=\"\" target=\"_blank\" data-element=\"shortcode-suno-banner\" title=\"Banner SUNO, clique e saiba mais\">\n\t\t\t<picture>\n\t\t\t\t<source media=\"(max-width: 500px)\" srcset=\"\">\n\t\t\t\t<img class=\"newsContent__article__imgCapa newsContent__article__imgCapa--banner\"\n\t\t\t\t\tsrc=\"\"\n\t\t\t\t\tdata-promo-id=\"97204\"\t\t\t\t\t\t\t\t\t\t\t\t\t\t\talt=\"\"\n\t\t\t\t>\n\t\t\t<\/picture>\n\t\t<\/a>\n\t<\/p>\n\n\n<p>Para este ano, a <strong>IFI<\/strong> passou a ver uma queda de 5% do PIB, ante 6,5% na previs\u00e3o anterior.<\/p>\n<p>De acordo com o \u00f3rg\u00e3o ligado ao Senado, a mudan\u00e7a na previs\u00e3o re\u00fane o conjunto de indicadores dispon\u00edveis para o segundo semestre deste ano.<\/p>\n<p><a href=\"https:\/\/lp.suno.com.br\/suno-one\/\">Conhe\u00e7a o Suno One, a central gratuita de informa\u00e7\u00f5es da Suno para quem quer aprender a investir. Acesse clicando aqui.<\/a><\/p>\n<p>&#8220;A retomada delineada nos dados da produ\u00e7\u00e3o industrial, do n\u00edvel de utiliza\u00e7\u00e3o da capacidade instalada da ind\u00fastria de transforma\u00e7\u00e3o e das vendas do com\u00e9rcio varejista vem ocorrendo de maneira mais intensa do que era esperado pela <strong>IFI<\/strong> no cen\u00e1rio base apresentado em junho. A melhora do desempenho da atividade econ\u00f4mica ap\u00f3s o choque negativo de mar\u00e7o e abril causado pela pandemia pode ser explicada pelo efeito da flexibiliza\u00e7\u00e3o das medidas de isolamento social, do impulso da reabertura das atividades produtivas e do impacto sobre a demanda das pol\u00edticas de compensa\u00e7\u00e3o de renda&#8221;.<\/p>\n<p>J\u00e1 em rela\u00e7\u00e3o ao pr\u00f3ximo ano, a IFI revisou sua previs\u00e3o e passou a ver um avan\u00e7o do PIB de 2,8%, ante 2,5% na \u00faltima proje\u00e7\u00e3o.<\/p>\n<p>Frente a isso, a Institui\u00e7\u00e3o informou que &#8220;A d\u00favida quanto \u00e0 evolu\u00e7\u00e3o da <a href=\"https:\/\/www.suno.com.br\/artigos\/oferta-demanda\/\">demanda<\/a> interna ap\u00f3s a retirada dos est\u00edmulos fiscais, em um quadro de pronunciada deteriora\u00e7\u00e3o do mercado de trabalho, pode limitar o ritmo de recupera\u00e7\u00e3o da atividade no pr\u00f3ximo ano. O mesmo efeito pode advir da piora nas condi\u00e7\u00f5es financeiras, percebida na eleva\u00e7\u00e3o do pr\u00eamio embutido na curva futura de juros&#8221;.<\/p>\n<h2>Crescimento do PIB deve desacelerar gradualmente<\/h2>\n<p>Al\u00e9m disso, a IFI aponta que &#8220;ap\u00f3s a recupera\u00e7\u00e3o de 2021, o crescimento do PIB deve desacelerar gradualmente para 2,6% em 2022 e para 2,3% no m\u00e9dio prazo&#8221;.<\/p>\n<div class=\"hubspot-form-wrapper\">\n\t<div id=\"single-form-target\"><\/div>\n<\/div>\n\n<p>Em rela\u00e7\u00e3o a <a href=\"https:\/\/www.suno.com.br\/artigos\/o-que-receita-liquida\/\">receita l\u00edquida<\/a> e ao <a href=\"https:\/\/www.suno.com.br\/artigos\/deficit-primario\/\">d\u00e9ficit prim\u00e1rio<\/a> do governo central, a institui\u00e7\u00e3o tamb\u00e9m revisou e melhorou suas proje\u00e7\u00f5es. Agora a <strong>IFI<\/strong> prev\u00ea que a receita l\u00edquida ficar\u00e1 em R$ 1,176 trilh\u00e3o em 2020, ao passo que antes projetava R$ 1,087 trilh\u00e3o.<\/p>\n<p>&#8220;No cen\u00e1rio base, o <strong>d\u00e9ficit prim\u00e1rio<\/strong> do governo central dever\u00e1 ficar em R$ 779,8 bilh\u00f5es, em 2020, abaixo do projetado em junho (R$ 877,8 bilh\u00f5es). A principal mudan\u00e7a a explicar a revis\u00e3o est\u00e1 no ingresso de recursos referentes a <a href=\"https:\/\/www.suno.com.br\/artigos\/c\/impostos\/\"><strong>impostos<\/strong> <\/a>diferidos entre abril e junho&#8221;, destaca o relat\u00f3rio.<\/p>\n\t<div data-element=\"shortcode-read-more\" class=\"knowMore\">\n\t\t\t\t<span class=\"knowMore__title\">Veja tamb\u00e9m<\/span>\n\t\t\t\t<a class=\"knowMore__link\" href=\"https:\/\/www.suno.com.br\/noticias\/paulo-guedes-pib-2021\/\">\n\t\t\tPaulo Guedes diz que PIB do Brasil poder\u00e1 crescer at\u00e9 4% em 2021\t\t<\/a>\n\t<\/div>\n\n\n<p>Al\u00e9m disso, a institui\u00e7\u00e3o comentou sobre o <strong>teto de gastos<\/strong> e salientou que &#8220;risco de descumprimento do teto em 2021 continua alto, mas cen\u00e1rio melhorou em rela\u00e7\u00e3o \u00e0 revis\u00e3o de junho. Para cumprir o teto de gastos em 2021, as despesas discricion\u00e1rias do Executivo dever\u00e3o ir a R$ 112,7 bilh\u00f5es ou 1,5% do PIB, patamar historicamente baixo para esse conjunto de gastos. Nesse contexto, h\u00e1 muito pouco espa\u00e7o para novas despesas prim\u00e1rias em 2021, especialmente um novo programa de transfer\u00eancia de renda ou de investimento em infraestrutura&#8221;.<\/p>\n\t<p>\n\t\t<a href=\"https:\/\/lp.suno.com.br\/planilha-de-controle-de-investimentos\/\" target=\"_blank\" data-element=\"shortcode-suno-banner\" title=\"Banner SUNO, clique e saiba mais\">\n\t\t\t<picture>\n\t\t\t\t<source media=\"(max-width: 500px)\" srcset=\"https:\/\/files.sunoresearch.com.br\/n\/uploads\/2023\/03\/400x300-Controle-de-Investimentos.png\">\n\t\t\t\t<img class=\"newsContent__article__imgCapa newsContent__article__imgCapa--banner\"\n\t\t\t\t\tsrc=\"https:\/\/files.sunoresearch.com.br\/n\/uploads\/2023\/03\/1420x240-Controle-de-Investimentos.png\"\n\t\t\t\t\tdata-promo-id=\"75934\"\t\t\t\t\t\t\t\t\t\twidth='1420' height='240'\t\t\t\t\talt=\"https:\/\/files.sunoresearch.com.br\/n\/uploads\/2023\/03\/1420x240-Controle-de-Investimentos.png\"\n\t\t\t\t>\n\t\t\t<\/picture>\n\t\t<\/a>\n\t<\/p>\n\n\n","protected":false},"excerpt":{"rendered":"<p>A Institui\u00e7\u00e3o Fiscal Independente (IFI) informou nesta segunda-feira (16) que passou a ver uma queda menor do Produto Interno bruto (PIB) brasileiro neste ano, e assim melhorou sua expectativa para a atividade econ\u00f4mica em 2020 e 2021. Foto: Pixabay Para este ano, a IFI passou a ver uma queda de 5% do PIB, ante 6,5% [&hellip;]<\/p>\n","protected":false},"author":39,"featured_media":80194,"comment_status":"closed","ping_status":"closed","sticky":false,"template":"","format":"standard","meta":[],"categories":[62],"tags":[807],"suno_strategy":[],"class_list":["post-100670","post","type-post","status-publish","format-standard","has-post-thumbnail","hentry","category-economia","tag-produto-interno-bruto-pib"],"yoast_head":"<!-- This site is optimized with the Yoast SEO plugin v24.4 - https:\/\/yoast.com\/wordpress\/plugins\/seo\/ -->\n<title>IFI projeta queda menor do PIB nesse ano e v\u00ea expans\u00e3o em 2021<\/title>\n<meta name=\"description\" content=\"A Institui\u00e7\u00e3o Fiscal Independente passou a ver uma queda menor do Produto Interno bruto (PIB) neste ano. Clique aqui para saber mais.\" \/>\n<meta name=\"robots\" content=\"index, follow, max-snippet:-1, max-image-preview:large, max-video-preview:-1\" \/>\n<link rel=\"canonical\" href=\"https:\/\/www.suno.com.br\/noticias\/ifi-queda-pib-2020-expansao-2021\/\" \/>\n<meta property=\"og:locale\" content=\"pt_BR\" \/>\n<meta property=\"og:type\" content=\"article\" \/>\n<meta property=\"og:title\" content=\"IFI projeta queda menor do PIB nesse ano e v\u00ea expans\u00e3o em 2021\" \/>\n<meta property=\"og:description\" content=\"A Institui\u00e7\u00e3o Fiscal Independente passou a ver uma queda menor do Produto Interno bruto (PIB) neste ano. Clique aqui para saber mais.\" \/>\n<meta property=\"og:url\" content=\"https:\/\/www.suno.com.br\/noticias\/ifi-queda-pib-2020-expansao-2021\/\" \/>\n<meta property=\"og:site_name\" content=\"Suno Not\u00edcias\" \/>\n<meta property=\"article:publisher\" content=\"https:\/\/facebook.com\/sunoresearch\" \/>\n<meta property=\"og:image\" content=\"https:\/\/files.sunoresearch.com.br\/n\/uploads\/2020\/08\/bfc933fb-4096-2731-max.jpg\" \/>\n\t<meta property=\"og:image:width\" content=\"1200\" \/>\n\t<meta property=\"og:image:height\" content=\"800\" \/>\n\t<meta property=\"og:image:type\" content=\"image\/jpeg\" \/>\n<meta name=\"author\" content=\"Laura Moutinho\" \/>\n<meta name=\"twitter:card\" content=\"summary_large_image\" \/>\n<meta name=\"twitter:creator\" content=\"@sunoresearch\" \/>\n<meta name=\"twitter:site\" content=\"@sunoresearch\" \/>\n<meta name=\"twitter:label1\" content=\"Escrito por\" \/>\n\t<meta name=\"twitter:data1\" content=\"Laura Moutinho\" \/>\n\t<meta name=\"twitter:label2\" content=\"Est. tempo de leitura\" \/>\n\t<meta name=\"twitter:data2\" content=\"3 minutos\" \/>\n<script type=\"application\/ld+json\" class=\"yoast-schema-graph\">{\"@context\":\"https:\/\/schema.org\",\"@graph\":[{\"@type\":\"NewsArticle\",\"@id\":\"https:\/\/www.suno.com.br\/noticias\/ifi-queda-pib-2020-expansao-2021\/#article\",\"isPartOf\":{\"@id\":\"https:\/\/www.suno.com.br\/noticias\/ifi-queda-pib-2020-expansao-2021\/\"},\"author\":{\"name\":\"Laura Moutinho\",\"@id\":\"https:\/\/www.suno.com.br\/noticias\/#\/schema\/person\/3df0d2808748b74496efe5dbeaef2c72\"},\"headline\":\"IFI projeta queda menor do PIB nesse ano e v\u00ea expans\u00e3o em 2021\",\"datePublished\":\"2020-11-16T19:43:04+00:00\",\"dateModified\":\"2021-02-18T00:41:47+00:00\",\"mainEntityOfPage\":{\"@id\":\"https:\/\/www.suno.com.br\/noticias\/ifi-queda-pib-2020-expansao-2021\/\"},\"wordCount\":581,\"publisher\":{\"@id\":\"https:\/\/www.suno.com.br\/noticias\/#organization\"},\"image\":{\"@id\":\"https:\/\/www.suno.com.br\/noticias\/ifi-queda-pib-2020-expansao-2021\/#primaryimage\"},\"thumbnailUrl\":\"https:\/\/files.sunoresearch.com.br\/n\/uploads\/2020\/08\/bfc933fb-4096-2731-max-jpg.webp\",\"keywords\":[\"Produto Interno Bruto (PIB)\"],\"articleSection\":[\"Economia\"],\"inLanguage\":\"pt-BR\"},{\"@type\":\"WebPage\",\"@id\":\"https:\/\/www.suno.com.br\/noticias\/ifi-queda-pib-2020-expansao-2021\/\",\"url\":\"https:\/\/www.suno.com.br\/noticias\/ifi-queda-pib-2020-expansao-2021\/\",\"name\":\"IFI projeta queda menor do PIB nesse ano e v\u00ea expans\u00e3o em 2021\",\"isPartOf\":{\"@id\":\"https:\/\/www.suno.com.br\/noticias\/#website\"},\"primaryImageOfPage\":{\"@id\":\"https:\/\/www.suno.com.br\/noticias\/ifi-queda-pib-2020-expansao-2021\/#primaryimage\"},\"image\":{\"@id\":\"https:\/\/www.suno.com.br\/noticias\/ifi-queda-pib-2020-expansao-2021\/#primaryimage\"},\"thumbnailUrl\":\"https:\/\/files.sunoresearch.com.br\/n\/uploads\/2020\/08\/bfc933fb-4096-2731-max-jpg.webp\",\"datePublished\":\"2020-11-16T19:43:04+00:00\",\"dateModified\":\"2021-02-18T00:41:47+00:00\",\"description\":\"A Institui\u00e7\u00e3o Fiscal Independente passou a ver uma queda menor do Produto Interno bruto (PIB) neste ano. Clique aqui para saber mais.\",\"breadcrumb\":{\"@id\":\"https:\/\/www.suno.com.br\/noticias\/ifi-queda-pib-2020-expansao-2021\/#breadcrumb\"},\"inLanguage\":\"pt-BR\",\"potentialAction\":[{\"@type\":\"ReadAction\",\"target\":[\"https:\/\/www.suno.com.br\/noticias\/ifi-queda-pib-2020-expansao-2021\/\"]}]},{\"@type\":\"ImageObject\",\"inLanguage\":\"pt-BR\",\"@id\":\"https:\/\/www.suno.com.br\/noticias\/ifi-queda-pib-2020-expansao-2021\/#primaryimage\",\"url\":\"https:\/\/files.sunoresearch.com.br\/n\/uploads\/2020\/08\/bfc933fb-4096-2731-max-jpg.webp\",\"contentUrl\":\"https:\/\/files.sunoresearch.com.br\/n\/uploads\/2020\/08\/bfc933fb-4096-2731-max-jpg.webp\",\"width\":1200,\"height\":800,\"caption\":\"Foto: Pixabay\"},{\"@type\":\"BreadcrumbList\",\"@id\":\"https:\/\/www.suno.com.br\/noticias\/ifi-queda-pib-2020-expansao-2021\/#breadcrumb\",\"itemListElement\":[{\"@type\":\"ListItem\",\"position\":1,\"name\":\"Not\u00edcias\",\"item\":\"https:\/\/www.suno.com.br\/noticias\/\"},{\"@type\":\"ListItem\",\"position\":2,\"name\":\"Economia\",\"item\":\"https:\/\/www.suno.com.br\/noticias\/economia\/\"},{\"@type\":\"ListItem\",\"position\":3,\"name\":\"IFI projeta queda menor do PIB nesse ano e v\u00ea expans\u00e3o em 2021\"}]},{\"@type\":\"WebSite\",\"@id\":\"https:\/\/www.suno.com.br\/noticias\/#website\",\"url\":\"https:\/\/www.suno.com.br\/noticias\/\",\"name\":\"Suno Not\u00edcias\",\"description\":\"Seu portal de informa\u00e7\u00e3o sobre o mundo dos investimentos\",\"publisher\":{\"@id\":\"https:\/\/www.suno.com.br\/noticias\/#organization\"},\"potentialAction\":[{\"@type\":\"SearchAction\",\"target\":{\"@type\":\"EntryPoint\",\"urlTemplate\":\"https:\/\/www.suno.com.br\/noticias\/?s={search_term_string}\"},\"query-input\":{\"@type\":\"PropertyValueSpecification\",\"valueRequired\":true,\"valueName\":\"search_term_string\"}}],\"inLanguage\":\"pt-BR\"},{\"@type\":\"Organization\",\"@id\":\"https:\/\/www.suno.com.br\/noticias\/#organization\",\"name\":\"Suno Not\u00edcias\",\"url\":\"https:\/\/www.suno.com.br\/noticias\/\",\"logo\":{\"@type\":\"ImageObject\",\"inLanguage\":\"pt-BR\",\"@id\":\"https:\/\/www.suno.com.br\/noticias\/#\/schema\/logo\/image\/\",\"url\":\"https:\/\/files.sunoresearch.com.br\/n\/uploads\/2021\/09\/suno-logo.png\",\"contentUrl\":\"https:\/\/files.sunoresearch.com.br\/n\/uploads\/2021\/09\/suno-logo.png\",\"width\":180,\"height\":180,\"caption\":\"Suno Not\u00edcias\"},\"image\":{\"@id\":\"https:\/\/www.suno.com.br\/noticias\/#\/schema\/logo\/image\/\"},\"sameAs\":[\"https:\/\/facebook.com\/sunoresearch\",\"https:\/\/x.com\/sunoresearch\",\"https:\/\/www.instagram.com\/suno\",\"https:\/\/www.linkedin.com\/company\/suno-research\/\",\"https:\/\/www.youtube.com\/c\/sunoresearch\"]},{\"@type\":\"Person\",\"@id\":\"https:\/\/www.suno.com.br\/noticias\/#\/schema\/person\/3df0d2808748b74496efe5dbeaef2c72\",\"name\":\"Laura Moutinho\",\"image\":{\"@type\":\"ImageObject\",\"inLanguage\":\"pt-BR\",\"@id\":\"https:\/\/www.suno.com.br\/noticias\/#\/schema\/person\/image\/\",\"url\":\"https:\/\/secure.gravatar.com\/avatar\/7571c7c8ca3a6fca5e41384ece5557ff?s=96&r=g\",\"contentUrl\":\"https:\/\/secure.gravatar.com\/avatar\/7571c7c8ca3a6fca5e41384ece5557ff?s=96&r=g\",\"caption\":\"Laura Moutinho\"},\"description\":\"Estagi\u00e1ria na Suno Not\u00edcias, escreve not\u00edcias que afetam o mercado financeiro. Estuda administra\u00e7\u00e3o na Universidade Presbiteriana Mackenzie.\",\"url\":\"https:\/\/www.suno.com.br\/noticias\/author\/laura-moutinho\/\"}]}<\/script>\n<!-- \/ Yoast SEO plugin. -->","yoast_head_json":{"title":"IFI projeta queda menor do PIB nesse ano e v\u00ea expans\u00e3o em 2021","description":"A Institui\u00e7\u00e3o Fiscal Independente passou a ver uma queda menor do Produto Interno bruto (PIB) neste ano. Clique aqui para saber mais.","robots":{"index":"index","follow":"follow","max-snippet":"max-snippet:-1","max-image-preview":"max-image-preview:large","max-video-preview":"max-video-preview:-1"},"canonical":"https:\/\/www.suno.com.br\/noticias\/ifi-queda-pib-2020-expansao-2021\/","og_locale":"pt_BR","og_type":"article","og_title":"IFI projeta queda menor do PIB nesse ano e v\u00ea expans\u00e3o em 2021","og_description":"A Institui\u00e7\u00e3o Fiscal Independente passou a ver uma queda menor do Produto Interno bruto (PIB) neste ano. Clique aqui para saber mais.","og_url":"https:\/\/www.suno.com.br\/noticias\/ifi-queda-pib-2020-expansao-2021\/","og_site_name":"Suno Not\u00edcias","article_publisher":"https:\/\/facebook.com\/sunoresearch","og_image":[{"width":1200,"height":800,"url":"https:\/\/files.sunoresearch.com.br\/n\/uploads\/2020\/08\/bfc933fb-4096-2731-max.jpg","type":"image\/jpeg"}],"author":"Laura Moutinho","twitter_card":"summary_large_image","twitter_creator":"@sunoresearch","twitter_site":"@sunoresearch","twitter_misc":{"Escrito por":"Laura Moutinho","Est. tempo de leitura":"3 minutos"},"schema":{"@context":"https:\/\/schema.org","@graph":[{"@type":"NewsArticle","@id":"https:\/\/www.suno.com.br\/noticias\/ifi-queda-pib-2020-expansao-2021\/#article","isPartOf":{"@id":"https:\/\/www.suno.com.br\/noticias\/ifi-queda-pib-2020-expansao-2021\/"},"author":{"name":"Laura Moutinho","@id":"https:\/\/www.suno.com.br\/noticias\/#\/schema\/person\/3df0d2808748b74496efe5dbeaef2c72"},"headline":"IFI projeta queda menor do PIB nesse ano e v\u00ea expans\u00e3o em 2021","datePublished":"2020-11-16T19:43:04+00:00","dateModified":"2021-02-18T00:41:47+00:00","mainEntityOfPage":{"@id":"https:\/\/www.suno.com.br\/noticias\/ifi-queda-pib-2020-expansao-2021\/"},"wordCount":581,"publisher":{"@id":"https:\/\/www.suno.com.br\/noticias\/#organization"},"image":{"@id":"https:\/\/www.suno.com.br\/noticias\/ifi-queda-pib-2020-expansao-2021\/#primaryimage"},"thumbnailUrl":"https:\/\/files.sunoresearch.com.br\/n\/uploads\/2020\/08\/bfc933fb-4096-2731-max-jpg.webp","keywords":["Produto Interno Bruto (PIB)"],"articleSection":["Economia"],"inLanguage":"pt-BR"},{"@type":"WebPage","@id":"https:\/\/www.suno.com.br\/noticias\/ifi-queda-pib-2020-expansao-2021\/","url":"https:\/\/www.suno.com.br\/noticias\/ifi-queda-pib-2020-expansao-2021\/","name":"IFI projeta queda menor do PIB nesse ano e v\u00ea expans\u00e3o em 2021","isPartOf":{"@id":"https:\/\/www.suno.com.br\/noticias\/#website"},"primaryImageOfPage":{"@id":"https:\/\/www.suno.com.br\/noticias\/ifi-queda-pib-2020-expansao-2021\/#primaryimage"},"image":{"@id":"https:\/\/www.suno.com.br\/noticias\/ifi-queda-pib-2020-expansao-2021\/#primaryimage"},"thumbnailUrl":"https:\/\/files.sunoresearch.com.br\/n\/uploads\/2020\/08\/bfc933fb-4096-2731-max-jpg.webp","datePublished":"2020-11-16T19:43:04+00:00","dateModified":"2021-02-18T00:41:47+00:00","description":"A Institui\u00e7\u00e3o Fiscal Independente passou a ver uma queda menor do Produto Interno bruto (PIB) neste ano. Clique aqui para saber mais.","breadcrumb":{"@id":"https:\/\/www.suno.com.br\/noticias\/ifi-queda-pib-2020-expansao-2021\/#breadcrumb"},"inLanguage":"pt-BR","potentialAction":[{"@type":"ReadAction","target":["https:\/\/www.suno.com.br\/noticias\/ifi-queda-pib-2020-expansao-2021\/"]}]},{"@type":"ImageObject","inLanguage":"pt-BR","@id":"https:\/\/www.suno.com.br\/noticias\/ifi-queda-pib-2020-expansao-2021\/#primaryimage","url":"https:\/\/files.sunoresearch.com.br\/n\/uploads\/2020\/08\/bfc933fb-4096-2731-max-jpg.webp","contentUrl":"https:\/\/files.sunoresearch.com.br\/n\/uploads\/2020\/08\/bfc933fb-4096-2731-max-jpg.webp","width":1200,"height":800,"caption":"Foto: Pixabay"},{"@type":"BreadcrumbList","@id":"https:\/\/www.suno.com.br\/noticias\/ifi-queda-pib-2020-expansao-2021\/#breadcrumb","itemListElement":[{"@type":"ListItem","position":1,"name":"Not\u00edcias","item":"https:\/\/www.suno.com.br\/noticias\/"},{"@type":"ListItem","position":2,"name":"Economia","item":"https:\/\/www.suno.com.br\/noticias\/economia\/"},{"@type":"ListItem","position":3,"name":"IFI projeta queda menor do PIB nesse ano e v\u00ea expans\u00e3o em 2021"}]},{"@type":"WebSite","@id":"https:\/\/www.suno.com.br\/noticias\/#website","url":"https:\/\/www.suno.com.br\/noticias\/","name":"Suno Not\u00edcias","description":"Seu portal de informa\u00e7\u00e3o sobre o mundo dos investimentos","publisher":{"@id":"https:\/\/www.suno.com.br\/noticias\/#organization"},"potentialAction":[{"@type":"SearchAction","target":{"@type":"EntryPoint","urlTemplate":"https:\/\/www.suno.com.br\/noticias\/?s={search_term_string}"},"query-input":{"@type":"PropertyValueSpecification","valueRequired":true,"valueName":"search_term_string"}}],"inLanguage":"pt-BR"},{"@type":"Organization","@id":"https:\/\/www.suno.com.br\/noticias\/#organization","name":"Suno Not\u00edcias","url":"https:\/\/www.suno.com.br\/noticias\/","logo":{"@type":"ImageObject","inLanguage":"pt-BR","@id":"https:\/\/www.suno.com.br\/noticias\/#\/schema\/logo\/image\/","url":"https:\/\/files.sunoresearch.com.br\/n\/uploads\/2021\/09\/suno-logo.png","contentUrl":"https:\/\/files.sunoresearch.com.br\/n\/uploads\/2021\/09\/suno-logo.png","width":180,"height":180,"caption":"Suno Not\u00edcias"},"image":{"@id":"https:\/\/www.suno.com.br\/noticias\/#\/schema\/logo\/image\/"},"sameAs":["https:\/\/facebook.com\/sunoresearch","https:\/\/x.com\/sunoresearch","https:\/\/www.instagram.com\/suno","https:\/\/www.linkedin.com\/company\/suno-research\/","https:\/\/www.youtube.com\/c\/sunoresearch"]},{"@type":"Person","@id":"https:\/\/www.suno.com.br\/noticias\/#\/schema\/person\/3df0d2808748b74496efe5dbeaef2c72","name":"Laura Moutinho","image":{"@type":"ImageObject","inLanguage":"pt-BR","@id":"https:\/\/www.suno.com.br\/noticias\/#\/schema\/person\/image\/","url":"https:\/\/secure.gravatar.com\/avatar\/7571c7c8ca3a6fca5e41384ece5557ff?s=96&r=g","contentUrl":"https:\/\/secure.gravatar.com\/avatar\/7571c7c8ca3a6fca5e41384ece5557ff?s=96&r=g","caption":"Laura Moutinho"},"description":"Estagi\u00e1ria na Suno Not\u00edcias, escreve not\u00edcias que afetam o mercado financeiro. Estuda administra\u00e7\u00e3o na Universidade Presbiteriana Mackenzie.","url":"https:\/\/www.suno.com.br\/noticias\/author\/laura-moutinho\/"}]}},"default_loop_html":"<div class=\"cardsPage__listCard__boxs\"><div class=\"cardsPage__listCard__boxs__img\"><a href=\"https:\/\/www.suno.com.br\/noticias\/ifi-queda-pib-2020-expansao-2021\/\"><img class=\"mask\" src=\"https:\/\/www.suno.com.br\/noticias\/wp-content\/themes\/suno\/resources\/images\/spotlight\/spotlight1img\/bg-mask.png\" alt=\"Image Mask\"\/><img src=\"https:\/\/files.sunoresearch.com.br\/n\/uploads\/2020\/08\/bfc933fb-4096-2731-max-400x200.webp\" alt=\"IFI projeta queda menor do PIB nesse ano e v\u00ea expans\u00e3o em 2021\"\/><\/a><span class=\"spotlightCategory\"><a href=\"https:\/\/www.suno.com.br\/noticias\/economia\/\">Economia<\/a><\/span><\/div><div class=\"cardsPage__listCard__boxs__content\"><a href=\"https:\/\/www.suno.com.br\/noticias\/ifi-queda-pib-2020-expansao-2021\/\"><h2 class=\"content__title\">IFI projeta queda menor do PIB nesse ano e v\u00ea expans\u00e3o em 2021<\/h2><\/a><div class=\"newsContent__article__meta\"><div class=\"newsContent__article__meta__authorBox\"><a href=\"https:\/\/www.suno.com.br\/noticias\/author\/laura-moutinho\/\" class=\"authorBox__avatar noMobi\"><img src=\"https:\/\/files.sunoresearch.com.br\/n\/uploads\/2020\/08\/531ff69d-whatsapp-image-2020-08-03-at-14.54.38-150x150.webp\" alt=\"Laura Moutinho\"><\/a><div class=\"authorBox__name\"><span>por\n\t\t\t<a href=\"https:\/\/www.suno.com.br\/noticias\/author\/laura-moutinho\/\"><span itemprop=\"author\">Laura Moutinho<\/span><\/a><\/span><time datetime=\"2020-11-16T16:43:04-03:00\" itemprop=\"datePublished\">16\/11\/2020 16:43<\/time><\/div><\/div><\/div><\/div><\/div>","single_layout":"posts","amp_enabled":true,"_links":{"self":[{"href":"https:\/\/www.suno.com.br\/noticias\/wp-json\/wp\/v2\/posts\/100670"}],"collection":[{"href":"https:\/\/www.suno.com.br\/noticias\/wp-json\/wp\/v2\/posts"}],"about":[{"href":"https:\/\/www.suno.com.br\/noticias\/wp-json\/wp\/v2\/types\/post"}],"author":[{"embeddable":true,"href":"https:\/\/www.suno.com.br\/noticias\/wp-json\/wp\/v2\/users\/39"}],"replies":[{"embeddable":true,"href":"https:\/\/www.suno.com.br\/noticias\/wp-json\/wp\/v2\/comments?post=100670"}],"version-history":[{"count":0,"href":"https:\/\/www.suno.com.br\/noticias\/wp-json\/wp\/v2\/posts\/100670\/revisions"}],"wp:featuredmedia":[{"embeddable":true,"href":"https:\/\/www.suno.com.br\/noticias\/wp-json\/wp\/v2\/media\/80194"}],"wp:attachment":[{"href":"https:\/\/www.suno.com.br\/noticias\/wp-json\/wp\/v2\/media?parent=100670"}],"wp:term":[{"taxonomy":"category","embeddable":true,"href":"https:\/\/www.suno.com.br\/noticias\/wp-json\/wp\/v2\/categories?post=100670"},{"taxonomy":"post_tag","embeddable":true,"href":"https:\/\/www.suno.com.br\/noticias\/wp-json\/wp\/v2\/tags?post=100670"},{"taxonomy":"suno_strategy","embeddable":true,"href":"https:\/\/www.suno.com.br\/noticias\/wp-json\/wp\/v2\/suno_strategy?post=100670"}],"curies":[{"name":"wp","href":"https:\/\/api.w.org\/{rel}","templated":true}]}}