{"id":100502,"date":"2020-11-16T09:03:06","date_gmt":"2020-11-16T12:03:06","guid":{"rendered":"https:\/\/www.suno.com.br\/noticias\/?p=100502"},"modified":"2020-11-17T08:08:07","modified_gmt":"2020-11-17T11:08:07","slug":"azul-azul4-prejuizo","status":"publish","type":"post","link":"https:\/\/www.suno.com.br\/noticias\/azul-azul4-prejuizo\/","title":{"rendered":"Azul (AZUL4) tem preju\u00edzo de R$ 1,22 bilh\u00e3o mas melhora previs\u00f5es"},"content":{"rendered":"<p>A<strong> Azul<\/strong> (<a href=\"https:\/\/www.suno.com.br\/acoes\/azul4\/#:~:text=SOBRE%20AZUL%20%2D%20AZUL4&amp;text=Sua%20atividade%20principal%20%C3%A9%20o,quase%20todos%20os%20estados%20brasileiros.&amp;text=Em%20Portugal%2C%20Argentina%20e%20Estados,para%20mais%20de%20um%20destino.\" target=\"_blank\" rel=\"noopener noreferrer\">AZUL4<\/a>) teve um preju\u00edzo de R$ 1,22 bilh\u00e3o no terceiro trimestre de 2020, aumento de 122,7% nas perdas em compara\u00e7\u00e3o com o mesmo per\u00edodo do ano passado. Ao mesmo tempo, a companhia melhorou hoje suas previs\u00f5es de oferta de voos at\u00e9 o final deste ano, quando deve chegar a 70%.<\/p>\t<div class=\"wrapper-featured-image\">\n\t\t<figure class=\"spotlightImg\">\n\n\t\t\t<picture>\n\t\t\t\t<source media=\"(max-width: 768px)\" srcset=\"https:\/\/files.sunoresearch.com.br\/n\/uploads\/2020\/10\/4cc3365c-blue-400x200.webp\">\n\t\t\t\t<img loading=\"lazy\" decoding=\"async\" class=\"newsContent__article__imgCapa lazyloadDisabled \" src=\"https:\/\/files.sunoresearch.com.br\/n\/uploads\/2020\/10\/4cc3365c-blue-jpg.webp\" width=\"800\" height=\"450\" alt=\"Azul (AZUL4) tem preju\u00edzo de R$ 1,22 bilh\u00e3o mas melhora previs\u00f5es\" fetchpriority=high \/>\n\t\t\t<\/picture>\n\n\t\t\t<figcaption class=\"wp-caption-text wp-caption-text--show\">Azul (AZUL4): Demanda por voos cai 34,4% em fevereiro<\/figcaption>\n\t\t<\/figure>\n\t<\/div>\n\n\n<p><span style=\"font-weight: 400;\">\t<p>\n\t\t<a href=\"\" target=\"_blank\" data-element=\"shortcode-suno-banner\" title=\"Banner SUNO, clique e saiba mais\">\n\t\t\t<picture>\n\t\t\t\t<source media=\"(max-width: 500px)\" srcset=\"\">\n\t\t\t\t<img class=\"newsContent__article__imgCapa newsContent__article__imgCapa--banner\"\n\t\t\t\t\tsrc=\"\"\n\t\t\t\t\tdata-promo-id=\"97204\"\t\t\t\t\t\t\t\t\t\t\t\t\t\t\talt=\"\"\n\t\t\t\t>\n\t\t\t<\/picture>\n\t\t<\/a>\n\t<\/p>\n\n<\/span><\/p>\n<p>O <a href=\"https:\/\/www.suno.com.br\/artigos\/ebitda\/\" target=\"_blank\" rel=\"noopener noreferrer\">Ebitda<\/a> (lucro antes de juros, impostos, amortiza\u00e7\u00e3o e deprecia\u00e7\u00e3o) da companhia a\u00e9rea foi de R$ 198,3 milh\u00f5es no terceiro trimestre, queda de 78,4% ante o mesmo intervalo de 2019. A <a href=\"https:\/\/www.suno.com.br\/artigos\/o-que-receita-liquida\/\" target=\"_blank\" rel=\"noopener noreferrer\">receita l\u00edquida<\/a> somou R$ 805,3 milh\u00f5es, queda de 73,4%, impactada pela redu\u00e7\u00e3o na demanda de passageiros devido \u00e0 pandemia da Covid<\/p>\n<p><a href=\"https:\/\/lp.suno.com.br\/suno-one\/\"><span style=\"font-weight: 400;\">Suno One: acesse gratuitamente eBooks, Minicursos, Artigos e Video Aulas sobre investimentos com um \u00fanico cadastro. Clique para saber mais!<\/span><\/a><\/p>\n<p>Na frente operacional, a Azul divulgou queda de 66,6% na oferta de voos (ASK) e de 69% na demanda (RPK). A taxa de ocupa\u00e7\u00e3o foi de 78,4%, frente a uma ocupa\u00e7\u00e3o de 84,3% um ano antes. J\u00e1 o yield por passageiro\/quil\u00f4metro caiu 30,3% para 24,59 centavos.<\/p>\n<p>O custos e despesas operacionais foram de 1,053 bilh\u00e3o, queda de 57,9% na compara\u00e7\u00e3o anual.<\/p>\n<h2>Desempenho financeiro da Azul<\/h2>\n<p>O <a href=\"https:\/\/www.suno.com.br\/artigos\/resultado-financeiro\/\" target=\"_blank\" rel=\"noopener noreferrer\">resultado financeiro<\/a> l\u00edquido da companhia foi negativo em\u00a0 R$ 1,037 bilh\u00e3o no trimestre, sendo que a perda cambial n\u00e3o caixa somou R$ 542,6 milh\u00f5es, com a queda de 35,4% na cota\u00e7\u00e3o do real no per\u00edodo.<\/p>\n<p>A empresa encerrou o trimestre com <a href=\"https:\/\/www.suno.com.br\/artigos\/liquidez-financeira\/\" target=\"_blank\" rel=\"noopener noreferrer\">liquidez<\/a> imediata de R$ 2,3 bilh\u00f5es, sem considerar a recente emiss\u00e3o de deb\u00eantures da empresa. J\u00e1 a liquidez total chegou a R$ 6,9 bilh\u00f5es, incluindo investimentos de longo prazo, ativos dispon\u00edveis e reserva de manuten\u00e7\u00e3o.<\/p>\n<p>A <a href=\"https:\/\/www.suno.com.br\/artigos\/divida-liquida\/\" target=\"_blank\" rel=\"noopener noreferrer\">d\u00edvida l\u00edquida<\/a> da Azul chegou a R$ 14,77 bilh\u00f5es, queda de 6,8% em rela\u00e7\u00e3o ao trimestre anterior. A alavancagem (d\u00edvida l\u00edquida sobre Ebitda) ficou em 11,3 vezes, bem acima do patamar de 6,4 vezes obtido no segundo trimestre.<\/p>\n<div>Em 30 de setembro de 2020, o prazo m\u00e9dio da d\u00edvida da Azul, excluindo passivos de arrendamento de aeronaves, era de 3,1 anos com custo m\u00e9dio de 5,2%.<\/div>\n<h2>Azul revisou proje\u00e7\u00f5es para \u00faltimo trimestre de 2020<\/h2>\n<p>Recentemente, a empresa anunciou a emiss\u00e3o de R$ 1,7 bilh\u00e3o em<strong> deb\u00eantures<\/strong> convers\u00edveis. Segundo a empresa, considerando os n\u00edveis de caixa, ser\u00e1 poss\u00edvel sustentar a opera\u00e7\u00e3o por mais de cinco anos.<\/p>\n<p><span style=\"font-weight: 400;\"><div class=\"hubspot-form-wrapper\">\n\t<div id=\"single-form-target\"><\/div>\n<\/div>\n<\/span><\/p>\n<p>A Azul revisou sua proje\u00e7\u00e3o de<strong> oferta de voos<\/strong> (ASK) total para dezembro de 2020, que passou de 60% para 70% do ASK de 2019. A empresa n\u00e3o tinha uma previs\u00e3o para o ASK dom\u00e9tico, mas informou agora esperar ASK maior que 80% do visto em dezembro de 2019 para o \u00faltimo m\u00eas de 2020.<\/p>\n<p>Em setembro, a capacidade dom\u00e9stica da Azul representou 49% do mesmo per\u00edodo do ano passado.<\/p>\n<p>A Azul voltar\u00e1 a voar para 113 dos 116 destinos servidos no in\u00edcio de 2020, at\u00e9 o final deste ano, o que representa recupera\u00e7\u00f5 de 97% da malha em termos de cidades atendidas.<\/p>\n<p><span style=\"font-weight: 400;\">\t<div data-element=\"shortcode-read-more\" class=\"knowMore\">\n\t\t\t\t<span class=\"knowMore__title\">Saiba mais<\/span>\n\t\t\t\t<a class=\"knowMore__link\" href=\"https:\/\/www.suno.com.br\/noticias\/emissao-debentures-azul-azul4-soma-17-bilhao\/\">\n\t\t\tEmiss\u00e3o de deb\u00eantures da Azul (AZUL4) somar\u00e1 R$ 1,745 bilh\u00e3o\t\t<\/a>\n\t<\/div>\n\n<\/span><\/p>\n<p>O consumo m\u00e9dio di\u00e1rio no quarto trimestre deve ser de R$ 1,5 milh\u00e3o, excluindo a emiss\u00e3o de deb\u00eantures convers\u00edveis. A previs\u00e3o anterior era de R$ 2,5 milh\u00f5es por dia de consumo de caixa m\u00e9dio.<\/p>\n<p>A expectativa de pagamento de arrendamento da <strong>Azul<\/strong> passou de R$ 471 milh\u00f5es no segundo semestre de 2020 para R$ 324 milh\u00f5es no quarto trimestre de 2020. A redu\u00e7\u00e3o, comparada ao plano original, \u00e9 de 60%.<\/p>\n<p><span style=\"font-weight: 400;\">\t<p>\n\t\t<a href=\"https:\/\/lp.suno.com.br\/planilha-de-controle-de-investimentos\/\" target=\"_blank\" data-element=\"shortcode-suno-banner\" title=\"Banner SUNO, clique e saiba mais\">\n\t\t\t<picture>\n\t\t\t\t<source media=\"(max-width: 500px)\" srcset=\"https:\/\/files.sunoresearch.com.br\/n\/uploads\/2023\/03\/400x300-Controle-de-Investimentos.png\">\n\t\t\t\t<img class=\"newsContent__article__imgCapa newsContent__article__imgCapa--banner\"\n\t\t\t\t\tsrc=\"https:\/\/files.sunoresearch.com.br\/n\/uploads\/2023\/03\/1420x240-Controle-de-Investimentos.png\"\n\t\t\t\t\tdata-promo-id=\"75934\"\t\t\t\t\t\t\t\t\t\twidth='1420' height='240'\t\t\t\t\talt=\"https:\/\/files.sunoresearch.com.br\/n\/uploads\/2023\/03\/1420x240-Controle-de-Investimentos.png\"\n\t\t\t\t>\n\t\t\t<\/picture>\n\t\t<\/a>\n\t<\/p>\n\n<\/span><\/p>\n","protected":false},"excerpt":{"rendered":"<p>A Azul (AZUL4) teve um preju\u00edzo de R$ 1,22 bilh\u00e3o no terceiro trimestre de 2020, aumento de 122,7% nas perdas em compara\u00e7\u00e3o com o mesmo per\u00edodo do ano passado. Ao mesmo tempo, a companhia melhorou hoje suas previs\u00f5es de oferta de voos at\u00e9 o final deste ano, quando deve chegar a 70%. Azul (AZUL4): Demanda [&hellip;]<\/p>\n","protected":false},"author":60,"featured_media":90012,"comment_status":"closed","ping_status":"closed","sticky":false,"template":"","format":"standard","meta":[],"categories":[64],"tags":[106932],"suno_strategy":[],"class_list":["post-100502","post","type-post","status-publish","format-standard","has-post-thumbnail","hentry","category-negocios","tag-azul-azul4"],"yoast_head":"<!-- This site is optimized with the Yoast SEO plugin v24.4 - https:\/\/yoast.com\/wordpress\/plugins\/seo\/ -->\n<title>Azul (AZUL4) tem preju\u00edzo de R$ 1,22 bilh\u00e3o no 3T20<\/title>\n<meta name=\"description\" content=\"A Azul (AZUL4) teve um preju\u00edzo de R$ 1,22 bilh\u00e3o no terceiro trimestre de 2020, aumento de 122,7% na compara\u00e7\u00e3o anual. Leia mais aqui.\" \/>\n<meta name=\"robots\" content=\"index, follow, max-snippet:-1, max-image-preview:large, max-video-preview:-1\" \/>\n<link rel=\"canonical\" href=\"https:\/\/www.suno.com.br\/noticias\/azul-azul4-prejuizo\/\" \/>\n<meta property=\"og:locale\" content=\"pt_BR\" \/>\n<meta property=\"og:type\" content=\"article\" \/>\n<meta property=\"og:title\" content=\"Azul (AZUL4) tem preju\u00edzo de R$ 1,22 bilh\u00e3o no 3T20\" \/>\n<meta property=\"og:description\" content=\"A Azul (AZUL4) teve um preju\u00edzo de R$ 1,22 bilh\u00e3o no terceiro trimestre de 2020, aumento de 122,7% na compara\u00e7\u00e3o anual. Leia mais aqui.\" \/>\n<meta property=\"og:url\" content=\"https:\/\/www.suno.com.br\/noticias\/azul-azul4-prejuizo\/\" \/>\n<meta property=\"og:site_name\" content=\"Suno Not\u00edcias\" \/>\n<meta property=\"article:publisher\" content=\"https:\/\/facebook.com\/sunoresearch\" \/>\n<meta property=\"og:image\" content=\"https:\/\/files.sunoresearch.com.br\/n\/uploads\/2020\/10\/4cc3365c-blue.jpg\" \/>\n\t<meta property=\"og:image:width\" content=\"507\" \/>\n\t<meta property=\"og:image:height\" content=\"380\" \/>\n\t<meta property=\"og:image:type\" content=\"image\/jpeg\" \/>\n<meta name=\"author\" content=\"Natalia G\u00f3mez\" \/>\n<meta name=\"twitter:card\" content=\"summary_large_image\" \/>\n<meta name=\"twitter:creator\" content=\"@sunoresearch\" \/>\n<meta name=\"twitter:site\" content=\"@sunoresearch\" \/>\n<meta name=\"twitter:label1\" content=\"Escrito por\" \/>\n\t<meta name=\"twitter:data1\" content=\"Natalia G\u00f3mez\" \/>\n\t<meta name=\"twitter:label2\" content=\"Est. tempo de leitura\" \/>\n\t<meta name=\"twitter:data2\" content=\"3 minutos\" \/>\n<script type=\"application\/ld+json\" class=\"yoast-schema-graph\">{\"@context\":\"https:\/\/schema.org\",\"@graph\":[{\"@type\":\"NewsArticle\",\"@id\":\"https:\/\/www.suno.com.br\/noticias\/azul-azul4-prejuizo\/#article\",\"isPartOf\":{\"@id\":\"https:\/\/www.suno.com.br\/noticias\/azul-azul4-prejuizo\/\"},\"author\":{\"name\":\"Natalia G\u00f3mez\",\"@id\":\"https:\/\/www.suno.com.br\/noticias\/#\/schema\/person\/1b24d67c140a42e864ef414497edb164\"},\"headline\":\"Azul (AZUL4) tem preju\u00edzo de R$ 1,22 bilh\u00e3o mas melhora previs\u00f5es\",\"datePublished\":\"2020-11-16T12:03:06+00:00\",\"dateModified\":\"2020-11-17T11:08:07+00:00\",\"mainEntityOfPage\":{\"@id\":\"https:\/\/www.suno.com.br\/noticias\/azul-azul4-prejuizo\/\"},\"wordCount\":598,\"publisher\":{\"@id\":\"https:\/\/www.suno.com.br\/noticias\/#organization\"},\"image\":{\"@id\":\"https:\/\/www.suno.com.br\/noticias\/azul-azul4-prejuizo\/#primaryimage\"},\"thumbnailUrl\":\"https:\/\/files.sunoresearch.com.br\/n\/uploads\/2020\/10\/4cc3365c-blue-jpg.webp\",\"keywords\":[\"Azul (AZUL4)\"],\"articleSection\":[\"Neg\u00f3cios\"],\"inLanguage\":\"pt-BR\"},{\"@type\":\"WebPage\",\"@id\":\"https:\/\/www.suno.com.br\/noticias\/azul-azul4-prejuizo\/\",\"url\":\"https:\/\/www.suno.com.br\/noticias\/azul-azul4-prejuizo\/\",\"name\":\"Azul (AZUL4) tem preju\u00edzo de R$ 1,22 bilh\u00e3o no 3T20\",\"isPartOf\":{\"@id\":\"https:\/\/www.suno.com.br\/noticias\/#website\"},\"primaryImageOfPage\":{\"@id\":\"https:\/\/www.suno.com.br\/noticias\/azul-azul4-prejuizo\/#primaryimage\"},\"image\":{\"@id\":\"https:\/\/www.suno.com.br\/noticias\/azul-azul4-prejuizo\/#primaryimage\"},\"thumbnailUrl\":\"https:\/\/files.sunoresearch.com.br\/n\/uploads\/2020\/10\/4cc3365c-blue-jpg.webp\",\"datePublished\":\"2020-11-16T12:03:06+00:00\",\"dateModified\":\"2020-11-17T11:08:07+00:00\",\"description\":\"A Azul (AZUL4) teve um preju\u00edzo de R$ 1,22 bilh\u00e3o no terceiro trimestre de 2020, aumento de 122,7% na compara\u00e7\u00e3o anual. Leia mais aqui.\",\"breadcrumb\":{\"@id\":\"https:\/\/www.suno.com.br\/noticias\/azul-azul4-prejuizo\/#breadcrumb\"},\"inLanguage\":\"pt-BR\",\"potentialAction\":[{\"@type\":\"ReadAction\",\"target\":[\"https:\/\/www.suno.com.br\/noticias\/azul-azul4-prejuizo\/\"]}]},{\"@type\":\"ImageObject\",\"inLanguage\":\"pt-BR\",\"@id\":\"https:\/\/www.suno.com.br\/noticias\/azul-azul4-prejuizo\/#primaryimage\",\"url\":\"https:\/\/files.sunoresearch.com.br\/n\/uploads\/2020\/10\/4cc3365c-blue-jpg.webp\",\"contentUrl\":\"https:\/\/files.sunoresearch.com.br\/n\/uploads\/2020\/10\/4cc3365c-blue-jpg.webp\",\"width\":507,\"height\":380,\"caption\":\"Azul (AZUL4): Demanda por voos cai 34,4% em fevereiro\"},{\"@type\":\"BreadcrumbList\",\"@id\":\"https:\/\/www.suno.com.br\/noticias\/azul-azul4-prejuizo\/#breadcrumb\",\"itemListElement\":[{\"@type\":\"ListItem\",\"position\":1,\"name\":\"Not\u00edcias\",\"item\":\"https:\/\/www.suno.com.br\/noticias\/\"},{\"@type\":\"ListItem\",\"position\":2,\"name\":\"Neg\u00f3cios\",\"item\":\"https:\/\/www.suno.com.br\/noticias\/negocios\/\"},{\"@type\":\"ListItem\",\"position\":3,\"name\":\"Azul (AZUL4) tem preju\u00edzo de R$ 1,22 bilh\u00e3o mas melhora previs\u00f5es\"}]},{\"@type\":\"WebSite\",\"@id\":\"https:\/\/www.suno.com.br\/noticias\/#website\",\"url\":\"https:\/\/www.suno.com.br\/noticias\/\",\"name\":\"Suno Not\u00edcias\",\"description\":\"Seu portal de informa\u00e7\u00e3o sobre o mundo dos investimentos\",\"publisher\":{\"@id\":\"https:\/\/www.suno.com.br\/noticias\/#organization\"},\"potentialAction\":[{\"@type\":\"SearchAction\",\"target\":{\"@type\":\"EntryPoint\",\"urlTemplate\":\"https:\/\/www.suno.com.br\/noticias\/?s={search_term_string}\"},\"query-input\":{\"@type\":\"PropertyValueSpecification\",\"valueRequired\":true,\"valueName\":\"search_term_string\"}}],\"inLanguage\":\"pt-BR\"},{\"@type\":\"Organization\",\"@id\":\"https:\/\/www.suno.com.br\/noticias\/#organization\",\"name\":\"Suno Not\u00edcias\",\"url\":\"https:\/\/www.suno.com.br\/noticias\/\",\"logo\":{\"@type\":\"ImageObject\",\"inLanguage\":\"pt-BR\",\"@id\":\"https:\/\/www.suno.com.br\/noticias\/#\/schema\/logo\/image\/\",\"url\":\"https:\/\/files.sunoresearch.com.br\/n\/uploads\/2021\/09\/suno-logo.png\",\"contentUrl\":\"https:\/\/files.sunoresearch.com.br\/n\/uploads\/2021\/09\/suno-logo.png\",\"width\":180,\"height\":180,\"caption\":\"Suno Not\u00edcias\"},\"image\":{\"@id\":\"https:\/\/www.suno.com.br\/noticias\/#\/schema\/logo\/image\/\"},\"sameAs\":[\"https:\/\/facebook.com\/sunoresearch\",\"https:\/\/x.com\/sunoresearch\",\"https:\/\/www.instagram.com\/suno\",\"https:\/\/www.linkedin.com\/company\/suno-research\/\",\"https:\/\/www.youtube.com\/c\/sunoresearch\"]},{\"@type\":\"Person\",\"@id\":\"https:\/\/www.suno.com.br\/noticias\/#\/schema\/person\/1b24d67c140a42e864ef414497edb164\",\"name\":\"Natalia G\u00f3mez\",\"image\":{\"@type\":\"ImageObject\",\"inLanguage\":\"pt-BR\",\"@id\":\"https:\/\/www.suno.com.br\/noticias\/#\/schema\/person\/image\/\",\"url\":\"https:\/\/secure.gravatar.com\/avatar\/9e957e0b2b485c2d42c3f4145c16d940?s=96&r=g\",\"contentUrl\":\"https:\/\/secure.gravatar.com\/avatar\/9e957e0b2b485c2d42c3f4145c16d940?s=96&r=g\",\"caption\":\"Natalia G\u00f3mez\"},\"description\":\"Editora do Suno Not\u00edcias desde outubro de 2020, \u00e9 jornalista formada pela PUC-SP, com p\u00f3s-gradua\u00e7\u00e3o em jornalismo liter\u00e1rio. Atua no mercado financeiro desde 2003, quando iniciou a carreira no jornal econ\u00f4mico DCI, cobrindo o setor de alimentos no caderno de Ind\u00fastria. Foi trainee do jornal Valor Econ\u00f4mico, onde atuou no Caderno de Empresas por quase tr\u00eas anos. L\u00e1, cobriu o setor de ind\u00fastria, com foco em siderurgia, embalagens e aeroespacial. Fez coberturas setoriais em viagens para S\u00e3o Jos\u00e9 dos Campos e Franca (SP), al\u00e9m de coberturas internacionais na Alemanha e na Su\u00e9cia. Trabalhou por cinco anos na Ag\u00eancia Estado\/Broadcast, do Grupo Estado, onde foi rep\u00f3rter dos setores de minera\u00e7\u00e3o e siderurgia, alimentos e bebidas e finan\u00e7as. Foi premiada como o pr\u00eamio Destaque de Reportagem da AE em 2007 e 2008. Al\u00e9m de atuar no servi\u00e7o de not\u00edcias em tempo real, fez participa\u00e7\u00f5es no caderno de Economia do jornal Estado de S.Paulo e na R\u00e1dio Eldorado. Ainda no Grupo Estado, foi editora assistente da editoria Empresas e Setores, atuando com edi\u00e7\u00e3o e pauta, al\u00e9m de cobrir mercados diariamente com o cen\u00e1rio de bolsa e fazer reportagens especiais com foco em governan\u00e7a corporativa. Trabalhou tamb\u00e9m como correspondente de finan\u00e7as no servi\u00e7o da Thomson Reuters em portugu\u00eas por quase um ano. Atuou por cerca de oito anos como jornalista independente, contribuindo para ve\u00edculos como UOL Economia, Infomoney e Revista Voc\u00ea SA, al\u00e9m de ter trabalhado em projetos na \u00e1rea de conte\u00fado e comunica\u00e7\u00e3o de institui\u00e7\u00f5es financeiras como Anbima, Banco BS2, Banco Pine, Ita\u00fa BBA e EQI.\",\"url\":\"https:\/\/www.suno.com.br\/noticias\/author\/natalia-gomez\/\"}]}<\/script>\n<!-- \/ Yoast SEO plugin. -->","yoast_head_json":{"title":"Azul (AZUL4) tem preju\u00edzo de R$ 1,22 bilh\u00e3o no 3T20","description":"A Azul (AZUL4) teve um preju\u00edzo de R$ 1,22 bilh\u00e3o no terceiro trimestre de 2020, aumento de 122,7% na compara\u00e7\u00e3o anual. Leia mais aqui.","robots":{"index":"index","follow":"follow","max-snippet":"max-snippet:-1","max-image-preview":"max-image-preview:large","max-video-preview":"max-video-preview:-1"},"canonical":"https:\/\/www.suno.com.br\/noticias\/azul-azul4-prejuizo\/","og_locale":"pt_BR","og_type":"article","og_title":"Azul (AZUL4) tem preju\u00edzo de R$ 1,22 bilh\u00e3o no 3T20","og_description":"A Azul (AZUL4) teve um preju\u00edzo de R$ 1,22 bilh\u00e3o no terceiro trimestre de 2020, aumento de 122,7% na compara\u00e7\u00e3o anual. Leia mais aqui.","og_url":"https:\/\/www.suno.com.br\/noticias\/azul-azul4-prejuizo\/","og_site_name":"Suno Not\u00edcias","article_publisher":"https:\/\/facebook.com\/sunoresearch","og_image":[{"width":507,"height":380,"url":"https:\/\/files.sunoresearch.com.br\/n\/uploads\/2020\/10\/4cc3365c-blue.jpg","type":"image\/jpeg"}],"author":"Natalia G\u00f3mez","twitter_card":"summary_large_image","twitter_creator":"@sunoresearch","twitter_site":"@sunoresearch","twitter_misc":{"Escrito por":"Natalia G\u00f3mez","Est. tempo de leitura":"3 minutos"},"schema":{"@context":"https:\/\/schema.org","@graph":[{"@type":"NewsArticle","@id":"https:\/\/www.suno.com.br\/noticias\/azul-azul4-prejuizo\/#article","isPartOf":{"@id":"https:\/\/www.suno.com.br\/noticias\/azul-azul4-prejuizo\/"},"author":{"name":"Natalia G\u00f3mez","@id":"https:\/\/www.suno.com.br\/noticias\/#\/schema\/person\/1b24d67c140a42e864ef414497edb164"},"headline":"Azul (AZUL4) tem preju\u00edzo de R$ 1,22 bilh\u00e3o mas melhora previs\u00f5es","datePublished":"2020-11-16T12:03:06+00:00","dateModified":"2020-11-17T11:08:07+00:00","mainEntityOfPage":{"@id":"https:\/\/www.suno.com.br\/noticias\/azul-azul4-prejuizo\/"},"wordCount":598,"publisher":{"@id":"https:\/\/www.suno.com.br\/noticias\/#organization"},"image":{"@id":"https:\/\/www.suno.com.br\/noticias\/azul-azul4-prejuizo\/#primaryimage"},"thumbnailUrl":"https:\/\/files.sunoresearch.com.br\/n\/uploads\/2020\/10\/4cc3365c-blue-jpg.webp","keywords":["Azul (AZUL4)"],"articleSection":["Neg\u00f3cios"],"inLanguage":"pt-BR"},{"@type":"WebPage","@id":"https:\/\/www.suno.com.br\/noticias\/azul-azul4-prejuizo\/","url":"https:\/\/www.suno.com.br\/noticias\/azul-azul4-prejuizo\/","name":"Azul (AZUL4) tem preju\u00edzo de R$ 1,22 bilh\u00e3o no 3T20","isPartOf":{"@id":"https:\/\/www.suno.com.br\/noticias\/#website"},"primaryImageOfPage":{"@id":"https:\/\/www.suno.com.br\/noticias\/azul-azul4-prejuizo\/#primaryimage"},"image":{"@id":"https:\/\/www.suno.com.br\/noticias\/azul-azul4-prejuizo\/#primaryimage"},"thumbnailUrl":"https:\/\/files.sunoresearch.com.br\/n\/uploads\/2020\/10\/4cc3365c-blue-jpg.webp","datePublished":"2020-11-16T12:03:06+00:00","dateModified":"2020-11-17T11:08:07+00:00","description":"A Azul (AZUL4) teve um preju\u00edzo de R$ 1,22 bilh\u00e3o no terceiro trimestre de 2020, aumento de 122,7% na compara\u00e7\u00e3o anual. Leia mais aqui.","breadcrumb":{"@id":"https:\/\/www.suno.com.br\/noticias\/azul-azul4-prejuizo\/#breadcrumb"},"inLanguage":"pt-BR","potentialAction":[{"@type":"ReadAction","target":["https:\/\/www.suno.com.br\/noticias\/azul-azul4-prejuizo\/"]}]},{"@type":"ImageObject","inLanguage":"pt-BR","@id":"https:\/\/www.suno.com.br\/noticias\/azul-azul4-prejuizo\/#primaryimage","url":"https:\/\/files.sunoresearch.com.br\/n\/uploads\/2020\/10\/4cc3365c-blue-jpg.webp","contentUrl":"https:\/\/files.sunoresearch.com.br\/n\/uploads\/2020\/10\/4cc3365c-blue-jpg.webp","width":507,"height":380,"caption":"Azul (AZUL4): Demanda por voos cai 34,4% em fevereiro"},{"@type":"BreadcrumbList","@id":"https:\/\/www.suno.com.br\/noticias\/azul-azul4-prejuizo\/#breadcrumb","itemListElement":[{"@type":"ListItem","position":1,"name":"Not\u00edcias","item":"https:\/\/www.suno.com.br\/noticias\/"},{"@type":"ListItem","position":2,"name":"Neg\u00f3cios","item":"https:\/\/www.suno.com.br\/noticias\/negocios\/"},{"@type":"ListItem","position":3,"name":"Azul (AZUL4) tem preju\u00edzo de R$ 1,22 bilh\u00e3o mas melhora previs\u00f5es"}]},{"@type":"WebSite","@id":"https:\/\/www.suno.com.br\/noticias\/#website","url":"https:\/\/www.suno.com.br\/noticias\/","name":"Suno Not\u00edcias","description":"Seu portal de informa\u00e7\u00e3o sobre o mundo dos investimentos","publisher":{"@id":"https:\/\/www.suno.com.br\/noticias\/#organization"},"potentialAction":[{"@type":"SearchAction","target":{"@type":"EntryPoint","urlTemplate":"https:\/\/www.suno.com.br\/noticias\/?s={search_term_string}"},"query-input":{"@type":"PropertyValueSpecification","valueRequired":true,"valueName":"search_term_string"}}],"inLanguage":"pt-BR"},{"@type":"Organization","@id":"https:\/\/www.suno.com.br\/noticias\/#organization","name":"Suno Not\u00edcias","url":"https:\/\/www.suno.com.br\/noticias\/","logo":{"@type":"ImageObject","inLanguage":"pt-BR","@id":"https:\/\/www.suno.com.br\/noticias\/#\/schema\/logo\/image\/","url":"https:\/\/files.sunoresearch.com.br\/n\/uploads\/2021\/09\/suno-logo.png","contentUrl":"https:\/\/files.sunoresearch.com.br\/n\/uploads\/2021\/09\/suno-logo.png","width":180,"height":180,"caption":"Suno Not\u00edcias"},"image":{"@id":"https:\/\/www.suno.com.br\/noticias\/#\/schema\/logo\/image\/"},"sameAs":["https:\/\/facebook.com\/sunoresearch","https:\/\/x.com\/sunoresearch","https:\/\/www.instagram.com\/suno","https:\/\/www.linkedin.com\/company\/suno-research\/","https:\/\/www.youtube.com\/c\/sunoresearch"]},{"@type":"Person","@id":"https:\/\/www.suno.com.br\/noticias\/#\/schema\/person\/1b24d67c140a42e864ef414497edb164","name":"Natalia G\u00f3mez","image":{"@type":"ImageObject","inLanguage":"pt-BR","@id":"https:\/\/www.suno.com.br\/noticias\/#\/schema\/person\/image\/","url":"https:\/\/secure.gravatar.com\/avatar\/9e957e0b2b485c2d42c3f4145c16d940?s=96&r=g","contentUrl":"https:\/\/secure.gravatar.com\/avatar\/9e957e0b2b485c2d42c3f4145c16d940?s=96&r=g","caption":"Natalia G\u00f3mez"},"description":"Editora do Suno Not\u00edcias desde outubro de 2020, \u00e9 jornalista formada pela PUC-SP, com p\u00f3s-gradua\u00e7\u00e3o em jornalismo liter\u00e1rio. Atua no mercado financeiro desde 2003, quando iniciou a carreira no jornal econ\u00f4mico DCI, cobrindo o setor de alimentos no caderno de Ind\u00fastria. Foi trainee do jornal Valor Econ\u00f4mico, onde atuou no Caderno de Empresas por quase tr\u00eas anos. L\u00e1, cobriu o setor de ind\u00fastria, com foco em siderurgia, embalagens e aeroespacial. Fez coberturas setoriais em viagens para S\u00e3o Jos\u00e9 dos Campos e Franca (SP), al\u00e9m de coberturas internacionais na Alemanha e na Su\u00e9cia. Trabalhou por cinco anos na Ag\u00eancia Estado\/Broadcast, do Grupo Estado, onde foi rep\u00f3rter dos setores de minera\u00e7\u00e3o e siderurgia, alimentos e bebidas e finan\u00e7as. Foi premiada como o pr\u00eamio Destaque de Reportagem da AE em 2007 e 2008. Al\u00e9m de atuar no servi\u00e7o de not\u00edcias em tempo real, fez participa\u00e7\u00f5es no caderno de Economia do jornal Estado de S.Paulo e na R\u00e1dio Eldorado. Ainda no Grupo Estado, foi editora assistente da editoria Empresas e Setores, atuando com edi\u00e7\u00e3o e pauta, al\u00e9m de cobrir mercados diariamente com o cen\u00e1rio de bolsa e fazer reportagens especiais com foco em governan\u00e7a corporativa. Trabalhou tamb\u00e9m como correspondente de finan\u00e7as no servi\u00e7o da Thomson Reuters em portugu\u00eas por quase um ano. Atuou por cerca de oito anos como jornalista independente, contribuindo para ve\u00edculos como UOL Economia, Infomoney e Revista Voc\u00ea SA, al\u00e9m de ter trabalhado em projetos na \u00e1rea de conte\u00fado e comunica\u00e7\u00e3o de institui\u00e7\u00f5es financeiras como Anbima, Banco BS2, Banco Pine, Ita\u00fa BBA e EQI.","url":"https:\/\/www.suno.com.br\/noticias\/author\/natalia-gomez\/"}]}},"default_loop_html":"<div class=\"cardsPage__listCard__boxs\"><div class=\"cardsPage__listCard__boxs__img\"><a href=\"https:\/\/www.suno.com.br\/noticias\/azul-azul4-prejuizo\/\"><img class=\"mask\" src=\"https:\/\/www.suno.com.br\/noticias\/wp-content\/themes\/suno\/resources\/images\/spotlight\/spotlight1img\/bg-mask.png\" alt=\"Image Mask\"\/><img src=\"https:\/\/files.sunoresearch.com.br\/n\/uploads\/2020\/10\/4cc3365c-blue-400x200.webp\" alt=\"Azul (AZUL4) tem preju\u00edzo de R$ 1,22 bilh\u00e3o mas melhora previs\u00f5es\"\/><\/a><span class=\"spotlightCategory\"><a href=\"https:\/\/www.suno.com.br\/noticias\/negocios\/\">Neg\u00f3cios<\/a><\/span><\/div><div class=\"cardsPage__listCard__boxs__content\"><a href=\"https:\/\/www.suno.com.br\/noticias\/azul-azul4-prejuizo\/\"><h2 class=\"content__title\">Azul (AZUL4) tem preju\u00edzo de R$ 1,22 bilh\u00e3o mas melhora previs\u00f5es<\/h2><\/a><div class=\"newsContent__article__meta\"><div class=\"newsContent__article__meta__authorBox\"><a href=\"https:\/\/www.suno.com.br\/noticias\/author\/natalia-gomez\/\" class=\"authorBox__avatar noMobi\"><img src=\"https:\/\/secure.gravatar.com\/avatar\/9e957e0b2b485c2d42c3f4145c16d940?s=96&#038;r=g\" alt=\"Natalia G\u00f3mez\"><\/a><div class=\"authorBox__name\"><span>por\n\t\t\t<a href=\"https:\/\/www.suno.com.br\/noticias\/author\/natalia-gomez\/\"><span itemprop=\"author\">Natalia G\u00f3mez<\/span><\/a><\/span><time datetime=\"2020-11-16T09:03:06-03:00\" itemprop=\"datePublished\">16\/11\/2020 09:03<\/time><\/div><\/div><\/div><\/div><\/div>","single_layout":"posts","amp_enabled":true,"_links":{"self":[{"href":"https:\/\/www.suno.com.br\/noticias\/wp-json\/wp\/v2\/posts\/100502"}],"collection":[{"href":"https:\/\/www.suno.com.br\/noticias\/wp-json\/wp\/v2\/posts"}],"about":[{"href":"https:\/\/www.suno.com.br\/noticias\/wp-json\/wp\/v2\/types\/post"}],"author":[{"embeddable":true,"href":"https:\/\/www.suno.com.br\/noticias\/wp-json\/wp\/v2\/users\/60"}],"replies":[{"embeddable":true,"href":"https:\/\/www.suno.com.br\/noticias\/wp-json\/wp\/v2\/comments?post=100502"}],"version-history":[{"count":0,"href":"https:\/\/www.suno.com.br\/noticias\/wp-json\/wp\/v2\/posts\/100502\/revisions"}],"wp:featuredmedia":[{"embeddable":true,"href":"https:\/\/www.suno.com.br\/noticias\/wp-json\/wp\/v2\/media\/90012"}],"wp:attachment":[{"href":"https:\/\/www.suno.com.br\/noticias\/wp-json\/wp\/v2\/media?parent=100502"}],"wp:term":[{"taxonomy":"category","embeddable":true,"href":"https:\/\/www.suno.com.br\/noticias\/wp-json\/wp\/v2\/categories?post=100502"},{"taxonomy":"post_tag","embeddable":true,"href":"https:\/\/www.suno.com.br\/noticias\/wp-json\/wp\/v2\/tags?post=100502"},{"taxonomy":"suno_strategy","embeddable":true,"href":"https:\/\/www.suno.com.br\/noticias\/wp-json\/wp\/v2\/suno_strategy?post=100502"}],"curies":[{"name":"wp","href":"https:\/\/api.w.org\/{rel}","templated":true}]}}