{"id":100463,"date":"2020-11-16T08:21:57","date_gmt":"2020-11-16T11:21:57","guid":{"rendered":"https:\/\/www.suno.com.br\/noticias\/?p=100463"},"modified":"2021-06-14T00:29:17","modified_gmt":"2021-06-14T03:29:17","slug":"agenda-do-dia-resultados-pix-economia-16112020","status":"publish","type":"post","link":"https:\/\/www.suno.com.br\/noticias\/agenda-do-dia-resultados-pix-economia-16112020\/","title":{"rendered":"Agenda do Dia: balan\u00e7os corporativos, estreia do Pix e dados econ\u00f4micos"},"content":{"rendered":"<p>A <strong>Agenda do Dia<\/strong> desta segunda-feira (16) destaca mais um dia cheio de resultados corporativos do terceiro trimestre, al\u00e9m da estreia do Pix, sistema de pagamentos criado pelo <a href=\"https:\/\/www.suno.com.br\/artigos\/bacen\/\">Banco Central (BC)<\/a>.<\/p>\t<div class=\"wrapper-featured-image\">\n\t\t<figure class=\"spotlightImg\">\n\n\t\t\t<picture>\n\t\t\t\t<source media=\"(max-width: 768px)\" srcset=\"https:\/\/files.sunoresearch.com.br\/n\/uploads\/2020\/04\/ac0c1ea4-azul-400x200.webp\">\n\t\t\t\t<img loading=\"lazy\" decoding=\"async\" class=\"newsContent__article__imgCapa lazyloadDisabled \" src=\"https:\/\/files.sunoresearch.com.br\/n\/uploads\/2020\/04\/ac0c1ea4-azul-800x450.webp\" width=\"800\" height=\"450\" alt=\"Agenda do Dia: balan\u00e7os corporativos, estreia do Pix e dados econ\u00f4micos\" fetchpriority=high \/>\n\t\t\t<\/picture>\n\n\t\t\t<figcaption class=\"wp-caption-text wp-caption-text--show\">A Agenda do Dia desta segunda destaca mais um dia cheio de resultados corporativos do terceiro trimestre, al\u00e9m da estreia do Pix.<\/figcaption>\n\t\t<\/figure>\n\t<\/div>\n\n\n\t<p>\n\t\t<a href=\"\" target=\"_blank\" data-element=\"shortcode-suno-banner\" title=\"Banner SUNO, clique e saiba mais\">\n\t\t\t<picture>\n\t\t\t\t<source media=\"(max-width: 500px)\" srcset=\"\">\n\t\t\t\t<img class=\"newsContent__article__imgCapa newsContent__article__imgCapa--banner\"\n\t\t\t\t\tsrc=\"\"\n\t\t\t\t\tdata-promo-id=\"97204\"\t\t\t\t\t\t\t\t\t\t\t\t\t\t\talt=\"\"\n\t\t\t\t>\n\t\t\t<\/picture>\n\t\t<\/a>\n\t<\/p>\n\n\n<p>No cen\u00e1rio econ\u00f4mico, chama aten\u00e7\u00e3o dados oficiais divulgados pela <strong>China<\/strong> e <strong>Jap\u00e3o<\/strong>, al\u00e9m de indicadores de infla\u00e7\u00e3o da Funda\u00e7\u00e3o Getulio Vargas (FGV). Confira os destaques da Agenda do Dia:<\/p>\n<h2>Resultados trimestrais da Agenda do Dia<\/h2>\n<p>Hoje \u00e9 o \u00faltimo dia da temporada de resultados corporativos do terceiro trimestre. Confira quais ser\u00e3o publicados:<\/p>\n<table width=\"636\">\n<tbody>\n<tr>\n<td width=\"212\"><strong>Empresa<\/strong><\/td>\n<td width=\"212\"><strong>Ticker<\/strong><\/td>\n<td width=\"212\"><strong>Hor\u00e1rio<\/strong><\/td>\n<\/tr>\n<tr>\n<td>Azul<\/td>\n<td>AZUL4<\/td>\n<td>Manh\u00e3<\/td>\n<\/tr>\n<tr>\n<td>Intermedica<\/td>\n<td>GNDI3<\/td>\n<td>Noite<\/td>\n<\/tr>\n<tr>\n<td>Qualicorp<\/td>\n<td>QUAL3<\/td>\n<td>Noite<\/td>\n<\/tr>\n<tr>\n<td>Triunfo<\/td>\n<td>TPIS3<\/td>\n<td>Noite<\/td>\n<\/tr>\n<tr>\n<td>IMC<\/td>\n<td>MEAL3<\/td>\n<td>Noite<\/td>\n<\/tr>\n<tr>\n<td>Atma Participa\u00e7\u00f5es<\/td>\n<td>ATMP3<\/td>\n<td>Noite<\/td>\n<\/tr>\n<\/tbody>\n<\/table>\n<p>&nbsp;<\/p>\n<p><a href=\"https:\/\/lp.suno.com.br\/suno-one\/\">Suno One: acesse gratuitamente eBooks, Minicursos, Artigos e Video Aulas sobre investimentos com um \u00fanico cadastro. Clique para saber mais!<\/a><\/p>\n<h2>Pix entra em funcionamento<\/h2>\n<p>Ap\u00f3s uma fase de opera\u00e7\u00e3o restrita para testes, o <strong>Pix<\/strong>, sistema de pagamentos instant\u00e2neos, entra em funcionamento nesta segunda-feira (16), e \u00e9 destaque da Agenda do Dia.<\/p>\n<p>Desde o dia 5 de outubro, j\u00e1 est\u00e3o sendo realizados cadastros de chaves no sistema do <strong>BC<\/strong>, identificando contas para pagamentos e transfer\u00eancias. Todos os cadastrados em conta corrente, poupan\u00e7a ou de pagamentos pr\u00e9-paga em uma das 762 institui\u00e7\u00f5es aprovadas pela autoridade monet\u00e1ria j\u00e1 podem movimentar os recursos.<\/p>\n<p><span style=\"font-weight: 400;\">\u00a0<div class=\"hubspot-form-wrapper\">\n\t<div id=\"single-form-target\"><\/div>\n<\/div>\n<\/span><\/p>\n<h2>Produ\u00e7\u00e3o industrial na China<\/h2>\n<p>A produ\u00e7\u00e3o industrial da <strong>China<\/strong> cresceu 6,9% em outubro, em compara\u00e7\u00e3o ao mesmo m\u00eas de 2019. A informa\u00e7\u00e3o foi revelada pelo Escrit\u00f3rio Nacional de Estat\u00edsticas da China (NBS, na sigla em ingl\u00eas) nesta madrugada.<\/p>\n<p>O resultado ficou acima do esperado pelos economistas ouvidos pelo<em> The Wall Street Journal<\/em>, que estimavam um avan\u00e7o de 6,5%. Junto \u00e0 produ\u00e7\u00e3o industrial, a economia da China tem se recuperado dos efeitos do <a href=\"https:\/\/www.suno.com.br\/noticias\/?s=coronav%C3%ADrus\">novo <strong>coronav\u00edrus<\/strong> (Covid-19)<\/a> com fortes investimentos do governo e gastos dos consumidores.<\/p>\n<h2>Crescimento do PIB japon\u00eas<\/h2>\n<p>Ap\u00f3s o colapso registrado nos primeiros trimestres deste ano, o <a href=\"https:\/\/www.suno.com.br\/artigos\/pib-produto-interno-bruto\/\">Produto Interno Bruto (<strong>PIB<\/strong>)<\/a> do <strong>Jap\u00e3o<\/strong> avan\u00e7ou 21,4% na compara\u00e7\u00e3o anualizada, segundo informa\u00e7\u00f5es divulgadas nesta madrugada, mais um destaque da Agenda. Em compara\u00e7\u00e3o ao trimestre imediatamente anterior, o crescimento foi de 5%.<\/p>\n\t<div data-element=\"shortcode-read-more\" class=\"knowMore\">\n\t\t\t\t<span class=\"knowMore__title\">Veja tamb\u00e9m<\/span>\n\t\t\t\t<a class=\"knowMore__link\" href=\"https:\/\/www.suno.com.br\/noticias\/destaques-de-empresas-cvc-mmx-cemig-cogna-cosan\/\">\n\t\t\tDestaques de Empresas: CVC, MMX, Cemig, Cogna e Cosan\t\t<\/a>\n\t<\/div>\n\n\n<p>O resultado, que \u00e9 descontado pela <strong>infla\u00e7\u00e3o<\/strong>, foi impulsionado pela retomada do com\u00e9rcio no pa\u00eds, al\u00e9m dos est\u00edmulos governamentais para os gastos dos consumidores.<\/p>\n<p>Esse crescimento foi o mais intenso desde 1968, segundo as autoridades japonesas. Especialistas esperavam por um crescimento de 4,4% na base trimestral e de 18,9% no resultado anualizado.<\/p>\n<p>A <strong>Agenda do Dia<\/strong> desta segunda-feira tamb\u00e9m destaca a divulga\u00e7\u00e3o da balan\u00e7a comercial semanal brasileira, al\u00e9m do IPC-S e IGP-10, pela FGV. \u00c0s 8h25, o Banco Central tamb\u00e9m apresentar\u00e1 as estimativas econ\u00f4micas do Boletim Focus.<\/p>\n\t<p>\n\t\t<a href=\"https:\/\/lp.suno.com.br\/planilha-de-controle-de-investimentos\/\" target=\"_blank\" data-element=\"shortcode-suno-banner\" title=\"Banner SUNO, clique e saiba mais\">\n\t\t\t<picture>\n\t\t\t\t<source media=\"(max-width: 500px)\" srcset=\"https:\/\/files.sunoresearch.com.br\/n\/uploads\/2023\/03\/400x300-Controle-de-Investimentos.png\">\n\t\t\t\t<img class=\"newsContent__article__imgCapa newsContent__article__imgCapa--banner\"\n\t\t\t\t\tsrc=\"https:\/\/files.sunoresearch.com.br\/n\/uploads\/2023\/03\/1420x240-Controle-de-Investimentos.png\"\n\t\t\t\t\tdata-promo-id=\"75934\"\t\t\t\t\t\t\t\t\t\twidth='1420' height='240'\t\t\t\t\talt=\"https:\/\/files.sunoresearch.com.br\/n\/uploads\/2023\/03\/1420x240-Controle-de-Investimentos.png\"\n\t\t\t\t>\n\t\t\t<\/picture>\n\t\t<\/a>\n\t<\/p>\n\n\n","protected":false},"excerpt":{"rendered":"<p>A Agenda do Dia desta segunda-feira (16) destaca mais um dia cheio de resultados corporativos do terceiro trimestre, al\u00e9m da estreia do Pix, sistema de pagamentos criado pelo Banco Central (BC). A Agenda do Dia desta segunda destaca mais um dia cheio de resultados corporativos do terceiro trimestre, al\u00e9m da estreia do Pix. No cen\u00e1rio [&hellip;]<\/p>\n","protected":false},"author":24,"featured_media":61324,"comment_status":"closed","ping_status":"closed","sticky":false,"template":"","format":"standard","meta":[],"categories":[60],"tags":[1980,106932,1029,711,740,2637,820],"suno_strategy":[],"class_list":["post-100463","post","type-post","status-publish","format-standard","has-post-thumbnail","hentry","category-mercado","tag-agenda-do-dia","tag-azul-azul4","tag-balancos-trimestrais","tag-china","tag-economia","tag-pix","tag-producao-industrial"],"yoast_head":"<!-- This site is optimized with the Yoast SEO plugin v24.4 - https:\/\/yoast.com\/wordpress\/plugins\/seo\/ -->\n<title>Agenda do Dia: balan\u00e7os corporativos, estreia do Pix e dados econ\u00f4micos<\/title>\n<meta name=\"description\" content=\"A Agenda do Dia desta segunda destaca mais um dia cheio de resultados corporativos do terceiro trimestre, al\u00e9m da estreia do Pix. Saiba mais.\" \/>\n<meta name=\"robots\" content=\"index, follow, max-snippet:-1, max-image-preview:large, max-video-preview:-1\" \/>\n<link rel=\"canonical\" href=\"https:\/\/www.suno.com.br\/noticias\/agenda-do-dia-resultados-pix-economia-16112020\/\" \/>\n<meta property=\"og:locale\" content=\"pt_BR\" \/>\n<meta property=\"og:type\" content=\"article\" \/>\n<meta property=\"og:title\" content=\"Agenda do Dia: balan\u00e7os corporativos, estreia do Pix e dados econ\u00f4micos\" \/>\n<meta property=\"og:description\" content=\"A Agenda do Dia desta segunda destaca mais um dia cheio de resultados corporativos do terceiro trimestre, al\u00e9m da estreia do Pix. Saiba mais.\" \/>\n<meta property=\"og:url\" content=\"https:\/\/www.suno.com.br\/noticias\/agenda-do-dia-resultados-pix-economia-16112020\/\" \/>\n<meta property=\"og:site_name\" content=\"Suno Not\u00edcias\" \/>\n<meta property=\"article:publisher\" content=\"https:\/\/facebook.com\/sunoresearch\" \/>\n<meta property=\"og:image\" content=\"https:\/\/files.sunoresearch.com.br\/n\/uploads\/2020\/04\/ac0c1ea4-azul.jpg\" \/>\n\t<meta property=\"og:image:width\" content=\"1200\" \/>\n\t<meta property=\"og:image:height\" content=\"800\" \/>\n\t<meta property=\"og:image:type\" content=\"image\/jpeg\" \/>\n<meta name=\"author\" content=\"Jader Lazarini\" \/>\n<meta name=\"twitter:card\" content=\"summary_large_image\" \/>\n<meta name=\"twitter:creator\" content=\"@sunoresearch\" \/>\n<meta name=\"twitter:site\" content=\"@sunoresearch\" \/>\n<meta name=\"twitter:label1\" content=\"Escrito por\" \/>\n\t<meta name=\"twitter:data1\" content=\"Jader Lazarini\" \/>\n\t<meta name=\"twitter:label2\" content=\"Est. tempo de leitura\" \/>\n\t<meta name=\"twitter:data2\" content=\"2 minutos\" \/>\n<script type=\"application\/ld+json\" class=\"yoast-schema-graph\">{\"@context\":\"https:\/\/schema.org\",\"@graph\":[{\"@type\":\"NewsArticle\",\"@id\":\"https:\/\/www.suno.com.br\/noticias\/agenda-do-dia-resultados-pix-economia-16112020\/#article\",\"isPartOf\":{\"@id\":\"https:\/\/www.suno.com.br\/noticias\/agenda-do-dia-resultados-pix-economia-16112020\/\"},\"author\":{\"name\":\"Jader Lazarini\",\"@id\":\"https:\/\/www.suno.com.br\/noticias\/#\/schema\/person\/918d79de1f0281f01599b93f9ea6e23f\"},\"headline\":\"Agenda do Dia: balan\u00e7os corporativos, estreia do Pix e dados econ\u00f4micos\",\"datePublished\":\"2020-11-16T11:21:57+00:00\",\"dateModified\":\"2021-06-14T03:29:17+00:00\",\"mainEntityOfPage\":{\"@id\":\"https:\/\/www.suno.com.br\/noticias\/agenda-do-dia-resultados-pix-economia-16112020\/\"},\"wordCount\":495,\"publisher\":{\"@id\":\"https:\/\/www.suno.com.br\/noticias\/#organization\"},\"image\":{\"@id\":\"https:\/\/www.suno.com.br\/noticias\/agenda-do-dia-resultados-pix-economia-16112020\/#primaryimage\"},\"thumbnailUrl\":\"https:\/\/files.sunoresearch.com.br\/n\/uploads\/2020\/04\/ac0c1ea4-azul-jpg.webp\",\"keywords\":[\"agenda do dia\",\"Azul (AZUL4)\",\"balan\u00e7os trimestrais\",\"China\",\"Economia\",\"PIX\",\"produ\u00e7\u00e3o industrial\"],\"articleSection\":[\"Mercado\"],\"inLanguage\":\"pt-BR\"},{\"@type\":\"WebPage\",\"@id\":\"https:\/\/www.suno.com.br\/noticias\/agenda-do-dia-resultados-pix-economia-16112020\/\",\"url\":\"https:\/\/www.suno.com.br\/noticias\/agenda-do-dia-resultados-pix-economia-16112020\/\",\"name\":\"Agenda do Dia: balan\u00e7os corporativos, estreia do Pix e dados econ\u00f4micos\",\"isPartOf\":{\"@id\":\"https:\/\/www.suno.com.br\/noticias\/#website\"},\"primaryImageOfPage\":{\"@id\":\"https:\/\/www.suno.com.br\/noticias\/agenda-do-dia-resultados-pix-economia-16112020\/#primaryimage\"},\"image\":{\"@id\":\"https:\/\/www.suno.com.br\/noticias\/agenda-do-dia-resultados-pix-economia-16112020\/#primaryimage\"},\"thumbnailUrl\":\"https:\/\/files.sunoresearch.com.br\/n\/uploads\/2020\/04\/ac0c1ea4-azul-jpg.webp\",\"datePublished\":\"2020-11-16T11:21:57+00:00\",\"dateModified\":\"2021-06-14T03:29:17+00:00\",\"description\":\"A Agenda do Dia desta segunda destaca mais um dia cheio de resultados corporativos do terceiro trimestre, al\u00e9m da estreia do Pix. Saiba mais.\",\"breadcrumb\":{\"@id\":\"https:\/\/www.suno.com.br\/noticias\/agenda-do-dia-resultados-pix-economia-16112020\/#breadcrumb\"},\"inLanguage\":\"pt-BR\",\"potentialAction\":[{\"@type\":\"ReadAction\",\"target\":[\"https:\/\/www.suno.com.br\/noticias\/agenda-do-dia-resultados-pix-economia-16112020\/\"]}]},{\"@type\":\"ImageObject\",\"inLanguage\":\"pt-BR\",\"@id\":\"https:\/\/www.suno.com.br\/noticias\/agenda-do-dia-resultados-pix-economia-16112020\/#primaryimage\",\"url\":\"https:\/\/files.sunoresearch.com.br\/n\/uploads\/2020\/04\/ac0c1ea4-azul-jpg.webp\",\"contentUrl\":\"https:\/\/files.sunoresearch.com.br\/n\/uploads\/2020\/04\/ac0c1ea4-azul-jpg.webp\",\"width\":1200,\"height\":800,\"caption\":\"A Agenda do Dia desta segunda destaca mais um dia cheio de resultados corporativos do terceiro trimestre, al\u00e9m da estreia do Pix.\"},{\"@type\":\"BreadcrumbList\",\"@id\":\"https:\/\/www.suno.com.br\/noticias\/agenda-do-dia-resultados-pix-economia-16112020\/#breadcrumb\",\"itemListElement\":[{\"@type\":\"ListItem\",\"position\":1,\"name\":\"Not\u00edcias\",\"item\":\"https:\/\/www.suno.com.br\/noticias\/\"},{\"@type\":\"ListItem\",\"position\":2,\"name\":\"Mercado\",\"item\":\"https:\/\/www.suno.com.br\/noticias\/mercado\/\"},{\"@type\":\"ListItem\",\"position\":3,\"name\":\"Agenda do Dia: balan\u00e7os corporativos, estreia do Pix e dados econ\u00f4micos\"}]},{\"@type\":\"WebSite\",\"@id\":\"https:\/\/www.suno.com.br\/noticias\/#website\",\"url\":\"https:\/\/www.suno.com.br\/noticias\/\",\"name\":\"Suno Not\u00edcias\",\"description\":\"Seu portal de informa\u00e7\u00e3o sobre o mundo dos investimentos\",\"publisher\":{\"@id\":\"https:\/\/www.suno.com.br\/noticias\/#organization\"},\"potentialAction\":[{\"@type\":\"SearchAction\",\"target\":{\"@type\":\"EntryPoint\",\"urlTemplate\":\"https:\/\/www.suno.com.br\/noticias\/?s={search_term_string}\"},\"query-input\":{\"@type\":\"PropertyValueSpecification\",\"valueRequired\":true,\"valueName\":\"search_term_string\"}}],\"inLanguage\":\"pt-BR\"},{\"@type\":\"Organization\",\"@id\":\"https:\/\/www.suno.com.br\/noticias\/#organization\",\"name\":\"Suno Not\u00edcias\",\"url\":\"https:\/\/www.suno.com.br\/noticias\/\",\"logo\":{\"@type\":\"ImageObject\",\"inLanguage\":\"pt-BR\",\"@id\":\"https:\/\/www.suno.com.br\/noticias\/#\/schema\/logo\/image\/\",\"url\":\"https:\/\/files.sunoresearch.com.br\/n\/uploads\/2021\/09\/suno-logo.png\",\"contentUrl\":\"https:\/\/files.sunoresearch.com.br\/n\/uploads\/2021\/09\/suno-logo.png\",\"width\":180,\"height\":180,\"caption\":\"Suno Not\u00edcias\"},\"image\":{\"@id\":\"https:\/\/www.suno.com.br\/noticias\/#\/schema\/logo\/image\/\"},\"sameAs\":[\"https:\/\/facebook.com\/sunoresearch\",\"https:\/\/x.com\/sunoresearch\",\"https:\/\/www.instagram.com\/suno\",\"https:\/\/www.linkedin.com\/company\/suno-research\/\",\"https:\/\/www.youtube.com\/c\/sunoresearch\"]},{\"@type\":\"Person\",\"@id\":\"https:\/\/www.suno.com.br\/noticias\/#\/schema\/person\/918d79de1f0281f01599b93f9ea6e23f\",\"name\":\"Jader Lazarini\",\"image\":{\"@type\":\"ImageObject\",\"inLanguage\":\"pt-BR\",\"@id\":\"https:\/\/www.suno.com.br\/noticias\/#\/schema\/person\/image\/\",\"url\":\"https:\/\/secure.gravatar.com\/avatar\/3c1ad8caa51589841baeb923fcddea97?s=96&r=g\",\"contentUrl\":\"https:\/\/secure.gravatar.com\/avatar\/3c1ad8caa51589841baeb923fcddea97?s=96&r=g\",\"caption\":\"Jader Lazarini\"},\"description\":\"Jader Lazarini escreve sobre investimentos, finan\u00e7as, economia e neg\u00f3cios. \u00c9 bacharel em Rela\u00e7\u00f5es Internacionais e analista CNPI (2619).\",\"url\":\"https:\/\/www.suno.com.br\/noticias\/author\/jader-lazarini\/\"}]}<\/script>\n<!-- \/ Yoast SEO plugin. -->","yoast_head_json":{"title":"Agenda do Dia: balan\u00e7os corporativos, estreia do Pix e dados econ\u00f4micos","description":"A Agenda do Dia desta segunda destaca mais um dia cheio de resultados corporativos do terceiro trimestre, al\u00e9m da estreia do Pix. Saiba mais.","robots":{"index":"index","follow":"follow","max-snippet":"max-snippet:-1","max-image-preview":"max-image-preview:large","max-video-preview":"max-video-preview:-1"},"canonical":"https:\/\/www.suno.com.br\/noticias\/agenda-do-dia-resultados-pix-economia-16112020\/","og_locale":"pt_BR","og_type":"article","og_title":"Agenda do Dia: balan\u00e7os corporativos, estreia do Pix e dados econ\u00f4micos","og_description":"A Agenda do Dia desta segunda destaca mais um dia cheio de resultados corporativos do terceiro trimestre, al\u00e9m da estreia do Pix. Saiba mais.","og_url":"https:\/\/www.suno.com.br\/noticias\/agenda-do-dia-resultados-pix-economia-16112020\/","og_site_name":"Suno Not\u00edcias","article_publisher":"https:\/\/facebook.com\/sunoresearch","og_image":[{"width":1200,"height":800,"url":"https:\/\/files.sunoresearch.com.br\/n\/uploads\/2020\/04\/ac0c1ea4-azul.jpg","type":"image\/jpeg"}],"author":"Jader Lazarini","twitter_card":"summary_large_image","twitter_creator":"@sunoresearch","twitter_site":"@sunoresearch","twitter_misc":{"Escrito por":"Jader Lazarini","Est. tempo de leitura":"2 minutos"},"schema":{"@context":"https:\/\/schema.org","@graph":[{"@type":"NewsArticle","@id":"https:\/\/www.suno.com.br\/noticias\/agenda-do-dia-resultados-pix-economia-16112020\/#article","isPartOf":{"@id":"https:\/\/www.suno.com.br\/noticias\/agenda-do-dia-resultados-pix-economia-16112020\/"},"author":{"name":"Jader Lazarini","@id":"https:\/\/www.suno.com.br\/noticias\/#\/schema\/person\/918d79de1f0281f01599b93f9ea6e23f"},"headline":"Agenda do Dia: balan\u00e7os corporativos, estreia do Pix e dados econ\u00f4micos","datePublished":"2020-11-16T11:21:57+00:00","dateModified":"2021-06-14T03:29:17+00:00","mainEntityOfPage":{"@id":"https:\/\/www.suno.com.br\/noticias\/agenda-do-dia-resultados-pix-economia-16112020\/"},"wordCount":495,"publisher":{"@id":"https:\/\/www.suno.com.br\/noticias\/#organization"},"image":{"@id":"https:\/\/www.suno.com.br\/noticias\/agenda-do-dia-resultados-pix-economia-16112020\/#primaryimage"},"thumbnailUrl":"https:\/\/files.sunoresearch.com.br\/n\/uploads\/2020\/04\/ac0c1ea4-azul-jpg.webp","keywords":["agenda do dia","Azul (AZUL4)","balan\u00e7os trimestrais","China","Economia","PIX","produ\u00e7\u00e3o industrial"],"articleSection":["Mercado"],"inLanguage":"pt-BR"},{"@type":"WebPage","@id":"https:\/\/www.suno.com.br\/noticias\/agenda-do-dia-resultados-pix-economia-16112020\/","url":"https:\/\/www.suno.com.br\/noticias\/agenda-do-dia-resultados-pix-economia-16112020\/","name":"Agenda do Dia: balan\u00e7os corporativos, estreia do Pix e dados econ\u00f4micos","isPartOf":{"@id":"https:\/\/www.suno.com.br\/noticias\/#website"},"primaryImageOfPage":{"@id":"https:\/\/www.suno.com.br\/noticias\/agenda-do-dia-resultados-pix-economia-16112020\/#primaryimage"},"image":{"@id":"https:\/\/www.suno.com.br\/noticias\/agenda-do-dia-resultados-pix-economia-16112020\/#primaryimage"},"thumbnailUrl":"https:\/\/files.sunoresearch.com.br\/n\/uploads\/2020\/04\/ac0c1ea4-azul-jpg.webp","datePublished":"2020-11-16T11:21:57+00:00","dateModified":"2021-06-14T03:29:17+00:00","description":"A Agenda do Dia desta segunda destaca mais um dia cheio de resultados corporativos do terceiro trimestre, al\u00e9m da estreia do Pix. Saiba mais.","breadcrumb":{"@id":"https:\/\/www.suno.com.br\/noticias\/agenda-do-dia-resultados-pix-economia-16112020\/#breadcrumb"},"inLanguage":"pt-BR","potentialAction":[{"@type":"ReadAction","target":["https:\/\/www.suno.com.br\/noticias\/agenda-do-dia-resultados-pix-economia-16112020\/"]}]},{"@type":"ImageObject","inLanguage":"pt-BR","@id":"https:\/\/www.suno.com.br\/noticias\/agenda-do-dia-resultados-pix-economia-16112020\/#primaryimage","url":"https:\/\/files.sunoresearch.com.br\/n\/uploads\/2020\/04\/ac0c1ea4-azul-jpg.webp","contentUrl":"https:\/\/files.sunoresearch.com.br\/n\/uploads\/2020\/04\/ac0c1ea4-azul-jpg.webp","width":1200,"height":800,"caption":"A Agenda do Dia desta segunda destaca mais um dia cheio de resultados corporativos do terceiro trimestre, al\u00e9m da estreia do Pix."},{"@type":"BreadcrumbList","@id":"https:\/\/www.suno.com.br\/noticias\/agenda-do-dia-resultados-pix-economia-16112020\/#breadcrumb","itemListElement":[{"@type":"ListItem","position":1,"name":"Not\u00edcias","item":"https:\/\/www.suno.com.br\/noticias\/"},{"@type":"ListItem","position":2,"name":"Mercado","item":"https:\/\/www.suno.com.br\/noticias\/mercado\/"},{"@type":"ListItem","position":3,"name":"Agenda do Dia: balan\u00e7os corporativos, estreia do Pix e dados econ\u00f4micos"}]},{"@type":"WebSite","@id":"https:\/\/www.suno.com.br\/noticias\/#website","url":"https:\/\/www.suno.com.br\/noticias\/","name":"Suno Not\u00edcias","description":"Seu portal de informa\u00e7\u00e3o sobre o mundo dos investimentos","publisher":{"@id":"https:\/\/www.suno.com.br\/noticias\/#organization"},"potentialAction":[{"@type":"SearchAction","target":{"@type":"EntryPoint","urlTemplate":"https:\/\/www.suno.com.br\/noticias\/?s={search_term_string}"},"query-input":{"@type":"PropertyValueSpecification","valueRequired":true,"valueName":"search_term_string"}}],"inLanguage":"pt-BR"},{"@type":"Organization","@id":"https:\/\/www.suno.com.br\/noticias\/#organization","name":"Suno Not\u00edcias","url":"https:\/\/www.suno.com.br\/noticias\/","logo":{"@type":"ImageObject","inLanguage":"pt-BR","@id":"https:\/\/www.suno.com.br\/noticias\/#\/schema\/logo\/image\/","url":"https:\/\/files.sunoresearch.com.br\/n\/uploads\/2021\/09\/suno-logo.png","contentUrl":"https:\/\/files.sunoresearch.com.br\/n\/uploads\/2021\/09\/suno-logo.png","width":180,"height":180,"caption":"Suno Not\u00edcias"},"image":{"@id":"https:\/\/www.suno.com.br\/noticias\/#\/schema\/logo\/image\/"},"sameAs":["https:\/\/facebook.com\/sunoresearch","https:\/\/x.com\/sunoresearch","https:\/\/www.instagram.com\/suno","https:\/\/www.linkedin.com\/company\/suno-research\/","https:\/\/www.youtube.com\/c\/sunoresearch"]},{"@type":"Person","@id":"https:\/\/www.suno.com.br\/noticias\/#\/schema\/person\/918d79de1f0281f01599b93f9ea6e23f","name":"Jader Lazarini","image":{"@type":"ImageObject","inLanguage":"pt-BR","@id":"https:\/\/www.suno.com.br\/noticias\/#\/schema\/person\/image\/","url":"https:\/\/secure.gravatar.com\/avatar\/3c1ad8caa51589841baeb923fcddea97?s=96&r=g","contentUrl":"https:\/\/secure.gravatar.com\/avatar\/3c1ad8caa51589841baeb923fcddea97?s=96&r=g","caption":"Jader Lazarini"},"description":"Jader Lazarini escreve sobre investimentos, finan\u00e7as, economia e neg\u00f3cios. \u00c9 bacharel em Rela\u00e7\u00f5es Internacionais e analista CNPI (2619).","url":"https:\/\/www.suno.com.br\/noticias\/author\/jader-lazarini\/"}]}},"default_loop_html":"<div class=\"cardsPage__listCard__boxs\"><div class=\"cardsPage__listCard__boxs__img\"><a href=\"https:\/\/www.suno.com.br\/noticias\/agenda-do-dia-resultados-pix-economia-16112020\/\"><img class=\"mask\" src=\"https:\/\/www.suno.com.br\/noticias\/wp-content\/themes\/suno\/resources\/images\/spotlight\/spotlight1img\/bg-mask.png\" alt=\"Image Mask\"\/><img src=\"https:\/\/files.sunoresearch.com.br\/n\/uploads\/2020\/04\/ac0c1ea4-azul-400x200.webp\" alt=\"Agenda do Dia: balan\u00e7os corporativos, estreia do Pix e dados econ\u00f4micos\"\/><\/a><span class=\"spotlightCategory\"><a href=\"https:\/\/www.suno.com.br\/noticias\/mercado\/\">Mercado<\/a><\/span><\/div><div class=\"cardsPage__listCard__boxs__content\"><a href=\"https:\/\/www.suno.com.br\/noticias\/agenda-do-dia-resultados-pix-economia-16112020\/\"><h2 class=\"content__title\">Agenda do Dia: balan\u00e7os corporativos, estreia do Pix e dados econ\u00f4micos<\/h2><\/a><div class=\"newsContent__article__meta\"><div class=\"newsContent__article__meta__authorBox\"><a href=\"https:\/\/www.suno.com.br\/noticias\/author\/jader-lazarini\/\" class=\"authorBox__avatar noMobi\"><img src=\"https:\/\/files.sunoresearch.com.br\/n\/uploads\/2021\/01\/178e6598-foto-perfil-2-150x150.jpg\" alt=\"Jader Lazarini\"><\/a><div class=\"authorBox__name\"><span>por\n\t\t\t<a href=\"https:\/\/www.suno.com.br\/noticias\/author\/jader-lazarini\/\"><span itemprop=\"author\">Jader Lazarini<\/span><\/a><\/span><time datetime=\"2020-11-16T08:21:57-03:00\" itemprop=\"datePublished\">16\/11\/2020 08:21<\/time><\/div><\/div><\/div><\/div><\/div>","single_layout":"posts","amp_enabled":true,"_links":{"self":[{"href":"https:\/\/www.suno.com.br\/noticias\/wp-json\/wp\/v2\/posts\/100463"}],"collection":[{"href":"https:\/\/www.suno.com.br\/noticias\/wp-json\/wp\/v2\/posts"}],"about":[{"href":"https:\/\/www.suno.com.br\/noticias\/wp-json\/wp\/v2\/types\/post"}],"author":[{"embeddable":true,"href":"https:\/\/www.suno.com.br\/noticias\/wp-json\/wp\/v2\/users\/24"}],"replies":[{"embeddable":true,"href":"https:\/\/www.suno.com.br\/noticias\/wp-json\/wp\/v2\/comments?post=100463"}],"version-history":[{"count":1,"href":"https:\/\/www.suno.com.br\/noticias\/wp-json\/wp\/v2\/posts\/100463\/revisions"}],"predecessor-version":[{"id":157741,"href":"https:\/\/www.suno.com.br\/noticias\/wp-json\/wp\/v2\/posts\/100463\/revisions\/157741"}],"wp:featuredmedia":[{"embeddable":true,"href":"https:\/\/www.suno.com.br\/noticias\/wp-json\/wp\/v2\/media\/61324"}],"wp:attachment":[{"href":"https:\/\/www.suno.com.br\/noticias\/wp-json\/wp\/v2\/media?parent=100463"}],"wp:term":[{"taxonomy":"category","embeddable":true,"href":"https:\/\/www.suno.com.br\/noticias\/wp-json\/wp\/v2\/categories?post=100463"},{"taxonomy":"post_tag","embeddable":true,"href":"https:\/\/www.suno.com.br\/noticias\/wp-json\/wp\/v2\/tags?post=100463"},{"taxonomy":"suno_strategy","embeddable":true,"href":"https:\/\/www.suno.com.br\/noticias\/wp-json\/wp\/v2\/suno_strategy?post=100463"}],"curies":[{"name":"wp","href":"https:\/\/api.w.org\/{rel}","templated":true}]}}