{"id":100456,"date":"2020-11-16T07:33:09","date_gmt":"2020-11-16T10:33:09","guid":{"rendered":"https:\/\/www.suno.com.br\/noticias\/?p=100456"},"modified":"2020-11-16T07:34:50","modified_gmt":"2020-11-16T10:34:50","slug":"bloco-comercial-asia","status":"publish","type":"post","link":"https:\/\/www.suno.com.br\/noticias\/bloco-comercial-asia\/","title":{"rendered":"Pa\u00edses asi\u00e1ticos criam maior bloco comercial do mundo"},"content":{"rendered":"<p>Quinze pa\u00edses da \u00c1sia formaram o maior <strong><a href=\"https:\/\/www.suno.com.br\/artigos\/blocos-economicos\/\" target=\"_blank\" rel=\"noopener noreferrer\">bloco<\/a> comercial<\/strong> do mundo neste domingo, numa iniciativa apoiada pela China. Al\u00e9m da China, fazem parte do acordo Jap\u00e3o, Coreia do Sul, Nova Zel\u00e2ndia, Austr\u00e1lia e dez pa\u00edses do Sudeste Asi\u00e1tico, incluindo Indon\u00e9sia, Vietn\u00e3, Tail\u00e2ndia e <a href=\"https:\/\/www.suno.com.br\/artigos\/tigres-asiaticos\/\" target=\"_blank\" rel=\"noopener noreferrer\">Cingapura<\/a>. O acordo n\u00e3o inclui os Estados Unidos, maior economia do mundo.<\/p>\t<div class=\"wrapper-featured-image\">\n\t\t<figure class=\"spotlightImg\">\n\n\t\t\t<picture>\n\t\t\t\t<source media=\"(max-width: 768px)\" srcset=\"https:\/\/files.sunoresearch.com.br\/n\/uploads\/2020\/09\/06b2b19e-comercio-na-rua-wangfujing-em-pequimbeijing-na-china-asia-bolsas-asiaticas-asiaticos-consumo-economia-mundial-comercio-chines-chineses-1551794921783_v2_1920x1216-400x200.webp\">\n\t\t\t\t<img loading=\"lazy\" decoding=\"async\" class=\"newsContent__article__imgCapa lazyloadDisabled \" src=\"https:\/\/files.sunoresearch.com.br\/n\/uploads\/2020\/09\/06b2b19e-comercio-na-rua-wangfujing-em-pequimbeijing-na-china-asia-bolsas-asiaticas-asiaticos-consumo-economia-mundial-comercio-chines-chineses-1551794921783_v2_1920x1216-800x450.webp\" width=\"800\" height=\"450\" alt=\"Pa\u00edses asi\u00e1ticos criam maior bloco comercial do mundo\" fetchpriority=high \/>\n\t\t\t<\/picture>\n\n\t\t\t<figcaption class=\"wp-caption-text wp-caption-text--show\">Pa\u00edses da \u00c1sia criam bloco comercial<\/figcaption>\n\t\t<\/figure>\n\t<\/div>\n\n\n<p><span style=\"font-weight: 400;\">\u00a0\t<p>\n\t\t<a href=\"\" target=\"_blank\" data-element=\"shortcode-suno-banner\" title=\"Banner SUNO, clique e saiba mais\">\n\t\t\t<picture>\n\t\t\t\t<source media=\"(max-width: 500px)\" srcset=\"\">\n\t\t\t\t<img class=\"newsContent__article__imgCapa newsContent__article__imgCapa--banner\"\n\t\t\t\t\tsrc=\"\"\n\t\t\t\t\tdata-promo-id=\"97204\"\t\t\t\t\t\t\t\t\t\t\t\t\t\t\talt=\"\"\n\t\t\t\t>\n\t\t\t<\/picture>\n\t\t<\/a>\n\t<\/p>\n\n<\/span><\/p>\n<p>O bloco comercial, chamado de Parceria Econ\u00f4mica Abrangente Regional (<strong>RCEP<\/strong>, na sigla em ingl\u00eas), tem como objetivo reduzir progressivamente as tarifas em v\u00e1rias atividades econ\u00f4micas.<\/p>\n<p>O neg\u00f3cio pode firmar a parceria econ\u00f4mica da <strong>China<\/strong> com o Sudeste Asi\u00e1tico, Jap\u00e3o e Coreia, colocando a segunda maior economia do mundo em uma posi\u00e7\u00e3o mais favor\u00e1vel para moldar as regras de com\u00e9rcio da regi\u00e3o, segundo a CNBC.<\/p>\n<p><a href=\"https:\/\/lp.suno.com.br\/suno-one\/\"><span style=\"font-weight: 400;\">Suno One: acesse gratuitamente eBooks, Minicursos, Artigos e Video Aulas sobre investimentos com um \u00fanico cadastro. Clique para saber mais!<\/span><\/a><\/p>\n<div class=\"teads-inread\">\n<div id=\"teads0\" class=\"teads-player\">\n<p>Al\u00e9m disso, o RCEP poder\u00e1 ajudar a China a reduzir sua depend\u00eancia de outras regi\u00f5es nos <strong>mercados de tecnologia<\/strong>, enquanto os conflitos com Washington continuam.<\/p>\n<h2>Bloco comercial deve ajudar na recupera\u00e7\u00e3o das economias<\/h2>\n<\/div>\n<\/div>\n<div class=\"MidResponsive-midResponsiveContainer\">\n<div id=\"MidResponsive-8\" class=\"\" data-module=\"mps-slot\">Em uma cerim\u00f4nia virtual, os l\u00edderes dos pa\u00edses envolvidos assinaram o acordo para formar o bloco comercial. &#8220;O RCEP ser\u00e1 ratificado em breve pelos pa\u00edses participantes e passar\u00e1 a ter efeito, contribuindo para a recupera\u00e7\u00e3o da economia p\u00f3s-Covid&#8221;, disse o primeiro-ministro do Vietn\u00e3, Nguyen Xuan Phuc.<\/div>\n<div data-module=\"mps-slot\"><\/div>\n<div data-module=\"mps-slot\"><span style=\"font-weight: 400;\"><div class=\"hubspot-form-wrapper\">\n\t<div id=\"single-form-target\"><\/div>\n<\/div>\n <\/span><\/div>\n<div data-module=\"mps-slot\"><\/div>\n<div data-module=\"mps-slot\">O acordo dp RCEP foi assinado em paralelo \u00e0 reuni\u00e3o da Associa\u00e7\u00e3o de Na\u00e7\u00f5es do Sudeste Asi\u00e1tico (Asean).<\/div>\n<\/div>\n<div data-module=\"mps-slot\"><\/div>\n<div data-module=\"mps-slot\">O bloco comercial vai representar 30% da <strong>economia global<\/strong>, 30% da popula\u00e7\u00e3o mundial e atingir\u00e1 2,2 bilh\u00f5es de consumidores, segundo o representante do Vietn\u00e3.<\/div>\n<div data-module=\"mps-slot\">\n<p>De acordo com o governo japon\u00eas, o RCEP vai elimitar as tarifas de 91% das mercadorias entre os membros. Al\u00e9m disso, o <strong>bloco comercial<\/strong> derrubar\u00e1 as barreiras comerciais com muitos dos maiores parceiros comerciais do pa\u00eds, elevando o n\u00edvel de itens n\u00e3o tarif\u00e1rios enviados para a Coreia do Sul de 19% para 92%, e para a China de 8% para 86%.<\/p>\n<p><span style=\"font-weight: 400;\">\t<p>\n\t\t<a href=\"https:\/\/lp.suno.com.br\/planilha-de-controle-de-investimentos\/\" target=\"_blank\" data-element=\"shortcode-suno-banner\" title=\"Banner SUNO, clique e saiba mais\">\n\t\t\t<picture>\n\t\t\t\t<source media=\"(max-width: 500px)\" srcset=\"https:\/\/files.sunoresearch.com.br\/n\/uploads\/2023\/03\/400x300-Controle-de-Investimentos.png\">\n\t\t\t\t<img class=\"newsContent__article__imgCapa newsContent__article__imgCapa--banner\"\n\t\t\t\t\tsrc=\"https:\/\/files.sunoresearch.com.br\/n\/uploads\/2023\/03\/1420x240-Controle-de-Investimentos.png\"\n\t\t\t\t\tdata-promo-id=\"75934\"\t\t\t\t\t\t\t\t\t\twidth='1420' height='240'\t\t\t\t\talt=\"https:\/\/files.sunoresearch.com.br\/n\/uploads\/2023\/03\/1420x240-Controle-de-Investimentos.png\"\n\t\t\t\t>\n\t\t\t<\/picture>\n\t\t<\/a>\n\t<\/p>\n\n<\/span><\/p>\n<\/div>\n","protected":false},"excerpt":{"rendered":"<p>Quinze pa\u00edses da \u00c1sia formaram o maior bloco comercial do mundo neste domingo, numa iniciativa apoiada pela China. Al\u00e9m da China, fazem parte do acordo Jap\u00e3o, Coreia do Sul, Nova Zel\u00e2ndia, Austr\u00e1lia e dez pa\u00edses do Sudeste Asi\u00e1tico, incluindo Indon\u00e9sia, Vietn\u00e3, Tail\u00e2ndia e Cingapura. O acordo n\u00e3o inclui os Estados Unidos, maior economia do mundo. [&hellip;]<\/p>\n","protected":false},"author":60,"featured_media":84667,"comment_status":"closed","ping_status":"closed","sticky":false,"template":"","format":"standard","meta":[],"categories":[63],"tags":[711],"suno_strategy":[],"class_list":["post-100456","post","type-post","status-publish","format-standard","has-post-thumbnail","hentry","category-internacional","tag-china"],"yoast_head":"<!-- This site is optimized with the Yoast SEO plugin v24.4 - https:\/\/yoast.com\/wordpress\/plugins\/seo\/ -->\n<title>Pa\u00edses asi\u00e1ticos criam maior bloco comercial do mundo<\/title>\n<meta name=\"description\" content=\"Quinze pa\u00edses da \u00c1sia formaram o maior bloco comercial do mundo neste domingo, numa iniciativa apoiada pela China.\u00a0Clique para saber mais.\" \/>\n<meta name=\"robots\" content=\"index, follow, max-snippet:-1, max-image-preview:large, max-video-preview:-1\" \/>\n<link rel=\"canonical\" href=\"https:\/\/www.suno.com.br\/noticias\/bloco-comercial-asia\/\" \/>\n<meta property=\"og:locale\" content=\"pt_BR\" \/>\n<meta property=\"og:type\" content=\"article\" \/>\n<meta property=\"og:title\" content=\"Pa\u00edses asi\u00e1ticos criam maior bloco comercial do mundo\" \/>\n<meta property=\"og:description\" content=\"Quinze pa\u00edses da \u00c1sia formaram o maior bloco comercial do mundo neste domingo, numa iniciativa apoiada pela China.\u00a0Clique para saber mais.\" \/>\n<meta property=\"og:url\" content=\"https:\/\/www.suno.com.br\/noticias\/bloco-comercial-asia\/\" \/>\n<meta property=\"og:site_name\" content=\"Suno Not\u00edcias\" \/>\n<meta property=\"article:publisher\" content=\"https:\/\/facebook.com\/sunoresearch\" \/>\n<meta property=\"og:image\" content=\"https:\/\/files.sunoresearch.com.br\/n\/uploads\/2020\/09\/06b2b19e-comercio-na-rua-wangfujing-em-pequimbeijing-na-china-asia-bolsas-asiaticas-asiaticos-consumo-economia-mundial-comercio-chines-chineses-1551794921783_v2_1920x1216.jpg\" \/>\n\t<meta property=\"og:image:width\" content=\"1920\" \/>\n\t<meta property=\"og:image:height\" content=\"1216\" \/>\n\t<meta property=\"og:image:type\" content=\"image\/jpeg\" \/>\n<meta name=\"author\" content=\"Natalia G\u00f3mez\" \/>\n<meta name=\"twitter:card\" content=\"summary_large_image\" \/>\n<meta name=\"twitter:creator\" content=\"@sunoresearch\" \/>\n<meta name=\"twitter:site\" content=\"@sunoresearch\" \/>\n<meta name=\"twitter:label1\" content=\"Escrito por\" \/>\n\t<meta name=\"twitter:data1\" content=\"Natalia G\u00f3mez\" \/>\n\t<meta name=\"twitter:label2\" content=\"Est. tempo de leitura\" \/>\n\t<meta name=\"twitter:data2\" content=\"2 minutos\" \/>\n<script type=\"application\/ld+json\" class=\"yoast-schema-graph\">{\"@context\":\"https:\/\/schema.org\",\"@graph\":[{\"@type\":\"NewsArticle\",\"@id\":\"https:\/\/www.suno.com.br\/noticias\/bloco-comercial-asia\/#article\",\"isPartOf\":{\"@id\":\"https:\/\/www.suno.com.br\/noticias\/bloco-comercial-asia\/\"},\"author\":{\"name\":\"Natalia G\u00f3mez\",\"@id\":\"https:\/\/www.suno.com.br\/noticias\/#\/schema\/person\/1b24d67c140a42e864ef414497edb164\"},\"headline\":\"Pa\u00edses asi\u00e1ticos criam maior bloco comercial do mundo\",\"datePublished\":\"2020-11-16T10:33:09+00:00\",\"dateModified\":\"2020-11-16T10:34:50+00:00\",\"mainEntityOfPage\":{\"@id\":\"https:\/\/www.suno.com.br\/noticias\/bloco-comercial-asia\/\"},\"wordCount\":385,\"publisher\":{\"@id\":\"https:\/\/www.suno.com.br\/noticias\/#organization\"},\"image\":{\"@id\":\"https:\/\/www.suno.com.br\/noticias\/bloco-comercial-asia\/#primaryimage\"},\"thumbnailUrl\":\"https:\/\/files.sunoresearch.com.br\/n\/uploads\/2020\/09\/06b2b19e-comercio-na-rua-wangfujing-em-pequimbeijing-na-china-asia-bolsas-asiaticas-asiaticos-consumo-economia-mundial-comercio-chines-chineses-1551794921783_v2_1920x1216-jpg.webp\",\"keywords\":[\"China\"],\"articleSection\":[\"Internacional\"],\"inLanguage\":\"pt-BR\"},{\"@type\":\"WebPage\",\"@id\":\"https:\/\/www.suno.com.br\/noticias\/bloco-comercial-asia\/\",\"url\":\"https:\/\/www.suno.com.br\/noticias\/bloco-comercial-asia\/\",\"name\":\"Pa\u00edses asi\u00e1ticos criam maior bloco comercial do mundo\",\"isPartOf\":{\"@id\":\"https:\/\/www.suno.com.br\/noticias\/#website\"},\"primaryImageOfPage\":{\"@id\":\"https:\/\/www.suno.com.br\/noticias\/bloco-comercial-asia\/#primaryimage\"},\"image\":{\"@id\":\"https:\/\/www.suno.com.br\/noticias\/bloco-comercial-asia\/#primaryimage\"},\"thumbnailUrl\":\"https:\/\/files.sunoresearch.com.br\/n\/uploads\/2020\/09\/06b2b19e-comercio-na-rua-wangfujing-em-pequimbeijing-na-china-asia-bolsas-asiaticas-asiaticos-consumo-economia-mundial-comercio-chines-chineses-1551794921783_v2_1920x1216-jpg.webp\",\"datePublished\":\"2020-11-16T10:33:09+00:00\",\"dateModified\":\"2020-11-16T10:34:50+00:00\",\"description\":\"Quinze pa\u00edses da \u00c1sia formaram o maior bloco comercial do mundo neste domingo, numa iniciativa apoiada pela China.\u00a0Clique para saber mais.\",\"breadcrumb\":{\"@id\":\"https:\/\/www.suno.com.br\/noticias\/bloco-comercial-asia\/#breadcrumb\"},\"inLanguage\":\"pt-BR\",\"potentialAction\":[{\"@type\":\"ReadAction\",\"target\":[\"https:\/\/www.suno.com.br\/noticias\/bloco-comercial-asia\/\"]}]},{\"@type\":\"ImageObject\",\"inLanguage\":\"pt-BR\",\"@id\":\"https:\/\/www.suno.com.br\/noticias\/bloco-comercial-asia\/#primaryimage\",\"url\":\"https:\/\/files.sunoresearch.com.br\/n\/uploads\/2020\/09\/06b2b19e-comercio-na-rua-wangfujing-em-pequimbeijing-na-china-asia-bolsas-asiaticas-asiaticos-consumo-economia-mundial-comercio-chines-chineses-1551794921783_v2_1920x1216-jpg.webp\",\"contentUrl\":\"https:\/\/files.sunoresearch.com.br\/n\/uploads\/2020\/09\/06b2b19e-comercio-na-rua-wangfujing-em-pequimbeijing-na-china-asia-bolsas-asiaticas-asiaticos-consumo-economia-mundial-comercio-chines-chineses-1551794921783_v2_1920x1216-jpg.webp\",\"width\":1920,\"height\":1216,\"caption\":\"Pa\u00edses da \u00c1sia criam bloco comercial\"},{\"@type\":\"BreadcrumbList\",\"@id\":\"https:\/\/www.suno.com.br\/noticias\/bloco-comercial-asia\/#breadcrumb\",\"itemListElement\":[{\"@type\":\"ListItem\",\"position\":1,\"name\":\"Not\u00edcias\",\"item\":\"https:\/\/www.suno.com.br\/noticias\/\"},{\"@type\":\"ListItem\",\"position\":2,\"name\":\"Internacional\",\"item\":\"https:\/\/www.suno.com.br\/noticias\/internacional\/\"},{\"@type\":\"ListItem\",\"position\":3,\"name\":\"Pa\u00edses asi\u00e1ticos criam maior bloco comercial do mundo\"}]},{\"@type\":\"WebSite\",\"@id\":\"https:\/\/www.suno.com.br\/noticias\/#website\",\"url\":\"https:\/\/www.suno.com.br\/noticias\/\",\"name\":\"Suno Not\u00edcias\",\"description\":\"Seu portal de informa\u00e7\u00e3o sobre o mundo dos investimentos\",\"publisher\":{\"@id\":\"https:\/\/www.suno.com.br\/noticias\/#organization\"},\"potentialAction\":[{\"@type\":\"SearchAction\",\"target\":{\"@type\":\"EntryPoint\",\"urlTemplate\":\"https:\/\/www.suno.com.br\/noticias\/?s={search_term_string}\"},\"query-input\":{\"@type\":\"PropertyValueSpecification\",\"valueRequired\":true,\"valueName\":\"search_term_string\"}}],\"inLanguage\":\"pt-BR\"},{\"@type\":\"Organization\",\"@id\":\"https:\/\/www.suno.com.br\/noticias\/#organization\",\"name\":\"Suno Not\u00edcias\",\"url\":\"https:\/\/www.suno.com.br\/noticias\/\",\"logo\":{\"@type\":\"ImageObject\",\"inLanguage\":\"pt-BR\",\"@id\":\"https:\/\/www.suno.com.br\/noticias\/#\/schema\/logo\/image\/\",\"url\":\"https:\/\/files.sunoresearch.com.br\/n\/uploads\/2021\/09\/suno-logo.png\",\"contentUrl\":\"https:\/\/files.sunoresearch.com.br\/n\/uploads\/2021\/09\/suno-logo.png\",\"width\":180,\"height\":180,\"caption\":\"Suno Not\u00edcias\"},\"image\":{\"@id\":\"https:\/\/www.suno.com.br\/noticias\/#\/schema\/logo\/image\/\"},\"sameAs\":[\"https:\/\/facebook.com\/sunoresearch\",\"https:\/\/x.com\/sunoresearch\",\"https:\/\/www.instagram.com\/suno\",\"https:\/\/www.linkedin.com\/company\/suno-research\/\",\"https:\/\/www.youtube.com\/c\/sunoresearch\"]},{\"@type\":\"Person\",\"@id\":\"https:\/\/www.suno.com.br\/noticias\/#\/schema\/person\/1b24d67c140a42e864ef414497edb164\",\"name\":\"Natalia G\u00f3mez\",\"image\":{\"@type\":\"ImageObject\",\"inLanguage\":\"pt-BR\",\"@id\":\"https:\/\/www.suno.com.br\/noticias\/#\/schema\/person\/image\/\",\"url\":\"https:\/\/secure.gravatar.com\/avatar\/9e957e0b2b485c2d42c3f4145c16d940?s=96&r=g\",\"contentUrl\":\"https:\/\/secure.gravatar.com\/avatar\/9e957e0b2b485c2d42c3f4145c16d940?s=96&r=g\",\"caption\":\"Natalia G\u00f3mez\"},\"description\":\"Editora do Suno Not\u00edcias desde outubro de 2020, \u00e9 jornalista formada pela PUC-SP, com p\u00f3s-gradua\u00e7\u00e3o em jornalismo liter\u00e1rio. Atua no mercado financeiro desde 2003, quando iniciou a carreira no jornal econ\u00f4mico DCI, cobrindo o setor de alimentos no caderno de Ind\u00fastria. Foi trainee do jornal Valor Econ\u00f4mico, onde atuou no Caderno de Empresas por quase tr\u00eas anos. L\u00e1, cobriu o setor de ind\u00fastria, com foco em siderurgia, embalagens e aeroespacial. Fez coberturas setoriais em viagens para S\u00e3o Jos\u00e9 dos Campos e Franca (SP), al\u00e9m de coberturas internacionais na Alemanha e na Su\u00e9cia. Trabalhou por cinco anos na Ag\u00eancia Estado\/Broadcast, do Grupo Estado, onde foi rep\u00f3rter dos setores de minera\u00e7\u00e3o e siderurgia, alimentos e bebidas e finan\u00e7as. Foi premiada como o pr\u00eamio Destaque de Reportagem da AE em 2007 e 2008. Al\u00e9m de atuar no servi\u00e7o de not\u00edcias em tempo real, fez participa\u00e7\u00f5es no caderno de Economia do jornal Estado de S.Paulo e na R\u00e1dio Eldorado. Ainda no Grupo Estado, foi editora assistente da editoria Empresas e Setores, atuando com edi\u00e7\u00e3o e pauta, al\u00e9m de cobrir mercados diariamente com o cen\u00e1rio de bolsa e fazer reportagens especiais com foco em governan\u00e7a corporativa. Trabalhou tamb\u00e9m como correspondente de finan\u00e7as no servi\u00e7o da Thomson Reuters em portugu\u00eas por quase um ano. Atuou por cerca de oito anos como jornalista independente, contribuindo para ve\u00edculos como UOL Economia, Infomoney e Revista Voc\u00ea SA, al\u00e9m de ter trabalhado em projetos na \u00e1rea de conte\u00fado e comunica\u00e7\u00e3o de institui\u00e7\u00f5es financeiras como Anbima, Banco BS2, Banco Pine, Ita\u00fa BBA e EQI.\",\"url\":\"https:\/\/www.suno.com.br\/noticias\/author\/natalia-gomez\/\"}]}<\/script>\n<!-- \/ Yoast SEO plugin. -->","yoast_head_json":{"title":"Pa\u00edses asi\u00e1ticos criam maior bloco comercial do mundo","description":"Quinze pa\u00edses da \u00c1sia formaram o maior bloco comercial do mundo neste domingo, numa iniciativa apoiada pela China.\u00a0Clique para saber mais.","robots":{"index":"index","follow":"follow","max-snippet":"max-snippet:-1","max-image-preview":"max-image-preview:large","max-video-preview":"max-video-preview:-1"},"canonical":"https:\/\/www.suno.com.br\/noticias\/bloco-comercial-asia\/","og_locale":"pt_BR","og_type":"article","og_title":"Pa\u00edses asi\u00e1ticos criam maior bloco comercial do mundo","og_description":"Quinze pa\u00edses da \u00c1sia formaram o maior bloco comercial do mundo neste domingo, numa iniciativa apoiada pela China.\u00a0Clique para saber mais.","og_url":"https:\/\/www.suno.com.br\/noticias\/bloco-comercial-asia\/","og_site_name":"Suno Not\u00edcias","article_publisher":"https:\/\/facebook.com\/sunoresearch","og_image":[{"width":1920,"height":1216,"url":"https:\/\/files.sunoresearch.com.br\/n\/uploads\/2020\/09\/06b2b19e-comercio-na-rua-wangfujing-em-pequimbeijing-na-china-asia-bolsas-asiaticas-asiaticos-consumo-economia-mundial-comercio-chines-chineses-1551794921783_v2_1920x1216.jpg","type":"image\/jpeg"}],"author":"Natalia G\u00f3mez","twitter_card":"summary_large_image","twitter_creator":"@sunoresearch","twitter_site":"@sunoresearch","twitter_misc":{"Escrito por":"Natalia G\u00f3mez","Est. tempo de leitura":"2 minutos"},"schema":{"@context":"https:\/\/schema.org","@graph":[{"@type":"NewsArticle","@id":"https:\/\/www.suno.com.br\/noticias\/bloco-comercial-asia\/#article","isPartOf":{"@id":"https:\/\/www.suno.com.br\/noticias\/bloco-comercial-asia\/"},"author":{"name":"Natalia G\u00f3mez","@id":"https:\/\/www.suno.com.br\/noticias\/#\/schema\/person\/1b24d67c140a42e864ef414497edb164"},"headline":"Pa\u00edses asi\u00e1ticos criam maior bloco comercial do mundo","datePublished":"2020-11-16T10:33:09+00:00","dateModified":"2020-11-16T10:34:50+00:00","mainEntityOfPage":{"@id":"https:\/\/www.suno.com.br\/noticias\/bloco-comercial-asia\/"},"wordCount":385,"publisher":{"@id":"https:\/\/www.suno.com.br\/noticias\/#organization"},"image":{"@id":"https:\/\/www.suno.com.br\/noticias\/bloco-comercial-asia\/#primaryimage"},"thumbnailUrl":"https:\/\/files.sunoresearch.com.br\/n\/uploads\/2020\/09\/06b2b19e-comercio-na-rua-wangfujing-em-pequimbeijing-na-china-asia-bolsas-asiaticas-asiaticos-consumo-economia-mundial-comercio-chines-chineses-1551794921783_v2_1920x1216-jpg.webp","keywords":["China"],"articleSection":["Internacional"],"inLanguage":"pt-BR"},{"@type":"WebPage","@id":"https:\/\/www.suno.com.br\/noticias\/bloco-comercial-asia\/","url":"https:\/\/www.suno.com.br\/noticias\/bloco-comercial-asia\/","name":"Pa\u00edses asi\u00e1ticos criam maior bloco comercial do mundo","isPartOf":{"@id":"https:\/\/www.suno.com.br\/noticias\/#website"},"primaryImageOfPage":{"@id":"https:\/\/www.suno.com.br\/noticias\/bloco-comercial-asia\/#primaryimage"},"image":{"@id":"https:\/\/www.suno.com.br\/noticias\/bloco-comercial-asia\/#primaryimage"},"thumbnailUrl":"https:\/\/files.sunoresearch.com.br\/n\/uploads\/2020\/09\/06b2b19e-comercio-na-rua-wangfujing-em-pequimbeijing-na-china-asia-bolsas-asiaticas-asiaticos-consumo-economia-mundial-comercio-chines-chineses-1551794921783_v2_1920x1216-jpg.webp","datePublished":"2020-11-16T10:33:09+00:00","dateModified":"2020-11-16T10:34:50+00:00","description":"Quinze pa\u00edses da \u00c1sia formaram o maior bloco comercial do mundo neste domingo, numa iniciativa apoiada pela China.\u00a0Clique para saber mais.","breadcrumb":{"@id":"https:\/\/www.suno.com.br\/noticias\/bloco-comercial-asia\/#breadcrumb"},"inLanguage":"pt-BR","potentialAction":[{"@type":"ReadAction","target":["https:\/\/www.suno.com.br\/noticias\/bloco-comercial-asia\/"]}]},{"@type":"ImageObject","inLanguage":"pt-BR","@id":"https:\/\/www.suno.com.br\/noticias\/bloco-comercial-asia\/#primaryimage","url":"https:\/\/files.sunoresearch.com.br\/n\/uploads\/2020\/09\/06b2b19e-comercio-na-rua-wangfujing-em-pequimbeijing-na-china-asia-bolsas-asiaticas-asiaticos-consumo-economia-mundial-comercio-chines-chineses-1551794921783_v2_1920x1216-jpg.webp","contentUrl":"https:\/\/files.sunoresearch.com.br\/n\/uploads\/2020\/09\/06b2b19e-comercio-na-rua-wangfujing-em-pequimbeijing-na-china-asia-bolsas-asiaticas-asiaticos-consumo-economia-mundial-comercio-chines-chineses-1551794921783_v2_1920x1216-jpg.webp","width":1920,"height":1216,"caption":"Pa\u00edses da \u00c1sia criam bloco comercial"},{"@type":"BreadcrumbList","@id":"https:\/\/www.suno.com.br\/noticias\/bloco-comercial-asia\/#breadcrumb","itemListElement":[{"@type":"ListItem","position":1,"name":"Not\u00edcias","item":"https:\/\/www.suno.com.br\/noticias\/"},{"@type":"ListItem","position":2,"name":"Internacional","item":"https:\/\/www.suno.com.br\/noticias\/internacional\/"},{"@type":"ListItem","position":3,"name":"Pa\u00edses asi\u00e1ticos criam maior bloco comercial do mundo"}]},{"@type":"WebSite","@id":"https:\/\/www.suno.com.br\/noticias\/#website","url":"https:\/\/www.suno.com.br\/noticias\/","name":"Suno Not\u00edcias","description":"Seu portal de informa\u00e7\u00e3o sobre o mundo dos investimentos","publisher":{"@id":"https:\/\/www.suno.com.br\/noticias\/#organization"},"potentialAction":[{"@type":"SearchAction","target":{"@type":"EntryPoint","urlTemplate":"https:\/\/www.suno.com.br\/noticias\/?s={search_term_string}"},"query-input":{"@type":"PropertyValueSpecification","valueRequired":true,"valueName":"search_term_string"}}],"inLanguage":"pt-BR"},{"@type":"Organization","@id":"https:\/\/www.suno.com.br\/noticias\/#organization","name":"Suno Not\u00edcias","url":"https:\/\/www.suno.com.br\/noticias\/","logo":{"@type":"ImageObject","inLanguage":"pt-BR","@id":"https:\/\/www.suno.com.br\/noticias\/#\/schema\/logo\/image\/","url":"https:\/\/files.sunoresearch.com.br\/n\/uploads\/2021\/09\/suno-logo.png","contentUrl":"https:\/\/files.sunoresearch.com.br\/n\/uploads\/2021\/09\/suno-logo.png","width":180,"height":180,"caption":"Suno Not\u00edcias"},"image":{"@id":"https:\/\/www.suno.com.br\/noticias\/#\/schema\/logo\/image\/"},"sameAs":["https:\/\/facebook.com\/sunoresearch","https:\/\/x.com\/sunoresearch","https:\/\/www.instagram.com\/suno","https:\/\/www.linkedin.com\/company\/suno-research\/","https:\/\/www.youtube.com\/c\/sunoresearch"]},{"@type":"Person","@id":"https:\/\/www.suno.com.br\/noticias\/#\/schema\/person\/1b24d67c140a42e864ef414497edb164","name":"Natalia G\u00f3mez","image":{"@type":"ImageObject","inLanguage":"pt-BR","@id":"https:\/\/www.suno.com.br\/noticias\/#\/schema\/person\/image\/","url":"https:\/\/secure.gravatar.com\/avatar\/9e957e0b2b485c2d42c3f4145c16d940?s=96&r=g","contentUrl":"https:\/\/secure.gravatar.com\/avatar\/9e957e0b2b485c2d42c3f4145c16d940?s=96&r=g","caption":"Natalia G\u00f3mez"},"description":"Editora do Suno Not\u00edcias desde outubro de 2020, \u00e9 jornalista formada pela PUC-SP, com p\u00f3s-gradua\u00e7\u00e3o em jornalismo liter\u00e1rio. Atua no mercado financeiro desde 2003, quando iniciou a carreira no jornal econ\u00f4mico DCI, cobrindo o setor de alimentos no caderno de Ind\u00fastria. Foi trainee do jornal Valor Econ\u00f4mico, onde atuou no Caderno de Empresas por quase tr\u00eas anos. L\u00e1, cobriu o setor de ind\u00fastria, com foco em siderurgia, embalagens e aeroespacial. Fez coberturas setoriais em viagens para S\u00e3o Jos\u00e9 dos Campos e Franca (SP), al\u00e9m de coberturas internacionais na Alemanha e na Su\u00e9cia. Trabalhou por cinco anos na Ag\u00eancia Estado\/Broadcast, do Grupo Estado, onde foi rep\u00f3rter dos setores de minera\u00e7\u00e3o e siderurgia, alimentos e bebidas e finan\u00e7as. Foi premiada como o pr\u00eamio Destaque de Reportagem da AE em 2007 e 2008. Al\u00e9m de atuar no servi\u00e7o de not\u00edcias em tempo real, fez participa\u00e7\u00f5es no caderno de Economia do jornal Estado de S.Paulo e na R\u00e1dio Eldorado. Ainda no Grupo Estado, foi editora assistente da editoria Empresas e Setores, atuando com edi\u00e7\u00e3o e pauta, al\u00e9m de cobrir mercados diariamente com o cen\u00e1rio de bolsa e fazer reportagens especiais com foco em governan\u00e7a corporativa. Trabalhou tamb\u00e9m como correspondente de finan\u00e7as no servi\u00e7o da Thomson Reuters em portugu\u00eas por quase um ano. Atuou por cerca de oito anos como jornalista independente, contribuindo para ve\u00edculos como UOL Economia, Infomoney e Revista Voc\u00ea SA, al\u00e9m de ter trabalhado em projetos na \u00e1rea de conte\u00fado e comunica\u00e7\u00e3o de institui\u00e7\u00f5es financeiras como Anbima, Banco BS2, Banco Pine, Ita\u00fa BBA e EQI.","url":"https:\/\/www.suno.com.br\/noticias\/author\/natalia-gomez\/"}]}},"default_loop_html":"<div class=\"cardsPage__listCard__boxs\"><div class=\"cardsPage__listCard__boxs__img\"><a href=\"https:\/\/www.suno.com.br\/noticias\/bloco-comercial-asia\/\"><img class=\"mask\" src=\"https:\/\/www.suno.com.br\/noticias\/wp-content\/themes\/suno\/resources\/images\/spotlight\/spotlight1img\/bg-mask.png\" alt=\"Image Mask\"\/><img src=\"https:\/\/files.sunoresearch.com.br\/n\/uploads\/2020\/09\/06b2b19e-comercio-na-rua-wangfujing-em-pequimbeijing-na-china-asia-bolsas-asiaticas-asiaticos-consumo-economia-mundial-comercio-chines-chineses-1551794921783_v2_1920x1216-400x200.webp\" alt=\"Pa\u00edses asi\u00e1ticos criam maior bloco comercial do mundo\"\/><\/a><span class=\"spotlightCategory\"><a href=\"https:\/\/www.suno.com.br\/noticias\/internacional\/\">Internacional<\/a><\/span><\/div><div class=\"cardsPage__listCard__boxs__content\"><a href=\"https:\/\/www.suno.com.br\/noticias\/bloco-comercial-asia\/\"><h2 class=\"content__title\">Pa\u00edses asi\u00e1ticos criam maior bloco comercial do mundo<\/h2><\/a><div class=\"newsContent__article__meta\"><div class=\"newsContent__article__meta__authorBox\"><a href=\"https:\/\/www.suno.com.br\/noticias\/author\/natalia-gomez\/\" class=\"authorBox__avatar noMobi\"><img src=\"https:\/\/secure.gravatar.com\/avatar\/9e957e0b2b485c2d42c3f4145c16d940?s=96&#038;r=g\" alt=\"Natalia G\u00f3mez\"><\/a><div class=\"authorBox__name\"><span>por\n\t\t\t<a href=\"https:\/\/www.suno.com.br\/noticias\/author\/natalia-gomez\/\"><span itemprop=\"author\">Natalia G\u00f3mez<\/span><\/a><\/span><time datetime=\"2020-11-16T07:33:09-03:00\" itemprop=\"datePublished\">16\/11\/2020 07:33<\/time><\/div><\/div><\/div><\/div><\/div>","single_layout":"posts","amp_enabled":true,"_links":{"self":[{"href":"https:\/\/www.suno.com.br\/noticias\/wp-json\/wp\/v2\/posts\/100456"}],"collection":[{"href":"https:\/\/www.suno.com.br\/noticias\/wp-json\/wp\/v2\/posts"}],"about":[{"href":"https:\/\/www.suno.com.br\/noticias\/wp-json\/wp\/v2\/types\/post"}],"author":[{"embeddable":true,"href":"https:\/\/www.suno.com.br\/noticias\/wp-json\/wp\/v2\/users\/60"}],"replies":[{"embeddable":true,"href":"https:\/\/www.suno.com.br\/noticias\/wp-json\/wp\/v2\/comments?post=100456"}],"version-history":[{"count":0,"href":"https:\/\/www.suno.com.br\/noticias\/wp-json\/wp\/v2\/posts\/100456\/revisions"}],"wp:featuredmedia":[{"embeddable":true,"href":"https:\/\/www.suno.com.br\/noticias\/wp-json\/wp\/v2\/media\/84667"}],"wp:attachment":[{"href":"https:\/\/www.suno.com.br\/noticias\/wp-json\/wp\/v2\/media?parent=100456"}],"wp:term":[{"taxonomy":"category","embeddable":true,"href":"https:\/\/www.suno.com.br\/noticias\/wp-json\/wp\/v2\/categories?post=100456"},{"taxonomy":"post_tag","embeddable":true,"href":"https:\/\/www.suno.com.br\/noticias\/wp-json\/wp\/v2\/tags?post=100456"},{"taxonomy":"suno_strategy","embeddable":true,"href":"https:\/\/www.suno.com.br\/noticias\/wp-json\/wp\/v2\/suno_strategy?post=100456"}],"curies":[{"name":"wp","href":"https:\/\/api.w.org\/{rel}","templated":true}]}}