{"id":100446,"date":"2020-11-15T13:53:29","date_gmt":"2020-11-15T16:53:29","guid":{"rendered":"https:\/\/www.suno.com.br\/noticias\/?p=100446"},"modified":"2020-11-15T13:53:29","modified_gmt":"2020-11-15T16:53:29","slug":"linx-linx3-fundadores-poderao-decidir-sobre-venda-stone","status":"publish","type":"post","link":"https:\/\/www.suno.com.br\/noticias\/linx-linx3-fundadores-poderao-decidir-sobre-venda-stone\/","title":{"rendered":"Linx (LINX3): fundadores poder\u00e3o decidir sobre venda para Stone"},"content":{"rendered":"<p>Os fundadores da <a href=\"https:\/\/www.suno.com.br\/acoes\/linx3\/\"><strong>Linx<\/strong> (LINX3)<\/a> poder\u00e3o votar na assembleia que decidir\u00e1 sobre a proposta de venda da companhia para a Stone. A decis\u00e3o \u00e9 da Comiss\u00e3o de Valores Mobili\u00e1rios (CVM) que negou pedido da gestora de recursos Aberdeen, que alegou conflito de interesses.<\/p>\t<div class=\"wrapper-featured-image\">\n\t\t<figure class=\"spotlightImg\">\n\n\t\t\t<picture>\n\t\t\t\t<source media=\"(max-width: 768px)\" srcset=\"https:\/\/files.sunoresearch.com.br\/n\/uploads\/2019\/10\/57a2d31e-linx-400x200.webp\">\n\t\t\t\t<img loading=\"lazy\" decoding=\"async\" class=\"newsContent__article__imgCapa lazyloadDisabled \" src=\"https:\/\/files.sunoresearch.com.br\/n\/uploads\/2019\/10\/57a2d31e-linx-jpg.webp\" width=\"800\" height=\"450\" alt=\"Linx (LINX3): fundadores poder\u00e3o decidir sobre venda para Stone\" fetchpriority=high \/>\n\t\t\t<\/picture>\n\n\t\t\t<figcaption class=\"wp-caption-text wp-caption-text--show\">Assembleia da Linx (LINX3) aprova oferta de compra da Stone<\/figcaption>\n\t\t<\/figure>\n\t<\/div>\n\n\n<p><span style=\"font-weight: 400;\">\t<p>\n\t\t<a href=\"\" target=\"_blank\" data-element=\"shortcode-suno-banner\" title=\"Banner SUNO, clique e saiba mais\">\n\t\t\t<picture>\n\t\t\t\t<source media=\"(max-width: 500px)\" srcset=\"\">\n\t\t\t\t<img class=\"newsContent__article__imgCapa newsContent__article__imgCapa--banner\"\n\t\t\t\t\tsrc=\"\"\n\t\t\t\t\tdata-promo-id=\"97204\"\t\t\t\t\t\t\t\t\t\t\t\t\t\t\talt=\"\"\n\t\t\t\t>\n\t\t\t<\/picture>\n\t\t<\/a>\n\t<\/p>\n\n<\/span><\/p>\n<p>Com isso, os fundadores da Linx, Alberto Menache, Alon Dayan e N\u00e9rcio Fernandes, poder\u00e3o votar na assembleia geral extraordin\u00e1ria (AGE) marcada para a pr\u00f3xima ter\u00e7a-feira (17). Juntos, eles t\u00eam 14,3% do capital com direito a voto.<\/p>\n<p>A Aberdeen alegava que a proposta feita pela Stone prev\u00ea uma indeniza\u00e7\u00e3o aos fundadores para que eles n\u00e3o exer\u00e7am competi\u00e7\u00e3o com a companhia. Inicialmente, a proposta era pagar R$ 305 milh\u00f5es ao trio pela n\u00e3o competi\u00e7\u00e3o por tr\u00eas, mas o valor foi posteriormente reduzido em 40%, para R$ 185 milh\u00f5es, e estendido para cinco anos. O ajuste foi feito para melhorar o acordo aos acionistas ap\u00f3s press\u00e3o da Totvs (TOTS3) que apresentou uma proposta concorrente \u00e0 da Stone.<\/p>\n<p><a href=\"https:\/\/lp.suno.com.br\/suno-one\/\"><span style=\"font-weight: 400;\">Suno One: acesse gratuitamente eBooks, Minicursos, Artigos e Video Aulas sobre investimentos com um \u00fanico cadastro. Clique para saber mais!<\/span><\/a><\/p>\n<p>Segundo os termos da proposta, o CEO Alberto Menache receber\u00e1 R$ 19 milh\u00f5es por ano &#8212; R$ 95 milh\u00f5es no total &#8211;, al\u00e9m de R$ 5 milh\u00f5es para ficar mais um ano na empresa comandada pela Stone. Dayan e Fernandes ter\u00e3o um pagamento de R$ 3 milh\u00f5es e R$ 15 milh\u00f5es ao ano, respectivamente, para n\u00e3o competir com a Linx.<\/p>\n<p>Propostas de n\u00e3o-competi\u00e7\u00e3o com gestores e fundadores da empresas s\u00e3o um padr\u00e3o no mercado, para manter o valor da empresa adquirida ao garantir que o conhecimento do mercado e da gest\u00e3o n\u00e3o ser\u00e1 rapidamente exportado a um concorrente.<\/p>\n<p><span style=\"font-weight: 400;\"><div class=\"hubspot-form-wrapper\">\n\t<div id=\"single-form-target\"><\/div>\n<\/div>\n<\/span><\/p>\n<p>A cl\u00e1usula da proposta da Stone foi abertamente criticada pela gestora Fama Investimentos, que identificou um excesso de benef\u00edcio aos fundadores, que definiram seus pr\u00f3prios pagamentos em discuss\u00e3o com a Stone. A Fama Investimentos possu\u00eda 3% da Linx quando publicou sua carta contr\u00e1ria \u00e0 proposta.<\/p>\n<h2>Vit\u00f3ria dos fundadores da Linx<\/h2>\n<p>A decis\u00e3o da diretoria da CVM reverte opini\u00e3o do corpo t\u00e9cnico da autarquia, que opinou que os tr\u00eas fundadores n\u00e3o deveriam votar na assembleia. A decis\u00e3o majorit\u00e1ria teve uma \u00fanica discord\u00e2ncia, do diretor Henrique Machado.<\/p>\n<p>&#8220;O Colegiado, por maioria, vencido o Diretor Henrique Machado, deliberou pelo deferimento do recurso, entendendo n\u00e3o tratar o caso concreto de hip\u00f3tese de benef\u00edcio particular, nos termos do art. 115, ?1o da Lei 6.404\/76, e tampouco restar demonstrado, neste momento, conflito de interesses apto a gerar impedimento de voto por parte dos acionistas fundadores da Companhia em decorr\u00eancia da celebra\u00e7\u00e3o dos contratos de indeniza\u00e7\u00e3o por n\u00e3o concorr\u00eancia e da proposta de contrata\u00e7\u00e3o do Sr. Alberto Menache&#8221;, de acordo com a ata da reuni\u00e3o.<\/p>\n<p>Para o regulador do mercado, a participa\u00e7\u00e3o dos fundadores n\u00e3o impede que, no futuro, a regularidade do voto seja novamente verificada.<\/p>\n<p>A Stone apresentou uma proposta de cerca de R$ 6,4 bilh\u00f5es &#8212; R$ 32,06 por a\u00e7\u00e3o mais R$ 0,01268 por papel classe A &#8212; e incluiu um b\u00f4nus de R$ 0,50 por a\u00e7\u00e3o caso o acordo seja aprovado nesta pr\u00f3xima semana.<\/p>\n<p>Correndo por fora, a Totvs marcou para o dia 27 de novembro uma assembleia com seus acionistas e os da <strong>Linx<\/strong> para deliberar sobre a proposta para compra. A empresa elevou sua oferta para pouco mais de R$ 6 bilh\u00f5es e tenta convencer os acionistas da Linx a n\u00e3o aprovarem a venda para a Stone.<\/p>\n<p><span style=\"font-weight: 400;\">\t<p>\n\t\t<a href=\"https:\/\/lp.suno.com.br\/planilha-de-controle-de-investimentos\/\" target=\"_blank\" data-element=\"shortcode-suno-banner\" title=\"Banner SUNO, clique e saiba mais\">\n\t\t\t<picture>\n\t\t\t\t<source media=\"(max-width: 500px)\" srcset=\"https:\/\/files.sunoresearch.com.br\/n\/uploads\/2023\/03\/400x300-Controle-de-Investimentos.png\">\n\t\t\t\t<img class=\"newsContent__article__imgCapa newsContent__article__imgCapa--banner\"\n\t\t\t\t\tsrc=\"https:\/\/files.sunoresearch.com.br\/n\/uploads\/2023\/03\/1420x240-Controle-de-Investimentos.png\"\n\t\t\t\t\tdata-promo-id=\"75934\"\t\t\t\t\t\t\t\t\t\twidth='1420' height='240'\t\t\t\t\talt=\"https:\/\/files.sunoresearch.com.br\/n\/uploads\/2023\/03\/1420x240-Controle-de-Investimentos.png\"\n\t\t\t\t>\n\t\t\t<\/picture>\n\t\t<\/a>\n\t<\/p>\n\n<\/span><\/p>\n","protected":false},"excerpt":{"rendered":"<p>Os fundadores da Linx (LINX3) poder\u00e3o votar na assembleia que decidir\u00e1 sobre a proposta de venda da companhia para a Stone. A decis\u00e3o \u00e9 da Comiss\u00e3o de Valores Mobili\u00e1rios (CVM) que negou pedido da gestora de recursos Aberdeen, que alegou conflito de interesses. Assembleia da Linx (LINX3) aprova oferta de compra da Stone Com isso, [&hellip;]<\/p>\n","protected":false},"author":61,"featured_media":41116,"comment_status":"closed","ping_status":"closed","sticky":false,"template":"","format":"standard","meta":[],"categories":[64],"tags":[533,1276,665],"suno_strategy":[],"class_list":["post-100446","post","type-post","status-publish","format-standard","has-post-thumbnail","hentry","category-negocios","tag-linx-linx3","tag-stone","tag-totvs-tots3"],"yoast_head":"<!-- This site is optimized with the Yoast SEO plugin v24.4 - https:\/\/yoast.com\/wordpress\/plugins\/seo\/ -->\n<title>Linx (LINX3): fundadores poder\u00e3o decidir sobre venda para Stone<\/title>\n<meta name=\"description\" content=\"A CVM decidiu que os fundadores da Linx poder\u00e3o votar em assembleia, marcada para decidir sobre venda para a Stone. Clique e veja mais!\" \/>\n<meta name=\"robots\" content=\"index, follow, max-snippet:-1, max-image-preview:large, max-video-preview:-1\" \/>\n<link rel=\"canonical\" href=\"https:\/\/www.suno.com.br\/noticias\/linx-linx3-fundadores-poderao-decidir-sobre-venda-stone\/\" \/>\n<meta property=\"og:locale\" content=\"pt_BR\" \/>\n<meta property=\"og:type\" content=\"article\" \/>\n<meta property=\"og:title\" content=\"Linx (LINX3): fundadores poder\u00e3o decidir sobre venda para Stone\" \/>\n<meta property=\"og:description\" content=\"A CVM decidiu que os fundadores da Linx poder\u00e3o votar em assembleia, marcada para decidir sobre venda para a Stone. Clique e veja mais!\" \/>\n<meta property=\"og:url\" content=\"https:\/\/www.suno.com.br\/noticias\/linx-linx3-fundadores-poderao-decidir-sobre-venda-stone\/\" \/>\n<meta property=\"og:site_name\" content=\"Suno Not\u00edcias\" \/>\n<meta property=\"article:publisher\" content=\"https:\/\/facebook.com\/sunoresearch\" \/>\n<meta property=\"og:image\" content=\"https:\/\/files.sunoresearch.com.br\/n\/uploads\/2019\/10\/57a2d31e-linx.jpg\" \/>\n\t<meta property=\"og:image:width\" content=\"640\" \/>\n\t<meta property=\"og:image:height\" content=\"383\" \/>\n\t<meta property=\"og:image:type\" content=\"image\/jpeg\" \/>\n<meta name=\"author\" content=\"Felipe Areia\" \/>\n<meta name=\"twitter:card\" content=\"summary_large_image\" \/>\n<meta name=\"twitter:creator\" content=\"@sunoresearch\" \/>\n<meta name=\"twitter:site\" content=\"@sunoresearch\" \/>\n<meta name=\"twitter:label1\" content=\"Escrito por\" \/>\n\t<meta name=\"twitter:data1\" content=\"Felipe Areia\" \/>\n\t<meta name=\"twitter:label2\" content=\"Est. tempo de leitura\" \/>\n\t<meta name=\"twitter:data2\" content=\"3 minutos\" \/>\n<script type=\"application\/ld+json\" class=\"yoast-schema-graph\">{\"@context\":\"https:\/\/schema.org\",\"@graph\":[{\"@type\":\"NewsArticle\",\"@id\":\"https:\/\/www.suno.com.br\/noticias\/linx-linx3-fundadores-poderao-decidir-sobre-venda-stone\/#article\",\"isPartOf\":{\"@id\":\"https:\/\/www.suno.com.br\/noticias\/linx-linx3-fundadores-poderao-decidir-sobre-venda-stone\/\"},\"author\":{\"name\":\"Felipe Areia\",\"@id\":\"https:\/\/www.suno.com.br\/noticias\/#\/schema\/person\/60408fe05425d06f5564e57be6c1f9ea\"},\"headline\":\"Linx (LINX3): fundadores poder\u00e3o decidir sobre venda para Stone\",\"datePublished\":\"2020-11-15T16:53:29+00:00\",\"mainEntityOfPage\":{\"@id\":\"https:\/\/www.suno.com.br\/noticias\/linx-linx3-fundadores-poderao-decidir-sobre-venda-stone\/\"},\"wordCount\":636,\"publisher\":{\"@id\":\"https:\/\/www.suno.com.br\/noticias\/#organization\"},\"image\":{\"@id\":\"https:\/\/www.suno.com.br\/noticias\/linx-linx3-fundadores-poderao-decidir-sobre-venda-stone\/#primaryimage\"},\"thumbnailUrl\":\"https:\/\/files.sunoresearch.com.br\/n\/uploads\/2019\/10\/57a2d31e-linx-jpg.webp\",\"keywords\":[\"Linx (LINX3)\",\"Stone\",\"Totvs (TOTS3)\"],\"articleSection\":[\"Neg\u00f3cios\"],\"inLanguage\":\"pt-BR\"},{\"@type\":\"WebPage\",\"@id\":\"https:\/\/www.suno.com.br\/noticias\/linx-linx3-fundadores-poderao-decidir-sobre-venda-stone\/\",\"url\":\"https:\/\/www.suno.com.br\/noticias\/linx-linx3-fundadores-poderao-decidir-sobre-venda-stone\/\",\"name\":\"Linx (LINX3): fundadores poder\u00e3o decidir sobre venda para Stone\",\"isPartOf\":{\"@id\":\"https:\/\/www.suno.com.br\/noticias\/#website\"},\"primaryImageOfPage\":{\"@id\":\"https:\/\/www.suno.com.br\/noticias\/linx-linx3-fundadores-poderao-decidir-sobre-venda-stone\/#primaryimage\"},\"image\":{\"@id\":\"https:\/\/www.suno.com.br\/noticias\/linx-linx3-fundadores-poderao-decidir-sobre-venda-stone\/#primaryimage\"},\"thumbnailUrl\":\"https:\/\/files.sunoresearch.com.br\/n\/uploads\/2019\/10\/57a2d31e-linx-jpg.webp\",\"datePublished\":\"2020-11-15T16:53:29+00:00\",\"description\":\"A CVM decidiu que os fundadores da Linx poder\u00e3o votar em assembleia, marcada para decidir sobre venda para a Stone. Clique e veja mais!\",\"breadcrumb\":{\"@id\":\"https:\/\/www.suno.com.br\/noticias\/linx-linx3-fundadores-poderao-decidir-sobre-venda-stone\/#breadcrumb\"},\"inLanguage\":\"pt-BR\",\"potentialAction\":[{\"@type\":\"ReadAction\",\"target\":[\"https:\/\/www.suno.com.br\/noticias\/linx-linx3-fundadores-poderao-decidir-sobre-venda-stone\/\"]}]},{\"@type\":\"ImageObject\",\"inLanguage\":\"pt-BR\",\"@id\":\"https:\/\/www.suno.com.br\/noticias\/linx-linx3-fundadores-poderao-decidir-sobre-venda-stone\/#primaryimage\",\"url\":\"https:\/\/files.sunoresearch.com.br\/n\/uploads\/2019\/10\/57a2d31e-linx-jpg.webp\",\"contentUrl\":\"https:\/\/files.sunoresearch.com.br\/n\/uploads\/2019\/10\/57a2d31e-linx-jpg.webp\",\"width\":640,\"height\":383,\"caption\":\"Assembleia da Linx (LINX3) aprova oferta de compra da Stone\"},{\"@type\":\"BreadcrumbList\",\"@id\":\"https:\/\/www.suno.com.br\/noticias\/linx-linx3-fundadores-poderao-decidir-sobre-venda-stone\/#breadcrumb\",\"itemListElement\":[{\"@type\":\"ListItem\",\"position\":1,\"name\":\"Not\u00edcias\",\"item\":\"https:\/\/www.suno.com.br\/noticias\/\"},{\"@type\":\"ListItem\",\"position\":2,\"name\":\"Neg\u00f3cios\",\"item\":\"https:\/\/www.suno.com.br\/noticias\/negocios\/\"},{\"@type\":\"ListItem\",\"position\":3,\"name\":\"Linx (LINX3): fundadores poder\u00e3o decidir sobre venda para Stone\"}]},{\"@type\":\"WebSite\",\"@id\":\"https:\/\/www.suno.com.br\/noticias\/#website\",\"url\":\"https:\/\/www.suno.com.br\/noticias\/\",\"name\":\"Suno Not\u00edcias\",\"description\":\"Seu portal de informa\u00e7\u00e3o sobre o mundo dos investimentos\",\"publisher\":{\"@id\":\"https:\/\/www.suno.com.br\/noticias\/#organization\"},\"potentialAction\":[{\"@type\":\"SearchAction\",\"target\":{\"@type\":\"EntryPoint\",\"urlTemplate\":\"https:\/\/www.suno.com.br\/noticias\/?s={search_term_string}\"},\"query-input\":{\"@type\":\"PropertyValueSpecification\",\"valueRequired\":true,\"valueName\":\"search_term_string\"}}],\"inLanguage\":\"pt-BR\"},{\"@type\":\"Organization\",\"@id\":\"https:\/\/www.suno.com.br\/noticias\/#organization\",\"name\":\"Suno Not\u00edcias\",\"url\":\"https:\/\/www.suno.com.br\/noticias\/\",\"logo\":{\"@type\":\"ImageObject\",\"inLanguage\":\"pt-BR\",\"@id\":\"https:\/\/www.suno.com.br\/noticias\/#\/schema\/logo\/image\/\",\"url\":\"https:\/\/files.sunoresearch.com.br\/n\/uploads\/2021\/09\/suno-logo.png\",\"contentUrl\":\"https:\/\/files.sunoresearch.com.br\/n\/uploads\/2021\/09\/suno-logo.png\",\"width\":180,\"height\":180,\"caption\":\"Suno Not\u00edcias\"},\"image\":{\"@id\":\"https:\/\/www.suno.com.br\/noticias\/#\/schema\/logo\/image\/\"},\"sameAs\":[\"https:\/\/facebook.com\/sunoresearch\",\"https:\/\/x.com\/sunoresearch\",\"https:\/\/www.instagram.com\/suno\",\"https:\/\/www.linkedin.com\/company\/suno-research\/\",\"https:\/\/www.youtube.com\/c\/sunoresearch\"]},{\"@type\":\"Person\",\"@id\":\"https:\/\/www.suno.com.br\/noticias\/#\/schema\/person\/60408fe05425d06f5564e57be6c1f9ea\",\"name\":\"Felipe Areia\",\"image\":{\"@type\":\"ImageObject\",\"inLanguage\":\"pt-BR\",\"@id\":\"https:\/\/www.suno.com.br\/noticias\/#\/schema\/person\/image\/\",\"url\":\"https:\/\/secure.gravatar.com\/avatar\/3d7d3c14b1a794a3e8c9186dd9274852?s=96&r=g\",\"contentUrl\":\"https:\/\/secure.gravatar.com\/avatar\/3d7d3c14b1a794a3e8c9186dd9274852?s=96&r=g\",\"caption\":\"Felipe Areia\"},\"description\":\"Editor-chefe do Suno not\u00edcias, Felipe Areia possui mais de 10 anos de experi\u00eancia em jornalismo econ\u00f4mico e financeiro. Foi o respons\u00e1vel pela \u00e1rea de conte\u00fado do Investing.com Brasil.\",\"url\":\"https:\/\/www.suno.com.br\/noticias\/author\/felipe-areia\/\"}]}<\/script>\n<!-- \/ Yoast SEO plugin. -->","yoast_head_json":{"title":"Linx (LINX3): fundadores poder\u00e3o decidir sobre venda para Stone","description":"A CVM decidiu que os fundadores da Linx poder\u00e3o votar em assembleia, marcada para decidir sobre venda para a Stone. Clique e veja mais!","robots":{"index":"index","follow":"follow","max-snippet":"max-snippet:-1","max-image-preview":"max-image-preview:large","max-video-preview":"max-video-preview:-1"},"canonical":"https:\/\/www.suno.com.br\/noticias\/linx-linx3-fundadores-poderao-decidir-sobre-venda-stone\/","og_locale":"pt_BR","og_type":"article","og_title":"Linx (LINX3): fundadores poder\u00e3o decidir sobre venda para Stone","og_description":"A CVM decidiu que os fundadores da Linx poder\u00e3o votar em assembleia, marcada para decidir sobre venda para a Stone. Clique e veja mais!","og_url":"https:\/\/www.suno.com.br\/noticias\/linx-linx3-fundadores-poderao-decidir-sobre-venda-stone\/","og_site_name":"Suno Not\u00edcias","article_publisher":"https:\/\/facebook.com\/sunoresearch","og_image":[{"width":640,"height":383,"url":"https:\/\/files.sunoresearch.com.br\/n\/uploads\/2019\/10\/57a2d31e-linx.jpg","type":"image\/jpeg"}],"author":"Felipe Areia","twitter_card":"summary_large_image","twitter_creator":"@sunoresearch","twitter_site":"@sunoresearch","twitter_misc":{"Escrito por":"Felipe Areia","Est. tempo de leitura":"3 minutos"},"schema":{"@context":"https:\/\/schema.org","@graph":[{"@type":"NewsArticle","@id":"https:\/\/www.suno.com.br\/noticias\/linx-linx3-fundadores-poderao-decidir-sobre-venda-stone\/#article","isPartOf":{"@id":"https:\/\/www.suno.com.br\/noticias\/linx-linx3-fundadores-poderao-decidir-sobre-venda-stone\/"},"author":{"name":"Felipe Areia","@id":"https:\/\/www.suno.com.br\/noticias\/#\/schema\/person\/60408fe05425d06f5564e57be6c1f9ea"},"headline":"Linx (LINX3): fundadores poder\u00e3o decidir sobre venda para Stone","datePublished":"2020-11-15T16:53:29+00:00","mainEntityOfPage":{"@id":"https:\/\/www.suno.com.br\/noticias\/linx-linx3-fundadores-poderao-decidir-sobre-venda-stone\/"},"wordCount":636,"publisher":{"@id":"https:\/\/www.suno.com.br\/noticias\/#organization"},"image":{"@id":"https:\/\/www.suno.com.br\/noticias\/linx-linx3-fundadores-poderao-decidir-sobre-venda-stone\/#primaryimage"},"thumbnailUrl":"https:\/\/files.sunoresearch.com.br\/n\/uploads\/2019\/10\/57a2d31e-linx-jpg.webp","keywords":["Linx (LINX3)","Stone","Totvs (TOTS3)"],"articleSection":["Neg\u00f3cios"],"inLanguage":"pt-BR"},{"@type":"WebPage","@id":"https:\/\/www.suno.com.br\/noticias\/linx-linx3-fundadores-poderao-decidir-sobre-venda-stone\/","url":"https:\/\/www.suno.com.br\/noticias\/linx-linx3-fundadores-poderao-decidir-sobre-venda-stone\/","name":"Linx (LINX3): fundadores poder\u00e3o decidir sobre venda para Stone","isPartOf":{"@id":"https:\/\/www.suno.com.br\/noticias\/#website"},"primaryImageOfPage":{"@id":"https:\/\/www.suno.com.br\/noticias\/linx-linx3-fundadores-poderao-decidir-sobre-venda-stone\/#primaryimage"},"image":{"@id":"https:\/\/www.suno.com.br\/noticias\/linx-linx3-fundadores-poderao-decidir-sobre-venda-stone\/#primaryimage"},"thumbnailUrl":"https:\/\/files.sunoresearch.com.br\/n\/uploads\/2019\/10\/57a2d31e-linx-jpg.webp","datePublished":"2020-11-15T16:53:29+00:00","description":"A CVM decidiu que os fundadores da Linx poder\u00e3o votar em assembleia, marcada para decidir sobre venda para a Stone. Clique e veja mais!","breadcrumb":{"@id":"https:\/\/www.suno.com.br\/noticias\/linx-linx3-fundadores-poderao-decidir-sobre-venda-stone\/#breadcrumb"},"inLanguage":"pt-BR","potentialAction":[{"@type":"ReadAction","target":["https:\/\/www.suno.com.br\/noticias\/linx-linx3-fundadores-poderao-decidir-sobre-venda-stone\/"]}]},{"@type":"ImageObject","inLanguage":"pt-BR","@id":"https:\/\/www.suno.com.br\/noticias\/linx-linx3-fundadores-poderao-decidir-sobre-venda-stone\/#primaryimage","url":"https:\/\/files.sunoresearch.com.br\/n\/uploads\/2019\/10\/57a2d31e-linx-jpg.webp","contentUrl":"https:\/\/files.sunoresearch.com.br\/n\/uploads\/2019\/10\/57a2d31e-linx-jpg.webp","width":640,"height":383,"caption":"Assembleia da Linx (LINX3) aprova oferta de compra da Stone"},{"@type":"BreadcrumbList","@id":"https:\/\/www.suno.com.br\/noticias\/linx-linx3-fundadores-poderao-decidir-sobre-venda-stone\/#breadcrumb","itemListElement":[{"@type":"ListItem","position":1,"name":"Not\u00edcias","item":"https:\/\/www.suno.com.br\/noticias\/"},{"@type":"ListItem","position":2,"name":"Neg\u00f3cios","item":"https:\/\/www.suno.com.br\/noticias\/negocios\/"},{"@type":"ListItem","position":3,"name":"Linx (LINX3): fundadores poder\u00e3o decidir sobre venda para Stone"}]},{"@type":"WebSite","@id":"https:\/\/www.suno.com.br\/noticias\/#website","url":"https:\/\/www.suno.com.br\/noticias\/","name":"Suno Not\u00edcias","description":"Seu portal de informa\u00e7\u00e3o sobre o mundo dos investimentos","publisher":{"@id":"https:\/\/www.suno.com.br\/noticias\/#organization"},"potentialAction":[{"@type":"SearchAction","target":{"@type":"EntryPoint","urlTemplate":"https:\/\/www.suno.com.br\/noticias\/?s={search_term_string}"},"query-input":{"@type":"PropertyValueSpecification","valueRequired":true,"valueName":"search_term_string"}}],"inLanguage":"pt-BR"},{"@type":"Organization","@id":"https:\/\/www.suno.com.br\/noticias\/#organization","name":"Suno Not\u00edcias","url":"https:\/\/www.suno.com.br\/noticias\/","logo":{"@type":"ImageObject","inLanguage":"pt-BR","@id":"https:\/\/www.suno.com.br\/noticias\/#\/schema\/logo\/image\/","url":"https:\/\/files.sunoresearch.com.br\/n\/uploads\/2021\/09\/suno-logo.png","contentUrl":"https:\/\/files.sunoresearch.com.br\/n\/uploads\/2021\/09\/suno-logo.png","width":180,"height":180,"caption":"Suno Not\u00edcias"},"image":{"@id":"https:\/\/www.suno.com.br\/noticias\/#\/schema\/logo\/image\/"},"sameAs":["https:\/\/facebook.com\/sunoresearch","https:\/\/x.com\/sunoresearch","https:\/\/www.instagram.com\/suno","https:\/\/www.linkedin.com\/company\/suno-research\/","https:\/\/www.youtube.com\/c\/sunoresearch"]},{"@type":"Person","@id":"https:\/\/www.suno.com.br\/noticias\/#\/schema\/person\/60408fe05425d06f5564e57be6c1f9ea","name":"Felipe Areia","image":{"@type":"ImageObject","inLanguage":"pt-BR","@id":"https:\/\/www.suno.com.br\/noticias\/#\/schema\/person\/image\/","url":"https:\/\/secure.gravatar.com\/avatar\/3d7d3c14b1a794a3e8c9186dd9274852?s=96&r=g","contentUrl":"https:\/\/secure.gravatar.com\/avatar\/3d7d3c14b1a794a3e8c9186dd9274852?s=96&r=g","caption":"Felipe Areia"},"description":"Editor-chefe do Suno not\u00edcias, Felipe Areia possui mais de 10 anos de experi\u00eancia em jornalismo econ\u00f4mico e financeiro. Foi o respons\u00e1vel pela \u00e1rea de conte\u00fado do Investing.com Brasil.","url":"https:\/\/www.suno.com.br\/noticias\/author\/felipe-areia\/"}]}},"default_loop_html":"<div class=\"cardsPage__listCard__boxs\"><div class=\"cardsPage__listCard__boxs__img\"><a href=\"https:\/\/www.suno.com.br\/noticias\/linx-linx3-fundadores-poderao-decidir-sobre-venda-stone\/\"><img class=\"mask\" src=\"https:\/\/www.suno.com.br\/noticias\/wp-content\/themes\/suno\/resources\/images\/spotlight\/spotlight1img\/bg-mask.png\" alt=\"Image Mask\"\/><img src=\"https:\/\/files.sunoresearch.com.br\/n\/uploads\/2019\/10\/57a2d31e-linx-400x200.webp\" alt=\"Linx (LINX3): fundadores poder\u00e3o decidir sobre venda para Stone\"\/><\/a><span class=\"spotlightCategory\"><a href=\"https:\/\/www.suno.com.br\/noticias\/negocios\/\">Neg\u00f3cios<\/a><\/span><\/div><div class=\"cardsPage__listCard__boxs__content\"><a href=\"https:\/\/www.suno.com.br\/noticias\/linx-linx3-fundadores-poderao-decidir-sobre-venda-stone\/\"><h2 class=\"content__title\">Linx (LINX3): fundadores poder\u00e3o decidir sobre venda para Stone<\/h2><\/a><div class=\"newsContent__article__meta\"><div class=\"newsContent__article__meta__authorBox\"><a href=\"https:\/\/www.suno.com.br\/noticias\/author\/felipe-areia\/\" class=\"authorBox__avatar noMobi\"><img src=\"https:\/\/secure.gravatar.com\/avatar\/3d7d3c14b1a794a3e8c9186dd9274852?s=96&#038;r=g\" alt=\"Felipe Areia\"><\/a><div class=\"authorBox__name\"><span>por\n\t\t\t<a href=\"https:\/\/www.suno.com.br\/noticias\/author\/felipe-areia\/\"><span itemprop=\"author\">Felipe Areia<\/span><\/a><\/span><time datetime=\"2020-11-15T13:53:29-03:00\" itemprop=\"datePublished\">15\/11\/2020 13:53<\/time><\/div><\/div><\/div><\/div><\/div>","single_layout":"posts","amp_enabled":true,"_links":{"self":[{"href":"https:\/\/www.suno.com.br\/noticias\/wp-json\/wp\/v2\/posts\/100446"}],"collection":[{"href":"https:\/\/www.suno.com.br\/noticias\/wp-json\/wp\/v2\/posts"}],"about":[{"href":"https:\/\/www.suno.com.br\/noticias\/wp-json\/wp\/v2\/types\/post"}],"author":[{"embeddable":true,"href":"https:\/\/www.suno.com.br\/noticias\/wp-json\/wp\/v2\/users\/61"}],"replies":[{"embeddable":true,"href":"https:\/\/www.suno.com.br\/noticias\/wp-json\/wp\/v2\/comments?post=100446"}],"version-history":[{"count":0,"href":"https:\/\/www.suno.com.br\/noticias\/wp-json\/wp\/v2\/posts\/100446\/revisions"}],"wp:featuredmedia":[{"embeddable":true,"href":"https:\/\/www.suno.com.br\/noticias\/wp-json\/wp\/v2\/media\/41116"}],"wp:attachment":[{"href":"https:\/\/www.suno.com.br\/noticias\/wp-json\/wp\/v2\/media?parent=100446"}],"wp:term":[{"taxonomy":"category","embeddable":true,"href":"https:\/\/www.suno.com.br\/noticias\/wp-json\/wp\/v2\/categories?post=100446"},{"taxonomy":"post_tag","embeddable":true,"href":"https:\/\/www.suno.com.br\/noticias\/wp-json\/wp\/v2\/tags?post=100446"},{"taxonomy":"suno_strategy","embeddable":true,"href":"https:\/\/www.suno.com.br\/noticias\/wp-json\/wp\/v2\/suno_strategy?post=100446"}],"curies":[{"name":"wp","href":"https:\/\/api.w.org\/{rel}","templated":true}]}}