{"id":100437,"date":"2020-11-15T11:59:48","date_gmt":"2020-11-15T14:59:48","guid":{"rendered":"https:\/\/www.suno.com.br\/noticias\/?p=100437"},"modified":"2021-02-17T22:32:04","modified_gmt":"2021-02-18T01:32:04","slug":"coronavoucher-auxilio-emergencial-sera-pago-hoje-nascidos-em-setembro","status":"publish","type":"post","link":"https:\/\/www.suno.com.br\/noticias\/coronavoucher-auxilio-emergencial-sera-pago-hoje-nascidos-em-setembro\/","title":{"rendered":"Coronavoucher: Aux\u00edlio emergencial ser\u00e1 pago hoje aos nascidos em setembro"},"content":{"rendered":"<p>Os benefici\u00e1rios nascidos em setembro que t\u00eam direito ao aux\u00edlio emergencial &#8211; conhecido por <strong>coronavoucher<\/strong> &#8211; receber\u00e3o hoje (15) a parcela do aux\u00edlio na poupan\u00e7a social digital. Ao todo, o governo disponibilizou R$ 1,4 bilh\u00e3o para atender a 3,6 milh\u00f5es de benefici\u00e1rios.<\/p>\t<div class=\"wrapper-featured-image\">\n\t\t<figure class=\"spotlightImg\">\n\n\t\t\t<picture>\n\t\t\t\t<source media=\"(max-width: 768px)\" srcset=\"https:\/\/files.sunoresearch.com.br\/n\/uploads\/2020\/08\/51ee8960-49747091652_3868cf63f9_b-400x200.webp\">\n\t\t\t\t<img loading=\"lazy\" decoding=\"async\" class=\"newsContent__article__imgCapa lazyloadDisabled \" src=\"https:\/\/files.sunoresearch.com.br\/n\/uploads\/2020\/08\/51ee8960-49747091652_3868cf63f9_b-800x450.webp\" width=\"800\" height=\"450\" alt=\"Coronavoucher: Aux\u00edlio emergencial ser\u00e1 pago hoje aos nascidos em setembro\" fetchpriority=high \/>\n\t\t\t<\/picture>\n\n\t\t\t<figcaption class=\"wp-caption-text wp-caption-text--show\">Segundo Sachsida, ainda restam R$ 45 bi a serem pagos em parcelas do coronavoucher para os benefici\u00e1rios. <\/figcaption>\n\t\t<\/figure>\n\t<\/div>\n\n\n\t<p>\n\t\t<a href=\"https:\/\/lp.suno.com.br\/planilha-de-controle-de-investimentos\/\" target=\"_blank\" data-element=\"shortcode-suno-banner\" title=\"Banner SUNO, clique e saiba mais\">\n\t\t\t<picture>\n\t\t\t\t<source media=\"(max-width: 500px)\" srcset=\"https:\/\/files.sunoresearch.com.br\/n\/uploads\/2023\/03\/400x300-Controle-de-Investimentos.png\">\n\t\t\t\t<img class=\"newsContent__article__imgCapa newsContent__article__imgCapa--banner\"\n\t\t\t\t\tsrc=\"https:\/\/files.sunoresearch.com.br\/n\/uploads\/2023\/03\/1420x240-Controle-de-Investimentos.png\"\n\t\t\t\t\tdata-promo-id=\"75934\"\t\t\t\t\t\t\t\t\t\twidth='1420' height='240'\t\t\t\t\talt=\"https:\/\/files.sunoresearch.com.br\/n\/uploads\/2023\/03\/1420x240-Controle-de-Investimentos.png\"\n\t\t\t\t>\n\t\t\t<\/picture>\n\t\t<\/a>\n\t<\/p>\n\n\n<p>Os valores caem na conta da poupan\u00e7a social digital neste domingo e poder\u00e3o ser movimentados pelos aplicativos cadastrados para pagamento de boletos, compras na internet e no com\u00e9rcio f\u00edsico. As transfer\u00eancias e saques do coronavoucher est\u00e3o liberados pela <strong>Caixa Econ\u00f4mica Federal<\/strong> a partir do dia 28 de novembro.<\/p>\n<p>O <strong>aux\u00edlio emergencial<\/strong> foi criado pelo governo federal em abril para atender \u00e0 camada mais pobre da popula\u00e7\u00e3o em meio \u00e0 paralisa\u00e7\u00e3o da economia para combater a covid-19. Inicialmente, o benef\u00edcio sugerido pelo Executivo era de R$ 200 por m\u00eas, mas o valor final ficou em R$ 600 ap\u00f3s disputas com o Congresso.<\/p>\n<p><a href=\"https:\/\/lp.suno.com.br\/suno-one\/\">Suno One: acesse gratuitamente eBooks, Minicursos, Artigos e Video Aulas sobre investimentos com um \u00fanico cadastro. Clique para saber mais!<\/a><\/p>\n<p>Em setembro, o benef\u00edcio do coronavoucher foi estendido at\u00e9 dezembro com o valor reduzido de R$ 300 e de R$ 600 para m\u00e3es de fam\u00edlias monoparental.<\/p>\n<h2>FGV: coronavoucher reduziu a pobreza em 23%<\/h2>\n<p>O Centro de Pol\u00edticas Sociais da Funda\u00e7\u00e3o Get\u00falio Vargas (FGV Social) divulgou, no in\u00edcio do m\u00eas passado, um estudo apontando que o coronavoucher cooperou para queda tempor\u00e1ria da pobreza no Brasil. Os dados mostraram que, at\u00e9 o oitavo m\u00eas de 2020, 15 milh\u00f5es de brasileiros sa\u00edram da <strong>linha da pobreza<\/strong>, representando um decr\u00e9scimo de 23,7% em compara\u00e7\u00e3o com o mesmo per\u00edodo do ano passado.<\/p>\n<div class=\"hubspot-form-wrapper\">\n\t<div id=\"single-form-target\"><\/div>\n<\/div>\n\n<p>Ap\u00f3s a divulga\u00e7\u00e3o da pesquisa &#8220;Covid, Classes Econ\u00f4micas e o Caminho do Meio: Cr\u00f4nica da <a href=\"https:\/\/www.suno.com.br\/artigos\/crise-economica-oportunidade-ou-ameaca\/\">Crise<\/a> at\u00e9 Agosto de 2020&#8243;, o coordenador do estudo, Marcelo Neri, destacou que o Pa\u00eds ainda contabiliza 50 milh\u00f5es de pobres, ou seja, o n\u00edvel mais baixo de toda a s\u00e9rie estat\u00edstica.<\/p>\n<p>&#8220;Em toda a s\u00e9rie estat\u00edstica a pobreza nunca esteve num n\u00edvel t\u00e3o baixo, s\u00e3o 50 milh\u00f5es de brasileiros. A queda foi realmente in\u00e9dita, de acordo com as s\u00e9ries estat\u00edsticas&#8221;, apontou. O estudo considerou como pobreza uma renda domiciliar <em>per capta<\/em> de at\u00e9 meio <a href=\"https:\/\/www.suno.com.br\/noticias\/salario-minimo-sobe-1045-a-partir-fevereiro\/#:~:text=O%20presidente%20Jair%20Bolsonaro%20afirmou,do%20dia%201%C2%BA%20de%20fevereiro.\">sal\u00e1rio m\u00ednimo<\/a>, equivalente a R$ 522,50.<\/p>\n\t<div data-element=\"shortcode-read-more\" class=\"knowMore\">\n\t\t\t\t<span class=\"knowMore__title\">Veja tamb\u00e9m<\/span>\n\t\t\t\t<a class=\"knowMore__link\" href=\"https:\/\/www.suno.com.br\/noticias\/coronavoucher-caixa-encerra-3o-ciclo-auxilio\/\">\n\t\t\tCoronavoucher: Caixa paga R$ 1,5 bilh\u00e3o e encerra 3\u00ba ciclo do aux\u00edlio\t\t<\/a>\n\t<\/div>\n\n\n<p>Neri refor\u00e7ou que a diminui\u00e7\u00e3o da pobreza \u00e9 tempor\u00e1ria, e pode ser revertida com o fim do <strong>coronavoucher<\/strong>. &#8220;O boom social ocorrido em plena pandemia \u00e9 surpreendente, mas enseja uma preocupa\u00e7\u00e3o, porque a sua principal causa, que \u00e9 o aux\u00edlio emergencial, generoso, que foi concedido, ele cai \u00e0 metade agora em outubro, e depois \u00e9 totalmente extinto em 31 dezembro. Ent\u00e3o, a nossa estimativa \u00e9 que esses 15 milh\u00f5es que sa\u00edram da pobreza v\u00e3o voltar \u00e0 velha pobreza de maneira relativamente r\u00e1pida&#8221;, disse.<\/p>\n\t<p>\n\t\t<a href=\"https:\/\/lp.suno.com.br\/planilha-de-controle-de-investimentos\/\" target=\"_blank\" data-element=\"shortcode-suno-banner\" title=\"Banner SUNO, clique e saiba mais\">\n\t\t\t<picture>\n\t\t\t\t<source media=\"(max-width: 500px)\" srcset=\"https:\/\/files.sunoresearch.com.br\/n\/uploads\/2023\/03\/400x300-Controle-de-Investimentos.png\">\n\t\t\t\t<img class=\"newsContent__article__imgCapa newsContent__article__imgCapa--banner\"\n\t\t\t\t\tsrc=\"https:\/\/files.sunoresearch.com.br\/n\/uploads\/2023\/03\/1420x240-Controle-de-Investimentos.png\"\n\t\t\t\t\tdata-promo-id=\"75934\"\t\t\t\t\t\t\t\t\t\twidth='1420' height='240'\t\t\t\t\talt=\"https:\/\/files.sunoresearch.com.br\/n\/uploads\/2023\/03\/1420x240-Controle-de-Investimentos.png\"\n\t\t\t\t>\n\t\t\t<\/picture>\n\t\t<\/a>\n\t<\/p>\n\n\n<p>&nbsp;<\/p>\n","protected":false},"excerpt":{"rendered":"<p>Os benefici\u00e1rios nascidos em setembro que t\u00eam direito ao aux\u00edlio emergencial &#8211; conhecido por coronavoucher &#8211; receber\u00e3o hoje (15) a parcela do aux\u00edlio na poupan\u00e7a social digital. Ao todo, o governo disponibilizou R$ 1,4 bilh\u00e3o para atender a 3,6 milh\u00f5es de benefici\u00e1rios. Segundo Sachsida, ainda restam R$ 45 bi a serem pagos em parcelas do [&hellip;]<\/p>\n","protected":false},"author":61,"featured_media":81383,"comment_status":"closed","ping_status":"closed","sticky":false,"template":"","format":"standard","meta":[],"categories":[62],"tags":[1199,2487,12737,5255,740],"suno_strategy":[],"class_list":["post-100437","post","type-post","status-publish","format-standard","has-post-thumbnail","hentry","category-economia","tag-caixa-economica-federal-cef","tag-coronavirus","tag-coronavoucher","tag-covid-19","tag-economia"],"yoast_head":"<!-- This site is optimized with the Yoast SEO plugin v24.4 - https:\/\/yoast.com\/wordpress\/plugins\/seo\/ -->\n<title>Coronavoucher: Aux\u00edlio ser\u00e1 pago hoje aos nascidos em setembro<\/title>\n<meta name=\"description\" content=\"Benefici\u00e1rios nascidos em setembro com direito ao aux\u00edlio emergencial receber\u00e3o neste domingo a parcela do coronavoucher. Clique e veja mais!\" \/>\n<meta name=\"robots\" content=\"index, follow, max-snippet:-1, max-image-preview:large, max-video-preview:-1\" \/>\n<link rel=\"canonical\" href=\"https:\/\/www.suno.com.br\/noticias\/coronavoucher-auxilio-emergencial-sera-pago-hoje-nascidos-em-setembro\/\" \/>\n<meta property=\"og:locale\" content=\"pt_BR\" \/>\n<meta property=\"og:type\" content=\"article\" \/>\n<meta property=\"og:title\" content=\"Coronavoucher: Aux\u00edlio ser\u00e1 pago hoje aos nascidos em setembro\" \/>\n<meta property=\"og:description\" content=\"Benefici\u00e1rios nascidos em setembro com direito ao aux\u00edlio emergencial receber\u00e3o neste domingo a parcela do coronavoucher. Clique e veja mais!\" \/>\n<meta property=\"og:url\" content=\"https:\/\/www.suno.com.br\/noticias\/coronavoucher-auxilio-emergencial-sera-pago-hoje-nascidos-em-setembro\/\" \/>\n<meta property=\"og:site_name\" content=\"Suno Not\u00edcias\" \/>\n<meta property=\"article:publisher\" content=\"https:\/\/facebook.com\/sunoresearch\" \/>\n<meta property=\"og:image\" content=\"https:\/\/files.sunoresearch.com.br\/n\/uploads\/2020\/08\/51ee8960-49747091652_3868cf63f9_b.jpg\" \/>\n\t<meta property=\"og:image:width\" content=\"1024\" \/>\n\t<meta property=\"og:image:height\" content=\"784\" \/>\n\t<meta property=\"og:image:type\" content=\"image\/jpeg\" \/>\n<meta name=\"author\" content=\"Felipe Areia\" \/>\n<meta name=\"twitter:card\" content=\"summary_large_image\" \/>\n<meta name=\"twitter:creator\" content=\"@sunoresearch\" \/>\n<meta name=\"twitter:site\" content=\"@sunoresearch\" \/>\n<meta name=\"twitter:label1\" content=\"Escrito por\" \/>\n\t<meta name=\"twitter:data1\" content=\"Felipe Areia\" \/>\n\t<meta name=\"twitter:label2\" content=\"Est. tempo de leitura\" \/>\n\t<meta name=\"twitter:data2\" content=\"3 minutos\" \/>\n<script type=\"application\/ld+json\" class=\"yoast-schema-graph\">{\"@context\":\"https:\/\/schema.org\",\"@graph\":[{\"@type\":\"NewsArticle\",\"@id\":\"https:\/\/www.suno.com.br\/noticias\/coronavoucher-auxilio-emergencial-sera-pago-hoje-nascidos-em-setembro\/#article\",\"isPartOf\":{\"@id\":\"https:\/\/www.suno.com.br\/noticias\/coronavoucher-auxilio-emergencial-sera-pago-hoje-nascidos-em-setembro\/\"},\"author\":{\"name\":\"Felipe Areia\",\"@id\":\"https:\/\/www.suno.com.br\/noticias\/#\/schema\/person\/60408fe05425d06f5564e57be6c1f9ea\"},\"headline\":\"Coronavoucher: Aux\u00edlio emergencial ser\u00e1 pago hoje aos nascidos em setembro\",\"datePublished\":\"2020-11-15T14:59:48+00:00\",\"dateModified\":\"2021-02-18T01:32:04+00:00\",\"mainEntityOfPage\":{\"@id\":\"https:\/\/www.suno.com.br\/noticias\/coronavoucher-auxilio-emergencial-sera-pago-hoje-nascidos-em-setembro\/\"},\"wordCount\":518,\"publisher\":{\"@id\":\"https:\/\/www.suno.com.br\/noticias\/#organization\"},\"image\":{\"@id\":\"https:\/\/www.suno.com.br\/noticias\/coronavoucher-auxilio-emergencial-sera-pago-hoje-nascidos-em-setembro\/#primaryimage\"},\"thumbnailUrl\":\"https:\/\/files.sunoresearch.com.br\/n\/uploads\/2020\/08\/51ee8960-49747091652_3868cf63f9_b-jpg.webp\",\"keywords\":[\"Caixa Econ\u00f4mica Federal (CEF)\",\"coronav\u00edrus\",\"coronavoucher\",\"covid-19\",\"Economia\"],\"articleSection\":[\"Economia\"],\"inLanguage\":\"pt-BR\"},{\"@type\":\"WebPage\",\"@id\":\"https:\/\/www.suno.com.br\/noticias\/coronavoucher-auxilio-emergencial-sera-pago-hoje-nascidos-em-setembro\/\",\"url\":\"https:\/\/www.suno.com.br\/noticias\/coronavoucher-auxilio-emergencial-sera-pago-hoje-nascidos-em-setembro\/\",\"name\":\"Coronavoucher: Aux\u00edlio ser\u00e1 pago hoje aos nascidos em setembro\",\"isPartOf\":{\"@id\":\"https:\/\/www.suno.com.br\/noticias\/#website\"},\"primaryImageOfPage\":{\"@id\":\"https:\/\/www.suno.com.br\/noticias\/coronavoucher-auxilio-emergencial-sera-pago-hoje-nascidos-em-setembro\/#primaryimage\"},\"image\":{\"@id\":\"https:\/\/www.suno.com.br\/noticias\/coronavoucher-auxilio-emergencial-sera-pago-hoje-nascidos-em-setembro\/#primaryimage\"},\"thumbnailUrl\":\"https:\/\/files.sunoresearch.com.br\/n\/uploads\/2020\/08\/51ee8960-49747091652_3868cf63f9_b-jpg.webp\",\"datePublished\":\"2020-11-15T14:59:48+00:00\",\"dateModified\":\"2021-02-18T01:32:04+00:00\",\"description\":\"Benefici\u00e1rios nascidos em setembro com direito ao aux\u00edlio emergencial receber\u00e3o neste domingo a parcela do coronavoucher. Clique e veja mais!\",\"breadcrumb\":{\"@id\":\"https:\/\/www.suno.com.br\/noticias\/coronavoucher-auxilio-emergencial-sera-pago-hoje-nascidos-em-setembro\/#breadcrumb\"},\"inLanguage\":\"pt-BR\",\"potentialAction\":[{\"@type\":\"ReadAction\",\"target\":[\"https:\/\/www.suno.com.br\/noticias\/coronavoucher-auxilio-emergencial-sera-pago-hoje-nascidos-em-setembro\/\"]}]},{\"@type\":\"ImageObject\",\"inLanguage\":\"pt-BR\",\"@id\":\"https:\/\/www.suno.com.br\/noticias\/coronavoucher-auxilio-emergencial-sera-pago-hoje-nascidos-em-setembro\/#primaryimage\",\"url\":\"https:\/\/files.sunoresearch.com.br\/n\/uploads\/2020\/08\/51ee8960-49747091652_3868cf63f9_b-jpg.webp\",\"contentUrl\":\"https:\/\/files.sunoresearch.com.br\/n\/uploads\/2020\/08\/51ee8960-49747091652_3868cf63f9_b-jpg.webp\",\"width\":1024,\"height\":784,\"caption\":\"Segundo Sachsida, ainda restam R$ 45 bi a serem pagos em parcelas do coronavoucher para os benefici\u00e1rios.\"},{\"@type\":\"BreadcrumbList\",\"@id\":\"https:\/\/www.suno.com.br\/noticias\/coronavoucher-auxilio-emergencial-sera-pago-hoje-nascidos-em-setembro\/#breadcrumb\",\"itemListElement\":[{\"@type\":\"ListItem\",\"position\":1,\"name\":\"Not\u00edcias\",\"item\":\"https:\/\/www.suno.com.br\/noticias\/\"},{\"@type\":\"ListItem\",\"position\":2,\"name\":\"Economia\",\"item\":\"https:\/\/www.suno.com.br\/noticias\/economia\/\"},{\"@type\":\"ListItem\",\"position\":3,\"name\":\"Coronavoucher: Aux\u00edlio emergencial ser\u00e1 pago hoje aos nascidos em setembro\"}]},{\"@type\":\"WebSite\",\"@id\":\"https:\/\/www.suno.com.br\/noticias\/#website\",\"url\":\"https:\/\/www.suno.com.br\/noticias\/\",\"name\":\"Suno Not\u00edcias\",\"description\":\"Seu portal de informa\u00e7\u00e3o sobre o mundo dos investimentos\",\"publisher\":{\"@id\":\"https:\/\/www.suno.com.br\/noticias\/#organization\"},\"potentialAction\":[{\"@type\":\"SearchAction\",\"target\":{\"@type\":\"EntryPoint\",\"urlTemplate\":\"https:\/\/www.suno.com.br\/noticias\/?s={search_term_string}\"},\"query-input\":{\"@type\":\"PropertyValueSpecification\",\"valueRequired\":true,\"valueName\":\"search_term_string\"}}],\"inLanguage\":\"pt-BR\"},{\"@type\":\"Organization\",\"@id\":\"https:\/\/www.suno.com.br\/noticias\/#organization\",\"name\":\"Suno Not\u00edcias\",\"url\":\"https:\/\/www.suno.com.br\/noticias\/\",\"logo\":{\"@type\":\"ImageObject\",\"inLanguage\":\"pt-BR\",\"@id\":\"https:\/\/www.suno.com.br\/noticias\/#\/schema\/logo\/image\/\",\"url\":\"https:\/\/files.sunoresearch.com.br\/n\/uploads\/2021\/09\/suno-logo.png\",\"contentUrl\":\"https:\/\/files.sunoresearch.com.br\/n\/uploads\/2021\/09\/suno-logo.png\",\"width\":180,\"height\":180,\"caption\":\"Suno Not\u00edcias\"},\"image\":{\"@id\":\"https:\/\/www.suno.com.br\/noticias\/#\/schema\/logo\/image\/\"},\"sameAs\":[\"https:\/\/facebook.com\/sunoresearch\",\"https:\/\/x.com\/sunoresearch\",\"https:\/\/www.instagram.com\/suno\",\"https:\/\/www.linkedin.com\/company\/suno-research\/\",\"https:\/\/www.youtube.com\/c\/sunoresearch\"]},{\"@type\":\"Person\",\"@id\":\"https:\/\/www.suno.com.br\/noticias\/#\/schema\/person\/60408fe05425d06f5564e57be6c1f9ea\",\"name\":\"Felipe Areia\",\"image\":{\"@type\":\"ImageObject\",\"inLanguage\":\"pt-BR\",\"@id\":\"https:\/\/www.suno.com.br\/noticias\/#\/schema\/person\/image\/\",\"url\":\"https:\/\/secure.gravatar.com\/avatar\/3d7d3c14b1a794a3e8c9186dd9274852?s=96&r=g\",\"contentUrl\":\"https:\/\/secure.gravatar.com\/avatar\/3d7d3c14b1a794a3e8c9186dd9274852?s=96&r=g\",\"caption\":\"Felipe Areia\"},\"description\":\"Editor-chefe do Suno not\u00edcias, Felipe Areia possui mais de 10 anos de experi\u00eancia em jornalismo econ\u00f4mico e financeiro. Foi o respons\u00e1vel pela \u00e1rea de conte\u00fado do Investing.com Brasil.\",\"url\":\"https:\/\/www.suno.com.br\/noticias\/author\/felipe-areia\/\"}]}<\/script>\n<!-- \/ Yoast SEO plugin. -->","yoast_head_json":{"title":"Coronavoucher: Aux\u00edlio ser\u00e1 pago hoje aos nascidos em setembro","description":"Benefici\u00e1rios nascidos em setembro com direito ao aux\u00edlio emergencial receber\u00e3o neste domingo a parcela do coronavoucher. Clique e veja mais!","robots":{"index":"index","follow":"follow","max-snippet":"max-snippet:-1","max-image-preview":"max-image-preview:large","max-video-preview":"max-video-preview:-1"},"canonical":"https:\/\/www.suno.com.br\/noticias\/coronavoucher-auxilio-emergencial-sera-pago-hoje-nascidos-em-setembro\/","og_locale":"pt_BR","og_type":"article","og_title":"Coronavoucher: Aux\u00edlio ser\u00e1 pago hoje aos nascidos em setembro","og_description":"Benefici\u00e1rios nascidos em setembro com direito ao aux\u00edlio emergencial receber\u00e3o neste domingo a parcela do coronavoucher. Clique e veja mais!","og_url":"https:\/\/www.suno.com.br\/noticias\/coronavoucher-auxilio-emergencial-sera-pago-hoje-nascidos-em-setembro\/","og_site_name":"Suno Not\u00edcias","article_publisher":"https:\/\/facebook.com\/sunoresearch","og_image":[{"width":1024,"height":784,"url":"https:\/\/files.sunoresearch.com.br\/n\/uploads\/2020\/08\/51ee8960-49747091652_3868cf63f9_b.jpg","type":"image\/jpeg"}],"author":"Felipe Areia","twitter_card":"summary_large_image","twitter_creator":"@sunoresearch","twitter_site":"@sunoresearch","twitter_misc":{"Escrito por":"Felipe Areia","Est. tempo de leitura":"3 minutos"},"schema":{"@context":"https:\/\/schema.org","@graph":[{"@type":"NewsArticle","@id":"https:\/\/www.suno.com.br\/noticias\/coronavoucher-auxilio-emergencial-sera-pago-hoje-nascidos-em-setembro\/#article","isPartOf":{"@id":"https:\/\/www.suno.com.br\/noticias\/coronavoucher-auxilio-emergencial-sera-pago-hoje-nascidos-em-setembro\/"},"author":{"name":"Felipe Areia","@id":"https:\/\/www.suno.com.br\/noticias\/#\/schema\/person\/60408fe05425d06f5564e57be6c1f9ea"},"headline":"Coronavoucher: Aux\u00edlio emergencial ser\u00e1 pago hoje aos nascidos em setembro","datePublished":"2020-11-15T14:59:48+00:00","dateModified":"2021-02-18T01:32:04+00:00","mainEntityOfPage":{"@id":"https:\/\/www.suno.com.br\/noticias\/coronavoucher-auxilio-emergencial-sera-pago-hoje-nascidos-em-setembro\/"},"wordCount":518,"publisher":{"@id":"https:\/\/www.suno.com.br\/noticias\/#organization"},"image":{"@id":"https:\/\/www.suno.com.br\/noticias\/coronavoucher-auxilio-emergencial-sera-pago-hoje-nascidos-em-setembro\/#primaryimage"},"thumbnailUrl":"https:\/\/files.sunoresearch.com.br\/n\/uploads\/2020\/08\/51ee8960-49747091652_3868cf63f9_b-jpg.webp","keywords":["Caixa Econ\u00f4mica Federal (CEF)","coronav\u00edrus","coronavoucher","covid-19","Economia"],"articleSection":["Economia"],"inLanguage":"pt-BR"},{"@type":"WebPage","@id":"https:\/\/www.suno.com.br\/noticias\/coronavoucher-auxilio-emergencial-sera-pago-hoje-nascidos-em-setembro\/","url":"https:\/\/www.suno.com.br\/noticias\/coronavoucher-auxilio-emergencial-sera-pago-hoje-nascidos-em-setembro\/","name":"Coronavoucher: Aux\u00edlio ser\u00e1 pago hoje aos nascidos em setembro","isPartOf":{"@id":"https:\/\/www.suno.com.br\/noticias\/#website"},"primaryImageOfPage":{"@id":"https:\/\/www.suno.com.br\/noticias\/coronavoucher-auxilio-emergencial-sera-pago-hoje-nascidos-em-setembro\/#primaryimage"},"image":{"@id":"https:\/\/www.suno.com.br\/noticias\/coronavoucher-auxilio-emergencial-sera-pago-hoje-nascidos-em-setembro\/#primaryimage"},"thumbnailUrl":"https:\/\/files.sunoresearch.com.br\/n\/uploads\/2020\/08\/51ee8960-49747091652_3868cf63f9_b-jpg.webp","datePublished":"2020-11-15T14:59:48+00:00","dateModified":"2021-02-18T01:32:04+00:00","description":"Benefici\u00e1rios nascidos em setembro com direito ao aux\u00edlio emergencial receber\u00e3o neste domingo a parcela do coronavoucher. Clique e veja mais!","breadcrumb":{"@id":"https:\/\/www.suno.com.br\/noticias\/coronavoucher-auxilio-emergencial-sera-pago-hoje-nascidos-em-setembro\/#breadcrumb"},"inLanguage":"pt-BR","potentialAction":[{"@type":"ReadAction","target":["https:\/\/www.suno.com.br\/noticias\/coronavoucher-auxilio-emergencial-sera-pago-hoje-nascidos-em-setembro\/"]}]},{"@type":"ImageObject","inLanguage":"pt-BR","@id":"https:\/\/www.suno.com.br\/noticias\/coronavoucher-auxilio-emergencial-sera-pago-hoje-nascidos-em-setembro\/#primaryimage","url":"https:\/\/files.sunoresearch.com.br\/n\/uploads\/2020\/08\/51ee8960-49747091652_3868cf63f9_b-jpg.webp","contentUrl":"https:\/\/files.sunoresearch.com.br\/n\/uploads\/2020\/08\/51ee8960-49747091652_3868cf63f9_b-jpg.webp","width":1024,"height":784,"caption":"Segundo Sachsida, ainda restam R$ 45 bi a serem pagos em parcelas do coronavoucher para os benefici\u00e1rios."},{"@type":"BreadcrumbList","@id":"https:\/\/www.suno.com.br\/noticias\/coronavoucher-auxilio-emergencial-sera-pago-hoje-nascidos-em-setembro\/#breadcrumb","itemListElement":[{"@type":"ListItem","position":1,"name":"Not\u00edcias","item":"https:\/\/www.suno.com.br\/noticias\/"},{"@type":"ListItem","position":2,"name":"Economia","item":"https:\/\/www.suno.com.br\/noticias\/economia\/"},{"@type":"ListItem","position":3,"name":"Coronavoucher: Aux\u00edlio emergencial ser\u00e1 pago hoje aos nascidos em setembro"}]},{"@type":"WebSite","@id":"https:\/\/www.suno.com.br\/noticias\/#website","url":"https:\/\/www.suno.com.br\/noticias\/","name":"Suno Not\u00edcias","description":"Seu portal de informa\u00e7\u00e3o sobre o mundo dos investimentos","publisher":{"@id":"https:\/\/www.suno.com.br\/noticias\/#organization"},"potentialAction":[{"@type":"SearchAction","target":{"@type":"EntryPoint","urlTemplate":"https:\/\/www.suno.com.br\/noticias\/?s={search_term_string}"},"query-input":{"@type":"PropertyValueSpecification","valueRequired":true,"valueName":"search_term_string"}}],"inLanguage":"pt-BR"},{"@type":"Organization","@id":"https:\/\/www.suno.com.br\/noticias\/#organization","name":"Suno Not\u00edcias","url":"https:\/\/www.suno.com.br\/noticias\/","logo":{"@type":"ImageObject","inLanguage":"pt-BR","@id":"https:\/\/www.suno.com.br\/noticias\/#\/schema\/logo\/image\/","url":"https:\/\/files.sunoresearch.com.br\/n\/uploads\/2021\/09\/suno-logo.png","contentUrl":"https:\/\/files.sunoresearch.com.br\/n\/uploads\/2021\/09\/suno-logo.png","width":180,"height":180,"caption":"Suno Not\u00edcias"},"image":{"@id":"https:\/\/www.suno.com.br\/noticias\/#\/schema\/logo\/image\/"},"sameAs":["https:\/\/facebook.com\/sunoresearch","https:\/\/x.com\/sunoresearch","https:\/\/www.instagram.com\/suno","https:\/\/www.linkedin.com\/company\/suno-research\/","https:\/\/www.youtube.com\/c\/sunoresearch"]},{"@type":"Person","@id":"https:\/\/www.suno.com.br\/noticias\/#\/schema\/person\/60408fe05425d06f5564e57be6c1f9ea","name":"Felipe Areia","image":{"@type":"ImageObject","inLanguage":"pt-BR","@id":"https:\/\/www.suno.com.br\/noticias\/#\/schema\/person\/image\/","url":"https:\/\/secure.gravatar.com\/avatar\/3d7d3c14b1a794a3e8c9186dd9274852?s=96&r=g","contentUrl":"https:\/\/secure.gravatar.com\/avatar\/3d7d3c14b1a794a3e8c9186dd9274852?s=96&r=g","caption":"Felipe Areia"},"description":"Editor-chefe do Suno not\u00edcias, Felipe Areia possui mais de 10 anos de experi\u00eancia em jornalismo econ\u00f4mico e financeiro. Foi o respons\u00e1vel pela \u00e1rea de conte\u00fado do Investing.com Brasil.","url":"https:\/\/www.suno.com.br\/noticias\/author\/felipe-areia\/"}]}},"default_loop_html":"<div class=\"cardsPage__listCard__boxs\"><div class=\"cardsPage__listCard__boxs__img\"><a href=\"https:\/\/www.suno.com.br\/noticias\/coronavoucher-auxilio-emergencial-sera-pago-hoje-nascidos-em-setembro\/\"><img class=\"mask\" src=\"https:\/\/www.suno.com.br\/noticias\/wp-content\/themes\/suno\/resources\/images\/spotlight\/spotlight1img\/bg-mask.png\" alt=\"Image Mask\"\/><img src=\"https:\/\/files.sunoresearch.com.br\/n\/uploads\/2020\/08\/51ee8960-49747091652_3868cf63f9_b-400x200.webp\" alt=\"Coronavoucher: Aux\u00edlio emergencial ser\u00e1 pago hoje aos nascidos em setembro\"\/><\/a><span class=\"spotlightCategory\"><a href=\"https:\/\/www.suno.com.br\/noticias\/economia\/\">Economia<\/a><\/span><\/div><div class=\"cardsPage__listCard__boxs__content\"><a href=\"https:\/\/www.suno.com.br\/noticias\/coronavoucher-auxilio-emergencial-sera-pago-hoje-nascidos-em-setembro\/\"><h2 class=\"content__title\">Coronavoucher: Aux\u00edlio emergencial ser\u00e1 pago hoje aos nascidos em setembro<\/h2><\/a><div class=\"newsContent__article__meta\"><div class=\"newsContent__article__meta__authorBox\"><a href=\"https:\/\/www.suno.com.br\/noticias\/author\/felipe-areia\/\" class=\"authorBox__avatar noMobi\"><img src=\"https:\/\/secure.gravatar.com\/avatar\/3d7d3c14b1a794a3e8c9186dd9274852?s=96&#038;r=g\" alt=\"Felipe Areia\"><\/a><div class=\"authorBox__name\"><span>por\n\t\t\t<a href=\"https:\/\/www.suno.com.br\/noticias\/author\/felipe-areia\/\"><span itemprop=\"author\">Felipe Areia<\/span><\/a><\/span><time datetime=\"2020-11-15T11:59:48-03:00\" itemprop=\"datePublished\">15\/11\/2020 11:59<\/time><\/div><\/div><\/div><\/div><\/div>","single_layout":"posts","amp_enabled":true,"_links":{"self":[{"href":"https:\/\/www.suno.com.br\/noticias\/wp-json\/wp\/v2\/posts\/100437"}],"collection":[{"href":"https:\/\/www.suno.com.br\/noticias\/wp-json\/wp\/v2\/posts"}],"about":[{"href":"https:\/\/www.suno.com.br\/noticias\/wp-json\/wp\/v2\/types\/post"}],"author":[{"embeddable":true,"href":"https:\/\/www.suno.com.br\/noticias\/wp-json\/wp\/v2\/users\/61"}],"replies":[{"embeddable":true,"href":"https:\/\/www.suno.com.br\/noticias\/wp-json\/wp\/v2\/comments?post=100437"}],"version-history":[{"count":0,"href":"https:\/\/www.suno.com.br\/noticias\/wp-json\/wp\/v2\/posts\/100437\/revisions"}],"wp:featuredmedia":[{"embeddable":true,"href":"https:\/\/www.suno.com.br\/noticias\/wp-json\/wp\/v2\/media\/81383"}],"wp:attachment":[{"href":"https:\/\/www.suno.com.br\/noticias\/wp-json\/wp\/v2\/media?parent=100437"}],"wp:term":[{"taxonomy":"category","embeddable":true,"href":"https:\/\/www.suno.com.br\/noticias\/wp-json\/wp\/v2\/categories?post=100437"},{"taxonomy":"post_tag","embeddable":true,"href":"https:\/\/www.suno.com.br\/noticias\/wp-json\/wp\/v2\/tags?post=100437"},{"taxonomy":"suno_strategy","embeddable":true,"href":"https:\/\/www.suno.com.br\/noticias\/wp-json\/wp\/v2\/suno_strategy?post=100437"}],"curies":[{"name":"wp","href":"https:\/\/api.w.org\/{rel}","templated":true}]}}