{"id":100433,"date":"2020-11-15T11:28:42","date_gmt":"2020-11-15T14:28:42","guid":{"rendered":"https:\/\/www.suno.com.br\/noticias\/?p=100433"},"modified":"2021-02-18T17:57:23","modified_gmt":"2021-02-18T20:57:23","slug":"donald-trump-indica-derrota-pela-primeira-vez","status":"publish","type":"post","link":"https:\/\/www.suno.com.br\/noticias\/donald-trump-indica-derrota-pela-primeira-vez\/","title":{"rendered":"Donald Trump indica derrota pela primeira vez em seu Twitter"},"content":{"rendered":"<p>O presidente dos EUA <a href=\"https:\/\/www.suno.com.br\/tudo-sobre\/donald-trump\/\"><strong>Donald Trump<\/strong><\/a> deu o primeiro sinal p\u00fablico de que entendeu que foi derrotado nas elei\u00e7\u00f5es disputadas no dia 3 de novembro. A vit\u00f3ria de seu advers\u00e1rio, o democrata Joe Biden, foi reconhecido pela imprensa norte-americana &#8211; como \u00e9 o padr\u00e3o no pa\u00eds &#8211; no s\u00e1bado seguinte \u00e0 vota\u00e7\u00e3o, dia 7 de novembro.<\/p>\t<div class=\"wrapper-featured-image\">\n\t\t<figure class=\"spotlightImg\">\n\n\t\t\t<picture>\n\t\t\t\t<source media=\"(max-width: 768px)\" srcset=\"https:\/\/files.sunoresearch.com.br\/n\/uploads\/2020\/08\/708a29f0-coronav\u00edrus-donald-trump-2-400x200.webp\">\n\t\t\t\t<img loading=\"lazy\" decoding=\"async\" class=\"newsContent__article__imgCapa lazyloadDisabled \" src=\"https:\/\/files.sunoresearch.com.br\/n\/uploads\/2020\/08\/708a29f0-coronav\u00edrus-donald-trump-2-800x450.webp\" width=\"800\" height=\"450\" alt=\"Donald Trump indica derrota pela primeira vez em seu Twitter\" fetchpriority=high \/>\n\t\t\t<\/picture>\n\n\t\t\t<figcaption class=\"wp-caption-text wp-caption-text--show\">Trump deve anunciar um acordo de US$ 750 mi com a Abbott Laboratories para a compra de 150 mi de testes de coronav\u00edrus. <\/figcaption>\n\t\t<\/figure>\n\t<\/div>\n\n\n<p><span style=\"font-weight: 400;\">\t<p>\n\t\t<a href=\"\" target=\"_blank\" data-element=\"shortcode-suno-banner\" title=\"Banner SUNO, clique e saiba mais\">\n\t\t\t<picture>\n\t\t\t\t<source media=\"(max-width: 500px)\" srcset=\"\">\n\t\t\t\t<img class=\"newsContent__article__imgCapa newsContent__article__imgCapa--banner\"\n\t\t\t\t\tsrc=\"\"\n\t\t\t\t\tdata-promo-id=\"97204\"\t\t\t\t\t\t\t\t\t\t\t\t\t\t\talt=\"\"\n\t\t\t\t>\n\t\t\t<\/picture>\n\t\t<\/a>\n\t<\/p>\n\n<\/span><\/p>\n<p>Em mais uma s\u00e9rie de tu\u00edtes, Donald Trump voltou a atacar as elei\u00e7\u00f5es e a contagem dos votos, que ele afirma ter sido fraudada. N\u00e3o h\u00e1 ind\u00edcios de fraudes em massa capazes de alterar a elei\u00e7\u00e3o dos EUA e nem a campanha de Trump apresentou qualquer prova neste sentido. Na semana passada, o Departamento de Seguran\u00e7a Interna dos EUA, subordinado ao poder executivo, disse que a elei\u00e7\u00e3o de 2020 foi a &#8220;mais segura da hist\u00f3ria&#8221;.<\/p>\n<p>O primeiro reconhecimento da derrota veio em meio a repeti\u00e7\u00e3o dos ataques. Trump disse que os democratas &#8220;tiveram muito sucesso&#8221; em roubar as elei\u00e7\u00f5es &#8220;sem serem pegos&#8221;.<\/p>\n<p><a href=\"https:\/\/lp.suno.com.br\/suno-one\/\"><span style=\"font-weight: 400;\">Suno One: acesse gratuitamente eBooks, Minicursos, Artigos e Video Aulas sobre investimentos com um \u00fanico cadastro. Clique para saber mais!<\/span><\/a><\/p>\n<p>Trump mant\u00e9m o discurso de que venceu a elei\u00e7\u00e3o, apesar de a imprensa norte-americana ter dado a elei\u00e7\u00e3o como definida ao declarar vit\u00f3ria de Joe Biden nos estados da Pensilv\u00e2nia, Arizona, Nevada e Ge\u00f3rgia. O resultado final ficou em 306 delegados para Biden e 232 delegados para Trump.<\/p>\n<p>Nos Estados Unidos, n\u00e3o h\u00e1 um sistema unificado de contagem de votos como o Tribunal Superior Eleitoral (TSE) no Brasil. A responsabilidade por definir as regras de vota\u00e7\u00e3o e contabilizar os votos s\u00e3o de cada estado. Historicamente, os candidatos aceitam o resultado declarados pelos principais \u00f3rg\u00e3os de imprensa, que projetam os resultados de acordo com os votos contabilizados e os que ainda faltam serem computados.<\/p>\n<p><span style=\"font-weight: 400;\">\u00a0<div class=\"hubspot-form-wrapper\">\n\t<div id=\"single-form-target\"><\/div>\n<\/div>\n<\/span><\/p>\n<p>Em 2016, Trump foi declarado vencedor pela imprensa na madrugada ap\u00f3s a vota\u00e7\u00e3o e fez o discurso de vit\u00f3ria em seguida. Sua advers\u00e1ria, Hillary Clinton reconheceu a derrota horas depois.<\/p>\n<p>Apesar de ter dado o primeiro sinal de ter entendido que foi derrotado, Donald Trump dever\u00e1 seguir se declarando como vencedor e tentando reverter alguns votos na Justi\u00e7a. At\u00e9 o momento, foi derrotado na maioria dos casos.<\/p>\n<p><span style=\"font-weight: 400;\">\t<div data-element=\"shortcode-read-more\" class=\"knowMore\">\n\t\t\t\t<span class=\"knowMore__title\">Saiba mais<\/span>\n\t\t\t\t<a class=\"knowMore__link\" href=\"https:\/\/www.suno.com.br\/noticias\/sem-provas-trump-fala-em-fraude-vitoria-biden\/\">\n\t\t\tSem provas, Trump volta a falar em fraude ap\u00f3s vit\u00f3ria de Biden\t\t<\/a>\n\t<\/div>\n\n<\/span><\/p>\n<p>Uma hora ap\u00f3s o post que indica que pode ter sido derrotado, Trump voltou ao Twitter para reafirmar que n\u00e3o reconheceu derrota e que seguir\u00e1 lutando.<\/p>\n<p><span style=\"font-weight: 400;\">\t<div data-element=\"shortcode-read-more\" class=\"knowMore\">\n\t\t\t\t<span class=\"knowMore__title\">Saiba mais<\/span>\n\t\t\t\t<a class=\"knowMore__link\" href=\"https:\/\/www.suno.com.br\/noticias\/joe-biden-e-o-novo-presidente-dos-eua\/\">\n\t\t\tJoe Biden \u00e9 o novo presidente dos EUA\t\t<\/a>\n\t<\/div>\n\n<\/span><\/p>\n<p>A posi\u00e7\u00e3o de <strong>Donald Trump<\/strong> de n\u00e3o reconhecer a derrota \u00e9 apoiada por republicanos fi\u00e9is como os senadores Lindsey Graham e Ted Cruz. Not\u00edcias na imprensa mostram que seus familiares est\u00e3o divididos entre aqueles que acham que Donald Trump deve aceitar a derrota, como sua esposa Melania e a filha Ivanka, e os filhos que acham que ele deve seguir lutando, Don Jr e Eric. O presidente do Senado norte-americano, Mitch McConnell, reconhecido e respeitado por seu partido, deu declara\u00e7\u00f5es em cima do muro ao dizer que Trump tem o direito de buscar a Justi\u00e7a e que os &#8220;votos legais&#8221; devem ser contados &#8211; algo que os democratas n\u00e3o discordam. O novo presidente dever\u00e1 ser reconhecido oficialmente pelos estados em dezembro e a posse ser\u00e1 em 20 de janeiro.<\/p>\n<p><span style=\"font-weight: 400;\">\t<p>\n\t\t<a href=\"https:\/\/lp.suno.com.br\/planilha-de-controle-de-investimentos\/\" target=\"_blank\" data-element=\"shortcode-suno-banner\" title=\"Banner SUNO, clique e saiba mais\">\n\t\t\t<picture>\n\t\t\t\t<source media=\"(max-width: 500px)\" srcset=\"https:\/\/files.sunoresearch.com.br\/n\/uploads\/2023\/03\/400x300-Controle-de-Investimentos.png\">\n\t\t\t\t<img class=\"newsContent__article__imgCapa newsContent__article__imgCapa--banner\"\n\t\t\t\t\tsrc=\"https:\/\/files.sunoresearch.com.br\/n\/uploads\/2023\/03\/1420x240-Controle-de-Investimentos.png\"\n\t\t\t\t\tdata-promo-id=\"75934\"\t\t\t\t\t\t\t\t\t\twidth='1420' height='240'\t\t\t\t\talt=\"https:\/\/files.sunoresearch.com.br\/n\/uploads\/2023\/03\/1420x240-Controle-de-Investimentos.png\"\n\t\t\t\t>\n\t\t\t<\/picture>\n\t\t<\/a>\n\t<\/p>\n\n<\/span><\/p>\n","protected":false},"excerpt":{"rendered":"<p>O presidente dos EUA Donald Trump deu o primeiro sinal p\u00fablico de que entendeu que foi derrotado nas elei\u00e7\u00f5es disputadas no dia 3 de novembro. A vit\u00f3ria de seu advers\u00e1rio, o democrata Joe Biden, foi reconhecido pela imprensa norte-americana &#8211; como \u00e9 o padr\u00e3o no pa\u00eds &#8211; no s\u00e1bado seguinte \u00e0 vota\u00e7\u00e3o, dia 7 de [&hellip;]<\/p>\n","protected":false},"author":61,"featured_media":81100,"comment_status":"closed","ping_status":"closed","sticky":false,"template":"","format":"standard","meta":[],"categories":[63],"tags":[724,104868,73481],"suno_strategy":[],"class_list":["post-100433","post","type-post","status-publish","format-standard","has-post-thumbnail","hentry","category-internacional","tag-donald-trump","tag-eleicoes-americanas","tag-joe-biden"],"yoast_head":"<!-- This site is optimized with the Yoast SEO plugin v24.4 - https:\/\/yoast.com\/wordpress\/plugins\/seo\/ -->\n<title>Donald Trump indica derrota pela primeira vez em seu Twitter<\/title>\n<meta name=\"description\" content=\"Em seu Twitter, Donald Trump sugere pela primeira vez que pode ter perdido a elei\u00e7\u00e3o para Joe Biden. Clique e saiba mais!\" \/>\n<meta name=\"robots\" content=\"index, follow, max-snippet:-1, max-image-preview:large, max-video-preview:-1\" \/>\n<link rel=\"canonical\" href=\"https:\/\/www.suno.com.br\/noticias\/donald-trump-indica-derrota-pela-primeira-vez\/\" \/>\n<meta property=\"og:locale\" content=\"pt_BR\" \/>\n<meta property=\"og:type\" content=\"article\" \/>\n<meta property=\"og:title\" content=\"Donald Trump indica derrota pela primeira vez em seu Twitter\" \/>\n<meta property=\"og:description\" content=\"Em seu Twitter, Donald Trump sugere pela primeira vez que pode ter perdido a elei\u00e7\u00e3o para Joe Biden. Clique e saiba mais!\" \/>\n<meta property=\"og:url\" content=\"https:\/\/www.suno.com.br\/noticias\/donald-trump-indica-derrota-pela-primeira-vez\/\" \/>\n<meta property=\"og:site_name\" content=\"Suno Not\u00edcias\" \/>\n<meta property=\"article:publisher\" content=\"https:\/\/facebook.com\/sunoresearch\" \/>\n<meta property=\"og:image\" content=\"https:\/\/files.sunoresearch.com.br\/n\/uploads\/2020\/08\/708a29f0-coronav\u00edrus-donald-trump-2.jpg\" \/>\n\t<meta property=\"og:image:width\" content=\"868\" \/>\n\t<meta property=\"og:image:height\" content=\"644\" \/>\n\t<meta property=\"og:image:type\" content=\"image\/jpeg\" \/>\n<meta name=\"author\" content=\"Felipe Areia\" \/>\n<meta name=\"twitter:card\" content=\"summary_large_image\" \/>\n<meta name=\"twitter:creator\" content=\"@sunoresearch\" \/>\n<meta name=\"twitter:site\" content=\"@sunoresearch\" \/>\n<meta name=\"twitter:label1\" content=\"Escrito por\" \/>\n\t<meta name=\"twitter:data1\" content=\"Felipe Areia\" \/>\n\t<meta name=\"twitter:label2\" content=\"Est. tempo de leitura\" \/>\n\t<meta name=\"twitter:data2\" content=\"3 minutos\" \/>\n<script type=\"application\/ld+json\" class=\"yoast-schema-graph\">{\"@context\":\"https:\/\/schema.org\",\"@graph\":[{\"@type\":\"NewsArticle\",\"@id\":\"https:\/\/www.suno.com.br\/noticias\/donald-trump-indica-derrota-pela-primeira-vez\/#article\",\"isPartOf\":{\"@id\":\"https:\/\/www.suno.com.br\/noticias\/donald-trump-indica-derrota-pela-primeira-vez\/\"},\"author\":{\"name\":\"Felipe Areia\",\"@id\":\"https:\/\/www.suno.com.br\/noticias\/#\/schema\/person\/60408fe05425d06f5564e57be6c1f9ea\"},\"headline\":\"Donald Trump indica derrota pela primeira vez em seu Twitter\",\"datePublished\":\"2020-11-15T14:28:42+00:00\",\"dateModified\":\"2021-02-18T20:57:23+00:00\",\"mainEntityOfPage\":{\"@id\":\"https:\/\/www.suno.com.br\/noticias\/donald-trump-indica-derrota-pela-primeira-vez\/\"},\"wordCount\":590,\"publisher\":{\"@id\":\"https:\/\/www.suno.com.br\/noticias\/#organization\"},\"image\":{\"@id\":\"https:\/\/www.suno.com.br\/noticias\/donald-trump-indica-derrota-pela-primeira-vez\/#primaryimage\"},\"thumbnailUrl\":\"https:\/\/files.sunoresearch.com.br\/n\/uploads\/2020\/08\/708a29f0-coronav\u00edrus-donald-trump-2-jpg.webp\",\"keywords\":[\"Donald Trump\",\"Elei\u00e7\u00f5es americanas\",\"Joe Biden\"],\"articleSection\":[\"Internacional\"],\"inLanguage\":\"pt-BR\"},{\"@type\":\"WebPage\",\"@id\":\"https:\/\/www.suno.com.br\/noticias\/donald-trump-indica-derrota-pela-primeira-vez\/\",\"url\":\"https:\/\/www.suno.com.br\/noticias\/donald-trump-indica-derrota-pela-primeira-vez\/\",\"name\":\"Donald Trump indica derrota pela primeira vez em seu Twitter\",\"isPartOf\":{\"@id\":\"https:\/\/www.suno.com.br\/noticias\/#website\"},\"primaryImageOfPage\":{\"@id\":\"https:\/\/www.suno.com.br\/noticias\/donald-trump-indica-derrota-pela-primeira-vez\/#primaryimage\"},\"image\":{\"@id\":\"https:\/\/www.suno.com.br\/noticias\/donald-trump-indica-derrota-pela-primeira-vez\/#primaryimage\"},\"thumbnailUrl\":\"https:\/\/files.sunoresearch.com.br\/n\/uploads\/2020\/08\/708a29f0-coronav\u00edrus-donald-trump-2-jpg.webp\",\"datePublished\":\"2020-11-15T14:28:42+00:00\",\"dateModified\":\"2021-02-18T20:57:23+00:00\",\"description\":\"Em seu Twitter, Donald Trump sugere pela primeira vez que pode ter perdido a elei\u00e7\u00e3o para Joe Biden. Clique e saiba mais!\",\"breadcrumb\":{\"@id\":\"https:\/\/www.suno.com.br\/noticias\/donald-trump-indica-derrota-pela-primeira-vez\/#breadcrumb\"},\"inLanguage\":\"pt-BR\",\"potentialAction\":[{\"@type\":\"ReadAction\",\"target\":[\"https:\/\/www.suno.com.br\/noticias\/donald-trump-indica-derrota-pela-primeira-vez\/\"]}]},{\"@type\":\"ImageObject\",\"inLanguage\":\"pt-BR\",\"@id\":\"https:\/\/www.suno.com.br\/noticias\/donald-trump-indica-derrota-pela-primeira-vez\/#primaryimage\",\"url\":\"https:\/\/files.sunoresearch.com.br\/n\/uploads\/2020\/08\/708a29f0-coronav\u00edrus-donald-trump-2-jpg.webp\",\"contentUrl\":\"https:\/\/files.sunoresearch.com.br\/n\/uploads\/2020\/08\/708a29f0-coronav\u00edrus-donald-trump-2-jpg.webp\",\"width\":868,\"height\":644,\"caption\":\"Trump deve anunciar um acordo de US$ 750 mi com a Abbott Laboratories para a compra de 150 mi de testes de coronav\u00edrus.\"},{\"@type\":\"BreadcrumbList\",\"@id\":\"https:\/\/www.suno.com.br\/noticias\/donald-trump-indica-derrota-pela-primeira-vez\/#breadcrumb\",\"itemListElement\":[{\"@type\":\"ListItem\",\"position\":1,\"name\":\"Not\u00edcias\",\"item\":\"https:\/\/www.suno.com.br\/noticias\/\"},{\"@type\":\"ListItem\",\"position\":2,\"name\":\"Internacional\",\"item\":\"https:\/\/www.suno.com.br\/noticias\/internacional\/\"},{\"@type\":\"ListItem\",\"position\":3,\"name\":\"Donald Trump indica derrota pela primeira vez em seu Twitter\"}]},{\"@type\":\"WebSite\",\"@id\":\"https:\/\/www.suno.com.br\/noticias\/#website\",\"url\":\"https:\/\/www.suno.com.br\/noticias\/\",\"name\":\"Suno Not\u00edcias\",\"description\":\"Seu portal de informa\u00e7\u00e3o sobre o mundo dos investimentos\",\"publisher\":{\"@id\":\"https:\/\/www.suno.com.br\/noticias\/#organization\"},\"potentialAction\":[{\"@type\":\"SearchAction\",\"target\":{\"@type\":\"EntryPoint\",\"urlTemplate\":\"https:\/\/www.suno.com.br\/noticias\/?s={search_term_string}\"},\"query-input\":{\"@type\":\"PropertyValueSpecification\",\"valueRequired\":true,\"valueName\":\"search_term_string\"}}],\"inLanguage\":\"pt-BR\"},{\"@type\":\"Organization\",\"@id\":\"https:\/\/www.suno.com.br\/noticias\/#organization\",\"name\":\"Suno Not\u00edcias\",\"url\":\"https:\/\/www.suno.com.br\/noticias\/\",\"logo\":{\"@type\":\"ImageObject\",\"inLanguage\":\"pt-BR\",\"@id\":\"https:\/\/www.suno.com.br\/noticias\/#\/schema\/logo\/image\/\",\"url\":\"https:\/\/files.sunoresearch.com.br\/n\/uploads\/2021\/09\/suno-logo.png\",\"contentUrl\":\"https:\/\/files.sunoresearch.com.br\/n\/uploads\/2021\/09\/suno-logo.png\",\"width\":180,\"height\":180,\"caption\":\"Suno Not\u00edcias\"},\"image\":{\"@id\":\"https:\/\/www.suno.com.br\/noticias\/#\/schema\/logo\/image\/\"},\"sameAs\":[\"https:\/\/facebook.com\/sunoresearch\",\"https:\/\/x.com\/sunoresearch\",\"https:\/\/www.instagram.com\/suno\",\"https:\/\/www.linkedin.com\/company\/suno-research\/\",\"https:\/\/www.youtube.com\/c\/sunoresearch\"]},{\"@type\":\"Person\",\"@id\":\"https:\/\/www.suno.com.br\/noticias\/#\/schema\/person\/60408fe05425d06f5564e57be6c1f9ea\",\"name\":\"Felipe Areia\",\"image\":{\"@type\":\"ImageObject\",\"inLanguage\":\"pt-BR\",\"@id\":\"https:\/\/www.suno.com.br\/noticias\/#\/schema\/person\/image\/\",\"url\":\"https:\/\/secure.gravatar.com\/avatar\/3d7d3c14b1a794a3e8c9186dd9274852?s=96&r=g\",\"contentUrl\":\"https:\/\/secure.gravatar.com\/avatar\/3d7d3c14b1a794a3e8c9186dd9274852?s=96&r=g\",\"caption\":\"Felipe Areia\"},\"description\":\"Editor-chefe do Suno not\u00edcias, Felipe Areia possui mais de 10 anos de experi\u00eancia em jornalismo econ\u00f4mico e financeiro. Foi o respons\u00e1vel pela \u00e1rea de conte\u00fado do Investing.com Brasil.\",\"url\":\"https:\/\/www.suno.com.br\/noticias\/author\/felipe-areia\/\"}]}<\/script>\n<!-- \/ Yoast SEO plugin. -->","yoast_head_json":{"title":"Donald Trump indica derrota pela primeira vez em seu Twitter","description":"Em seu Twitter, Donald Trump sugere pela primeira vez que pode ter perdido a elei\u00e7\u00e3o para Joe Biden. Clique e saiba mais!","robots":{"index":"index","follow":"follow","max-snippet":"max-snippet:-1","max-image-preview":"max-image-preview:large","max-video-preview":"max-video-preview:-1"},"canonical":"https:\/\/www.suno.com.br\/noticias\/donald-trump-indica-derrota-pela-primeira-vez\/","og_locale":"pt_BR","og_type":"article","og_title":"Donald Trump indica derrota pela primeira vez em seu Twitter","og_description":"Em seu Twitter, Donald Trump sugere pela primeira vez que pode ter perdido a elei\u00e7\u00e3o para Joe Biden. Clique e saiba mais!","og_url":"https:\/\/www.suno.com.br\/noticias\/donald-trump-indica-derrota-pela-primeira-vez\/","og_site_name":"Suno Not\u00edcias","article_publisher":"https:\/\/facebook.com\/sunoresearch","og_image":[{"width":868,"height":644,"url":"https:\/\/files.sunoresearch.com.br\/n\/uploads\/2020\/08\/708a29f0-coronav\u00edrus-donald-trump-2.jpg","type":"image\/jpeg"}],"author":"Felipe Areia","twitter_card":"summary_large_image","twitter_creator":"@sunoresearch","twitter_site":"@sunoresearch","twitter_misc":{"Escrito por":"Felipe Areia","Est. tempo de leitura":"3 minutos"},"schema":{"@context":"https:\/\/schema.org","@graph":[{"@type":"NewsArticle","@id":"https:\/\/www.suno.com.br\/noticias\/donald-trump-indica-derrota-pela-primeira-vez\/#article","isPartOf":{"@id":"https:\/\/www.suno.com.br\/noticias\/donald-trump-indica-derrota-pela-primeira-vez\/"},"author":{"name":"Felipe Areia","@id":"https:\/\/www.suno.com.br\/noticias\/#\/schema\/person\/60408fe05425d06f5564e57be6c1f9ea"},"headline":"Donald Trump indica derrota pela primeira vez em seu Twitter","datePublished":"2020-11-15T14:28:42+00:00","dateModified":"2021-02-18T20:57:23+00:00","mainEntityOfPage":{"@id":"https:\/\/www.suno.com.br\/noticias\/donald-trump-indica-derrota-pela-primeira-vez\/"},"wordCount":590,"publisher":{"@id":"https:\/\/www.suno.com.br\/noticias\/#organization"},"image":{"@id":"https:\/\/www.suno.com.br\/noticias\/donald-trump-indica-derrota-pela-primeira-vez\/#primaryimage"},"thumbnailUrl":"https:\/\/files.sunoresearch.com.br\/n\/uploads\/2020\/08\/708a29f0-coronav\u00edrus-donald-trump-2-jpg.webp","keywords":["Donald Trump","Elei\u00e7\u00f5es americanas","Joe Biden"],"articleSection":["Internacional"],"inLanguage":"pt-BR"},{"@type":"WebPage","@id":"https:\/\/www.suno.com.br\/noticias\/donald-trump-indica-derrota-pela-primeira-vez\/","url":"https:\/\/www.suno.com.br\/noticias\/donald-trump-indica-derrota-pela-primeira-vez\/","name":"Donald Trump indica derrota pela primeira vez em seu Twitter","isPartOf":{"@id":"https:\/\/www.suno.com.br\/noticias\/#website"},"primaryImageOfPage":{"@id":"https:\/\/www.suno.com.br\/noticias\/donald-trump-indica-derrota-pela-primeira-vez\/#primaryimage"},"image":{"@id":"https:\/\/www.suno.com.br\/noticias\/donald-trump-indica-derrota-pela-primeira-vez\/#primaryimage"},"thumbnailUrl":"https:\/\/files.sunoresearch.com.br\/n\/uploads\/2020\/08\/708a29f0-coronav\u00edrus-donald-trump-2-jpg.webp","datePublished":"2020-11-15T14:28:42+00:00","dateModified":"2021-02-18T20:57:23+00:00","description":"Em seu Twitter, Donald Trump sugere pela primeira vez que pode ter perdido a elei\u00e7\u00e3o para Joe Biden. Clique e saiba mais!","breadcrumb":{"@id":"https:\/\/www.suno.com.br\/noticias\/donald-trump-indica-derrota-pela-primeira-vez\/#breadcrumb"},"inLanguage":"pt-BR","potentialAction":[{"@type":"ReadAction","target":["https:\/\/www.suno.com.br\/noticias\/donald-trump-indica-derrota-pela-primeira-vez\/"]}]},{"@type":"ImageObject","inLanguage":"pt-BR","@id":"https:\/\/www.suno.com.br\/noticias\/donald-trump-indica-derrota-pela-primeira-vez\/#primaryimage","url":"https:\/\/files.sunoresearch.com.br\/n\/uploads\/2020\/08\/708a29f0-coronav\u00edrus-donald-trump-2-jpg.webp","contentUrl":"https:\/\/files.sunoresearch.com.br\/n\/uploads\/2020\/08\/708a29f0-coronav\u00edrus-donald-trump-2-jpg.webp","width":868,"height":644,"caption":"Trump deve anunciar um acordo de US$ 750 mi com a Abbott Laboratories para a compra de 150 mi de testes de coronav\u00edrus."},{"@type":"BreadcrumbList","@id":"https:\/\/www.suno.com.br\/noticias\/donald-trump-indica-derrota-pela-primeira-vez\/#breadcrumb","itemListElement":[{"@type":"ListItem","position":1,"name":"Not\u00edcias","item":"https:\/\/www.suno.com.br\/noticias\/"},{"@type":"ListItem","position":2,"name":"Internacional","item":"https:\/\/www.suno.com.br\/noticias\/internacional\/"},{"@type":"ListItem","position":3,"name":"Donald Trump indica derrota pela primeira vez em seu Twitter"}]},{"@type":"WebSite","@id":"https:\/\/www.suno.com.br\/noticias\/#website","url":"https:\/\/www.suno.com.br\/noticias\/","name":"Suno Not\u00edcias","description":"Seu portal de informa\u00e7\u00e3o sobre o mundo dos investimentos","publisher":{"@id":"https:\/\/www.suno.com.br\/noticias\/#organization"},"potentialAction":[{"@type":"SearchAction","target":{"@type":"EntryPoint","urlTemplate":"https:\/\/www.suno.com.br\/noticias\/?s={search_term_string}"},"query-input":{"@type":"PropertyValueSpecification","valueRequired":true,"valueName":"search_term_string"}}],"inLanguage":"pt-BR"},{"@type":"Organization","@id":"https:\/\/www.suno.com.br\/noticias\/#organization","name":"Suno Not\u00edcias","url":"https:\/\/www.suno.com.br\/noticias\/","logo":{"@type":"ImageObject","inLanguage":"pt-BR","@id":"https:\/\/www.suno.com.br\/noticias\/#\/schema\/logo\/image\/","url":"https:\/\/files.sunoresearch.com.br\/n\/uploads\/2021\/09\/suno-logo.png","contentUrl":"https:\/\/files.sunoresearch.com.br\/n\/uploads\/2021\/09\/suno-logo.png","width":180,"height":180,"caption":"Suno Not\u00edcias"},"image":{"@id":"https:\/\/www.suno.com.br\/noticias\/#\/schema\/logo\/image\/"},"sameAs":["https:\/\/facebook.com\/sunoresearch","https:\/\/x.com\/sunoresearch","https:\/\/www.instagram.com\/suno","https:\/\/www.linkedin.com\/company\/suno-research\/","https:\/\/www.youtube.com\/c\/sunoresearch"]},{"@type":"Person","@id":"https:\/\/www.suno.com.br\/noticias\/#\/schema\/person\/60408fe05425d06f5564e57be6c1f9ea","name":"Felipe Areia","image":{"@type":"ImageObject","inLanguage":"pt-BR","@id":"https:\/\/www.suno.com.br\/noticias\/#\/schema\/person\/image\/","url":"https:\/\/secure.gravatar.com\/avatar\/3d7d3c14b1a794a3e8c9186dd9274852?s=96&r=g","contentUrl":"https:\/\/secure.gravatar.com\/avatar\/3d7d3c14b1a794a3e8c9186dd9274852?s=96&r=g","caption":"Felipe Areia"},"description":"Editor-chefe do Suno not\u00edcias, Felipe Areia possui mais de 10 anos de experi\u00eancia em jornalismo econ\u00f4mico e financeiro. Foi o respons\u00e1vel pela \u00e1rea de conte\u00fado do Investing.com Brasil.","url":"https:\/\/www.suno.com.br\/noticias\/author\/felipe-areia\/"}]}},"default_loop_html":"<div class=\"cardsPage__listCard__boxs\"><div class=\"cardsPage__listCard__boxs__img\"><a href=\"https:\/\/www.suno.com.br\/noticias\/donald-trump-indica-derrota-pela-primeira-vez\/\"><img class=\"mask\" src=\"https:\/\/www.suno.com.br\/noticias\/wp-content\/themes\/suno\/resources\/images\/spotlight\/spotlight1img\/bg-mask.png\" alt=\"Image Mask\"\/><img src=\"https:\/\/files.sunoresearch.com.br\/n\/uploads\/2020\/08\/708a29f0-coronav\u00edrus-donald-trump-2-400x200.webp\" alt=\"Donald Trump indica derrota pela primeira vez em seu Twitter\"\/><\/a><span class=\"spotlightCategory\"><a href=\"https:\/\/www.suno.com.br\/noticias\/internacional\/\">Internacional<\/a><\/span><\/div><div class=\"cardsPage__listCard__boxs__content\"><a href=\"https:\/\/www.suno.com.br\/noticias\/donald-trump-indica-derrota-pela-primeira-vez\/\"><h2 class=\"content__title\">Donald Trump indica derrota pela primeira vez em seu Twitter<\/h2><\/a><div class=\"newsContent__article__meta\"><div class=\"newsContent__article__meta__authorBox\"><a href=\"https:\/\/www.suno.com.br\/noticias\/author\/felipe-areia\/\" class=\"authorBox__avatar noMobi\"><img src=\"https:\/\/secure.gravatar.com\/avatar\/3d7d3c14b1a794a3e8c9186dd9274852?s=96&#038;r=g\" alt=\"Felipe Areia\"><\/a><div class=\"authorBox__name\"><span>por\n\t\t\t<a href=\"https:\/\/www.suno.com.br\/noticias\/author\/felipe-areia\/\"><span itemprop=\"author\">Felipe Areia<\/span><\/a><\/span><time datetime=\"2020-11-15T11:28:42-03:00\" itemprop=\"datePublished\">15\/11\/2020 11:28<\/time><\/div><\/div><\/div><\/div><\/div>","single_layout":"posts","amp_enabled":true,"_links":{"self":[{"href":"https:\/\/www.suno.com.br\/noticias\/wp-json\/wp\/v2\/posts\/100433"}],"collection":[{"href":"https:\/\/www.suno.com.br\/noticias\/wp-json\/wp\/v2\/posts"}],"about":[{"href":"https:\/\/www.suno.com.br\/noticias\/wp-json\/wp\/v2\/types\/post"}],"author":[{"embeddable":true,"href":"https:\/\/www.suno.com.br\/noticias\/wp-json\/wp\/v2\/users\/61"}],"replies":[{"embeddable":true,"href":"https:\/\/www.suno.com.br\/noticias\/wp-json\/wp\/v2\/comments?post=100433"}],"version-history":[{"count":0,"href":"https:\/\/www.suno.com.br\/noticias\/wp-json\/wp\/v2\/posts\/100433\/revisions"}],"wp:featuredmedia":[{"embeddable":true,"href":"https:\/\/www.suno.com.br\/noticias\/wp-json\/wp\/v2\/media\/81100"}],"wp:attachment":[{"href":"https:\/\/www.suno.com.br\/noticias\/wp-json\/wp\/v2\/media?parent=100433"}],"wp:term":[{"taxonomy":"category","embeddable":true,"href":"https:\/\/www.suno.com.br\/noticias\/wp-json\/wp\/v2\/categories?post=100433"},{"taxonomy":"post_tag","embeddable":true,"href":"https:\/\/www.suno.com.br\/noticias\/wp-json\/wp\/v2\/tags?post=100433"},{"taxonomy":"suno_strategy","embeddable":true,"href":"https:\/\/www.suno.com.br\/noticias\/wp-json\/wp\/v2\/suno_strategy?post=100433"}],"curies":[{"name":"wp","href":"https:\/\/api.w.org\/{rel}","templated":true}]}}