{"id":100372,"date":"2020-11-14T11:36:54","date_gmt":"2020-11-14T14:36:54","guid":{"rendered":"https:\/\/www.suno.com.br\/noticias\/?p=100372"},"modified":"2021-02-18T17:27:35","modified_gmt":"2021-02-18T20:27:35","slug":"ibovespa-encerra-semana-em-alta","status":"publish","type":"post","link":"https:\/\/www.suno.com.br\/noticias\/ibovespa-encerra-semana-em-alta\/","title":{"rendered":"Ibovespa encerra a semana em alta de 2,16%, ap\u00f3s an\u00fancio da vacina da Pfizer"},"content":{"rendered":"<p>O\u00a0<span style=\"font-weight: 700 !important;\"><a href=\"https:\/\/www.suno.com.br\/artigos\/ibovespa\/\">Ibovespa<\/a>\u00a0<\/span>encerrou a segunda semana do m\u00eas, na sexta-feira (13), em em alta de 2,16%, cotado a 104.723,00 pontos, acompanhando as Bolsas de Wall Street.<\/p>\t<div class=\"wrapper-featured-image\">\n\t\t<figure class=\"spotlightImg\">\n\n\t\t\t<picture>\n\t\t\t\t<source media=\"(max-width: 768px)\" srcset=\"https:\/\/files.sunoresearch.com.br\/n\/uploads\/2020\/11\/191b2a55-bolsa-800x450-4-400x200.webp\">\n\t\t\t\t<img loading=\"lazy\" decoding=\"async\" class=\"newsContent__article__imgCapa lazyloadDisabled \" src=\"https:\/\/files.sunoresearch.com.br\/n\/uploads\/2020\/11\/191b2a55-bolsa-800x450-4-jpg.webp\" width=\"800\" height=\"450\" alt=\"Ibovespa encerra a semana em alta de 2,16%, ap\u00f3s an\u00fancio da vacina da Pfizer\" fetchpriority=high \/>\n\t\t\t<\/picture>\n\n\t\t\t<figcaption class=\"wp-caption-text wp-caption-text--show\">Confira o desempenho do Ibovespa durante a semana<\/figcaption>\n\t\t<\/figure>\n\t<\/div>\n\n\n\t<p>\n\t\t<a href=\"\" target=\"_blank\" data-element=\"shortcode-suno-banner\" title=\"Banner SUNO, clique e saiba mais\">\n\t\t\t<picture>\n\t\t\t\t<source media=\"(max-width: 500px)\" srcset=\"\">\n\t\t\t\t<img class=\"newsContent__article__imgCapa newsContent__article__imgCapa--banner\"\n\t\t\t\t\tsrc=\"\"\n\t\t\t\t\tdata-promo-id=\"97204\"\t\t\t\t\t\t\t\t\t\t\t\t\t\t\talt=\"\"\n\t\t\t\t>\n\t\t\t<\/picture>\n\t\t<\/a>\n\t<\/p>\n\n\n<p>Diante do an\u00fancio feito pela Pfizer sobre a efic\u00e1cia de sua vacina e do avan\u00e7o do coronav\u00edrus (Covid-19), principalmente nos EUA e na Europa, o Ibovespa, em conjunto com as bolsas do exterior, registraram volatilidade durante a semana.<\/p>\n<p>Al\u00e9m da preocupa\u00e7\u00e3o dos investidores em rela\u00e7\u00e3o a pandemia, outro tema que movimentou o mercado nos \u00faltimos dias foi a elei\u00e7\u00e3o presidencial norte americana, com a derrota do candidato republicano, Donald Trump.<\/p>\n<p><a href=\"https:\/\/lp.suno.com.br\/suno-one\/\">Conhe\u00e7a o Suno One, a central gratuita de informa\u00e7\u00f5es da Suno para quem quer aprender a investir. Acesse clicando aqui.<\/a><\/p>\n<p>Desta forma, confira como foi o andamento do Ibovespa durante a semana:<\/p>\n<ul>\n<li><strong>Segunda-feira<\/strong> (9) \u2014 O benchmark fecha em alta de 2,57%, a 103.515,16 pontos, no primeiro dia de negocia\u00e7\u00f5es ap\u00f3s a vit\u00f3ria de Joe Biden nas elei\u00e7\u00f5es presidenciais norte-americanas;<\/li>\n<li><strong>Ter\u00e7a-feira<\/strong> (10) \u2014 Bolsa ampliando os ganhos do dia anterior, subindo 1,50%, a 105.066,96 pontos, impulsionado pelas not\u00edcias da\u00a0<a href=\"https:\/\/www.suno.com.br\/noticias\/vacina-eleicoes-animam-mercados-dolar-cai\/\">vacina da Pfizer<\/a> e pela retomada dos <a href=\"https:\/\/www.suno.com.br\/artigos\/cotacao-do-petroleo\/\">pre\u00e7os do petr\u00f3leo<\/a>;<\/li>\n<li><strong>Quarta-feira<\/strong> (11) \u2014 Ibovespa interrompe sequ\u00eancia e cai 0,25%, a 104.808,83 pontos;<\/li>\n<li><strong>Quinta-feira<\/strong> (12) \u2014 O principal \u00edndice da B3 fecha em nova queda, de 2,20% a 102.507 pontos, por conta do avan\u00e7o dos novos casos de covid-19 nos EUA e na Europa.<\/li>\n<li><strong>Sexta Feira<\/strong> (13) &#8211; O Ibovespa fecha em alta de 2,16% acompanhando os resultados trimestrais apresentados pelas empresas.<\/li>\n<\/ul>\n<h2>Segunda-feira (9)<\/h2>\n<p>O Ibovespa<span style=\"font-weight: 700 !important;\">\u00a0<\/span>encerrou o preg\u00e3o em alta de 2,57%, negociado a 103.515,16 pontos.<\/p>\n<p>O \u00edndice abriu a semana em alta, assim como os mercados mundiais, com o primeiro dia de negocia\u00e7\u00f5es ap\u00f3s a vit\u00f3ria do democrata Joe Biden nas elei\u00e7\u00f5es presidenciais norte-americanas.<\/p>\n<p>Al\u00e9m dos EUA, o mercado reagiu ao an\u00fancio feito pela companhia <a href=\"https:\/\/www.suno.com.br\/acoes\/azul4\/\"><strong>Azul<\/strong> (AZUL4), <\/a>sobre a sua emiss\u00e3o de deb\u00eantures, que somar\u00e1 R$ 1,745 bilh\u00e3o. A <strong>Hapvida<\/strong> (<a href=\"https:\/\/www.suno.com.br\/acoes\/hapv3\/\" target=\"_blank\" rel=\"noopener noreferrer\">HAPV3<\/a>), que informou o mercado que comprou a operadora de planos de sa\u00fade, Premium Sa\u00fade, por R$ 150 milh\u00f5es e tamb\u00e9m o resultado positivo da <a href=\"https:\/\/www.suno.com.br\/acoes\/anim3\/\"><strong>\u00c2nima<\/strong> Educa\u00e7\u00e3o (ANIM3),<\/a> que reverteu o <a href=\"https:\/\/www.suno.com.br\/artigos\/prejuizos-acumulados\/\">preju\u00edzo<\/a> de R$ 2,5 milh\u00f5es, apresentado no terceiro trimestre do ano passado, registrando um <a href=\"https:\/\/www.suno.com.br\/artigos\/lucro-liquido\/\">lucro l\u00edquido<\/a> de R$ 1,8 milh\u00e3o no mesmo per\u00edodo deste ano.<\/p>\n<h2>Ter\u00e7a-Feira (10)<\/h2>\n<p>O <b>Ibovespa<\/b> encerrou a ter\u00e7a-feira em alta de 1,50%, cotado a 105.066,96 pontos, ampliando os ganhos da segunda-feira, com o bom humor do mercado.<\/p>\n<p>Depois de assustar os investidores na \u00faltima semana de outubro, o Ibovespa fechou a sua sexta sess\u00e3o consecutiva de valoriza\u00e7\u00e3o, voltando ao patamar acima dos 105 mil pontos.<\/p>\n<p>O benchmark se apoiou nas boas <a href=\"https:\/\/www.suno.com.br\/noticias\/vacina-eleicoes-animam-mercados-dolar-cai\/\">not\u00edcias sobre a vacina da Pfizer<\/a> e na retomada dos <a href=\"https:\/\/www.suno.com.br\/artigos\/cotacao-do-petroleo\/\">pre\u00e7os do petr\u00f3leo<\/a>, que encerraram na segunda forte alta no preg\u00e3o.<\/p>\n<h2>Quarta-Feira (11)<\/h2>\n<p>O Ibovespa encerrou o preg\u00e3o em queda de 0,25%, a 104.808,83 pontos.<\/p>\n<p>O dia j\u00e1 iniciou em leve queda, com os investidores atentos \u00e0s tens\u00f5es pol\u00edticas internas, devido ao an\u00fancio do presidente <strong>Jair Bolsonaro<\/strong> &#8212; um dos poucos representantes do Ocidente que ainda n\u00e3o parabenizaram <strong>Joe Biden<\/strong> pela <a href=\"https:\/\/www.suno.com.br\/noticias\/joe-biden-e-o-novo-presidente-dos-eua\/\">vit\u00f3ria nas elei\u00e7\u00f5es presidenciais nos Estados Unidos<\/a> &#8212; que fez uma declara\u00e7\u00e3o em refer\u00eancia ao futuro mandat\u00e1rio norte-americano.<\/p>\n<p>&#8220;Precisamos tomar cuidado com a nossa riqueza, porque t\u00e1 cheio de malandro de olho nela. Assistimos h\u00e1 pouco um grande candidato \u00e0 chefia de Estado, dizer que se eu n\u00e3o apagar o fogo da <strong>Amaz\u00f4nia<\/strong> levanta barreiras comerciais contra o Brasil&#8221;, disse Bolsonaro se referindo a Biden.<\/p>\n<p>Durante a quarta-feira, algumas empresas divulgaram resultados negativos para o terceiro trimestre deste ano. A<a href=\"https:\/\/www.suno.com.br\/acoes\/brkm5\/\"><strong> Braskem<\/strong> (BRKM5)<\/a> registou preju\u00edzo de R$ 1,413 bilh\u00e3o, A <a href=\"https:\/\/www.suno.com.br\/acoes\/movi3\/\"><strong>Movida<\/strong> (MOVI3)<\/a> apresentou uma queda de 38,2% \u00a0em seu <a href=\"https:\/\/www.suno.com.br\/artigos\/lucro-liquido\/\">lucro l\u00edquido<\/a> ajustado de R$ 37,2 milh\u00f5es e a\u00a0<a href=\"https:\/\/www.suno.com.br\/acoes\/sqia3\/\"><strong>Sinqia<\/strong> (SQIA3)<\/a> registrou um <a href=\"https:\/\/www.suno.com.br\/artigos\/lucro-liquido\/\">lucro l\u00edquido<\/a> de R$ 851 mil no terceiro trimestre deste ano. Esse valor \u00e9 equivalente a queda de 25,8%.<\/p>\n<h2>Quinta-Feira (12)<\/h2>\n<p>O preg\u00e3o encerrou com uma queda de 2,20% do Ibovespa, cotado a 102.507,008 pontos, de maneira semelhante \u00e0s bolsas no exterior, que revelam a preocupa\u00e7\u00e3o dos investidores com a nova onda da covid-19.<\/p>\n<p>Durante a manh\u00e3, o \u00edndice abriu de forma est\u00e1vel, em corre\u00e7\u00e3o ap\u00f3s o forte rali do in\u00edcio da semana. As bolsas mundiais tamb\u00e9m operavam em queda, atentas ao avan\u00e7o da pandemia do <a href=\"https:\/\/www.suno.com.br\/noticias\/?s=coronav%C3%ADrus\">novo coronav\u00edrus (Covid-19)<\/a>, sobretudo nos Estados Unidos, o que pode trazer novas implica\u00e7\u00f5es \u00e0 economia.<\/p>\n<p>Os investidores est\u00e3o cada vez mais preocupadas com os poss\u00edveis novos impactos da pandemia na economia. Na \u00faltima quarta-feira (11), o governador de Nova York, Andrew Cuomo, disse que bares, restaurantes e academia fecham \u00e0s 22h, e ressaltou que um novo aumento nos n\u00edveis de infec\u00e7\u00e3o podem levar a mais restri\u00e7\u00f5es.<\/p>\n<h2>Sexta-Feira (13)<\/h2>\n<p>O o principal \u00edndice da <a href=\"https:\/\/www.suno.com.br\/artigos\/b3\/\">Bolsa de Valores de S\u00e3o Paulo (B3)<\/a> encerrou o preg\u00e3o em alta de 2,16%, cotado a 104.723,00 pontos, de maneira semelhante \u00e0s Bolsas de Wall Street.<\/p>\n<p>Em meio \u00e0 temporada de resultados do terceiro trimestre de 2020, o <strong>Ibovespa<\/strong>\u00a0recuperou parte do terreno perdido no dia anterior. O bastante para emendar mais uma segunda seguida de ganhos para o Ibovespa, respaldando a retomada em novembro.<\/p>\n\t<p>\n\t\t<a href=\"https:\/\/lp.suno.com.br\/planilha-de-controle-de-investimentos\/\" target=\"_blank\" data-element=\"shortcode-suno-banner\" title=\"Banner SUNO, clique e saiba mais\">\n\t\t\t<picture>\n\t\t\t\t<source media=\"(max-width: 500px)\" srcset=\"https:\/\/files.sunoresearch.com.br\/n\/uploads\/2023\/03\/400x300-Controle-de-Investimentos.png\">\n\t\t\t\t<img class=\"newsContent__article__imgCapa newsContent__article__imgCapa--banner\"\n\t\t\t\t\tsrc=\"https:\/\/files.sunoresearch.com.br\/n\/uploads\/2023\/03\/1420x240-Controle-de-Investimentos.png\"\n\t\t\t\t\tdata-promo-id=\"75934\"\t\t\t\t\t\t\t\t\t\twidth='1420' height='240'\t\t\t\t\talt=\"https:\/\/files.sunoresearch.com.br\/n\/uploads\/2023\/03\/1420x240-Controle-de-Investimentos.png\"\n\t\t\t\t>\n\t\t\t<\/picture>\n\t\t<\/a>\n\t<\/p>\n\n\n<p>&nbsp;<\/p>\n","protected":false},"excerpt":{"rendered":"<p>O\u00a0Ibovespa\u00a0encerrou a segunda semana do m\u00eas, na sexta-feira (13), em em alta de 2,16%, cotado a 104.723,00 pontos, acompanhando as Bolsas de Wall Street. Confira o desempenho do Ibovespa durante a semana Diante do an\u00fancio feito pela Pfizer sobre a efic\u00e1cia de sua vacina e do avan\u00e7o do coronav\u00edrus (Covid-19), principalmente nos EUA e na [&hellip;]<\/p>\n","protected":false},"author":56,"featured_media":100373,"comment_status":"closed","ping_status":"closed","sticky":false,"template":"","format":"standard","meta":[],"categories":[60],"tags":[1029,2487,5255,793,721,719,73481,25002],"suno_strategy":[],"class_list":["post-100372","post","type-post","status-publish","format-standard","has-post-thumbnail","hentry","category-mercado","tag-balancos-trimestrais","tag-coronavirus","tag-covid-19","tag-estados-unidos-eua","tag-ibovespa","tag-jair-bolsonaro","tag-joe-biden","tag-vacina"],"yoast_head":"<!-- This site is optimized with the Yoast SEO plugin v24.4 - https:\/\/yoast.com\/wordpress\/plugins\/seo\/ -->\n<title>Ibovespa encerra a semana em alta de 2,16%, ap\u00f3s an\u00fancio da vacina<\/title>\n<meta name=\"description\" content=\"O\u00a0Ibovespa\u00a0encerrou a segunda semana do m\u00eas, na sexta-feira (13), em em alta de 2,16%, cotado a 104.723 pontos. Clique aqui para saber mais.\" \/>\n<meta name=\"robots\" content=\"index, follow, max-snippet:-1, max-image-preview:large, max-video-preview:-1\" \/>\n<link rel=\"canonical\" href=\"https:\/\/www.suno.com.br\/noticias\/ibovespa-encerra-semana-em-alta\/\" \/>\n<meta property=\"og:locale\" content=\"pt_BR\" \/>\n<meta property=\"og:type\" content=\"article\" \/>\n<meta property=\"og:title\" content=\"Ibovespa encerra a semana em alta de 2,16%, ap\u00f3s an\u00fancio da vacina\" \/>\n<meta property=\"og:description\" content=\"O\u00a0Ibovespa\u00a0encerrou a segunda semana do m\u00eas, na sexta-feira (13), em em alta de 2,16%, cotado a 104.723 pontos. Clique aqui para saber mais.\" \/>\n<meta property=\"og:url\" content=\"https:\/\/www.suno.com.br\/noticias\/ibovespa-encerra-semana-em-alta\/\" \/>\n<meta property=\"og:site_name\" content=\"Suno Not\u00edcias\" \/>\n<meta property=\"article:publisher\" content=\"https:\/\/facebook.com\/sunoresearch\" \/>\n<meta property=\"og:image\" content=\"https:\/\/files.sunoresearch.com.br\/n\/uploads\/2020\/11\/191b2a55-bolsa-800x450-4.jpg\" \/>\n\t<meta property=\"og:image:width\" content=\"800\" \/>\n\t<meta property=\"og:image:height\" content=\"450\" \/>\n\t<meta property=\"og:image:type\" content=\"image\/jpeg\" \/>\n<meta name=\"author\" content=\"Rafaela La Regina\" \/>\n<meta name=\"twitter:card\" content=\"summary_large_image\" \/>\n<meta name=\"twitter:creator\" content=\"@sunoresearch\" \/>\n<meta name=\"twitter:site\" content=\"@sunoresearch\" \/>\n<meta name=\"twitter:label1\" content=\"Escrito por\" \/>\n\t<meta name=\"twitter:data1\" content=\"Rafaela La Regina\" \/>\n\t<meta name=\"twitter:label2\" content=\"Est. tempo de leitura\" \/>\n\t<meta name=\"twitter:data2\" content=\"4 minutos\" \/>\n<script type=\"application\/ld+json\" class=\"yoast-schema-graph\">{\"@context\":\"https:\/\/schema.org\",\"@graph\":[{\"@type\":\"NewsArticle\",\"@id\":\"https:\/\/www.suno.com.br\/noticias\/ibovespa-encerra-semana-em-alta\/#article\",\"isPartOf\":{\"@id\":\"https:\/\/www.suno.com.br\/noticias\/ibovespa-encerra-semana-em-alta\/\"},\"author\":{\"name\":\"Rafaela La Regina\",\"@id\":\"https:\/\/www.suno.com.br\/noticias\/#\/schema\/person\/e672ca8cea627fe715fa29bca7da95e0\"},\"headline\":\"Ibovespa encerra a semana em alta de 2,16%, ap\u00f3s an\u00fancio da vacina da Pfizer\",\"datePublished\":\"2020-11-14T14:36:54+00:00\",\"dateModified\":\"2021-02-18T20:27:35+00:00\",\"mainEntityOfPage\":{\"@id\":\"https:\/\/www.suno.com.br\/noticias\/ibovespa-encerra-semana-em-alta\/\"},\"wordCount\":891,\"publisher\":{\"@id\":\"https:\/\/www.suno.com.br\/noticias\/#organization\"},\"image\":{\"@id\":\"https:\/\/www.suno.com.br\/noticias\/ibovespa-encerra-semana-em-alta\/#primaryimage\"},\"thumbnailUrl\":\"https:\/\/files.sunoresearch.com.br\/n\/uploads\/2020\/11\/191b2a55-bolsa-800x450-4-jpg.webp\",\"keywords\":[\"balan\u00e7os trimestrais\",\"coronav\u00edrus\",\"covid-19\",\"Estados Unidos (EUA)\",\"Ibovespa\",\"Jair Bolsonaro\",\"Joe Biden\",\"vacina\"],\"articleSection\":[\"Mercado\"],\"inLanguage\":\"pt-BR\"},{\"@type\":\"WebPage\",\"@id\":\"https:\/\/www.suno.com.br\/noticias\/ibovespa-encerra-semana-em-alta\/\",\"url\":\"https:\/\/www.suno.com.br\/noticias\/ibovespa-encerra-semana-em-alta\/\",\"name\":\"Ibovespa encerra a semana em alta de 2,16%, ap\u00f3s an\u00fancio da vacina\",\"isPartOf\":{\"@id\":\"https:\/\/www.suno.com.br\/noticias\/#website\"},\"primaryImageOfPage\":{\"@id\":\"https:\/\/www.suno.com.br\/noticias\/ibovespa-encerra-semana-em-alta\/#primaryimage\"},\"image\":{\"@id\":\"https:\/\/www.suno.com.br\/noticias\/ibovespa-encerra-semana-em-alta\/#primaryimage\"},\"thumbnailUrl\":\"https:\/\/files.sunoresearch.com.br\/n\/uploads\/2020\/11\/191b2a55-bolsa-800x450-4-jpg.webp\",\"datePublished\":\"2020-11-14T14:36:54+00:00\",\"dateModified\":\"2021-02-18T20:27:35+00:00\",\"description\":\"O\u00a0Ibovespa\u00a0encerrou a segunda semana do m\u00eas, na sexta-feira (13), em em alta de 2,16%, cotado a 104.723 pontos. Clique aqui para saber mais.\",\"breadcrumb\":{\"@id\":\"https:\/\/www.suno.com.br\/noticias\/ibovespa-encerra-semana-em-alta\/#breadcrumb\"},\"inLanguage\":\"pt-BR\",\"potentialAction\":[{\"@type\":\"ReadAction\",\"target\":[\"https:\/\/www.suno.com.br\/noticias\/ibovespa-encerra-semana-em-alta\/\"]}]},{\"@type\":\"ImageObject\",\"inLanguage\":\"pt-BR\",\"@id\":\"https:\/\/www.suno.com.br\/noticias\/ibovespa-encerra-semana-em-alta\/#primaryimage\",\"url\":\"https:\/\/files.sunoresearch.com.br\/n\/uploads\/2020\/11\/191b2a55-bolsa-800x450-4-jpg.webp\",\"contentUrl\":\"https:\/\/files.sunoresearch.com.br\/n\/uploads\/2020\/11\/191b2a55-bolsa-800x450-4-jpg.webp\",\"width\":800,\"height\":450,\"caption\":\"Confira o desempenho do Ibovespa durante a semana\"},{\"@type\":\"BreadcrumbList\",\"@id\":\"https:\/\/www.suno.com.br\/noticias\/ibovespa-encerra-semana-em-alta\/#breadcrumb\",\"itemListElement\":[{\"@type\":\"ListItem\",\"position\":1,\"name\":\"Not\u00edcias\",\"item\":\"https:\/\/www.suno.com.br\/noticias\/\"},{\"@type\":\"ListItem\",\"position\":2,\"name\":\"Mercado\",\"item\":\"https:\/\/www.suno.com.br\/noticias\/mercado\/\"},{\"@type\":\"ListItem\",\"position\":3,\"name\":\"Ibovespa encerra a semana em alta de 2,16%, ap\u00f3s an\u00fancio da vacina da Pfizer\"}]},{\"@type\":\"WebSite\",\"@id\":\"https:\/\/www.suno.com.br\/noticias\/#website\",\"url\":\"https:\/\/www.suno.com.br\/noticias\/\",\"name\":\"Suno Not\u00edcias\",\"description\":\"Seu portal de informa\u00e7\u00e3o sobre o mundo dos investimentos\",\"publisher\":{\"@id\":\"https:\/\/www.suno.com.br\/noticias\/#organization\"},\"potentialAction\":[{\"@type\":\"SearchAction\",\"target\":{\"@type\":\"EntryPoint\",\"urlTemplate\":\"https:\/\/www.suno.com.br\/noticias\/?s={search_term_string}\"},\"query-input\":{\"@type\":\"PropertyValueSpecification\",\"valueRequired\":true,\"valueName\":\"search_term_string\"}}],\"inLanguage\":\"pt-BR\"},{\"@type\":\"Organization\",\"@id\":\"https:\/\/www.suno.com.br\/noticias\/#organization\",\"name\":\"Suno Not\u00edcias\",\"url\":\"https:\/\/www.suno.com.br\/noticias\/\",\"logo\":{\"@type\":\"ImageObject\",\"inLanguage\":\"pt-BR\",\"@id\":\"https:\/\/www.suno.com.br\/noticias\/#\/schema\/logo\/image\/\",\"url\":\"https:\/\/files.sunoresearch.com.br\/n\/uploads\/2021\/09\/suno-logo.png\",\"contentUrl\":\"https:\/\/files.sunoresearch.com.br\/n\/uploads\/2021\/09\/suno-logo.png\",\"width\":180,\"height\":180,\"caption\":\"Suno Not\u00edcias\"},\"image\":{\"@id\":\"https:\/\/www.suno.com.br\/noticias\/#\/schema\/logo\/image\/\"},\"sameAs\":[\"https:\/\/facebook.com\/sunoresearch\",\"https:\/\/x.com\/sunoresearch\",\"https:\/\/www.instagram.com\/suno\",\"https:\/\/www.linkedin.com\/company\/suno-research\/\",\"https:\/\/www.youtube.com\/c\/sunoresearch\"]},{\"@type\":\"Person\",\"@id\":\"https:\/\/www.suno.com.br\/noticias\/#\/schema\/person\/e672ca8cea627fe715fa29bca7da95e0\",\"name\":\"Rafaela La Regina\",\"image\":{\"@type\":\"ImageObject\",\"inLanguage\":\"pt-BR\",\"@id\":\"https:\/\/www.suno.com.br\/noticias\/#\/schema\/person\/image\/\",\"url\":\"https:\/\/secure.gravatar.com\/avatar\/d2c75a52d243deb93d0465fdcb21bd37?s=96&r=g\",\"contentUrl\":\"https:\/\/secure.gravatar.com\/avatar\/d2c75a52d243deb93d0465fdcb21bd37?s=96&r=g\",\"caption\":\"Rafaela La Regina\"},\"description\":\"Estagi\u00e1ria no Suno Not\u00edcias. Escreve sobre economia, pol\u00edtica e neg\u00f3cios. Estuda Rela\u00e7\u00f5es Internacionais no IBMEC-SP.\",\"url\":\"https:\/\/www.suno.com.br\/noticias\/author\/rafaela-la-regina\/\"}]}<\/script>\n<!-- \/ Yoast SEO plugin. -->","yoast_head_json":{"title":"Ibovespa encerra a semana em alta de 2,16%, ap\u00f3s an\u00fancio da vacina","description":"O\u00a0Ibovespa\u00a0encerrou a segunda semana do m\u00eas, na sexta-feira (13), em em alta de 2,16%, cotado a 104.723 pontos. Clique aqui para saber mais.","robots":{"index":"index","follow":"follow","max-snippet":"max-snippet:-1","max-image-preview":"max-image-preview:large","max-video-preview":"max-video-preview:-1"},"canonical":"https:\/\/www.suno.com.br\/noticias\/ibovespa-encerra-semana-em-alta\/","og_locale":"pt_BR","og_type":"article","og_title":"Ibovespa encerra a semana em alta de 2,16%, ap\u00f3s an\u00fancio da vacina","og_description":"O\u00a0Ibovespa\u00a0encerrou a segunda semana do m\u00eas, na sexta-feira (13), em em alta de 2,16%, cotado a 104.723 pontos. Clique aqui para saber mais.","og_url":"https:\/\/www.suno.com.br\/noticias\/ibovespa-encerra-semana-em-alta\/","og_site_name":"Suno Not\u00edcias","article_publisher":"https:\/\/facebook.com\/sunoresearch","og_image":[{"width":800,"height":450,"url":"https:\/\/files.sunoresearch.com.br\/n\/uploads\/2020\/11\/191b2a55-bolsa-800x450-4.jpg","type":"image\/jpeg"}],"author":"Rafaela La Regina","twitter_card":"summary_large_image","twitter_creator":"@sunoresearch","twitter_site":"@sunoresearch","twitter_misc":{"Escrito por":"Rafaela La Regina","Est. tempo de leitura":"4 minutos"},"schema":{"@context":"https:\/\/schema.org","@graph":[{"@type":"NewsArticle","@id":"https:\/\/www.suno.com.br\/noticias\/ibovespa-encerra-semana-em-alta\/#article","isPartOf":{"@id":"https:\/\/www.suno.com.br\/noticias\/ibovespa-encerra-semana-em-alta\/"},"author":{"name":"Rafaela La Regina","@id":"https:\/\/www.suno.com.br\/noticias\/#\/schema\/person\/e672ca8cea627fe715fa29bca7da95e0"},"headline":"Ibovespa encerra a semana em alta de 2,16%, ap\u00f3s an\u00fancio da vacina da Pfizer","datePublished":"2020-11-14T14:36:54+00:00","dateModified":"2021-02-18T20:27:35+00:00","mainEntityOfPage":{"@id":"https:\/\/www.suno.com.br\/noticias\/ibovespa-encerra-semana-em-alta\/"},"wordCount":891,"publisher":{"@id":"https:\/\/www.suno.com.br\/noticias\/#organization"},"image":{"@id":"https:\/\/www.suno.com.br\/noticias\/ibovespa-encerra-semana-em-alta\/#primaryimage"},"thumbnailUrl":"https:\/\/files.sunoresearch.com.br\/n\/uploads\/2020\/11\/191b2a55-bolsa-800x450-4-jpg.webp","keywords":["balan\u00e7os trimestrais","coronav\u00edrus","covid-19","Estados Unidos (EUA)","Ibovespa","Jair Bolsonaro","Joe Biden","vacina"],"articleSection":["Mercado"],"inLanguage":"pt-BR"},{"@type":"WebPage","@id":"https:\/\/www.suno.com.br\/noticias\/ibovespa-encerra-semana-em-alta\/","url":"https:\/\/www.suno.com.br\/noticias\/ibovespa-encerra-semana-em-alta\/","name":"Ibovespa encerra a semana em alta de 2,16%, ap\u00f3s an\u00fancio da vacina","isPartOf":{"@id":"https:\/\/www.suno.com.br\/noticias\/#website"},"primaryImageOfPage":{"@id":"https:\/\/www.suno.com.br\/noticias\/ibovespa-encerra-semana-em-alta\/#primaryimage"},"image":{"@id":"https:\/\/www.suno.com.br\/noticias\/ibovespa-encerra-semana-em-alta\/#primaryimage"},"thumbnailUrl":"https:\/\/files.sunoresearch.com.br\/n\/uploads\/2020\/11\/191b2a55-bolsa-800x450-4-jpg.webp","datePublished":"2020-11-14T14:36:54+00:00","dateModified":"2021-02-18T20:27:35+00:00","description":"O\u00a0Ibovespa\u00a0encerrou a segunda semana do m\u00eas, na sexta-feira (13), em em alta de 2,16%, cotado a 104.723 pontos. Clique aqui para saber mais.","breadcrumb":{"@id":"https:\/\/www.suno.com.br\/noticias\/ibovespa-encerra-semana-em-alta\/#breadcrumb"},"inLanguage":"pt-BR","potentialAction":[{"@type":"ReadAction","target":["https:\/\/www.suno.com.br\/noticias\/ibovespa-encerra-semana-em-alta\/"]}]},{"@type":"ImageObject","inLanguage":"pt-BR","@id":"https:\/\/www.suno.com.br\/noticias\/ibovespa-encerra-semana-em-alta\/#primaryimage","url":"https:\/\/files.sunoresearch.com.br\/n\/uploads\/2020\/11\/191b2a55-bolsa-800x450-4-jpg.webp","contentUrl":"https:\/\/files.sunoresearch.com.br\/n\/uploads\/2020\/11\/191b2a55-bolsa-800x450-4-jpg.webp","width":800,"height":450,"caption":"Confira o desempenho do Ibovespa durante a semana"},{"@type":"BreadcrumbList","@id":"https:\/\/www.suno.com.br\/noticias\/ibovespa-encerra-semana-em-alta\/#breadcrumb","itemListElement":[{"@type":"ListItem","position":1,"name":"Not\u00edcias","item":"https:\/\/www.suno.com.br\/noticias\/"},{"@type":"ListItem","position":2,"name":"Mercado","item":"https:\/\/www.suno.com.br\/noticias\/mercado\/"},{"@type":"ListItem","position":3,"name":"Ibovespa encerra a semana em alta de 2,16%, ap\u00f3s an\u00fancio da vacina da Pfizer"}]},{"@type":"WebSite","@id":"https:\/\/www.suno.com.br\/noticias\/#website","url":"https:\/\/www.suno.com.br\/noticias\/","name":"Suno Not\u00edcias","description":"Seu portal de informa\u00e7\u00e3o sobre o mundo dos investimentos","publisher":{"@id":"https:\/\/www.suno.com.br\/noticias\/#organization"},"potentialAction":[{"@type":"SearchAction","target":{"@type":"EntryPoint","urlTemplate":"https:\/\/www.suno.com.br\/noticias\/?s={search_term_string}"},"query-input":{"@type":"PropertyValueSpecification","valueRequired":true,"valueName":"search_term_string"}}],"inLanguage":"pt-BR"},{"@type":"Organization","@id":"https:\/\/www.suno.com.br\/noticias\/#organization","name":"Suno Not\u00edcias","url":"https:\/\/www.suno.com.br\/noticias\/","logo":{"@type":"ImageObject","inLanguage":"pt-BR","@id":"https:\/\/www.suno.com.br\/noticias\/#\/schema\/logo\/image\/","url":"https:\/\/files.sunoresearch.com.br\/n\/uploads\/2021\/09\/suno-logo.png","contentUrl":"https:\/\/files.sunoresearch.com.br\/n\/uploads\/2021\/09\/suno-logo.png","width":180,"height":180,"caption":"Suno Not\u00edcias"},"image":{"@id":"https:\/\/www.suno.com.br\/noticias\/#\/schema\/logo\/image\/"},"sameAs":["https:\/\/facebook.com\/sunoresearch","https:\/\/x.com\/sunoresearch","https:\/\/www.instagram.com\/suno","https:\/\/www.linkedin.com\/company\/suno-research\/","https:\/\/www.youtube.com\/c\/sunoresearch"]},{"@type":"Person","@id":"https:\/\/www.suno.com.br\/noticias\/#\/schema\/person\/e672ca8cea627fe715fa29bca7da95e0","name":"Rafaela La Regina","image":{"@type":"ImageObject","inLanguage":"pt-BR","@id":"https:\/\/www.suno.com.br\/noticias\/#\/schema\/person\/image\/","url":"https:\/\/secure.gravatar.com\/avatar\/d2c75a52d243deb93d0465fdcb21bd37?s=96&r=g","contentUrl":"https:\/\/secure.gravatar.com\/avatar\/d2c75a52d243deb93d0465fdcb21bd37?s=96&r=g","caption":"Rafaela La Regina"},"description":"Estagi\u00e1ria no Suno Not\u00edcias. Escreve sobre economia, pol\u00edtica e neg\u00f3cios. Estuda Rela\u00e7\u00f5es Internacionais no IBMEC-SP.","url":"https:\/\/www.suno.com.br\/noticias\/author\/rafaela-la-regina\/"}]}},"default_loop_html":"<div class=\"cardsPage__listCard__boxs\"><div class=\"cardsPage__listCard__boxs__img\"><a href=\"https:\/\/www.suno.com.br\/noticias\/ibovespa-encerra-semana-em-alta\/\"><img class=\"mask\" src=\"https:\/\/www.suno.com.br\/noticias\/wp-content\/themes\/suno\/resources\/images\/spotlight\/spotlight1img\/bg-mask.png\" alt=\"Image Mask\"\/><img src=\"https:\/\/files.sunoresearch.com.br\/n\/uploads\/2020\/11\/191b2a55-bolsa-800x450-4-400x200.webp\" alt=\"Ibovespa encerra a semana em alta de 2,16%, ap\u00f3s an\u00fancio da vacina da Pfizer\"\/><\/a><span class=\"spotlightCategory\"><a href=\"https:\/\/www.suno.com.br\/noticias\/mercado\/\">Mercado<\/a><\/span><\/div><div class=\"cardsPage__listCard__boxs__content\"><a href=\"https:\/\/www.suno.com.br\/noticias\/ibovespa-encerra-semana-em-alta\/\"><h2 class=\"content__title\">Ibovespa encerra a semana em alta de 2,16%, ap\u00f3s an\u00fancio da vacina da Pfizer<\/h2><\/a><div class=\"newsContent__article__meta\"><div class=\"newsContent__article__meta__authorBox\"><a href=\"https:\/\/www.suno.com.br\/noticias\/author\/rafaela-la-regina\/\" class=\"authorBox__avatar noMobi\"><img src=\"https:\/\/secure.gravatar.com\/avatar\/d2c75a52d243deb93d0465fdcb21bd37?s=96&#038;r=g\" alt=\"Rafaela La Regina\"><\/a><div class=\"authorBox__name\"><span>por\n\t\t\t<a href=\"https:\/\/www.suno.com.br\/noticias\/author\/rafaela-la-regina\/\"><span itemprop=\"author\">Rafaela La Regina<\/span><\/a><\/span><time datetime=\"2020-11-14T11:36:54-03:00\" itemprop=\"datePublished\">14\/11\/2020 11:36<\/time><\/div><\/div><\/div><\/div><\/div>","single_layout":"posts","amp_enabled":true,"_links":{"self":[{"href":"https:\/\/www.suno.com.br\/noticias\/wp-json\/wp\/v2\/posts\/100372"}],"collection":[{"href":"https:\/\/www.suno.com.br\/noticias\/wp-json\/wp\/v2\/posts"}],"about":[{"href":"https:\/\/www.suno.com.br\/noticias\/wp-json\/wp\/v2\/types\/post"}],"author":[{"embeddable":true,"href":"https:\/\/www.suno.com.br\/noticias\/wp-json\/wp\/v2\/users\/56"}],"replies":[{"embeddable":true,"href":"https:\/\/www.suno.com.br\/noticias\/wp-json\/wp\/v2\/comments?post=100372"}],"version-history":[{"count":0,"href":"https:\/\/www.suno.com.br\/noticias\/wp-json\/wp\/v2\/posts\/100372\/revisions"}],"wp:featuredmedia":[{"embeddable":true,"href":"https:\/\/www.suno.com.br\/noticias\/wp-json\/wp\/v2\/media\/100373"}],"wp:attachment":[{"href":"https:\/\/www.suno.com.br\/noticias\/wp-json\/wp\/v2\/media?parent=100372"}],"wp:term":[{"taxonomy":"category","embeddable":true,"href":"https:\/\/www.suno.com.br\/noticias\/wp-json\/wp\/v2\/categories?post=100372"},{"taxonomy":"post_tag","embeddable":true,"href":"https:\/\/www.suno.com.br\/noticias\/wp-json\/wp\/v2\/tags?post=100372"},{"taxonomy":"suno_strategy","embeddable":true,"href":"https:\/\/www.suno.com.br\/noticias\/wp-json\/wp\/v2\/suno_strategy?post=100372"}],"curies":[{"name":"wp","href":"https:\/\/api.w.org\/{rel}","templated":true}]}}