{"id":100281,"date":"2020-11-13T18:29:41","date_gmt":"2020-11-13T21:29:41","guid":{"rendered":"https:\/\/www.suno.com.br\/noticias\/?p=100281"},"modified":"2021-05-29T20:30:20","modified_gmt":"2021-05-29T23:30:20","slug":"ibovespa-fecha-alta-wall-street-13112020","status":"publish","type":"post","link":"https:\/\/www.suno.com.br\/noticias\/ibovespa-fecha-alta-wall-street-13112020\/","title":{"rendered":"Ibovespa salta 2,16% com Wall St. e fecha 2\u00aa semana consecutiva no azul"},"content":{"rendered":"<p>O\u00a0<a href=\"https:\/\/www.suno.com.br\/artigos\/ibovespa\/\"><strong>Ibovespa<\/strong> hoje<\/a> encerrou o preg\u00e3o em alta de 2,16%, cotado a 104.723,00 pontos, acompanhando as Bolsas de Wall Street para fechar sua segunda semana no azul.<\/p>\t<div class=\"wrapper-featured-image\">\n\t\t<figure class=\"spotlightImg\">\n\n\t\t\t<picture>\n\t\t\t\t<source media=\"(max-width: 768px)\" srcset=\"https:\/\/files.sunoresearch.com.br\/n\/uploads\/2020\/08\/233166a5-bolsa-400x200.webp\">\n\t\t\t\t<img loading=\"lazy\" decoding=\"async\" class=\"newsContent__article__imgCapa lazyloadDisabled \" src=\"https:\/\/files.sunoresearch.com.br\/n\/uploads\/2020\/08\/233166a5-bolsa-800x450.webp\" width=\"800\" height=\"450\" alt=\"Ibovespa salta 2,16% com Wall St. e fecha 2\u00aa semana consecutiva no azul\" fetchpriority=high \/>\n\t\t\t<\/picture>\n\n\t\t\t<figcaption class=\"wp-caption-text wp-caption-text--show\">Na \u00faltima sess\u00e3o, o Ibovespa caiu quase 1,5%<\/figcaption>\n\t\t<\/figure>\n\t<\/div>\n\n\n\t<p>\n\t\t<a href=\"\" target=\"_blank\" data-element=\"shortcode-suno-banner\" title=\"Banner SUNO, clique e saiba mais\">\n\t\t\t<picture>\n\t\t\t\t<source media=\"(max-width: 500px)\" srcset=\"\">\n\t\t\t\t<img class=\"newsContent__article__imgCapa newsContent__article__imgCapa--banner\"\n\t\t\t\t\tsrc=\"\"\n\t\t\t\t\tdata-promo-id=\"97204\"\t\t\t\t\t\t\t\t\t\t\t\t\t\t\talt=\"\"\n\t\t\t\t>\n\t\t\t<\/picture>\n\t\t<\/a>\n\t<\/p>\n\n\n<p>Em meio \u00e0 temporada de resultados do terceiro trimestre de 2020, o principal \u00edndice da <a href=\"https:\/\/www.suno.com.br\/artigos\/b3\/\">Bolsa de Valores de S\u00e3o Paulo (B3)<\/a> recuperou parte do terreno perdido no dia anterior. O bastante para emendar mais uma segunda seguida de ganhos para o Ibovespa, respaldando a retomada em novembro.<\/p>\n<p>Confira como foi o andamento do Ibovespa durante a semana:<\/p>\n<ul>\n<li><strong>Segunda-feira<\/strong> (9) \u2014 O benchmark fecha em alta de 2,57%, a 103.515,16 pontos, no primeiro dia de negocia\u00e7\u00f5es ap\u00f3s a vit\u00f3ria de Joe Biden nas elei\u00e7\u00f5es presidenciais norte-americanas;<\/li>\n<li><strong>Ter\u00e7a-feira<\/strong> (10) \u2014 Bolsa ampliando os ganhos do dia anterior, subindo 1,50%, a 105.066,96 pontos, impulsionado pelas not\u00edcias da\u00a0<a href=\"https:\/\/www.suno.com.br\/noticias\/vacina-eleicoes-animam-mercados-dolar-cai\/\">vacina da Pfizer<\/a> e pela retomada dos <a href=\"https:\/\/www.suno.com.br\/artigos\/cotacao-do-petroleo\/\">pre\u00e7os do petr\u00f3leo<\/a>;<\/li>\n<li><strong>Quarta-feira<\/strong> (11) \u2014 Ibovespa interrompe sequ\u00eancia e cai 0,25%, a 104.808,83 pontos;<\/li>\n<li><strong>Quinta-feira<\/strong> (12) \u2014 O principal \u00edndice da B3 fecha em nova queda, de 2,20% a 102.507 pontos, por conta do avan\u00e7o dos novos casos de covid-19 nos EUA e na Europa.<\/li>\n<\/ul>\n<p><a href=\"https:\/\/lp.suno.com.br\/suno-one\/\">Conhe\u00e7a o Suno One, a central gratuita de informa\u00e7\u00f5es da Suno para quem quer aprender a investir. Acesse clicando aqui.<\/a><\/p>\n<p>O Ibovespa encerrou a semana com uma valoriza\u00e7\u00e3o de 3,7%, enquanto, no m\u00eas, a alta \u00e9 de 11,4%.<\/p>\n<p>Al\u00e9m disso, veja as not\u00edcias que mexeram com o mercado hoje:<\/p>\n<ul>\n<li>Cogna tem preju\u00edzo de R$ 1,29 bilh\u00e3o<\/li>\n<li>Oi registra preju\u00edzo de R$ 2,638 bilh\u00f5es<\/li>\n<li>Centauro divulga preju\u00edzo de R$ 33 milh\u00f5es<\/li>\n<li>Embraer aprova plano de recompra de at\u00e9 7 milh\u00f5es de a\u00e7\u00f5es<\/li>\n<\/ul>\n<h2>Cogna tem preju\u00edzo de R$ 1,29 bilh\u00e3o<\/h2>\n<p>A <a href=\"https:\/\/www.suno.com.br\/acoes\/cogn3\/\"><strong>Cogna<\/strong> (COGN3)<\/a> divulgou os resultados referentes ao terceiro trimestre deste ano. A companhia reverteu o <a href=\"https:\/\/www.suno.com.br\/artigos\/lucro-liquido\/\">lucro l\u00edquido<\/a> de R$ 20 milh\u00f5es registrado um ano antes para apurar um preju\u00edzo de R$ 1,29 bilh\u00e3o no terceiro trimestre de 2020.<\/p>\n<p>De acordo com a empresa, o resultado \u00e9 fruto do reconhecimento da perda no valor recuper\u00e1vel de ativos na Saber e na divis\u00e3o de outros neg\u00f3cios, assim como da baixa de imposto de renda diferido, ambos sem efeito caixa.<\/p>\n\t<div data-element=\"shortcode-read-more\" class=\"knowMore\">\n\t\t\t\t<span class=\"knowMore__title\">Saiba mais<\/span>\n\t\t\t\t<a class=\"knowMore__link\" href=\"https:\/\/www.suno.com.br\/noticias\/cogna-cogn3-prejuizo\/\">\n\t\t\tCogna (COGN3) reverte lucro e tem preju\u00edzo de R$ 1,29 bilh\u00e3o no 3T20\t\t<\/a>\n\t<\/div>\n\n\n<p>A Cogna reportou uma <a href=\"https:\/\/www.suno.com.br\/artigos\/o-que-receita-liquida\/\">receita l\u00edquida<\/a> de R$ 1,256 bilh\u00e3o, um recuo de 17,1% na base anualizada. Enquanto isso, o <a href=\"https:\/\/www.suno.com.br\/artigos\/ebitda\/\">Ebitda (lucro antes de juros, impostos, amortiza\u00e7\u00e3o e deprecia\u00e7\u00e3o)<\/a> ficou negativa em R$ 610 milh\u00f5es, ante resultado positivo de R$ 511 milh\u00f5es no ano anterior.<\/p>\n<h2>Oi registra preju\u00edzo de R$ 2,638 bilh\u00f5es<\/h2>\n<p>A <a href=\"https:\/\/www.suno.com.br\/noticias\/oi-oibr3-vale-pena-investir-veja-perspectivas\/\"><strong>Oi<\/strong> (OIBR3)<\/a> teve preju\u00edzo de R$ 2,638 bilh\u00f5es no terceiro trimestre de 2020, recuando em 54% as perdas de R$ 5,74 bilh\u00f5es vistas um ano antes.<\/p>\n<p>O Ebitda de Rotina foi de R$ 1,46 bilh\u00e3o, alta anual de 6,4%. J\u00e1 a margem Ebitda passou de 27,5% para 31,1%. A receita l\u00edquida total da companhia atingiu R$ 4,7 bilh\u00f5es, recuo de 5,9%.<\/p>\n\t<div data-element=\"shortcode-read-more\" class=\"knowMore\">\n\t\t\t\t<span class=\"knowMore__title\">Veja mais<\/span>\n\t\t\t\t<a class=\"knowMore__link\" href=\"https:\/\/www.suno.com.br\/noticias\/oi-oibr3-prejuizo-terceiro-trimestre\/\">\n\t\t\tOi (OIBR3) tem preju\u00edzo de R$ 2,638 bilh\u00f5es no 3T20, perda 54% menor\t\t<\/a>\n\t<\/div>\n\n\n<p>Enquanto isso, a <a href=\"https:\/\/www.suno.com.br\/artigos\/divida-liquida\/\">d\u00edvida l\u00edquida<\/a> da Oi chegou a R$ 21,243 bilh\u00f5es ao final do terceiro trimestre, aumento de 44% em compara\u00e7\u00e3o com a d\u00edvida l\u00edquida de R$ 14,713 bilh\u00f5es apurada um ano antes.<\/p>\n<h2>Centauro divulga preju\u00edzo de R$ 33 milh\u00f5es<\/h2>\n<p>A <a href=\"https:\/\/www.suno.com.br\/acoes\/cnto3\/\"> <strong>Centauro<\/strong> (CNTO3)<\/a> tamb\u00e9m reverteu o lucro l\u00edquido, de R$ 38,4 milh\u00f5es apresentado no terceiro trimestre do ano passado, e registrou preju\u00edzo de R$ 33,2 milh\u00f5es no mesmo per\u00edodo deste ano.<\/p>\n\t<div data-element=\"shortcode-read-more\" class=\"knowMore\">\n\t\t\t\t<span class=\"knowMore__title\">Confira na \u00edntegra<\/span>\n\t\t\t\t<a class=\"knowMore__link\" href=\"https:\/\/www.suno.com.br\/noticias\/centauro-cnto3-reverte-lucro-e-tem-prejuizo-de-33-milhoes-no-3t20\/\">\n\t\t\tCentauro (CNTO3) reverte lucro e tem preju\u00edzo de R$ 33 milh\u00f5es no 3T20\t\t<\/a>\n\t<\/div>\n\n\n<p>A <a href=\"https:\/\/www.suno.com.br\/artigos\/o-que-receita-liquida\/\">receita l\u00edquida<\/a> da Centauro foi de R$ 569 milh\u00f5es, esse valor \u00e9 equivalente a queda de 8,4%, em rela\u00e7\u00e3o ao terceiro trimestre de 2019. J\u00e1 o Ebitda com o<a href=\"https:\/\/www.suno.com.br\/artigos\/ifrs\/\"> efeito do IFRS<\/a> atingiu R$ 31 milh\u00f5es, queda de 73,5%, em rela\u00e7\u00e3o a julho e setembro do ano passado, quando havia registrado R$ 117 milh\u00f5es.<\/p>\n<h2>Embraer aprova plano de recompra de at\u00e9 7 milh\u00f5es de a\u00e7\u00f5es<\/h2>\n<p>Al\u00e9m disso, a <a href=\"https:\/\/www.suno.com.br\/acoes\/embr3\/\"><strong>Embraer<\/strong> (EMBR3)<\/a> aprovou um <a href=\"https:\/\/www.suno.com.br\/artigos\/recompra-de-acoes\/\">programa de recompra de a\u00e7\u00f5es<\/a> para perman\u00eancia em tesouraria, cancelamento ou venda no mercado, no montante de at\u00e9 7 milh\u00f5es de a\u00e7\u00f5es da empresa. Isso representa 0,95% das 736.143.105 a\u00e7\u00f5es ordin\u00e1rias da empresa que est\u00e3o em circula\u00e7\u00e3o no mercado.<\/p>\n<p>A companhia tem 4.291.938 a\u00e7\u00f5es em tesouraria. O prazo de recompra \u00e9 de 12 meses, a partir desta quinta-feira.<\/p>\n\t<div data-element=\"shortcode-read-more\" class=\"knowMore\">\n\t\t\t\t<span class=\"knowMore__title\">Veja tamb\u00e9m<\/span>\n\t\t\t\t<a class=\"knowMore__link\" href=\"https:\/\/www.suno.com.br\/noticias\/embraer-embr3-recompra\/\">\n\t\t\tEmbraer (EMBR3) aprova plano de recompra de at\u00e9 7 milh\u00f5es de a\u00e7\u00f5es\t\t<\/a>\n\t<\/div>\n\n\n<p>No in\u00edcio desta semana, a fabricante aeroespacial reportou um preju\u00edzo ajustado de R$ 797,5 milh\u00f5es no terceiro trimestre deste ano.<\/p>\n<h2>Maiores altas e baixas do Ibovespa<\/h2>\n<p>Altas:<\/p>\n<ul>\n<li>YDUQ3: +9,76% \/ R$ 28,34<\/li>\n<li>IRBR3: +7,7% \/ R$ 6,71<\/li>\n<li>GNDI3: +7,46% \/ R$ 74,50<\/li>\n<li>MRVE3: +6,98% \/ R$ 19,92<\/li>\n<li>SUZB3: +6,94% \/ R$ 51,94<\/li>\n<\/ul>\n<p>Baixas:<\/p>\n<ul>\n<li>MULT3: -2,35% \/ R$ 22,45<\/li>\n<li>MGLU3: -1,49% \/ R$ 25,10<\/li>\n<li>CSNA3: -1,18% \/ R$ 19,29<\/li>\n<li>IGTA3: -1,15% \/ R$ 35,15<\/li>\n<li>BEEF3.: -0,9% \/ R$ 9,94<\/li>\n<\/ul>\n<h2>Desempenho das bolsas no exterior<\/h2>\n<ul>\n<li>Nova York (<a href=\"https:\/\/www.suno.com.br\/artigos\/sp-500\/\">S&amp;P 500<\/a>): +1,36% &#8211; 3.585,15<\/li>\n<li>Frankfurt (<a href=\"https:\/\/www.suno.com.br\/artigos\/dax-30\/\">DAX 30)<\/a>: +0,18% &#8211; <span class=\"IsqQVc NprOob XcVN5d\">13.076,72<\/span><\/li>\n<li>Reino Unido (<a href=\"https:\/\/www.suno.com.br\/artigos\/ftse-100\/\">FTSE 100<\/a>): -0,36% &#8211; 6.316,39<\/li>\n<li>Paris (<a href=\"https:\/\/www.suno.com.br\/artigos\/cac-40\/\">CAC 40<\/a>): +0,33% &#8211; 5.380,16<\/li>\n<li>It\u00e1lia (<a href=\"https:\/\/www.suno.com.br\/artigos\/ftse-mib\/\">FTSE MIB<\/a>): +0,41% &#8211; 20.903,58<\/li>\n<li>Xangai (SSEC): -0,86% &#8211; 3.310,10<\/li>\n<li>Hong Kong (<a href=\"https:\/\/www.suno.com.br\/artigos\/hang-seng\/\">Hang Seng<\/a>): -0,048% &#8211; 26.156,86<\/li>\n<li>Jap\u00e3o (<a href=\"https:\/\/www.suno.com.br\/artigos\/nikkei-225\/\">Nikkei 225<\/a> ): -0,53% &#8211; <span class=\"IsqQVc NprOob XcVN5d\">25.385,87<\/span><\/li>\n<\/ul>\n<h2>\u00daltima cota\u00e7\u00e3o do Ibovespa<\/h2>\n<p>Na \u00faltima sess\u00e3o, quinta-feira (12), o <strong>Ibovespa<\/strong> encerrou o preg\u00e3o em queda de 2,20%, a 105.507 pontos.<\/p>\n\t<p>\n\t\t<a href=\"https:\/\/lp.suno.com.br\/planilha-de-controle-de-investimentos\/\" target=\"_blank\" data-element=\"shortcode-suno-banner\" title=\"Banner SUNO, clique e saiba mais\">\n\t\t\t<picture>\n\t\t\t\t<source media=\"(max-width: 500px)\" srcset=\"https:\/\/files.sunoresearch.com.br\/n\/uploads\/2023\/03\/400x300-Controle-de-Investimentos.png\">\n\t\t\t\t<img class=\"newsContent__article__imgCapa newsContent__article__imgCapa--banner\"\n\t\t\t\t\tsrc=\"https:\/\/files.sunoresearch.com.br\/n\/uploads\/2023\/03\/1420x240-Controle-de-Investimentos.png\"\n\t\t\t\t\tdata-promo-id=\"75934\"\t\t\t\t\t\t\t\t\t\twidth='1420' height='240'\t\t\t\t\talt=\"https:\/\/files.sunoresearch.com.br\/n\/uploads\/2023\/03\/1420x240-Controle-de-Investimentos.png\"\n\t\t\t\t>\n\t\t\t<\/picture>\n\t\t<\/a>\n\t<\/p>\n\n\n","protected":false},"excerpt":{"rendered":"<p>O\u00a0Ibovespa hoje encerrou o preg\u00e3o em alta de 2,16%, cotado a 104.723,00 pontos, acompanhando as Bolsas de Wall Street para fechar sua segunda semana no azul. Na \u00faltima sess\u00e3o, o Ibovespa caiu quase 1,5% Em meio \u00e0 temporada de resultados do terceiro trimestre de 2020, o principal \u00edndice da Bolsa de Valores de S\u00e3o Paulo [&hellip;]<\/p>\n","protected":false},"author":35,"featured_media":76852,"comment_status":"closed","ping_status":"closed","sticky":false,"template":"","format":"standard","meta":[],"categories":[60],"tags":[1329,460,721,584],"suno_strategy":[],"class_list":["post-100281","post","type-post","status-publish","format-standard","has-post-thumbnail","hentry","category-mercado","tag-centauro-cnto3","tag-embraer-embr3","tag-ibovespa","tag-oi-oibr3-oibr4"],"yoast_head":"<!-- This site is optimized with the Yoast SEO plugin v24.4 - https:\/\/yoast.com\/wordpress\/plugins\/seo\/ -->\n<title>Ibovespa salta 2,16% com Wall St. e fecha 2\u00aa semana consecutiva no azul<\/title>\n<meta name=\"description\" content=\"O\u00a0Ibovespa hoje encerrou em alta de 2,16%, cotado a 104.723,00 pontos, com Wall Street e fechou semana no azul. Clique para saber mais\" \/>\n<meta name=\"robots\" content=\"index, follow, max-snippet:-1, max-image-preview:large, max-video-preview:-1\" \/>\n<link rel=\"canonical\" href=\"https:\/\/www.suno.com.br\/noticias\/ibovespa-fecha-alta-wall-street-13112020\/\" \/>\n<meta property=\"og:locale\" content=\"pt_BR\" \/>\n<meta property=\"og:type\" content=\"article\" \/>\n<meta property=\"og:title\" content=\"Ibovespa salta 2,16% com Wall St. e fecha 2\u00aa semana consecutiva no azul\" \/>\n<meta property=\"og:description\" content=\"O\u00a0Ibovespa hoje encerrou em alta de 2,16%, cotado a 104.723,00 pontos, com Wall Street e fechou semana no azul. Clique para saber mais\" \/>\n<meta property=\"og:url\" content=\"https:\/\/www.suno.com.br\/noticias\/ibovespa-fecha-alta-wall-street-13112020\/\" \/>\n<meta property=\"og:site_name\" content=\"Suno Not\u00edcias\" \/>\n<meta property=\"article:publisher\" content=\"https:\/\/facebook.com\/sunoresearch\" \/>\n<meta property=\"og:image\" content=\"https:\/\/files.sunoresearch.com.br\/n\/uploads\/2020\/08\/233166a5-bolsa.jpg\" \/>\n\t<meta property=\"og:image:width\" content=\"960\" \/>\n\t<meta property=\"og:image:height\" content=\"640\" \/>\n\t<meta property=\"og:image:type\" content=\"image\/jpeg\" \/>\n<meta name=\"author\" content=\"Arthur Guimar\u00e3es\" \/>\n<meta name=\"twitter:card\" content=\"summary_large_image\" \/>\n<meta name=\"twitter:creator\" content=\"@sunoresearch\" \/>\n<meta name=\"twitter:site\" content=\"@sunoresearch\" \/>\n<meta name=\"twitter:label1\" content=\"Escrito por\" \/>\n\t<meta name=\"twitter:data1\" content=\"Arthur Guimar\u00e3es\" \/>\n\t<meta name=\"twitter:label2\" content=\"Est. tempo de leitura\" \/>\n\t<meta name=\"twitter:data2\" content=\"4 minutos\" \/>\n<script type=\"application\/ld+json\" class=\"yoast-schema-graph\">{\"@context\":\"https:\/\/schema.org\",\"@graph\":[{\"@type\":\"NewsArticle\",\"@id\":\"https:\/\/www.suno.com.br\/noticias\/ibovespa-fecha-alta-wall-street-13112020\/#article\",\"isPartOf\":{\"@id\":\"https:\/\/www.suno.com.br\/noticias\/ibovespa-fecha-alta-wall-street-13112020\/\"},\"author\":{\"name\":\"Arthur Guimar\u00e3es\",\"@id\":\"https:\/\/www.suno.com.br\/noticias\/#\/schema\/person\/053a750a709a263919a20f976caae91c\"},\"headline\":\"Ibovespa salta 2,16% com Wall St. e fecha 2\u00aa semana consecutiva no azul\",\"datePublished\":\"2020-11-13T21:29:41+00:00\",\"dateModified\":\"2021-05-29T23:30:20+00:00\",\"mainEntityOfPage\":{\"@id\":\"https:\/\/www.suno.com.br\/noticias\/ibovespa-fecha-alta-wall-street-13112020\/\"},\"wordCount\":848,\"publisher\":{\"@id\":\"https:\/\/www.suno.com.br\/noticias\/#organization\"},\"image\":{\"@id\":\"https:\/\/www.suno.com.br\/noticias\/ibovespa-fecha-alta-wall-street-13112020\/#primaryimage\"},\"thumbnailUrl\":\"https:\/\/files.sunoresearch.com.br\/n\/uploads\/2020\/08\/233166a5-bolsa-jpg.webp\",\"keywords\":[\"Centauro (CNTO3)\",\"Embraer (EMBR3)\",\"Ibovespa\",\"Oi (OIBR3\/OIBR4)\"],\"articleSection\":[\"Mercado\"],\"inLanguage\":\"pt-BR\"},{\"@type\":\"WebPage\",\"@id\":\"https:\/\/www.suno.com.br\/noticias\/ibovespa-fecha-alta-wall-street-13112020\/\",\"url\":\"https:\/\/www.suno.com.br\/noticias\/ibovespa-fecha-alta-wall-street-13112020\/\",\"name\":\"Ibovespa salta 2,16% com Wall St. e fecha 2\u00aa semana consecutiva no azul\",\"isPartOf\":{\"@id\":\"https:\/\/www.suno.com.br\/noticias\/#website\"},\"primaryImageOfPage\":{\"@id\":\"https:\/\/www.suno.com.br\/noticias\/ibovespa-fecha-alta-wall-street-13112020\/#primaryimage\"},\"image\":{\"@id\":\"https:\/\/www.suno.com.br\/noticias\/ibovespa-fecha-alta-wall-street-13112020\/#primaryimage\"},\"thumbnailUrl\":\"https:\/\/files.sunoresearch.com.br\/n\/uploads\/2020\/08\/233166a5-bolsa-jpg.webp\",\"datePublished\":\"2020-11-13T21:29:41+00:00\",\"dateModified\":\"2021-05-29T23:30:20+00:00\",\"description\":\"O\u00a0Ibovespa hoje encerrou em alta de 2,16%, cotado a 104.723,00 pontos, com Wall Street e fechou semana no azul. Clique para saber mais\",\"breadcrumb\":{\"@id\":\"https:\/\/www.suno.com.br\/noticias\/ibovespa-fecha-alta-wall-street-13112020\/#breadcrumb\"},\"inLanguage\":\"pt-BR\",\"potentialAction\":[{\"@type\":\"ReadAction\",\"target\":[\"https:\/\/www.suno.com.br\/noticias\/ibovespa-fecha-alta-wall-street-13112020\/\"]}]},{\"@type\":\"ImageObject\",\"inLanguage\":\"pt-BR\",\"@id\":\"https:\/\/www.suno.com.br\/noticias\/ibovespa-fecha-alta-wall-street-13112020\/#primaryimage\",\"url\":\"https:\/\/files.sunoresearch.com.br\/n\/uploads\/2020\/08\/233166a5-bolsa-jpg.webp\",\"contentUrl\":\"https:\/\/files.sunoresearch.com.br\/n\/uploads\/2020\/08\/233166a5-bolsa-jpg.webp\",\"width\":960,\"height\":640,\"caption\":\"Na \u00faltima sess\u00e3o, o Ibovespa caiu quase 1,5%\"},{\"@type\":\"BreadcrumbList\",\"@id\":\"https:\/\/www.suno.com.br\/noticias\/ibovespa-fecha-alta-wall-street-13112020\/#breadcrumb\",\"itemListElement\":[{\"@type\":\"ListItem\",\"position\":1,\"name\":\"Not\u00edcias\",\"item\":\"https:\/\/www.suno.com.br\/noticias\/\"},{\"@type\":\"ListItem\",\"position\":2,\"name\":\"Mercado\",\"item\":\"https:\/\/www.suno.com.br\/noticias\/mercado\/\"},{\"@type\":\"ListItem\",\"position\":3,\"name\":\"Ibovespa salta 2,16% com Wall St. e fecha 2\u00aa semana consecutiva no azul\"}]},{\"@type\":\"WebSite\",\"@id\":\"https:\/\/www.suno.com.br\/noticias\/#website\",\"url\":\"https:\/\/www.suno.com.br\/noticias\/\",\"name\":\"Suno Not\u00edcias\",\"description\":\"Seu portal de informa\u00e7\u00e3o sobre o mundo dos investimentos\",\"publisher\":{\"@id\":\"https:\/\/www.suno.com.br\/noticias\/#organization\"},\"potentialAction\":[{\"@type\":\"SearchAction\",\"target\":{\"@type\":\"EntryPoint\",\"urlTemplate\":\"https:\/\/www.suno.com.br\/noticias\/?s={search_term_string}\"},\"query-input\":{\"@type\":\"PropertyValueSpecification\",\"valueRequired\":true,\"valueName\":\"search_term_string\"}}],\"inLanguage\":\"pt-BR\"},{\"@type\":\"Organization\",\"@id\":\"https:\/\/www.suno.com.br\/noticias\/#organization\",\"name\":\"Suno Not\u00edcias\",\"url\":\"https:\/\/www.suno.com.br\/noticias\/\",\"logo\":{\"@type\":\"ImageObject\",\"inLanguage\":\"pt-BR\",\"@id\":\"https:\/\/www.suno.com.br\/noticias\/#\/schema\/logo\/image\/\",\"url\":\"https:\/\/files.sunoresearch.com.br\/n\/uploads\/2021\/09\/suno-logo.png\",\"contentUrl\":\"https:\/\/files.sunoresearch.com.br\/n\/uploads\/2021\/09\/suno-logo.png\",\"width\":180,\"height\":180,\"caption\":\"Suno Not\u00edcias\"},\"image\":{\"@id\":\"https:\/\/www.suno.com.br\/noticias\/#\/schema\/logo\/image\/\"},\"sameAs\":[\"https:\/\/facebook.com\/sunoresearch\",\"https:\/\/x.com\/sunoresearch\",\"https:\/\/www.instagram.com\/suno\",\"https:\/\/www.linkedin.com\/company\/suno-research\/\",\"https:\/\/www.youtube.com\/c\/sunoresearch\"]},{\"@type\":\"Person\",\"@id\":\"https:\/\/www.suno.com.br\/noticias\/#\/schema\/person\/053a750a709a263919a20f976caae91c\",\"name\":\"Arthur Guimar\u00e3es\",\"image\":{\"@type\":\"ImageObject\",\"inLanguage\":\"pt-BR\",\"@id\":\"https:\/\/www.suno.com.br\/noticias\/#\/schema\/person\/image\/\",\"url\":\"https:\/\/secure.gravatar.com\/avatar\/1affd86a11209ae09eb6dd3bcad3e96c?s=96&r=g\",\"contentUrl\":\"https:\/\/secure.gravatar.com\/avatar\/1affd86a11209ae09eb6dd3bcad3e96c?s=96&r=g\",\"caption\":\"Arthur Guimar\u00e3es\"},\"description\":\"Arthur Guimar\u00e3es escreve sobre pol\u00edtica, economia e neg\u00f3cios para o portal de not\u00edcias da Suno Research. Atualmente, \u00e9 estudante de jornalismo pela Faculdade C\u00e1sper L\u00edbero.\",\"url\":\"https:\/\/www.suno.com.br\/noticias\/author\/arthur-guimaraes\/\"}]}<\/script>\n<!-- \/ Yoast SEO plugin. -->","yoast_head_json":{"title":"Ibovespa salta 2,16% com Wall St. e fecha 2\u00aa semana consecutiva no azul","description":"O\u00a0Ibovespa hoje encerrou em alta de 2,16%, cotado a 104.723,00 pontos, com Wall Street e fechou semana no azul. Clique para saber mais","robots":{"index":"index","follow":"follow","max-snippet":"max-snippet:-1","max-image-preview":"max-image-preview:large","max-video-preview":"max-video-preview:-1"},"canonical":"https:\/\/www.suno.com.br\/noticias\/ibovespa-fecha-alta-wall-street-13112020\/","og_locale":"pt_BR","og_type":"article","og_title":"Ibovespa salta 2,16% com Wall St. e fecha 2\u00aa semana consecutiva no azul","og_description":"O\u00a0Ibovespa hoje encerrou em alta de 2,16%, cotado a 104.723,00 pontos, com Wall Street e fechou semana no azul. Clique para saber mais","og_url":"https:\/\/www.suno.com.br\/noticias\/ibovespa-fecha-alta-wall-street-13112020\/","og_site_name":"Suno Not\u00edcias","article_publisher":"https:\/\/facebook.com\/sunoresearch","og_image":[{"width":960,"height":640,"url":"https:\/\/files.sunoresearch.com.br\/n\/uploads\/2020\/08\/233166a5-bolsa.jpg","type":"image\/jpeg"}],"author":"Arthur Guimar\u00e3es","twitter_card":"summary_large_image","twitter_creator":"@sunoresearch","twitter_site":"@sunoresearch","twitter_misc":{"Escrito por":"Arthur Guimar\u00e3es","Est. tempo de leitura":"4 minutos"},"schema":{"@context":"https:\/\/schema.org","@graph":[{"@type":"NewsArticle","@id":"https:\/\/www.suno.com.br\/noticias\/ibovespa-fecha-alta-wall-street-13112020\/#article","isPartOf":{"@id":"https:\/\/www.suno.com.br\/noticias\/ibovespa-fecha-alta-wall-street-13112020\/"},"author":{"name":"Arthur Guimar\u00e3es","@id":"https:\/\/www.suno.com.br\/noticias\/#\/schema\/person\/053a750a709a263919a20f976caae91c"},"headline":"Ibovespa salta 2,16% com Wall St. e fecha 2\u00aa semana consecutiva no azul","datePublished":"2020-11-13T21:29:41+00:00","dateModified":"2021-05-29T23:30:20+00:00","mainEntityOfPage":{"@id":"https:\/\/www.suno.com.br\/noticias\/ibovespa-fecha-alta-wall-street-13112020\/"},"wordCount":848,"publisher":{"@id":"https:\/\/www.suno.com.br\/noticias\/#organization"},"image":{"@id":"https:\/\/www.suno.com.br\/noticias\/ibovespa-fecha-alta-wall-street-13112020\/#primaryimage"},"thumbnailUrl":"https:\/\/files.sunoresearch.com.br\/n\/uploads\/2020\/08\/233166a5-bolsa-jpg.webp","keywords":["Centauro (CNTO3)","Embraer (EMBR3)","Ibovespa","Oi (OIBR3\/OIBR4)"],"articleSection":["Mercado"],"inLanguage":"pt-BR"},{"@type":"WebPage","@id":"https:\/\/www.suno.com.br\/noticias\/ibovespa-fecha-alta-wall-street-13112020\/","url":"https:\/\/www.suno.com.br\/noticias\/ibovespa-fecha-alta-wall-street-13112020\/","name":"Ibovespa salta 2,16% com Wall St. e fecha 2\u00aa semana consecutiva no azul","isPartOf":{"@id":"https:\/\/www.suno.com.br\/noticias\/#website"},"primaryImageOfPage":{"@id":"https:\/\/www.suno.com.br\/noticias\/ibovespa-fecha-alta-wall-street-13112020\/#primaryimage"},"image":{"@id":"https:\/\/www.suno.com.br\/noticias\/ibovespa-fecha-alta-wall-street-13112020\/#primaryimage"},"thumbnailUrl":"https:\/\/files.sunoresearch.com.br\/n\/uploads\/2020\/08\/233166a5-bolsa-jpg.webp","datePublished":"2020-11-13T21:29:41+00:00","dateModified":"2021-05-29T23:30:20+00:00","description":"O\u00a0Ibovespa hoje encerrou em alta de 2,16%, cotado a 104.723,00 pontos, com Wall Street e fechou semana no azul. Clique para saber mais","breadcrumb":{"@id":"https:\/\/www.suno.com.br\/noticias\/ibovespa-fecha-alta-wall-street-13112020\/#breadcrumb"},"inLanguage":"pt-BR","potentialAction":[{"@type":"ReadAction","target":["https:\/\/www.suno.com.br\/noticias\/ibovespa-fecha-alta-wall-street-13112020\/"]}]},{"@type":"ImageObject","inLanguage":"pt-BR","@id":"https:\/\/www.suno.com.br\/noticias\/ibovespa-fecha-alta-wall-street-13112020\/#primaryimage","url":"https:\/\/files.sunoresearch.com.br\/n\/uploads\/2020\/08\/233166a5-bolsa-jpg.webp","contentUrl":"https:\/\/files.sunoresearch.com.br\/n\/uploads\/2020\/08\/233166a5-bolsa-jpg.webp","width":960,"height":640,"caption":"Na \u00faltima sess\u00e3o, o Ibovespa caiu quase 1,5%"},{"@type":"BreadcrumbList","@id":"https:\/\/www.suno.com.br\/noticias\/ibovespa-fecha-alta-wall-street-13112020\/#breadcrumb","itemListElement":[{"@type":"ListItem","position":1,"name":"Not\u00edcias","item":"https:\/\/www.suno.com.br\/noticias\/"},{"@type":"ListItem","position":2,"name":"Mercado","item":"https:\/\/www.suno.com.br\/noticias\/mercado\/"},{"@type":"ListItem","position":3,"name":"Ibovespa salta 2,16% com Wall St. e fecha 2\u00aa semana consecutiva no azul"}]},{"@type":"WebSite","@id":"https:\/\/www.suno.com.br\/noticias\/#website","url":"https:\/\/www.suno.com.br\/noticias\/","name":"Suno Not\u00edcias","description":"Seu portal de informa\u00e7\u00e3o sobre o mundo dos investimentos","publisher":{"@id":"https:\/\/www.suno.com.br\/noticias\/#organization"},"potentialAction":[{"@type":"SearchAction","target":{"@type":"EntryPoint","urlTemplate":"https:\/\/www.suno.com.br\/noticias\/?s={search_term_string}"},"query-input":{"@type":"PropertyValueSpecification","valueRequired":true,"valueName":"search_term_string"}}],"inLanguage":"pt-BR"},{"@type":"Organization","@id":"https:\/\/www.suno.com.br\/noticias\/#organization","name":"Suno Not\u00edcias","url":"https:\/\/www.suno.com.br\/noticias\/","logo":{"@type":"ImageObject","inLanguage":"pt-BR","@id":"https:\/\/www.suno.com.br\/noticias\/#\/schema\/logo\/image\/","url":"https:\/\/files.sunoresearch.com.br\/n\/uploads\/2021\/09\/suno-logo.png","contentUrl":"https:\/\/files.sunoresearch.com.br\/n\/uploads\/2021\/09\/suno-logo.png","width":180,"height":180,"caption":"Suno Not\u00edcias"},"image":{"@id":"https:\/\/www.suno.com.br\/noticias\/#\/schema\/logo\/image\/"},"sameAs":["https:\/\/facebook.com\/sunoresearch","https:\/\/x.com\/sunoresearch","https:\/\/www.instagram.com\/suno","https:\/\/www.linkedin.com\/company\/suno-research\/","https:\/\/www.youtube.com\/c\/sunoresearch"]},{"@type":"Person","@id":"https:\/\/www.suno.com.br\/noticias\/#\/schema\/person\/053a750a709a263919a20f976caae91c","name":"Arthur Guimar\u00e3es","image":{"@type":"ImageObject","inLanguage":"pt-BR","@id":"https:\/\/www.suno.com.br\/noticias\/#\/schema\/person\/image\/","url":"https:\/\/secure.gravatar.com\/avatar\/1affd86a11209ae09eb6dd3bcad3e96c?s=96&r=g","contentUrl":"https:\/\/secure.gravatar.com\/avatar\/1affd86a11209ae09eb6dd3bcad3e96c?s=96&r=g","caption":"Arthur Guimar\u00e3es"},"description":"Arthur Guimar\u00e3es escreve sobre pol\u00edtica, economia e neg\u00f3cios para o portal de not\u00edcias da Suno Research. Atualmente, \u00e9 estudante de jornalismo pela Faculdade C\u00e1sper L\u00edbero.","url":"https:\/\/www.suno.com.br\/noticias\/author\/arthur-guimaraes\/"}]}},"default_loop_html":"<div class=\"cardsPage__listCard__boxs\"><div class=\"cardsPage__listCard__boxs__img\"><a href=\"https:\/\/www.suno.com.br\/noticias\/ibovespa-fecha-alta-wall-street-13112020\/\"><img class=\"mask\" src=\"https:\/\/www.suno.com.br\/noticias\/wp-content\/themes\/suno\/resources\/images\/spotlight\/spotlight1img\/bg-mask.png\" alt=\"Image Mask\"\/><img src=\"https:\/\/files.sunoresearch.com.br\/n\/uploads\/2020\/08\/233166a5-bolsa-400x200.webp\" alt=\"Ibovespa salta 2,16% com Wall St. e fecha 2\u00aa semana consecutiva no azul\"\/><\/a><span class=\"spotlightCategory\"><a href=\"https:\/\/www.suno.com.br\/noticias\/mercado\/\">Mercado<\/a><\/span><\/div><div class=\"cardsPage__listCard__boxs__content\"><a href=\"https:\/\/www.suno.com.br\/noticias\/ibovespa-fecha-alta-wall-street-13112020\/\"><h2 class=\"content__title\">Ibovespa salta 2,16% com Wall St. e fecha 2\u00aa semana consecutiva no azul<\/h2><\/a><div class=\"newsContent__article__meta\"><div class=\"newsContent__article__meta__authorBox\"><a href=\"https:\/\/www.suno.com.br\/noticias\/author\/arthur-guimaraes\/\" class=\"authorBox__avatar noMobi\"><img src=\"https:\/\/files.sunoresearch.com.br\/n\/uploads\/2020\/02\/dfb40897-eu-150x150.webp\" alt=\"Arthur Guimar\u00e3es\"><\/a><div class=\"authorBox__name\"><span>por\n\t\t\t<a href=\"https:\/\/www.suno.com.br\/noticias\/author\/arthur-guimaraes\/\"><span itemprop=\"author\">Arthur Guimar\u00e3es<\/span><\/a><\/span><time datetime=\"2020-11-13T18:29:41-03:00\" itemprop=\"datePublished\">13\/11\/2020 18:29<\/time><\/div><\/div><\/div><\/div><\/div>","single_layout":"posts","amp_enabled":true,"_links":{"self":[{"href":"https:\/\/www.suno.com.br\/noticias\/wp-json\/wp\/v2\/posts\/100281"}],"collection":[{"href":"https:\/\/www.suno.com.br\/noticias\/wp-json\/wp\/v2\/posts"}],"about":[{"href":"https:\/\/www.suno.com.br\/noticias\/wp-json\/wp\/v2\/types\/post"}],"author":[{"embeddable":true,"href":"https:\/\/www.suno.com.br\/noticias\/wp-json\/wp\/v2\/users\/35"}],"replies":[{"embeddable":true,"href":"https:\/\/www.suno.com.br\/noticias\/wp-json\/wp\/v2\/comments?post=100281"}],"version-history":[{"count":1,"href":"https:\/\/www.suno.com.br\/noticias\/wp-json\/wp\/v2\/posts\/100281\/revisions"}],"predecessor-version":[{"id":152015,"href":"https:\/\/www.suno.com.br\/noticias\/wp-json\/wp\/v2\/posts\/100281\/revisions\/152015"}],"wp:featuredmedia":[{"embeddable":true,"href":"https:\/\/www.suno.com.br\/noticias\/wp-json\/wp\/v2\/media\/76852"}],"wp:attachment":[{"href":"https:\/\/www.suno.com.br\/noticias\/wp-json\/wp\/v2\/media?parent=100281"}],"wp:term":[{"taxonomy":"category","embeddable":true,"href":"https:\/\/www.suno.com.br\/noticias\/wp-json\/wp\/v2\/categories?post=100281"},{"taxonomy":"post_tag","embeddable":true,"href":"https:\/\/www.suno.com.br\/noticias\/wp-json\/wp\/v2\/tags?post=100281"},{"taxonomy":"suno_strategy","embeddable":true,"href":"https:\/\/www.suno.com.br\/noticias\/wp-json\/wp\/v2\/suno_strategy?post=100281"}],"curies":[{"name":"wp","href":"https:\/\/api.w.org\/{rel}","templated":true}]}}