{"id":100146,"date":"2020-11-13T13:33:16","date_gmt":"2020-11-13T16:33:16","guid":{"rendered":"https:\/\/www.suno.com.br\/noticias\/?p=100146"},"modified":"2021-05-30T12:04:08","modified_gmt":"2021-05-30T15:04:08","slug":"oi-oibr3-leilao-5g-infraco-brasil-oibr4","status":"publish","type":"post","link":"https:\/\/www.suno.com.br\/noticias\/oi-oibr3-leilao-5g-infraco-brasil-oibr4\/","title":{"rendered":"Oi (OIBR3): InfraCo, empresa de fibra, vai ser impulsionada pelo 5G"},"content":{"rendered":"<p>A implementa\u00e7\u00e3o do 5G no Pa\u00eds inteiro n\u00e3o ser\u00e1 realizada sem a utiliza\u00e7\u00e3o de uma parte significativa da unidade de fibra da<a href=\"https:\/\/www.suno.com.br\/noticias\/oi-oibr3-vale-pena-investir-veja-perspectivas\/\"><strong> Oi<\/strong> (OIBR3)<\/a>, a InfraCo, segundo o diretor da operadora, Rodrigo Abreu. A afirma\u00e7\u00e3o foi feita nesta sexta-feira (13), durante a teleconfer\u00eancia sobre os resultados operacionais do terceiro trimestre.<\/p>\t<div class=\"wrapper-featured-image\">\n\t\t<figure class=\"spotlightImg\">\n\n\t\t\t<picture>\n\t\t\t\t<source media=\"(max-width: 768px)\" srcset=\"https:\/\/files.sunoresearch.com.br\/n\/uploads\/2020\/09\/01a9c462-oi-400x200.webp\">\n\t\t\t\t<img loading=\"lazy\" decoding=\"async\" class=\"newsContent__article__imgCapa lazyloadDisabled \" src=\"https:\/\/files.sunoresearch.com.br\/n\/uploads\/2020\/09\/01a9c462-oi-800x450.webp\" width=\"800\" height=\"450\" alt=\"Oi (OIBR3): InfraCo, empresa de fibra, vai ser impulsionada pelo 5G\" fetchpriority=high \/>\n\t\t\t<\/picture>\n\n\t\t\t<figcaption class=\"wp-caption-text wp-caption-text--show\">Oi (OIBR3) contrata consultoria para avaliar conselho de administra\u00e7\u00e3o<\/figcaption>\n\t\t<\/figure>\n\t<\/div>\n\n\n\t<p>\n\t\t<a href=\"\" target=\"_blank\" data-element=\"shortcode-suno-banner\" title=\"Banner SUNO, clique e saiba mais\">\n\t\t\t<picture>\n\t\t\t\t<source media=\"(max-width: 500px)\" srcset=\"\">\n\t\t\t\t<img class=\"newsContent__article__imgCapa newsContent__article__imgCapa--banner\"\n\t\t\t\t\tsrc=\"\"\n\t\t\t\t\tdata-promo-id=\"97204\"\t\t\t\t\t\t\t\t\t\t\t\t\t\t\talt=\"\"\n\t\t\t\t>\n\t\t\t<\/picture>\n\t\t<\/a>\n\t<\/p>\n\n\n<p>De acordo com Abreu, a operadora tamb\u00e9m avalia participar do<a href=\"https:\/\/www.suno.com.br\/noticias\/oi-vivo-tim-brasil-leilao-5g\/\"> <strong>leil\u00e3o do 5G<\/strong><\/a> no Brasil, mas antes, segundo o diretor, ser\u00e1 necess\u00e1rio fechar as transa\u00e7\u00f5es da <strong>Oi M\u00f3vel.<\/strong> &#8220;N\u00f3s temos nossos planos com rela\u00e7\u00e3o ao que fazer caso essa transa\u00e7\u00e3o seja fechada&#8221;.<\/p>\n<p>\u00c9 valido lembrar que o leil\u00e3o da nova tecnologia estava marcada para mar\u00e7o deste ano, por\u00e9m, o evento sofreu diversos atrasos e o \u00faltimo, anunciado na quarta-feira (11), foi em raz\u00e3o da pr\u00f3pria operadora. No an\u00fancio, o vice-presidente da <strong>Anatel<\/strong>, Emmanuel Campelo, disse que era necess\u00e1rio rever o edital do leil\u00e3o em decorr\u00eancia da venda da divis\u00e3o m\u00f3vel da Oi. Portanto, o leil\u00e3o do 5G ficou para o segundo semestre de 2021.<\/p>\n<p><a href=\"https:\/\/lp.suno.com.br\/suno-one\/\">Suno One: acesse gratuitamente eBooks, Minicursos, Artigos e Video Aulas sobre investimentos com um \u00fanico cadastro. Clique para saber mais!<\/a><\/p>\n<p>O <a href=\"https:\/\/www.suno.com.br\/noticias\/oi-leilao-oibr3-oibr4-justica-torres-data-centers-ativos-data-dezembro\/\">leil\u00e3o da Oi M\u00f3vel<\/a> foi determinado pela Justi\u00e7a para acontecer no dia 14 de dezembro deste ano. Na an\u00e1lise da Anatel, o leil\u00e3o de 5G ter\u00e1 impacto na aprova\u00e7\u00e3o da venda da operadora.<\/p>\n\t<div data-element=\"shortcode-read-more\" class=\"knowMore\">\n\t\t\t\t<span class=\"knowMore__title\">Veja Tamb\u00e9m<\/span>\n\t\t\t\t<a class=\"knowMore__link\" href=\"https:\/\/www.suno.com.br\/noticias\/oi-oibr3-prejuizo-terceiro-trimestre\/\">\n\t\t\tOi (OIBR3) tem preju\u00edzo de R$ 2,638 bilh\u00f5es no 3T20, perda 54% menor\t\t<\/a>\n\t<\/div>\n\n\n<p>&#8220;A gente pode considerar o leil\u00e3o e fazer nossa decis\u00e3o sobre a participa\u00e7\u00e3o ou n\u00e3o. N\u00f3s acreditamos tamb\u00e9m que acelerar a instala\u00e7\u00e3o do 5G vai tamb\u00e9m acelerar os servi\u00e7os de atacado da InfraCo. A gente acha que o 5G n\u00e3o vai ser instalado no pa\u00eds inteiro sem usar uma parte significativa da <strong>Infraco<\/strong>&#8220;, disse Abreu.<\/p>\n<h2>Oi ter\u00e1 capex de R$ 7 bilh\u00f5es em 2021<\/h2>\n<p>O diretor tamb\u00e9m informou na teleconfer\u00eancia que para 2021 o <a href=\"https:\/\/www.suno.com.br\/artigos\/capex\/\">capex<\/a> est\u00e1 previsto em R$ 7 bilh\u00f5es. Segundo Abreu, maior parte desses recursos ser\u00e3o destinados para a <strong>InfraCo<\/strong>, &#8220;todos os anos colocamos uma aloca\u00e7\u00e3o de capex maior para fibra&#8221;.<br \/>\n\t<p>\n\t\t<a href=\"\" target=\"_blank\" data-element=\"shortcode-suno-banner\" title=\"Banner SUNO, clique e saiba mais\">\n\t\t\t<picture>\n\t\t\t\t<source media=\"(max-width: 500px)\" srcset=\"\">\n\t\t\t\t<img class=\"newsContent__article__imgCapa newsContent__article__imgCapa--banner\"\n\t\t\t\t\tsrc=\"\"\n\t\t\t\t\tdata-promo-id=\"91853\"\t\t\t\t\t\t\t\t\t\t\t\t\t\t\talt=\"\"\n\t\t\t\t>\n\t\t\t<\/picture>\n\t\t<\/a>\n\t<\/p>\n\n<br \/>\nNa an\u00e1lise do diretor, esse valor segue o &#8220;nosso modelo&#8221; de investimento. &#8220;Quando olhamos para esses mais de R$ 7 bilh\u00f5es de capex identificamos que todos os anos estamos aumentando a porcentagem de fibra e ano que vem n\u00e3o ser\u00e1 exce\u00e7\u00e3o&#8221;.<\/p>\n\t<div data-element=\"shortcode-read-more\" class=\"knowMore\">\n\t\t\t\t<span class=\"knowMore__title\">Veja Tamb\u00e9m<\/span>\n\t\t\t\t<a class=\"knowMore__link\" href=\"https:\/\/www.suno.com.br\/noticias\/oi-oibr3-vale-pena-investir-veja-perspectivas\/\">\n\t\t\tOi (OIBR3): vale a pena comprar a a\u00e7\u00e3o? Confira as perspectivas\t\t<\/a>\n\t<\/div>\n\n\n<p>&#8220;A nossa ideia \u00e9 que consigamos financiar esse capex j\u00e1 com a pr\u00f3pria <strong>infraestrutura<\/strong> da InfraCo. H\u00e1 v\u00e1rios modelos que nos permitem pensar nisso. O que estamos fazendo n\u00e3o \u00e9 s\u00f3 aumentar o capex mas tamb\u00e9m a efici\u00eancia desse investimento&#8221;, completou.<\/p>\n<p>Ap\u00f3s a not\u00edcia, as a\u00e7\u00f5es ordin\u00e1rias da Oi (OIBR3) disparavam a 5,33%, por volta das 13h20, negociadas a R$ 1,78. Por sua vez, o <a href=\"https:\/\/www.suno.com.br\/artigos\/ibovespa\/\">Ibovespa<\/a> subia a 0,98%, a 103.508,01 pontos.<\/p>\n\t<p>\n\t\t<a href=\"https:\/\/lp.suno.com.br\/planilha-de-controle-de-investimentos\/\" target=\"_blank\" data-element=\"shortcode-suno-banner\" title=\"Banner SUNO, clique e saiba mais\">\n\t\t\t<picture>\n\t\t\t\t<source media=\"(max-width: 500px)\" srcset=\"https:\/\/files.sunoresearch.com.br\/n\/uploads\/2023\/03\/400x300-Controle-de-Investimentos.png\">\n\t\t\t\t<img class=\"newsContent__article__imgCapa newsContent__article__imgCapa--banner\"\n\t\t\t\t\tsrc=\"https:\/\/files.sunoresearch.com.br\/n\/uploads\/2023\/03\/1420x240-Controle-de-Investimentos.png\"\n\t\t\t\t\tdata-promo-id=\"75934\"\t\t\t\t\t\t\t\t\t\twidth='1420' height='240'\t\t\t\t\talt=\"https:\/\/files.sunoresearch.com.br\/n\/uploads\/2023\/03\/1420x240-Controle-de-Investimentos.png\"\n\t\t\t\t>\n\t\t\t<\/picture>\n\t\t<\/a>\n\t<\/p>\n\n\n","protected":false},"excerpt":{"rendered":"<p>A implementa\u00e7\u00e3o do 5G no Pa\u00eds inteiro n\u00e3o ser\u00e1 realizada sem a utiliza\u00e7\u00e3o de uma parte significativa da unidade de fibra da Oi (OIBR3), a InfraCo, segundo o diretor da operadora, Rodrigo Abreu. A afirma\u00e7\u00e3o foi feita nesta sexta-feira (13), durante a teleconfer\u00eancia sobre os resultados operacionais do terceiro trimestre. Oi (OIBR3) contrata consultoria para [&hellip;]<\/p>\n","protected":false},"author":15,"featured_media":83176,"comment_status":"closed","ping_status":"closed","sticky":false,"template":"","format":"standard","meta":[],"categories":[64],"tags":[92666,584,3544,1607],"suno_strategy":[],"class_list":["post-100146","post","type-post","status-publish","format-standard","has-post-thumbnail","hentry","category-negocios","tag-infraco","tag-oi-oibr3-oibr4","tag-oi-movel","tag-resultado-das-empresas"],"yoast_head":"<!-- This site is optimized with the Yoast SEO plugin v24.4 - https:\/\/yoast.com\/wordpress\/plugins\/seo\/ -->\n<title>Oi (OIBR3): InfraCo, empresa de fibra, vai ser impulsionada pelo 5G<\/title>\n<meta name=\"description\" content=\"A implementa\u00e7\u00e3o do 5G no Brasil inteiro n\u00e3o ser\u00e1 realizada sem a utiliza\u00e7\u00e3o de uma parte significativa da Oi (OIBR3). Clique aqui\" \/>\n<meta name=\"robots\" content=\"index, follow, max-snippet:-1, max-image-preview:large, max-video-preview:-1\" \/>\n<link rel=\"canonical\" href=\"https:\/\/www.suno.com.br\/noticias\/oi-oibr3-leilao-5g-infraco-brasil-oibr4\/\" \/>\n<meta property=\"og:locale\" content=\"pt_BR\" \/>\n<meta property=\"og:type\" content=\"article\" \/>\n<meta property=\"og:title\" content=\"Oi (OIBR3): InfraCo, empresa de fibra, vai ser impulsionada pelo 5G\" \/>\n<meta property=\"og:description\" content=\"A implementa\u00e7\u00e3o do 5G no Brasil inteiro n\u00e3o ser\u00e1 realizada sem a utiliza\u00e7\u00e3o de uma parte significativa da Oi (OIBR3). Clique aqui\" \/>\n<meta property=\"og:url\" content=\"https:\/\/www.suno.com.br\/noticias\/oi-oibr3-leilao-5g-infraco-brasil-oibr4\/\" \/>\n<meta property=\"og:site_name\" content=\"Suno Not\u00edcias\" \/>\n<meta property=\"article:publisher\" content=\"https:\/\/facebook.com\/sunoresearch\" \/>\n<meta property=\"og:image\" content=\"https:\/\/files.sunoresearch.com.br\/n\/uploads\/2020\/09\/01a9c462-oi.jpg\" \/>\n\t<meta property=\"og:image:width\" content=\"992\" \/>\n\t<meta property=\"og:image:height\" content=\"680\" \/>\n\t<meta property=\"og:image:type\" content=\"image\/jpeg\" \/>\n<meta name=\"author\" content=\"Poliana Santos\" \/>\n<meta name=\"twitter:card\" content=\"summary_large_image\" \/>\n<meta name=\"twitter:creator\" content=\"@sunoresearch\" \/>\n<meta name=\"twitter:site\" content=\"@sunoresearch\" \/>\n<meta name=\"twitter:label1\" content=\"Escrito por\" \/>\n\t<meta name=\"twitter:data1\" content=\"Poliana Santos\" \/>\n\t<meta name=\"twitter:label2\" content=\"Est. tempo de leitura\" \/>\n\t<meta name=\"twitter:data2\" content=\"3 minutos\" \/>\n<script type=\"application\/ld+json\" class=\"yoast-schema-graph\">{\"@context\":\"https:\/\/schema.org\",\"@graph\":[{\"@type\":\"NewsArticle\",\"@id\":\"https:\/\/www.suno.com.br\/noticias\/oi-oibr3-leilao-5g-infraco-brasil-oibr4\/#article\",\"isPartOf\":{\"@id\":\"https:\/\/www.suno.com.br\/noticias\/oi-oibr3-leilao-5g-infraco-brasil-oibr4\/\"},\"author\":{\"name\":\"Poliana Santos\",\"@id\":\"https:\/\/www.suno.com.br\/noticias\/#\/schema\/person\/02ec1f752758247878a2bf4abee1aeda\"},\"headline\":\"Oi (OIBR3): InfraCo, empresa de fibra, vai ser impulsionada pelo 5G\",\"datePublished\":\"2020-11-13T16:33:16+00:00\",\"dateModified\":\"2021-05-30T15:04:08+00:00\",\"mainEntityOfPage\":{\"@id\":\"https:\/\/www.suno.com.br\/noticias\/oi-oibr3-leilao-5g-infraco-brasil-oibr4\/\"},\"wordCount\":516,\"publisher\":{\"@id\":\"https:\/\/www.suno.com.br\/noticias\/#organization\"},\"image\":{\"@id\":\"https:\/\/www.suno.com.br\/noticias\/oi-oibr3-leilao-5g-infraco-brasil-oibr4\/#primaryimage\"},\"thumbnailUrl\":\"https:\/\/files.sunoresearch.com.br\/n\/uploads\/2020\/09\/01a9c462-oi-jpg.webp\",\"keywords\":[\"InfraCo\",\"Oi (OIBR3\/OIBR4)\",\"Oi M\u00f3vel\",\"Resultado das empresas\"],\"articleSection\":[\"Neg\u00f3cios\"],\"inLanguage\":\"pt-BR\"},{\"@type\":\"WebPage\",\"@id\":\"https:\/\/www.suno.com.br\/noticias\/oi-oibr3-leilao-5g-infraco-brasil-oibr4\/\",\"url\":\"https:\/\/www.suno.com.br\/noticias\/oi-oibr3-leilao-5g-infraco-brasil-oibr4\/\",\"name\":\"Oi (OIBR3): InfraCo, empresa de fibra, vai ser impulsionada pelo 5G\",\"isPartOf\":{\"@id\":\"https:\/\/www.suno.com.br\/noticias\/#website\"},\"primaryImageOfPage\":{\"@id\":\"https:\/\/www.suno.com.br\/noticias\/oi-oibr3-leilao-5g-infraco-brasil-oibr4\/#primaryimage\"},\"image\":{\"@id\":\"https:\/\/www.suno.com.br\/noticias\/oi-oibr3-leilao-5g-infraco-brasil-oibr4\/#primaryimage\"},\"thumbnailUrl\":\"https:\/\/files.sunoresearch.com.br\/n\/uploads\/2020\/09\/01a9c462-oi-jpg.webp\",\"datePublished\":\"2020-11-13T16:33:16+00:00\",\"dateModified\":\"2021-05-30T15:04:08+00:00\",\"description\":\"A implementa\u00e7\u00e3o do 5G no Brasil inteiro n\u00e3o ser\u00e1 realizada sem a utiliza\u00e7\u00e3o de uma parte significativa da Oi (OIBR3). Clique aqui\",\"breadcrumb\":{\"@id\":\"https:\/\/www.suno.com.br\/noticias\/oi-oibr3-leilao-5g-infraco-brasil-oibr4\/#breadcrumb\"},\"inLanguage\":\"pt-BR\",\"potentialAction\":[{\"@type\":\"ReadAction\",\"target\":[\"https:\/\/www.suno.com.br\/noticias\/oi-oibr3-leilao-5g-infraco-brasil-oibr4\/\"]}]},{\"@type\":\"ImageObject\",\"inLanguage\":\"pt-BR\",\"@id\":\"https:\/\/www.suno.com.br\/noticias\/oi-oibr3-leilao-5g-infraco-brasil-oibr4\/#primaryimage\",\"url\":\"https:\/\/files.sunoresearch.com.br\/n\/uploads\/2020\/09\/01a9c462-oi-jpg.webp\",\"contentUrl\":\"https:\/\/files.sunoresearch.com.br\/n\/uploads\/2020\/09\/01a9c462-oi-jpg.webp\",\"width\":992,\"height\":680,\"caption\":\"Oi (OIBR3) contrata consultoria para avaliar conselho de administra\u00e7\u00e3o\"},{\"@type\":\"BreadcrumbList\",\"@id\":\"https:\/\/www.suno.com.br\/noticias\/oi-oibr3-leilao-5g-infraco-brasil-oibr4\/#breadcrumb\",\"itemListElement\":[{\"@type\":\"ListItem\",\"position\":1,\"name\":\"Not\u00edcias\",\"item\":\"https:\/\/www.suno.com.br\/noticias\/\"},{\"@type\":\"ListItem\",\"position\":2,\"name\":\"Neg\u00f3cios\",\"item\":\"https:\/\/www.suno.com.br\/noticias\/negocios\/\"},{\"@type\":\"ListItem\",\"position\":3,\"name\":\"Oi (OIBR3): InfraCo, empresa de fibra, vai ser impulsionada pelo 5G\"}]},{\"@type\":\"WebSite\",\"@id\":\"https:\/\/www.suno.com.br\/noticias\/#website\",\"url\":\"https:\/\/www.suno.com.br\/noticias\/\",\"name\":\"Suno Not\u00edcias\",\"description\":\"Seu portal de informa\u00e7\u00e3o sobre o mundo dos investimentos\",\"publisher\":{\"@id\":\"https:\/\/www.suno.com.br\/noticias\/#organization\"},\"potentialAction\":[{\"@type\":\"SearchAction\",\"target\":{\"@type\":\"EntryPoint\",\"urlTemplate\":\"https:\/\/www.suno.com.br\/noticias\/?s={search_term_string}\"},\"query-input\":{\"@type\":\"PropertyValueSpecification\",\"valueRequired\":true,\"valueName\":\"search_term_string\"}}],\"inLanguage\":\"pt-BR\"},{\"@type\":\"Organization\",\"@id\":\"https:\/\/www.suno.com.br\/noticias\/#organization\",\"name\":\"Suno Not\u00edcias\",\"url\":\"https:\/\/www.suno.com.br\/noticias\/\",\"logo\":{\"@type\":\"ImageObject\",\"inLanguage\":\"pt-BR\",\"@id\":\"https:\/\/www.suno.com.br\/noticias\/#\/schema\/logo\/image\/\",\"url\":\"https:\/\/files.sunoresearch.com.br\/n\/uploads\/2021\/09\/suno-logo.png\",\"contentUrl\":\"https:\/\/files.sunoresearch.com.br\/n\/uploads\/2021\/09\/suno-logo.png\",\"width\":180,\"height\":180,\"caption\":\"Suno Not\u00edcias\"},\"image\":{\"@id\":\"https:\/\/www.suno.com.br\/noticias\/#\/schema\/logo\/image\/\"},\"sameAs\":[\"https:\/\/facebook.com\/sunoresearch\",\"https:\/\/x.com\/sunoresearch\",\"https:\/\/www.instagram.com\/suno\",\"https:\/\/www.linkedin.com\/company\/suno-research\/\",\"https:\/\/www.youtube.com\/c\/sunoresearch\"]},{\"@type\":\"Person\",\"@id\":\"https:\/\/www.suno.com.br\/noticias\/#\/schema\/person\/02ec1f752758247878a2bf4abee1aeda\",\"name\":\"Poliana Santos\",\"image\":{\"@type\":\"ImageObject\",\"inLanguage\":\"pt-BR\",\"@id\":\"https:\/\/www.suno.com.br\/noticias\/#\/schema\/person\/image\/\",\"url\":\"https:\/\/secure.gravatar.com\/avatar\/0645bd32f23d87b2130f2b2dff1d3f8d?s=96&r=g\",\"contentUrl\":\"https:\/\/secure.gravatar.com\/avatar\/0645bd32f23d87b2130f2b2dff1d3f8d?s=96&r=g\",\"caption\":\"Poliana Santos\"},\"description\":\"Rep\u00f3rter no Suno Not\u00edcias, com cobertura em mercado financeiro, economia, finan\u00e7as pessoais, renda fixa e varejo. Jornalista formada pela Faculdade C\u00e1sper L\u00edbero e possui passagem na R\u00e1dio Gazeta AM com a produ\u00e7\u00e3o de conte\u00fado sobre economia, pol\u00edtica, sa\u00fade, moda e m\u00fasica. Possui certificado de conclus\u00e3o do curso de An\u00e1lise de Balan\u00e7os pela Funda\u00e7\u00e3o Bradesco, Agenda Brasil pela FAAP, Educa\u00e7\u00e3o Pol\u00edtica por Alexandre Garcia e do Tesouro Direto e Mercado de A\u00e7\u00f5es pela B3.\",\"url\":\"https:\/\/www.suno.com.br\/noticias\/author\/poliana-santos\/\"}]}<\/script>\n<!-- \/ Yoast SEO plugin. -->","yoast_head_json":{"title":"Oi (OIBR3): InfraCo, empresa de fibra, vai ser impulsionada pelo 5G","description":"A implementa\u00e7\u00e3o do 5G no Brasil inteiro n\u00e3o ser\u00e1 realizada sem a utiliza\u00e7\u00e3o de uma parte significativa da Oi (OIBR3). Clique aqui","robots":{"index":"index","follow":"follow","max-snippet":"max-snippet:-1","max-image-preview":"max-image-preview:large","max-video-preview":"max-video-preview:-1"},"canonical":"https:\/\/www.suno.com.br\/noticias\/oi-oibr3-leilao-5g-infraco-brasil-oibr4\/","og_locale":"pt_BR","og_type":"article","og_title":"Oi (OIBR3): InfraCo, empresa de fibra, vai ser impulsionada pelo 5G","og_description":"A implementa\u00e7\u00e3o do 5G no Brasil inteiro n\u00e3o ser\u00e1 realizada sem a utiliza\u00e7\u00e3o de uma parte significativa da Oi (OIBR3). Clique aqui","og_url":"https:\/\/www.suno.com.br\/noticias\/oi-oibr3-leilao-5g-infraco-brasil-oibr4\/","og_site_name":"Suno Not\u00edcias","article_publisher":"https:\/\/facebook.com\/sunoresearch","og_image":[{"width":992,"height":680,"url":"https:\/\/files.sunoresearch.com.br\/n\/uploads\/2020\/09\/01a9c462-oi.jpg","type":"image\/jpeg"}],"author":"Poliana Santos","twitter_card":"summary_large_image","twitter_creator":"@sunoresearch","twitter_site":"@sunoresearch","twitter_misc":{"Escrito por":"Poliana Santos","Est. tempo de leitura":"3 minutos"},"schema":{"@context":"https:\/\/schema.org","@graph":[{"@type":"NewsArticle","@id":"https:\/\/www.suno.com.br\/noticias\/oi-oibr3-leilao-5g-infraco-brasil-oibr4\/#article","isPartOf":{"@id":"https:\/\/www.suno.com.br\/noticias\/oi-oibr3-leilao-5g-infraco-brasil-oibr4\/"},"author":{"name":"Poliana Santos","@id":"https:\/\/www.suno.com.br\/noticias\/#\/schema\/person\/02ec1f752758247878a2bf4abee1aeda"},"headline":"Oi (OIBR3): InfraCo, empresa de fibra, vai ser impulsionada pelo 5G","datePublished":"2020-11-13T16:33:16+00:00","dateModified":"2021-05-30T15:04:08+00:00","mainEntityOfPage":{"@id":"https:\/\/www.suno.com.br\/noticias\/oi-oibr3-leilao-5g-infraco-brasil-oibr4\/"},"wordCount":516,"publisher":{"@id":"https:\/\/www.suno.com.br\/noticias\/#organization"},"image":{"@id":"https:\/\/www.suno.com.br\/noticias\/oi-oibr3-leilao-5g-infraco-brasil-oibr4\/#primaryimage"},"thumbnailUrl":"https:\/\/files.sunoresearch.com.br\/n\/uploads\/2020\/09\/01a9c462-oi-jpg.webp","keywords":["InfraCo","Oi (OIBR3\/OIBR4)","Oi M\u00f3vel","Resultado das empresas"],"articleSection":["Neg\u00f3cios"],"inLanguage":"pt-BR"},{"@type":"WebPage","@id":"https:\/\/www.suno.com.br\/noticias\/oi-oibr3-leilao-5g-infraco-brasil-oibr4\/","url":"https:\/\/www.suno.com.br\/noticias\/oi-oibr3-leilao-5g-infraco-brasil-oibr4\/","name":"Oi (OIBR3): InfraCo, empresa de fibra, vai ser impulsionada pelo 5G","isPartOf":{"@id":"https:\/\/www.suno.com.br\/noticias\/#website"},"primaryImageOfPage":{"@id":"https:\/\/www.suno.com.br\/noticias\/oi-oibr3-leilao-5g-infraco-brasil-oibr4\/#primaryimage"},"image":{"@id":"https:\/\/www.suno.com.br\/noticias\/oi-oibr3-leilao-5g-infraco-brasil-oibr4\/#primaryimage"},"thumbnailUrl":"https:\/\/files.sunoresearch.com.br\/n\/uploads\/2020\/09\/01a9c462-oi-jpg.webp","datePublished":"2020-11-13T16:33:16+00:00","dateModified":"2021-05-30T15:04:08+00:00","description":"A implementa\u00e7\u00e3o do 5G no Brasil inteiro n\u00e3o ser\u00e1 realizada sem a utiliza\u00e7\u00e3o de uma parte significativa da Oi (OIBR3). Clique aqui","breadcrumb":{"@id":"https:\/\/www.suno.com.br\/noticias\/oi-oibr3-leilao-5g-infraco-brasil-oibr4\/#breadcrumb"},"inLanguage":"pt-BR","potentialAction":[{"@type":"ReadAction","target":["https:\/\/www.suno.com.br\/noticias\/oi-oibr3-leilao-5g-infraco-brasil-oibr4\/"]}]},{"@type":"ImageObject","inLanguage":"pt-BR","@id":"https:\/\/www.suno.com.br\/noticias\/oi-oibr3-leilao-5g-infraco-brasil-oibr4\/#primaryimage","url":"https:\/\/files.sunoresearch.com.br\/n\/uploads\/2020\/09\/01a9c462-oi-jpg.webp","contentUrl":"https:\/\/files.sunoresearch.com.br\/n\/uploads\/2020\/09\/01a9c462-oi-jpg.webp","width":992,"height":680,"caption":"Oi (OIBR3) contrata consultoria para avaliar conselho de administra\u00e7\u00e3o"},{"@type":"BreadcrumbList","@id":"https:\/\/www.suno.com.br\/noticias\/oi-oibr3-leilao-5g-infraco-brasil-oibr4\/#breadcrumb","itemListElement":[{"@type":"ListItem","position":1,"name":"Not\u00edcias","item":"https:\/\/www.suno.com.br\/noticias\/"},{"@type":"ListItem","position":2,"name":"Neg\u00f3cios","item":"https:\/\/www.suno.com.br\/noticias\/negocios\/"},{"@type":"ListItem","position":3,"name":"Oi (OIBR3): InfraCo, empresa de fibra, vai ser impulsionada pelo 5G"}]},{"@type":"WebSite","@id":"https:\/\/www.suno.com.br\/noticias\/#website","url":"https:\/\/www.suno.com.br\/noticias\/","name":"Suno Not\u00edcias","description":"Seu portal de informa\u00e7\u00e3o sobre o mundo dos investimentos","publisher":{"@id":"https:\/\/www.suno.com.br\/noticias\/#organization"},"potentialAction":[{"@type":"SearchAction","target":{"@type":"EntryPoint","urlTemplate":"https:\/\/www.suno.com.br\/noticias\/?s={search_term_string}"},"query-input":{"@type":"PropertyValueSpecification","valueRequired":true,"valueName":"search_term_string"}}],"inLanguage":"pt-BR"},{"@type":"Organization","@id":"https:\/\/www.suno.com.br\/noticias\/#organization","name":"Suno Not\u00edcias","url":"https:\/\/www.suno.com.br\/noticias\/","logo":{"@type":"ImageObject","inLanguage":"pt-BR","@id":"https:\/\/www.suno.com.br\/noticias\/#\/schema\/logo\/image\/","url":"https:\/\/files.sunoresearch.com.br\/n\/uploads\/2021\/09\/suno-logo.png","contentUrl":"https:\/\/files.sunoresearch.com.br\/n\/uploads\/2021\/09\/suno-logo.png","width":180,"height":180,"caption":"Suno Not\u00edcias"},"image":{"@id":"https:\/\/www.suno.com.br\/noticias\/#\/schema\/logo\/image\/"},"sameAs":["https:\/\/facebook.com\/sunoresearch","https:\/\/x.com\/sunoresearch","https:\/\/www.instagram.com\/suno","https:\/\/www.linkedin.com\/company\/suno-research\/","https:\/\/www.youtube.com\/c\/sunoresearch"]},{"@type":"Person","@id":"https:\/\/www.suno.com.br\/noticias\/#\/schema\/person\/02ec1f752758247878a2bf4abee1aeda","name":"Poliana Santos","image":{"@type":"ImageObject","inLanguage":"pt-BR","@id":"https:\/\/www.suno.com.br\/noticias\/#\/schema\/person\/image\/","url":"https:\/\/secure.gravatar.com\/avatar\/0645bd32f23d87b2130f2b2dff1d3f8d?s=96&r=g","contentUrl":"https:\/\/secure.gravatar.com\/avatar\/0645bd32f23d87b2130f2b2dff1d3f8d?s=96&r=g","caption":"Poliana Santos"},"description":"Rep\u00f3rter no Suno Not\u00edcias, com cobertura em mercado financeiro, economia, finan\u00e7as pessoais, renda fixa e varejo. Jornalista formada pela Faculdade C\u00e1sper L\u00edbero e possui passagem na R\u00e1dio Gazeta AM com a produ\u00e7\u00e3o de conte\u00fado sobre economia, pol\u00edtica, sa\u00fade, moda e m\u00fasica. Possui certificado de conclus\u00e3o do curso de An\u00e1lise de Balan\u00e7os pela Funda\u00e7\u00e3o Bradesco, Agenda Brasil pela FAAP, Educa\u00e7\u00e3o Pol\u00edtica por Alexandre Garcia e do Tesouro Direto e Mercado de A\u00e7\u00f5es pela B3.","url":"https:\/\/www.suno.com.br\/noticias\/author\/poliana-santos\/"}]}},"default_loop_html":"<div class=\"cardsPage__listCard__boxs\"><div class=\"cardsPage__listCard__boxs__img\"><a href=\"https:\/\/www.suno.com.br\/noticias\/oi-oibr3-leilao-5g-infraco-brasil-oibr4\/\"><img class=\"mask\" src=\"https:\/\/www.suno.com.br\/noticias\/wp-content\/themes\/suno\/resources\/images\/spotlight\/spotlight1img\/bg-mask.png\" alt=\"Image Mask\"\/><img src=\"https:\/\/files.sunoresearch.com.br\/n\/uploads\/2020\/09\/01a9c462-oi-400x200.webp\" alt=\"Oi (OIBR3): InfraCo, empresa de fibra, vai ser impulsionada pelo 5G\"\/><\/a><span class=\"spotlightCategory\"><a href=\"https:\/\/www.suno.com.br\/noticias\/negocios\/\">Neg\u00f3cios<\/a><\/span><\/div><div class=\"cardsPage__listCard__boxs__content\"><a href=\"https:\/\/www.suno.com.br\/noticias\/oi-oibr3-leilao-5g-infraco-brasil-oibr4\/\"><h2 class=\"content__title\">Oi (OIBR3): InfraCo, empresa de fibra, vai ser impulsionada pelo 5G<\/h2><\/a><div class=\"newsContent__article__meta\"><div class=\"newsContent__article__meta__authorBox\"><a href=\"https:\/\/www.suno.com.br\/noticias\/author\/poliana-santos\/\" class=\"authorBox__avatar noMobi\"><img src=\"https:\/\/files.sunoresearch.com.br\/n\/uploads\/2020\/08\/7ef34026-whatsapp-image-2020-08-03-at-12.37.57-150x150.webp\" alt=\"Poliana Santos\"><\/a><div class=\"authorBox__name\"><span>por\n\t\t\t<a href=\"https:\/\/www.suno.com.br\/noticias\/author\/poliana-santos\/\"><span itemprop=\"author\">Poliana Santos<\/span><\/a><\/span><time datetime=\"2020-11-13T13:33:16-03:00\" itemprop=\"datePublished\">13\/11\/2020 13:33<\/time><\/div><\/div><\/div><\/div><\/div>","single_layout":"posts","amp_enabled":true,"_links":{"self":[{"href":"https:\/\/www.suno.com.br\/noticias\/wp-json\/wp\/v2\/posts\/100146"}],"collection":[{"href":"https:\/\/www.suno.com.br\/noticias\/wp-json\/wp\/v2\/posts"}],"about":[{"href":"https:\/\/www.suno.com.br\/noticias\/wp-json\/wp\/v2\/types\/post"}],"author":[{"embeddable":true,"href":"https:\/\/www.suno.com.br\/noticias\/wp-json\/wp\/v2\/users\/15"}],"replies":[{"embeddable":true,"href":"https:\/\/www.suno.com.br\/noticias\/wp-json\/wp\/v2\/comments?post=100146"}],"version-history":[{"count":1,"href":"https:\/\/www.suno.com.br\/noticias\/wp-json\/wp\/v2\/posts\/100146\/revisions"}],"predecessor-version":[{"id":152322,"href":"https:\/\/www.suno.com.br\/noticias\/wp-json\/wp\/v2\/posts\/100146\/revisions\/152322"}],"wp:featuredmedia":[{"embeddable":true,"href":"https:\/\/www.suno.com.br\/noticias\/wp-json\/wp\/v2\/media\/83176"}],"wp:attachment":[{"href":"https:\/\/www.suno.com.br\/noticias\/wp-json\/wp\/v2\/media?parent=100146"}],"wp:term":[{"taxonomy":"category","embeddable":true,"href":"https:\/\/www.suno.com.br\/noticias\/wp-json\/wp\/v2\/categories?post=100146"},{"taxonomy":"post_tag","embeddable":true,"href":"https:\/\/www.suno.com.br\/noticias\/wp-json\/wp\/v2\/tags?post=100146"},{"taxonomy":"suno_strategy","embeddable":true,"href":"https:\/\/www.suno.com.br\/noticias\/wp-json\/wp\/v2\/suno_strategy?post=100146"}],"curies":[{"name":"wp","href":"https:\/\/api.w.org\/{rel}","templated":true}]}}