{"id":360725,"date":"2023-02-08T17:30:05","date_gmt":"2023-02-08T20:30:05","guid":{"rendered":"https:\/\/www.suno.com.br\/noticias\/?post_type=web-story&#038;p=360725"},"modified":"2023-02-08T17:30:07","modified_gmt":"2023-02-08T20:30:07","slug":"americanas-lemann-socios-racha-entenda","status":"publish","type":"web-story","link":"https:\/\/www.suno.com.br\/noticias\/web-stories\/americanas-lemann-socios-racha-entenda\/","title":{"rendered":"Americanas: Lemann e s\u00f3cios racham com crise na empresa"},"content":{"rendered":"<p><html amp=\"\" lang=\"en\"><head><meta charSet=\"utf-8\"\/><meta name=\"viewport\" content=\"width=device-width,minimum-scale=1,initial-scale=1\"\/><script async=\"\" src=\"https:\/\/cdn.ampproject.org\/v0.js\"><\/script><script async=\"\" src=\"https:\/\/cdn.ampproject.org\/v0\/amp-story-1.0.js\" custom-element=\"amp-story\"><\/script><script async=\"\" src=\"https:\/\/cdn.ampproject.org\/v0\/amp-video-0.1.js\" custom-element=\"amp-video\"><\/script><link href=\"https:\/\/fonts.googleapis.com\/css2?display=swap&amp;family=Montserrat%3Awght%40400%3B700\" rel=\"stylesheet\"\/><link href=\"https:\/\/files.sunoresearch.com.br\/n\/uploads\/2022\/01\/cropped-Americanas-Foto-2021-Credito-Divulgacao-scaled-2.jpg\" rel=\"preload\" as=\"image\"\/>\n<style amp-boilerplate=\"\">body{-webkit-animation:-amp-start 8s steps(1,end) 0s 1 normal both;-moz-animation:-amp-start 8s steps(1,end) 0s 1 normal both;-ms-animation:-amp-start 8s steps(1,end) 0s 1 normal both;animation:-amp-start 8s steps(1,end) 0s 1 normal both}@-webkit-keyframes -amp-start{from{visibility:hidden}to{visibility:visible}}@-moz-keyframes -amp-start{from{visibility:hidden}to{visibility:visible}}@-ms-keyframes -amp-start{from{visibility:hidden}to{visibility:visible}}@-o-keyframes -amp-start{from{visibility:hidden}to{visibility:visible}}@keyframes -amp-start{from{visibility:hidden}to{visibility:visible}}<\/style>\n<p><noscript><\/p>\n<style amp-boilerplate=\"\">body{-webkit-animation:none;-moz-animation:none;-ms-animation:none;animation:none}<\/style>\n<p><\/noscript><\/p>\n<style amp-custom=\"\">\n              h1, h2, h3 { font-weight: normal; }<\/p>\n<p>              amp-story-page {\n                background-color: #131516;\n              }<\/p>\n<p>              amp-story-grid-layer {\n                overflow: visible;\n              }<\/p>\n<p>              @media (max-aspect-ratio: 9 \/ 16)  {\n                @media (min-aspect-ratio: 320 \/ 678) {\n                  amp-story-grid-layer.grid-layer {\n                    margin-top: calc((100% \/ 0.5625 - 100% \/ 0.6666666666666666) \/ 2);\n                  }\n                }\n              }<\/p>\n<p>              @media not all and (min-resolution:.001dpcm) {\n                @media {\n                  p.text-wrapper > span {\n                    font-size: calc(100% - 0.5px);\n                  }\n                }\n              }<\/p>\n<p>              .page-fullbleed-area,\n              .page-background-overlay-area {\n                position: absolute;\n                overflow: hidden;\n                width: 100%;\n                left: 0;\n                height: calc(1.1851851851851851 * 100%);\n                top: calc((1 - 1.1851851851851851) * 100% \/ 2);\n              }<\/p>\n<p>              .element-overlay-area {\n                position: absolute;\n                width: 100%;\n                height: 100%;\n                top: 0;\n                left: 0;\n              }<\/p>\n<p>              .page-safe-area {\n                overflow: visible;\n                position: absolute;\n                top: 0;\n                bottom: 0;\n                left: 0;\n                right: 0;\n                width: 100%;\n                height: calc(0.84375 * 100%);\n                margin: auto 0;\n              }<\/p>\n<p>              .mask {\n                position: absolute;\n                overflow: hidden;\n              }<\/p>\n<p>              .fill {\n                position: absolute;\n                top: 0;\n                left: 0;\n                right: 0;\n                bottom: 0;\n                margin: 0;\n              }<\/p>\n<p>              @media (prefers-reduced-motion: no-preference) {\n                .animation-wrapper {\n                  opacity: var(--initial-opacity);\n                  transform: var(--initial-transform);\n                }\n              }<\/p>\n<p>              amp-story-grid-layer.align-bottom {\n                align-content: end;\n                padding: 0;\n              }<\/p>\n<p>              .captions-area {\n                padding: 0 32px 0;\n              }<\/p>\n<p>              amp-story-captions {\n                margin-bottom: 16px;\n                text-align: center;\n              }<\/p>\n<p>              amp-story-captions span {\n                display: inline-block;\n                margin: 0;\n                padding: 6px 12px;\n                vertical-align: middle;\n                border-radius: 15px;\n                background: rgba(11, 11, 11, 0.6);\n                color: rgba(255, 255, 255, 1);\n                font-family: -apple-system, BlinkMacSystemFont, \"Segoe UI\", Roboto, Oxygen-Sans, Ubuntu, Cantarell, \"Helvetica Neue\", sans-serif;;\n                font-size: calc(4 * var(--story-page-vw));\n                line-height: 1.4;\n                word-break: break-word;\n                word-wrap: break-word;\n                overflow-wrap: break-word;\n              }\n              <\/style>\n<p><meta name=\"web-stories-replace-head-start\"\/><title>Americanas: Lemann e s\u00f3cios racham com crise na empresa<\/title><link rel=\"canonical\" href=\"https:\/\/www.suno.com.br\/noticias\/?post_type=web-story&amp;p=360725\"\/><meta name=\"web-stories-replace-head-end\"\/><\/head><body><amp-story standalone=\"\" publisher=\"Suno Not\u00edcias\" publisher-logo-src=\"https:\/\/files.sunoresearch.com.br\/n\/uploads\/2021\/09\/suno-logo.png\" title=\"Americanas: Lemann e s\u00f3cios racham com crise na empresa\" poster-portrait-src=\"https:\/\/files.sunoresearch.com.br\/n\/uploads\/2023\/01\/cropped-Americanas-Express-640x853.jpg\"><amp-story-page id=\"cc8bb080-d022-4fc1-b427-32432cfa5ed0\" auto-advance-after=\"7s\"><amp-story-grid-layer template=\"vertical\" aspect-ratio=\"412:618\" class=\"grid-layer\"><\/p>\n<div class=\"page-fullbleed-area\" style=\"background-color:#bc9f83\">\n<div class=\"page-safe-area\">\n<div style=\"position:absolute;pointer-events:none;left:0;top:-9.25926%;width:100%;height:118.51852%;opacity:1\">\n<div style=\"pointer-events:initial;width:100%;height:100%;display:block;position:absolute;top:0;left:0;z-index:0\" class=\"mask\" id=\"el-20056a18-db45-48fb-b38c-4b781fd8c0d9\">\n<div style=\"position:absolute;width:133.38544%;height:100%;left:-16.69272%;top:0%\" data-leaf-element=\"true\"><amp-img layout=\"fill\" src=\"https:\/\/files.sunoresearch.com.br\/n\/uploads\/2022\/01\/cropped-Americanas-Foto-2021-Credito-Divulgacao-scaled-2.jpg\" alt=\"Americanas (AMER3). Foto: Divulga\u00e7\u00e3o\" srcSet=\"https:\/\/files.sunoresearch.com.br\/n\/uploads\/2022\/01\/cropped-Americanas-Foto-2021-Credito-Divulgacao-scaled-2-640x853.jpg 640w,https:\/\/files.sunoresearch.com.br\/n\/uploads\/2022\/01\/cropped-Americanas-Foto-2021-Credito-Divulgacao-scaled-2-225x300.jpg 225w,https:\/\/files.sunoresearch.com.br\/n\/uploads\/2022\/01\/cropped-Americanas-Foto-2021-Credito-Divulgacao-scaled-2-150x200.jpg 150w\" sizes=\"(min-width: 1024px) 60vh, 133vw\" disable-inline-width=\"true\"><\/amp-img><\/div>\n<div class=\"element-overlay-area\" style=\"background-color:rgba(0,0,0,0.5)\"><\/div>\n<\/div>\n<\/div>\n<div class=\"page-background-overlay-area\" style=\"background-color:rgba(0,0,0,0.5)\"><\/div>\n<\/div>\n<\/div>\n<p><\/amp-story-grid-layer><amp-story-grid-layer template=\"vertical\" aspect-ratio=\"412:618\" class=\"grid-layer\"><\/p>\n<div class=\"page-fullbleed-area\">\n<div class=\"page-safe-area\">\n<div style=\"position:absolute;pointer-events:none;left:37.37864%;top:0;width:25.72816%;height:4.85437%;opacity:1\">\n<div style=\"pointer-events:initial;width:100%;height:100%;display:block;position:absolute;top:0;left:0;z-index:0\" class=\"mask\" id=\"el-0ac100fb-07e5-49ee-8a24-9bcb63612294\">\n<div style=\"position:absolute;width:101.52741%;height:100%;left:-0.7637%;top:0%\" data-leaf-element=\"true\"><amp-img layout=\"fill\" src=\"https:\/\/www.suno.com.br\/wp-content\/uploads\/2022\/06\/Suno-Negativo.png\" alt=\"Suno Negativo\" srcSet=\"https:\/\/www.suno.com.br\/wp-content\/uploads\/2022\/06\/Suno-Negativo.png 904w,https:\/\/www.suno.com.br\/wp-content\/uploads\/2022\/06\/Suno-Negativo-768x214.png 768w\" sizes=\"(min-width: 1024px) 12vh, 26vw\" disable-inline-width=\"true\"><\/amp-img><\/div>\n<\/div>\n<\/div>\n<div style=\"position:absolute;pointer-events:none;left:18.20388%;top:17.96117%;width:63.59223%;height:4.85437%;opacity:1\">\n<div style=\"pointer-events:initial;width:100%;height:100%;display:block;position:absolute;top:0;left:0;z-index:0\" class=\"mask\" id=\"el-f264831d-5ddb-4921-9200-1abbf8952b31\">\n<div class=\"fill\" style=\"background-color:#d42126;will-change:transform\"><\/div>\n<\/div>\n<\/div>\n<div style=\"position:absolute;pointer-events:none;left:18.93204%;top:18.4466%;width:63.34951%;height:4.04531%;opacity:1\">\n<div style=\"pointer-events:initial;width:100%;height:100%;display:block;position:absolute;top:0;left:0;z-index:0;border-radius:0.7662835249042145% 0.7662835249042145% 0.7662835249042145% 0.7662835249042145% \/ 8% 8% 8% 8%\" id=\"el-2ed1c33e-7c5a-4888-a94d-df2ce5bf14ba\">\n<p class=\"fill text-wrapper\" style=\"white-space:pre-line;overflow-wrap:break-word;word-break:break-word;margin:0.07279693486590087% 0;font-family:&quot;Montserrat&quot;,sans-serif;font-size:0.323625em;line-height:1.2;text-align:center;padding:0;color:#000000\"><span><span style=\"font-weight: 700; color: #fff\">BRIGA DE RICOS<\/span><\/span><\/p>\n<\/div>\n<\/div>\n<div style=\"position:absolute;pointer-events:none;left:11.8932%;top:89.64401%;width:76.94175%;height:3.8835%;opacity:1\">\n<div style=\"pointer-events:initial;width:100%;height:100%;display:block;position:absolute;top:0;left:0;z-index:0\" id=\"el-ee4d07c2-b27c-47a9-9fa9-dbf68ffb44a3\">\n<p class=\"fill text-wrapper\" style=\"white-space:pre-line;overflow-wrap:break-word;word-break:break-word;margin:-0.8864353312302835% 0;font-family:&quot;Montserrat&quot;,sans-serif;font-size:0.323625em;line-height:1.5;text-align:center;padding:0;color:#000000\"><span><span style=\"font-weight: 700; color: #fff\">Suno Not\u00edcias<\/span><\/span><\/p>\n<\/div>\n<\/div>\n<div style=\"position:absolute;pointer-events:none;left:12.13592%;top:93.52751%;width:76.21359%;height:3.23625%;opacity:1\">\n<div style=\"pointer-events:initial;width:100%;height:100%;display:block;position:absolute;top:0;left:0;z-index:0\" id=\"el-d61319de-f3bd-48f8-a6fb-77e9cc40345a\">\n<p class=\"fill text-wrapper\" style=\"white-space:pre-line;overflow-wrap:break-word;word-break:break-word;margin:-0.7159235668789806% 0;font-family:&quot;Montserrat&quot;,sans-serif;font-size:0.258900em;line-height:1.5;text-align:center;padding:0;color:#000000\"><span><span style=\"color: #fff\">8 de fevereiro, 2023<\/span><\/span><\/p>\n<\/div>\n<\/div>\n<div style=\"position:absolute;pointer-events:none;left:18.93204%;top:35.76052%;width:63.59223%;height:39.15858%;opacity:1\">\n<div style=\"pointer-events:initial;width:100%;height:100%;display:block;position:absolute;top:0;left:0;z-index:0\" id=\"el-f2d28412-f572-4ad2-8198-282f06f590a1\">\n<h1 class=\"fill text-wrapper\" style=\"white-space:pre-line;overflow-wrap:break-word;word-break:break-word;margin:0.8175572519083968% 0;font-family:&quot;Montserrat&quot;,sans-serif;font-size:0.582524em;line-height:1.1;text-align:center;padding:0;color:#000000\"><span><span style=\"font-weight: 700; color: #fff\">Americanas: Lemann e s\u00f3cios racham com crise na empresa<\/span><\/span><\/h1>\n<\/div>\n<\/div>\n<\/div>\n<\/div>\n<p><\/amp-story-grid-layer><\/amp-story-page><amp-story-page id=\"eb801354-e04c-48b4-b432-07c7e8135789\" auto-advance-after=\"7s\"><amp-story-grid-layer template=\"vertical\" aspect-ratio=\"412:618\" class=\"grid-layer\"><\/p>\n<div class=\"page-fullbleed-area\" style=\"background-color:#fff\">\n<div class=\"page-safe-area\">\n<div style=\"position:absolute;pointer-events:none;left:0;top:-9.25926%;width:100%;height:118.51852%;opacity:1\">\n<div style=\"pointer-events:initial;width:100%;height:100%;display:block;position:absolute;top:0;left:0;z-index:0\" class=\"mask\" id=\"el-d20fd0fc-6e5c-44c2-a033-6d4d778ee5a5\">\n<div class=\"fill\" style=\"will-change:transform\"><\/div>\n<\/div>\n<\/div>\n<\/div>\n<\/div>\n<p><\/amp-story-grid-layer><amp-story-grid-layer template=\"vertical\" aspect-ratio=\"412:618\" class=\"grid-layer\"><\/p>\n<div class=\"page-fullbleed-area\">\n<div class=\"page-safe-area\">\n<div style=\"position:absolute;pointer-events:none;left:-13.83495%;top:49.83819%;width:129.61165%;height:82.68608%;opacity:1\">\n<div style=\"pointer-events:initial;width:100%;height:100%;display:block;position:absolute;top:0;left:0;z-index:0;border-radius:2.247191011235955% 2.247191011235955% 2.247191011235955% 2.247191011235955% \/ 2.3483365949119372% 2.3483365949119372% 2.3483365949119372% 2.3483365949119372%\" class=\"mask\" id=\"el-7d7af45c-2df1-49a0-a43d-5d709859417b\">\n<div class=\"fill\" style=\"background-color:#212121;will-change:transform\"><\/div>\n<\/div>\n<\/div>\n<div style=\"position:absolute;pointer-events:none;left:20.63107%;top:59.70874%;width:60.92233%;height:36.08414%;opacity:1\">\n<div style=\"pointer-events:initial;width:100%;height:100%;display:block;position:absolute;top:0;left:0;z-index:0\" id=\"el-9252bf5b-26b2-4e07-96d5-cb51e8e54e14\">\n<h3 class=\"fill text-wrapper\" style=\"white-space:pre-line;overflow-wrap:break-word;word-break:break-word;margin:0.5926294820717127% 0;font-family:&quot;Montserrat&quot;,sans-serif;font-size:0.404531em;line-height:1.1;text-align:center;padding:0;color:#000000\"><span><span style=\"color: #fff\">A crise na Americanas (AMER3) causou um racha entre Jorge Paulo Lemann, Marcel Telles e Carlos Alberto Sicupira.&nbsp;<\/span><\/span><\/h3>\n<\/div>\n<\/div>\n<div style=\"position:absolute;pointer-events:none;left:-8.25243%;top:-14.07767%;width:116.74757%;height:70.06472%;opacity:1\">\n<div style=\"pointer-events:initial;width:100%;height:100%;display:block;position:absolute;top:0;left:0;z-index:0\" class=\"mask\" id=\"el-3101a19b-9ec6-4fc1-8afe-ee20e34f8f06\">\n<div style=\"position:absolute;width:100%;height:103.44061%;left:0%;top:-1.72031%\" data-leaf-element=\"true\"><amp-img layout=\"fill\" src=\"https:\/\/files.sunoresearch.com.br\/n\/uploads\/2023\/01\/lemann-telles-e-sicupira.jpg\" alt=\"Americanas (AMER3): Lemann, Telles e Sicupira. Foto: Divulga\u00e7\u00e3o\" srcSet=\"https:\/\/files.sunoresearch.com.br\/n\/uploads\/2023\/01\/lemann-telles-e-sicupira.jpg 1889w,https:\/\/files.sunoresearch.com.br\/n\/uploads\/2023\/01\/lemann-telles-e-sicupira-1536x1430.jpg 1536w,https:\/\/files.sunoresearch.com.br\/n\/uploads\/2023\/01\/lemann-telles-e-sicupira-1024x954.jpg 1024w,https:\/\/files.sunoresearch.com.br\/n\/uploads\/2023\/01\/lemann-telles-e-sicupira-768x715.jpg 768w,https:\/\/files.sunoresearch.com.br\/n\/uploads\/2023\/01\/lemann-telles-e-sicupira-300x279.jpg 300w,https:\/\/files.sunoresearch.com.br\/n\/uploads\/2023\/01\/lemann-telles-e-sicupira-150x140.jpg 150w\" sizes=\"(min-width: 1024px) 53vh, 117vw\" disable-inline-width=\"true\"><\/amp-img><\/div>\n<\/div>\n<\/div>\n<\/div>\n<\/div>\n<p><\/amp-story-grid-layer><\/amp-story-page><amp-story-page id=\"c24e013e-8a5a-478c-a36c-540c3842dddd\" auto-advance-after=\"7s\"><amp-story-grid-layer template=\"vertical\" aspect-ratio=\"412:618\" class=\"grid-layer\"><\/p>\n<div class=\"page-fullbleed-area\" style=\"background-color:#fff\">\n<div class=\"page-safe-area\">\n<div style=\"position:absolute;pointer-events:none;left:0;top:-9.25926%;width:100%;height:118.51852%;opacity:1\">\n<div style=\"pointer-events:initial;width:100%;height:100%;display:block;position:absolute;top:0;left:0;z-index:0\" class=\"mask\" id=\"el-1952a992-ad19-483e-bfcd-f785fce9ec18\">\n<div class=\"fill\" style=\"will-change:transform\"><\/div>\n<\/div>\n<\/div>\n<\/div>\n<\/div>\n<p><\/amp-story-grid-layer><amp-story-grid-layer template=\"vertical\" aspect-ratio=\"412:618\" class=\"grid-layer\"><\/p>\n<div class=\"page-fullbleed-area\">\n<div class=\"page-safe-area\">\n<div style=\"position:absolute;pointer-events:none;left:-5.09709%;top:-12.13592%;width:133.25243%;height:77.02265%;opacity:1\">\n<div style=\"pointer-events:initial;width:100%;height:100%;display:block;position:absolute;top:0;left:0;z-index:0\" class=\"mask\" id=\"el-293bdfb9-7804-44f6-a6dd-f60ecc0a5184\">\n<div style=\"position:absolute;width:154.13883%;height:100%;left:-27.06941%;top:0%\" data-leaf-element=\"true\"><amp-img layout=\"fill\" src=\"https:\/\/files.sunoresearch.com.br\/n\/uploads\/2023\/01\/jorge-paulo-lemann-americanas-amer3-crise-foto-youtube.jpg\" alt=\"Jorge Paulo Lemann. Foto: YouTube\" srcSet=\"https:\/\/files.sunoresearch.com.br\/n\/uploads\/2023\/01\/jorge-paulo-lemann-americanas-amer3-crise-foto-youtube.jpg 1200w,https:\/\/files.sunoresearch.com.br\/n\/uploads\/2023\/01\/jorge-paulo-lemann-americanas-amer3-crise-foto-youtube-1024x576.jpg 1024w,https:\/\/files.sunoresearch.com.br\/n\/uploads\/2023\/01\/jorge-paulo-lemann-americanas-amer3-crise-foto-youtube-800x450.jpg 800w,https:\/\/files.sunoresearch.com.br\/n\/uploads\/2023\/01\/jorge-paulo-lemann-americanas-amer3-crise-foto-youtube-768x432.jpg 768w,https:\/\/files.sunoresearch.com.br\/n\/uploads\/2023\/01\/jorge-paulo-lemann-americanas-amer3-crise-foto-youtube-300x169.jpg 300w,https:\/\/files.sunoresearch.com.br\/n\/uploads\/2023\/01\/jorge-paulo-lemann-americanas-amer3-crise-foto-youtube-150x84.jpg 150w\" sizes=\"(min-width: 1024px) 60vh, 133vw\" disable-inline-width=\"true\"><\/amp-img><\/div>\n<\/div>\n<\/div>\n<div style=\"position:absolute;pointer-events:none;left:-50.24272%;top:61.16505%;width:223.30097%;height:142.39482%;opacity:1\">\n<div style=\"pointer-events:initial;width:100%;height:100%;display:block;position:absolute;top:0;left:0;z-index:0;border-radius:1.3043478260869565% 1.3043478260869565% 1.3043478260869565% 1.3043478260869565% \/ 1.3636363636363635% 1.3636363636363635% 1.3636363636363635% 1.3636363636363635%\" class=\"mask\" id=\"el-5750d051-9515-4d08-965d-3f0a95dfddfc\">\n<div class=\"fill\" style=\"background-color:#212121;will-change:transform\"><\/div>\n<\/div>\n<\/div>\n<div style=\"position:absolute;pointer-events:none;left:15.7767%;top:66.66667%;width:68.68932%;height:31.39159%;opacity:1\">\n<div style=\"pointer-events:initial;width:100%;height:100%;display:block;position:absolute;top:0;left:0;z-index:0;border-radius:0.7067137809187279% 0.7067137809187279% 0.7067137809187279% 0.7067137809187279% \/ 1.0309278350515463% 1.0309278350515463% 1.0309278350515463% 1.0309278350515463%\" id=\"el-5342f816-5492-408a-bfb0-582251079871\">\n<h3 class=\"fill text-wrapper\" style=\"white-space:pre-line;overflow-wrap:break-word;word-break:break-word;margin:0.07720848056537186% 0;font-family:&quot;Montserrat&quot;,sans-serif;font-size:0.372168em;line-height:1.2;text-align:center;padding:0;color:#000000\"><span><span style=\"color: #fff\">Existem diverg\u00eancias dentro do trio sobre os rumos da varejista e um dos s\u00f3cios vem sendo apontado como o culpado pelo atual estado de caos.<\/span><\/span><\/h3>\n<\/div>\n<\/div>\n<\/div>\n<\/div>\n<p><\/amp-story-grid-layer><\/amp-story-page><amp-story-page id=\"14a86402-e0e1-4461-aabc-510e4ceda39f\" auto-advance-after=\"7s\"><amp-story-grid-layer template=\"vertical\" aspect-ratio=\"412:618\" class=\"grid-layer\"><\/p>\n<div class=\"page-fullbleed-area\" style=\"background-color:#fff\">\n<div class=\"page-safe-area\">\n<div style=\"position:absolute;pointer-events:none;left:0;top:-9.25926%;width:100%;height:118.51852%;opacity:1\">\n<div style=\"pointer-events:initial;width:100%;height:100%;display:block;position:absolute;top:0;left:0;z-index:0\" class=\"mask\" id=\"el-1f5f1844-f739-4239-a2f3-d640cfb8fbfc\">\n<div class=\"fill\" style=\"will-change:transform\"><\/div>\n<\/div>\n<\/div>\n<\/div>\n<\/div>\n<p><\/amp-story-grid-layer><amp-story-grid-layer template=\"vertical\" aspect-ratio=\"412:618\" class=\"grid-layer\"><\/p>\n<div class=\"page-fullbleed-area\">\n<div class=\"page-safe-area\">\n<div style=\"position:absolute;pointer-events:none;left:-164.32039%;top:-19.09385%;width:264.32039%;height:131.87702%;opacity:1\">\n<div style=\"pointer-events:initial;width:100%;height:100%;display:block;position:absolute;top:0;left:0;z-index:0\" class=\"mask\" id=\"el-5448944c-17b0-4cb1-9caf-52382e6a6445\">\n<div style=\"position:absolute;width:100%;height:124.424%;left:0%;top:-12.212%\" data-leaf-element=\"true\"><amp-img layout=\"fill\" src=\"https:\/\/files.sunoresearch.com.br\/n\/uploads\/2023\/01\/lemann-telles-e-sicupira.jpg\" alt=\"Marcel Telles, acionista da Americanas. Foto: Divulga\u00e7\u00e3o\" srcSet=\"https:\/\/files.sunoresearch.com.br\/n\/uploads\/2023\/01\/lemann-telles-e-sicupira.jpg 1889w,https:\/\/files.sunoresearch.com.br\/n\/uploads\/2023\/01\/lemann-telles-e-sicupira-1536x1430.jpg 1536w,https:\/\/files.sunoresearch.com.br\/n\/uploads\/2023\/01\/lemann-telles-e-sicupira-1024x954.jpg 1024w,https:\/\/files.sunoresearch.com.br\/n\/uploads\/2023\/01\/lemann-telles-e-sicupira-768x715.jpg 768w,https:\/\/files.sunoresearch.com.br\/n\/uploads\/2023\/01\/lemann-telles-e-sicupira-300x279.jpg 300w,https:\/\/files.sunoresearch.com.br\/n\/uploads\/2023\/01\/lemann-telles-e-sicupira-150x140.jpg 150w\" sizes=\"(min-width: 1024px) 119vh, 264vw\" disable-inline-width=\"true\"><\/amp-img><\/div>\n<\/div>\n<\/div>\n<div style=\"position:absolute;pointer-events:none;left:-52.6699%;top:44.98382%;width:223.30097%;height:142.39482%;opacity:1\">\n<div style=\"pointer-events:initial;width:100%;height:100%;display:block;position:absolute;top:0;left:0;z-index:0;border-radius:1.3043478260869565% 1.3043478260869565% 1.3043478260869565% 1.3043478260869565% \/ 1.3636363636363635% 1.3636363636363635% 1.3636363636363635% 1.3636363636363635%\" class=\"mask\" id=\"el-754afecb-4af6-4d08-a17e-b88470c3d0d5\">\n<div class=\"fill\" style=\"background-color:#212121;will-change:transform\"><\/div>\n<\/div>\n<\/div>\n<div style=\"position:absolute;pointer-events:none;left:16.26214%;top:50%;width:67.47573%;height:44.66019%;opacity:1\">\n<div style=\"pointer-events:initial;width:100%;height:100%;display:block;position:absolute;top:0;left:0;z-index:0;border-radius:0.7194244604316548% 0.7194244604316548% 0.7194244604316548% 0.7194244604316548% \/ 0.7246376811594203% 0.7246376811594203% 0.7246376811594203% 0.7246376811594203%\" id=\"el-4b84aaea-5e41-42b7-9db8-40a099e57a2e\">\n<h3 class=\"fill text-wrapper\" style=\"white-space:pre-line;overflow-wrap:break-word;word-break:break-word;margin:0.07859712230215912% 0;font-family:&quot;Montserrat&quot;,sans-serif;font-size:0.372168em;line-height:1.2;text-align:center;padding:0;color:#000000\"><span><span style=\"color: #fff\">De acordo com a apura\u00e7\u00e3o do jornal Valor Econ\u00f4mico, Telles passou a dizer aos s\u00f3cios que \u00e9 contra seguir investindo na Americanas, pois a empresa apresenta \u201cresultados med\u00edocres\u201d para os seus padr\u00f5es.<\/span><\/span><\/h3>\n<\/div>\n<\/div>\n<\/div>\n<\/div>\n<p><\/amp-story-grid-layer><\/amp-story-page><amp-story-page id=\"802d951c-1883-4a82-8534-33813d65aff1\" auto-advance-after=\"7s\"><amp-story-grid-layer template=\"vertical\" aspect-ratio=\"412:618\" class=\"grid-layer\"><\/p>\n<div class=\"page-fullbleed-area\" style=\"background-color:#fff\">\n<div class=\"page-safe-area\">\n<div style=\"position:absolute;pointer-events:none;left:0;top:-9.25926%;width:100%;height:118.51852%;opacity:1\">\n<div style=\"pointer-events:initial;width:100%;height:100%;display:block;position:absolute;top:0;left:0;z-index:0\" class=\"mask\" id=\"el-fa686f13-e3b3-4b3f-9d79-d9316a7de684\">\n<div class=\"fill\" style=\"will-change:transform\"><\/div>\n<\/div>\n<\/div>\n<\/div>\n<\/div>\n<p><\/amp-story-grid-layer><amp-story-grid-layer template=\"vertical\" aspect-ratio=\"412:618\" class=\"grid-layer\"><\/p>\n<div class=\"page-fullbleed-area\">\n<div class=\"page-safe-area\">\n<div style=\"position:absolute;pointer-events:none;left:-6.5534%;top:-12.13592%;width:115.7767%;height:76.3754%;opacity:1\">\n<div style=\"pointer-events:initial;width:100%;height:100%;display:block;position:absolute;top:0;left:0;z-index:0\" class=\"mask\" id=\"el-1dbb4bbb-bd86-48f2-9330-a944083a82a5\">\n<div style=\"position:absolute;width:100%;height:100.04468%;left:0%;top:-0.02234%\" data-leaf-element=\"true\"><amp-video id=\"el-1dbb4bbb-bd86-48f2-9330-a944083a82a5-media\" autoplay=\"autoplay\" loop=\"loop\" noaudio=\"noaudio\" poster=\"https:\/\/media.tenor.com\/N_ZmqyzFKXUAAAAe\/stan-twitter.png\" layout=\"fill\" alt=\"Gatos brigando. GIF: Tenor\"><source type=\"video\/mp4\" src=\"https:\/\/media.tenor.com\/N_ZmqyzFKXUAAAPo\/stan-twitter.mp4\"\/><\/amp-video><\/div>\n<\/div>\n<\/div>\n<div style=\"position:absolute;pointer-events:none;left:-56.31068%;top:60.84142%;width:223.30097%;height:142.39482%;opacity:1\">\n<div style=\"pointer-events:initial;width:100%;height:100%;display:block;position:absolute;top:0;left:0;z-index:0;border-radius:1.3043478260869565% 1.3043478260869565% 1.3043478260869565% 1.3043478260869565% \/ 1.3636363636363635% 1.3636363636363635% 1.3636363636363635% 1.3636363636363635%\" class=\"mask\" id=\"el-e2397b0d-4ff0-42ab-899d-8e1e50cd49db\">\n<div class=\"fill\" style=\"background-color:#212121;will-change:transform\"><\/div>\n<\/div>\n<\/div>\n<div style=\"position:absolute;pointer-events:none;left:14.80583%;top:64.40129%;width:69.90291%;height:31.39159%;opacity:1\">\n<div style=\"pointer-events:initial;width:100%;height:100%;display:block;position:absolute;top:0;left:0;z-index:0;border-radius:0.6944444444444444% 0.6944444444444444% 0.6944444444444444% 0.6944444444444444% \/ 1.0309278350515463% 1.0309278350515463% 1.0309278350515463% 1.0309278350515463%\" id=\"el-eb537115-4983-4c75-8e30-e52ffe058016\">\n<h3 class=\"fill text-wrapper\" style=\"white-space:pre-line;overflow-wrap:break-word;word-break:break-word;margin:0.07586805555555638% 0;font-family:&quot;Montserrat&quot;,sans-serif;font-size:0.372168em;line-height:1.2;text-align:center;padding:0;color:#000000\"><span><span style=\"color: #fff\">H\u00e1 alguns anos, o executivo defende que o trio deveria vender sua parte do neg\u00f3cio e, com a crise, ele passou a apontar Sicupira como o culpado desse caos.<\/span><\/span><\/h3>\n<\/div>\n<\/div>\n<\/div>\n<\/div>\n<p><\/amp-story-grid-layer><\/amp-story-page><amp-story-page id=\"ef89271f-b277-4751-b98d-889a11bf9ce4\" auto-advance-after=\"7s\"><amp-story-grid-layer template=\"vertical\" aspect-ratio=\"412:618\" class=\"grid-layer\"><\/p>\n<div class=\"page-fullbleed-area\" style=\"background-color:#fff\">\n<div class=\"page-safe-area\">\n<div style=\"position:absolute;pointer-events:none;left:0;top:-9.25926%;width:100%;height:118.51852%;opacity:1\">\n<div style=\"pointer-events:initial;width:100%;height:100%;display:block;position:absolute;top:0;left:0;z-index:0\" class=\"mask\" id=\"el-82a17be7-b5a6-4dd4-afc4-f137889ec92c\">\n<div class=\"fill\" style=\"will-change:transform\"><\/div>\n<\/div>\n<\/div>\n<\/div>\n<\/div>\n<p><\/amp-story-grid-layer><amp-story-grid-layer template=\"vertical\" aspect-ratio=\"412:618\" class=\"grid-layer\"><\/p>\n<div class=\"page-fullbleed-area\">\n<div class=\"page-safe-area\">\n<div style=\"position:absolute;pointer-events:none;left:0;top:-9.38511%;width:247.81553%;height:109.06149%;opacity:1\">\n<div style=\"pointer-events:initial;width:100%;height:100%;display:block;position:absolute;top:0;left:0;z-index:0\" class=\"mask\" id=\"el-72678d17-3596-4f31-ac6a-9018fd0eaa1e\">\n<div style=\"position:absolute;width:114%;height:160.80686%;left:-0.03274%;top:-19.11302%\" data-leaf-element=\"true\"><amp-img layout=\"fill\" src=\"https:\/\/files.sunoresearch.com.br\/n\/uploads\/2023\/01\/lemann-telles-e-sicupira.jpg\" alt=\"Carlos Alberto Sicupira, acionista da Americanas. Foto: Divulga\u00e7\u00e3o\" srcSet=\"https:\/\/files.sunoresearch.com.br\/n\/uploads\/2023\/01\/lemann-telles-e-sicupira.jpg 1889w,https:\/\/files.sunoresearch.com.br\/n\/uploads\/2023\/01\/lemann-telles-e-sicupira-1536x1430.jpg 1536w,https:\/\/files.sunoresearch.com.br\/n\/uploads\/2023\/01\/lemann-telles-e-sicupira-1024x954.jpg 1024w,https:\/\/files.sunoresearch.com.br\/n\/uploads\/2023\/01\/lemann-telles-e-sicupira-768x715.jpg 768w,https:\/\/files.sunoresearch.com.br\/n\/uploads\/2023\/01\/lemann-telles-e-sicupira-300x279.jpg 300w,https:\/\/files.sunoresearch.com.br\/n\/uploads\/2023\/01\/lemann-telles-e-sicupira-150x140.jpg 150w\" sizes=\"(min-width: 1024px) 112vh, 248vw\" disable-inline-width=\"true\"><\/amp-img><\/div>\n<\/div>\n<\/div>\n<div style=\"position:absolute;pointer-events:none;left:-72.57282%;top:39.15858%;width:223.30097%;height:142.39482%;opacity:1\">\n<div style=\"pointer-events:initial;width:100%;height:100%;display:block;position:absolute;top:0;left:0;z-index:0;border-radius:1.3043478260869565% 1.3043478260869565% 1.3043478260869565% 1.3043478260869565% \/ 1.3636363636363635% 1.3636363636363635% 1.3636363636363635% 1.3636363636363635%\" class=\"mask\" id=\"el-79883b56-3151-4ecd-ac28-b46a542a0c96\">\n<div class=\"fill\" style=\"background-color:#212121;will-change:transform\"><\/div>\n<\/div>\n<\/div>\n<div style=\"position:absolute;pointer-events:none;left:15.53398%;top:43.85113%;width:68.93204%;height:53.72168%;opacity:1\">\n<div style=\"pointer-events:initial;width:100%;height:100%;display:block;position:absolute;top:0;left:0;z-index:0;border-radius:0.7042253521126761% 0.7042253521126761% 0.7042253521126761% 0.7042253521126761% \/ 0.6024096385542169% 0.6024096385542169% 0.6024096385542169% 0.6024096385542169%\" id=\"el-bb190d4d-b9c4-42a8-91bd-a3c959d19f15\">\n<h3 class=\"fill text-wrapper\" style=\"white-space:pre-line;overflow-wrap:break-word;word-break:break-word;margin:0.07693661971831069% 0;font-family:&quot;Montserrat&quot;,sans-serif;font-size:0.372168em;line-height:1.2;text-align:center;padding:0;color:#000000\"><span><span style=\"color: #fff\">No trio dos acionistas de refer\u00eancia, Sicupira ficou encarregado da Americanas enquanto Telles foi o respons\u00e1vel pela fus\u00e3o da Brahma e da Antarctica, que deu origem \u00e0 Ambev. Com a cobran\u00e7a dos bancos, Sicupira come\u00e7ou a falar diretamente com os credores.<\/span><\/span><\/h3>\n<\/div>\n<\/div>\n<\/div>\n<\/div>\n<p><\/amp-story-grid-layer><\/amp-story-page><amp-story-page id=\"71f18e7c-9c87-494b-86ab-6954c9c66097\" auto-advance-after=\"7s\"><amp-story-grid-layer template=\"vertical\" aspect-ratio=\"412:618\" class=\"grid-layer\"><\/p>\n<div class=\"page-fullbleed-area\" style=\"background-color:#fff\">\n<div class=\"page-safe-area\">\n<div style=\"position:absolute;pointer-events:none;left:0;top:-9.25926%;width:100%;height:118.51852%;opacity:1\">\n<div style=\"pointer-events:initial;width:100%;height:100%;display:block;position:absolute;top:0;left:0;z-index:0\" class=\"mask\" id=\"el-cb1c7379-0caa-4504-a3e4-dcc7d6656c89\">\n<div class=\"fill\" style=\"will-change:transform\"><\/div>\n<\/div>\n<\/div>\n<\/div>\n<\/div>\n<p><\/amp-story-grid-layer><amp-story-grid-layer template=\"vertical\" aspect-ratio=\"412:618\" class=\"grid-layer\"><\/p>\n<div class=\"page-fullbleed-area\">\n<div class=\"page-safe-area\">\n<div style=\"position:absolute;pointer-events:none;left:-17.96117%;top:-10.5178%;width:127.18447%;height:60.5178%;opacity:1\">\n<div style=\"pointer-events:initial;width:100%;height:100%;display:block;position:absolute;top:0;left:0;z-index:0\" class=\"mask\" id=\"el-6f8c0dbb-1898-441d-850e-0ea6d91d9d4f\">\n<div style=\"position:absolute;width:126.88719%;height:100%;left:-13.44359%;top:0%\" data-leaf-element=\"true\"><amp-img layout=\"fill\" src=\"https:\/\/files.sunoresearch.com.br\/n\/uploads\/2023\/02\/abilio-diniz-americanas-lemann-foto-cnnbrasil.jpg\" alt=\"Abilio Diniz. Foto: CNN Brasil\" srcSet=\"https:\/\/files.sunoresearch.com.br\/n\/uploads\/2023\/02\/abilio-diniz-americanas-lemann-foto-cnnbrasil.jpg 1200w,https:\/\/files.sunoresearch.com.br\/n\/uploads\/2023\/02\/abilio-diniz-americanas-lemann-foto-cnnbrasil-1024x576.jpg 1024w,https:\/\/files.sunoresearch.com.br\/n\/uploads\/2023\/02\/abilio-diniz-americanas-lemann-foto-cnnbrasil-800x450.jpg 800w,https:\/\/files.sunoresearch.com.br\/n\/uploads\/2023\/02\/abilio-diniz-americanas-lemann-foto-cnnbrasil-768x432.jpg 768w,https:\/\/files.sunoresearch.com.br\/n\/uploads\/2023\/02\/abilio-diniz-americanas-lemann-foto-cnnbrasil-300x169.jpg 300w,https:\/\/files.sunoresearch.com.br\/n\/uploads\/2023\/02\/abilio-diniz-americanas-lemann-foto-cnnbrasil-150x84.jpg 150w\" sizes=\"(min-width: 1024px) 57vh, 127vw\" disable-inline-width=\"true\"><\/amp-img><\/div>\n<\/div>\n<\/div>\n<div style=\"position:absolute;pointer-events:none;left:-50.72816%;top:41.10032%;width:223.30097%;height:142.39482%;opacity:1\">\n<div style=\"pointer-events:initial;width:100%;height:100%;display:block;position:absolute;top:0;left:0;z-index:0;border-radius:1.3043478260869565% 1.3043478260869565% 1.3043478260869565% 1.3043478260869565% \/ 1.3636363636363635% 1.3636363636363635% 1.3636363636363635% 1.3636363636363635%\" class=\"mask\" id=\"el-37f4b665-04da-4330-b371-a80161719d7b\">\n<div class=\"fill\" style=\"background-color:#212121;will-change:transform\"><\/div>\n<\/div>\n<\/div>\n<div style=\"position:absolute;pointer-events:none;left:15.53398%;top:45.95469%;width:68.93204%;height:49.35275%;opacity:1\">\n<div style=\"pointer-events:initial;width:100%;height:100%;display:block;position:absolute;top:0;left:0;z-index:0;border-radius:0.7042253521126761% 0.7042253521126761% 0.7042253521126761% 0.7042253521126761% \/ 0.6557377049180327% 0.6557377049180327% 0.6557377049180327% 0.6557377049180327%\" id=\"el-1e5b444d-7112-4a33-9bbd-ddba5b983ab7\">\n<h3 class=\"fill text-wrapper\" style=\"white-space:pre-line;overflow-wrap:break-word;word-break:break-word;margin:0.07693661971831069% 0;font-family:&quot;Montserrat&quot;,sans-serif;font-size:0.372168em;line-height:1.2;text-align:center;padding:0;color:#000000\"><span><span style=\"color: #fff\">Jorge Paulo Lemann se arrepende de n\u00e3o ter conseguido vender a varejista e n\u00e3o mostrava entusiasmo pelo neg\u00f3cio, que julgava ser mal gerido. A empresa chegou a ser oferecida para Abilio Diniz, mas o ex-l\u00edder do P\u00e3o de A\u00e7\u00facar n\u00e3o quis.<\/span><\/span><\/h3>\n<\/div>\n<\/div>\n<\/div>\n<\/div>\n<p><\/amp-story-grid-layer><\/amp-story-page><amp-story-page id=\"227566d6-58b2-467e-a069-c63f50155498\" auto-advance-after=\"7s\"><amp-story-grid-layer template=\"vertical\" aspect-ratio=\"412:618\" class=\"grid-layer\"><\/p>\n<div class=\"page-fullbleed-area\" style=\"background-color:#fff\">\n<div class=\"page-safe-area\">\n<div style=\"position:absolute;pointer-events:none;left:0;top:-9.25926%;width:100%;height:118.51852%;opacity:1\">\n<div style=\"pointer-events:initial;width:100%;height:100%;display:block;position:absolute;top:0;left:0;z-index:0\" class=\"mask\" id=\"el-9acf24bc-8c11-405f-bdbc-0f99224ec693\">\n<div class=\"fill\" style=\"will-change:transform\"><\/div>\n<\/div>\n<\/div>\n<\/div>\n<\/div>\n<p><\/amp-story-grid-layer><amp-story-grid-layer template=\"vertical\" aspect-ratio=\"412:618\" class=\"grid-layer\"><\/p>\n<div class=\"page-fullbleed-area\">\n<div class=\"page-safe-area\">\n<div style=\"position:absolute;pointer-events:none;left:-1.94175%;top:-11.8123%;width:104.12621%;height:88.67314%;opacity:1\">\n<div style=\"pointer-events:initial;width:100%;height:100%;display:block;position:absolute;top:0;left:0;z-index:0\" class=\"mask\" id=\"el-5e12aeeb-443c-4723-b776-49b7e7839400\">\n<div style=\"position:absolute;width:100%;height:104.33878%;left:0%;top:-2.16939%\" data-leaf-element=\"true\"><amp-img layout=\"fill\" src=\"https:\/\/files.sunoresearch.com.br\/n\/uploads\/2023\/01\/cropped-lojas-americanas-em-telemaco-borba-wikimedia-reproducao.jpg\" alt=\"Fachada de loja da Americanas. Foto: Divulga\u00e7\u00e3o\" srcSet=\"https:\/\/files.sunoresearch.com.br\/n\/uploads\/2023\/01\/cropped-lojas-americanas-em-telemaco-borba-wikimedia-reproducao-640x853.jpg 640w,https:\/\/files.sunoresearch.com.br\/n\/uploads\/2023\/01\/cropped-lojas-americanas-em-telemaco-borba-wikimedia-reproducao-225x300.jpg 225w,https:\/\/files.sunoresearch.com.br\/n\/uploads\/2023\/01\/cropped-lojas-americanas-em-telemaco-borba-wikimedia-reproducao-150x200.jpg 150w\" sizes=\"(min-width: 1024px) 47vh, 104vw\" disable-inline-width=\"true\"><\/amp-img><\/div>\n<\/div>\n<\/div>\n<div style=\"position:absolute;pointer-events:none;left:-56.06796%;top:67.63754%;width:223.30097%;height:142.39482%;opacity:1\">\n<div style=\"pointer-events:initial;width:100%;height:100%;display:block;position:absolute;top:0;left:0;z-index:0;border-radius:1.3043478260869565% 1.3043478260869565% 1.3043478260869565% 1.3043478260869565% \/ 1.3636363636363635% 1.3636363636363635% 1.3636363636363635% 1.3636363636363635%\" class=\"mask\" id=\"el-4098f2dd-58f0-4abe-abe6-8b21c4f83d93\">\n<div class=\"fill\" style=\"background-color:#212121;will-change:transform\"><\/div>\n<\/div>\n<\/div>\n<div style=\"position:absolute;pointer-events:none;left:15.29126%;top:73.46278%;width:69.41748%;height:22.49191%;opacity:1\">\n<div style=\"pointer-events:initial;width:100%;height:100%;display:block;position:absolute;top:0;left:0;z-index:0;border-radius:0.6993006993006993% 0.6993006993006993% 0.6993006993006993% 0.6993006993006993% \/ 1.4388489208633095% 1.4388489208633095% 1.4388489208633095% 1.4388489208633095%\" id=\"el-154a2720-2032-45cf-ba17-e2643a1408fb\">\n<h3 class=\"fill text-wrapper\" style=\"white-space:pre-line;overflow-wrap:break-word;word-break:break-word;margin:0.07639860139860222% 0;font-family:&quot;Montserrat&quot;,sans-serif;font-size:0.372168em;line-height:1.2;text-align:center;padding:0;color:#000000\"><span><span style=\"color: #fff\">Americanas e os acionistas n\u00e3o responderam os questionamentos do Valor sobre o caso.<\/span><\/span><\/h3>\n<\/div>\n<\/div>\n<\/div>\n<\/div>\n<p><\/amp-story-grid-layer><\/amp-story-page><amp-story-page id=\"028a325d-fbcc-410e-80b9-fd635db6ae7a\" auto-advance-after=\"7s\"><amp-story-animation layout=\"nodisplay\" trigger=\"visibility\"><script type=\"application\/json\">[{\"selector\":\"#anim-8d7ed735-20e6-4994-8dc4-fd07ec830234\",\"keyframes\":{\"transform\":[\"translate3d(-150.53764%, 0px, 0)\",\"translate3d(0px, 0px, 0)\"]},\"delay\":100,\"duration\":1400,\"easing\":\"cubic-bezier(0.4, 0.4, 0.0, 1)\",\"fill\":\"both\"}]<\/script><\/amp-story-animation><amp-story-animation layout=\"nodisplay\" trigger=\"visibility\"><script type=\"application\/json\">[{\"selector\":\"#anim-f9c51698-d6ae-4fc7-8230-9bf2762ac031\",\"keyframes\":{\"opacity\":[0,1]},\"delay\":100,\"duration\":1400,\"easing\":\"cubic-bezier(0.4, 0.4, 0.0, 1)\",\"fill\":\"both\"}]<\/script><\/amp-story-animation><amp-story-animation layout=\"nodisplay\" trigger=\"visibility\"><script type=\"application\/json\">[{\"selector\":\"#anim-9f84b1f6-6aee-4560-9843-5a40089a343f\",\"keyframes\":{\"transform\":[\"scale(0.15)\",\"scale(1)\"]},\"delay\":100,\"duration\":1400,\"easing\":\"cubic-bezier(0.4, 0.4, 0.0, 1)\",\"fill\":\"forwards\"}]<\/script><\/amp-story-animation><amp-story-animation layout=\"nodisplay\" trigger=\"visibility\"><script type=\"application\/json\">[{\"selector\":\"#anim-a3fb5605-a211-4465-aa7f-3bba04e254fb\",\"keyframes\":{\"transform\":[\"translate3d(-150.53764%, 0px, 0)\",\"translate3d(0px, 0px, 0)\"]},\"delay\":250,\"duration\":1400,\"easing\":\"cubic-bezier(0.4, 0.4, 0.0, 1)\",\"fill\":\"both\"}]<\/script><\/amp-story-animation><amp-story-animation layout=\"nodisplay\" trigger=\"visibility\"><script type=\"application\/json\">[{\"selector\":\"#anim-35233d5e-85b1-401f-a2d9-6197b7989ad2\",\"keyframes\":{\"opacity\":[0,1]},\"delay\":250,\"duration\":1400,\"easing\":\"cubic-bezier(0.4, 0.4, 0.0, 1)\",\"fill\":\"both\"}]<\/script><\/amp-story-animation><amp-story-animation layout=\"nodisplay\" trigger=\"visibility\"><script type=\"application\/json\">[{\"selector\":\"#anim-5518c8e1-d0a4-409f-a451-5bfefe4b8d85\",\"keyframes\":{\"transform\":[\"scale(0.15)\",\"scale(1)\"]},\"delay\":250,\"duration\":1400,\"easing\":\"cubic-bezier(0.4, 0.4, 0.0, 1)\",\"fill\":\"forwards\"}]<\/script><\/amp-story-animation><amp-story-animation layout=\"nodisplay\" trigger=\"visibility\"><script type=\"application\/json\">[{\"selector\":\"#anim-fe3f5d56-ec3f-4ca6-93e8-90c951f04b74\",\"keyframes\":{\"transform\":[\"translate3d(-150.53764%, 0px, 0)\",\"translate3d(0px, 0px, 0)\"]},\"delay\":300,\"duration\":1400,\"easing\":\"cubic-bezier(0.4, 0.4, 0.0, 1)\",\"fill\":\"both\"}]<\/script><\/amp-story-animation><amp-story-animation layout=\"nodisplay\" trigger=\"visibility\"><script type=\"application\/json\">[{\"selector\":\"#anim-9b377915-a28f-479a-9359-64bbcef8b13d\",\"keyframes\":{\"opacity\":[0,1]},\"delay\":300,\"duration\":1400,\"easing\":\"cubic-bezier(0.4, 0.4, 0.0, 1)\",\"fill\":\"both\"}]<\/script><\/amp-story-animation><amp-story-animation layout=\"nodisplay\" trigger=\"visibility\"><script type=\"application\/json\">[{\"selector\":\"#anim-f528be9d-945f-4b41-a7c4-4d352eb27b37\",\"keyframes\":{\"transform\":[\"scale(0.15)\",\"scale(1)\"]},\"delay\":300,\"duration\":1400,\"easing\":\"cubic-bezier(0.4, 0.4, 0.0, 1)\",\"fill\":\"forwards\"}]<\/script><\/amp-story-animation><amp-story-animation layout=\"nodisplay\" trigger=\"visibility\"><script type=\"application\/json\">[{\"selector\":\"#anim-92569e4f-a1d3-45d4-8a1b-8ed769ff391e\",\"keyframes\":{\"transform\":[\"translate3d(-150.53764%, 0px, 0)\",\"translate3d(0px, 0px, 0)\"]},\"delay\":350,\"duration\":1400,\"easing\":\"cubic-bezier(0.4, 0.4, 0.0, 1)\",\"fill\":\"both\"}]<\/script><\/amp-story-animation><amp-story-animation layout=\"nodisplay\" trigger=\"visibility\"><script type=\"application\/json\">[{\"selector\":\"#anim-ff19b358-dbc2-4db0-81d4-b0878e0c144a\",\"keyframes\":{\"opacity\":[0,1]},\"delay\":350,\"duration\":1400,\"easing\":\"cubic-bezier(0.4, 0.4, 0.0, 1)\",\"fill\":\"both\"}]<\/script><\/amp-story-animation><amp-story-animation layout=\"nodisplay\" trigger=\"visibility\"><script type=\"application\/json\">[{\"selector\":\"#anim-fd8b2f83-b1ae-4a84-a784-b2658c747947\",\"keyframes\":{\"transform\":[\"scale(0.15)\",\"scale(1)\"]},\"delay\":350,\"duration\":1400,\"easing\":\"cubic-bezier(0.4, 0.4, 0.0, 1)\",\"fill\":\"forwards\"}]<\/script><\/amp-story-animation><amp-story-animation layout=\"nodisplay\" trigger=\"visibility\"><script type=\"application\/json\">[{\"selector\":\"#anim-364df13f-62b9-4da9-b136-df6573d0e38a\",\"keyframes\":{\"opacity\":[0,1]},\"delay\":0,\"duration\":3000,\"easing\":\"cubic-bezier(0.4, 0.4, 0.0, 1)\",\"fill\":\"both\"}]<\/script><\/amp-story-animation><amp-story-animation layout=\"nodisplay\" trigger=\"visibility\"><script type=\"application\/json\">[{\"selector\":\"#anim-689dbce2-063b-4b67-a086-aace69682f6a\",\"keyframes\":{\"opacity\":[0,1]},\"delay\":100,\"duration\":1400,\"easing\":\"cubic-bezier(0.2, 0.6, 0.0, 1)\",\"fill\":\"both\"}]<\/script><\/amp-story-animation><amp-story-animation layout=\"nodisplay\" trigger=\"visibility\"><script type=\"application\/json\">[{\"selector\":\"#anim-e78f1bfe-7109-4f43-a4f4-9baaa99c4782\",\"keyframes\":{\"transform\":[\"translate3d(-183.24607%, 0px, 0)\",\"translate3d(0px, 0px, 0)\"]},\"delay\":100,\"duration\":1400,\"easing\":\"cubic-bezier(0.2, 0.6, 0.0, 1)\",\"fill\":\"both\"}]<\/script><\/amp-story-animation><amp-story-animation layout=\"nodisplay\" trigger=\"visibility\"><script type=\"application\/json\">[{\"selector\":\"#anim-6108e0bf-3e48-43cf-8cd5-acb2fbe2e016\",\"keyframes\":{\"opacity\":[0,1]},\"delay\":200,\"duration\":1400,\"easing\":\"cubic-bezier(0.2, 0.6, 0.0, 1)\",\"fill\":\"both\"}]<\/script><\/amp-story-animation><amp-story-animation layout=\"nodisplay\" trigger=\"visibility\"><script type=\"application\/json\">[{\"selector\":\"#anim-0c69d3e3-e59f-4e28-a5f7-2b7aa16baf49\",\"keyframes\":{\"transform\":[\"translate3d(-183.76964%, 0px, 0)\",\"translate3d(0px, 0px, 0)\"]},\"delay\":200,\"duration\":1400,\"easing\":\"cubic-bezier(0.2, 0.6, 0.0, 1)\",\"fill\":\"both\"}]<\/script><\/amp-story-animation><amp-story-animation layout=\"nodisplay\" trigger=\"visibility\"><script type=\"application\/json\">[{\"selector\":\"#anim-186e02a2-e396-41cc-ba93-755092a968a5\",\"keyframes\":{\"opacity\":[0,1]},\"delay\":200,\"duration\":1400,\"easing\":\"cubic-bezier(0.2, 0.6, 0.0, 1)\",\"fill\":\"both\"}]<\/script><\/amp-story-animation><amp-story-animation layout=\"nodisplay\" trigger=\"visibility\"><script type=\"application\/json\">[{\"selector\":\"#anim-e81f0723-306a-4cc1-9b37-ebaea809ff93\",\"keyframes\":{\"transform\":[\"translate3d(-184.2932%, 0px, 0)\",\"translate3d(0px, 0px, 0)\"]},\"delay\":200,\"duration\":1400,\"easing\":\"cubic-bezier(0.2, 0.6, 0.0, 1)\",\"fill\":\"both\"}]<\/script><\/amp-story-animation><amp-story-animation layout=\"nodisplay\" trigger=\"visibility\"><script type=\"application\/json\">[{\"selector\":\"#anim-c39d9b8c-84cb-40ec-bc67-eb719e3f956f\",\"keyframes\":{\"opacity\":[0,1]},\"delay\":200,\"duration\":1400,\"easing\":\"cubic-bezier(0.2, 0.6, 0.0, 1)\",\"fill\":\"both\"}]<\/script><\/amp-story-animation><amp-story-animation layout=\"nodisplay\" trigger=\"visibility\"><script type=\"application\/json\">[{\"selector\":\"#anim-252307d0-3152-4b9f-9da9-85899fa0d2f1\",\"keyframes\":{\"transform\":[\"translate3d(-191.3793%, 0px, 0)\",\"translate3d(0px, 0px, 0)\"]},\"delay\":200,\"duration\":1400,\"easing\":\"cubic-bezier(0.2, 0.6, 0.0, 1)\",\"fill\":\"both\"}]<\/script><\/amp-story-animation><amp-story-grid-layer template=\"vertical\" aspect-ratio=\"412:618\" class=\"grid-layer\"><\/p>\n<div class=\"page-fullbleed-area\" style=\"background-color:#212121\">\n<div class=\"page-safe-area\">\n<div style=\"position:absolute;pointer-events:none;left:0;top:-9.25926%;width:100%;height:118.51852%;opacity:1\">\n<div style=\"pointer-events:initial;width:100%;height:100%;display:block;position:absolute;top:0;left:0;z-index:0\" class=\"mask\" id=\"el-a909c6d3-5a1a-4fc7-84fd-35afddd0513f\">\n<div class=\"fill\" style=\"will-change:transform\"><\/div>\n<\/div>\n<\/div>\n<\/div>\n<\/div>\n<p><\/amp-story-grid-layer><amp-story-grid-layer template=\"vertical\" aspect-ratio=\"412:618\" class=\"grid-layer\"><\/p>\n<div class=\"page-fullbleed-area\">\n<div class=\"page-safe-area\">\n<div style=\"position:absolute;pointer-events:none;left:71.60194%;top:10.35599%;width:16.50485%;height:11.48867%;opacity:0.05\">\n<div style=\"pointer-events:initial;width:100%;height:100%;display:block;position:absolute;top:0;left:0;z-index:0\" id=\"el-fa33335f-d44d-4c2a-ad26-24d7e7a9c14a\"><svg style=\"display:block;position:absolute;top:0;height:100%;width:auto\" viewBox=\"0 0 23 24\" fill=\"none\" xmlns=\"http:\/\/www.w3.org\/2000\/svg\"><title>Plus<\/title><path d=\"M0.5 10.4H10.4V0.5L12.6 0.5V10.4H22.5V12.6H0.5L0.5 10.4Z\" fill=\"white\"><\/path><path d=\"M12.6 23.0566L12.6 14.8591H10.4L10.4 23.0566H12.6Z\" fill=\"white\"><\/path><\/svg><\/div>\n<\/div>\n<div style=\"position:absolute;pointer-events:none;left:0;top:21.52104%;width:100%;height:19.09385%;opacity:1\">\n<div style=\"pointer-events:initial;width:100%;height:100%;display:block;position:absolute;top:0;left:0;z-index:0\" class=\"mask\" id=\"el-9f1340ac-b499-4969-be12-804741c32576\">\n<div class=\"fill\" style=\"background-image:linear-gradient(0.25turn, #212121 0%, rgba(255,255,255,0.1) 100%);will-change:transform\"><\/div>\n<\/div>\n<\/div>\n<div style=\"position:absolute;pointer-events:none;left:0;top:41.74757%;width:99.75728%;height:19.09385%;transform:rotate(180deg);opacity:1\">\n<div style=\"pointer-events:initial;width:100%;height:100%;display:block;position:absolute;top:0;left:0;z-index:0\" class=\"mask\" id=\"el-7acbf239-afc5-45fb-80df-c3b04a0ea410\">\n<div class=\"fill\" style=\"background-image:linear-gradient(0.25turn, #212121 0%, rgba(255,255,255,0.1) 100%);will-change:transform\"><\/div>\n<\/div>\n<\/div>\n<div style=\"position:absolute;pointer-events:none;left:0;top:60.67961%;width:100%;height:19.09385%;opacity:1\">\n<div style=\"pointer-events:initial;width:100%;height:100%;display:block;position:absolute;top:0;left:0;z-index:0\" class=\"mask\" id=\"el-8bdf4e4f-06ef-4aa4-b510-3dee50b0167d\">\n<div class=\"fill\" style=\"background-image:linear-gradient(0.25turn, #212121 0%, rgba(255,255,255,0.1) 100%);will-change:transform\"><\/div>\n<\/div>\n<\/div>\n<div style=\"position:absolute;pointer-events:none;left:0;top:83.00971%;width:99.75728%;height:19.09385%;transform:rotate(180deg);opacity:1\">\n<div style=\"pointer-events:initial;width:100%;height:100%;display:block;position:absolute;top:0;left:0;z-index:0\" class=\"mask\" id=\"el-de7172ba-3bd3-4fab-be9b-7aef2c61e447\">\n<div class=\"fill\" style=\"background-image:linear-gradient(0.25turn, #212121 0%, rgba(255,255,255,0.1) 100%);will-change:transform\"><\/div>\n<\/div>\n<\/div>\n<div style=\"position:absolute;pointer-events:none;left:11.16505%;top:4.36893%;width:50.97087%;height:1.2945%;opacity:1\">\n<div style=\"pointer-events:initial;width:100%;height:100%;display:block;position:absolute;top:0;left:0;z-index:0\" class=\"mask\" id=\"el-826e51c9-0d2a-47e6-b53d-395a4751f247\">\n<div class=\"fill\" style=\"background-color:rgba(212,33,38,0.38);will-change:transform\"><\/div>\n<\/div>\n<\/div>\n<div style=\"position:absolute;pointer-events:none;left:11.65049%;top:9.70874%;width:65.53398%;height:1.2945%;opacity:1\">\n<div style=\"pointer-events:initial;width:100%;height:100%;display:block;position:absolute;top:0;left:0;z-index:0\" class=\"mask\" id=\"el-38cd1279-06c3-4a63-b9e8-456d3714008d\">\n<div class=\"fill\" style=\"background-color:rgba(212,33,38,0.38);will-change:transform\"><\/div>\n<\/div>\n<\/div>\n<div style=\"position:absolute;pointer-events:none;left:11.16505%;top:14.40129%;width:21.84466%;height:1.2945%;opacity:1\">\n<div style=\"pointer-events:initial;width:100%;height:100%;display:block;position:absolute;top:0;left:0;z-index:0\" class=\"mask\" id=\"el-aa69e8dd-121c-404a-8108-0dbbc855577e\">\n<div class=\"fill\" style=\"background-color:rgba(212,33,38,0.38);will-change:transform\"><\/div>\n<\/div>\n<\/div>\n<div style=\"position:absolute;pointer-events:none;left:11.40777%;top:23.94822%;width:22.57282%;height:15.04854%;opacity:1\">\n<div id=\"anim-8d7ed735-20e6-4994-8dc4-fd07ec830234\" class=\"animation-wrapper\" style=\"width:100%;height:100%;display:block;position:absolute;top:0;left:0;--initial-opacity:1;--initial-transform:translate3d(-150.53764%, 0px, 0)\">\n<div id=\"anim-f9c51698-d6ae-4fc7-8230-9bf2762ac031\" class=\"animation-wrapper\" style=\"width:100%;height:100%;display:block;position:absolute;top:0;left:0;--initial-opacity:0;--initial-transform:none\">\n<div id=\"anim-9f84b1f6-6aee-4560-9843-5a40089a343f\" class=\"animation-wrapper\" style=\"width:100%;height:100%;display:block;position:absolute;top:0;left:0;--initial-opacity:1;--initial-transform:scale(0.15)\">\n<div style=\"pointer-events:initial;width:100%;height:100%;display:block;position:absolute;top:0;left:0;z-index:0;border-radius:8.60215053763441% 8.60215053763441% 8.60215053763441% 8.60215053763441% \/ 8.60215053763441% 8.60215053763441% 8.60215053763441% 8.60215053763441%\" class=\"mask\" id=\"el-62919ee1-3a0d-4e7d-a06f-5feec8e8f272\">\n<div style=\"position:absolute;width:100%;height:133.28131%;left:0%;top:-16.64065%\" data-leaf-element=\"true\"><amp-img layout=\"fill\" src=\"https:\/\/files.sunoresearch.com.br\/n\/uploads\/2022\/12\/cropped-1200px-20180610_FIFA_Friendly_Match_Austria_vs._Brazil_Tite_850_0231.jpg\" alt=\"Tite; t\u00e9cnicos da copa; copa do mundo; sele\u00e7\u00e3o\" srcSet=\"https:\/\/files.sunoresearch.com.br\/n\/uploads\/2022\/12\/cropped-1200px-20180610_FIFA_Friendly_Match_Austria_vs._Brazil_Tite_850_0231-640x853.jpg 640w,https:\/\/files.sunoresearch.com.br\/n\/uploads\/2022\/12\/cropped-1200px-20180610_FIFA_Friendly_Match_Austria_vs._Brazil_Tite_850_0231-225x300.jpg 225w,https:\/\/files.sunoresearch.com.br\/n\/uploads\/2022\/12\/cropped-1200px-20180610_FIFA_Friendly_Match_Austria_vs._Brazil_Tite_850_0231-150x200.jpg 150w\" sizes=\"(min-width: 1024px) 10vh, 23vw\" disable-inline-width=\"true\"><\/amp-img><\/div>\n<\/div>\n<\/div>\n<\/div>\n<\/div>\n<\/div>\n<div style=\"position:absolute;pointer-events:none;left:11.40777%;top:43.85113%;width:22.57282%;height:15.04854%;opacity:1\">\n<div id=\"anim-a3fb5605-a211-4465-aa7f-3bba04e254fb\" class=\"animation-wrapper\" style=\"width:100%;height:100%;display:block;position:absolute;top:0;left:0;--initial-opacity:1;--initial-transform:translate3d(-150.53764%, 0px, 0)\">\n<div id=\"anim-35233d5e-85b1-401f-a2d9-6197b7989ad2\" class=\"animation-wrapper\" style=\"width:100%;height:100%;display:block;position:absolute;top:0;left:0;--initial-opacity:0;--initial-transform:none\">\n<div id=\"anim-5518c8e1-d0a4-409f-a451-5bfefe4b8d85\" class=\"animation-wrapper\" style=\"width:100%;height:100%;display:block;position:absolute;top:0;left:0;--initial-opacity:1;--initial-transform:scale(0.15)\">\n<div style=\"pointer-events:initial;width:100%;height:100%;display:block;position:absolute;top:0;left:0;z-index:0;border-radius:8.60215053763441% 8.60215053763441% 8.60215053763441% 8.60215053763441% \/ 8.60215053763441% 8.60215053763441% 8.60215053763441% 8.60215053763441%\" class=\"mask\" id=\"el-b299da37-d9f5-4eb9-a382-9f74ad90d1d4\">\n<div style=\"position:absolute;width:100%;height:133.28131%;left:0%;top:-16.64065%\" data-leaf-element=\"true\"><amp-img layout=\"fill\" src=\"https:\/\/files.sunoresearch.com.br\/n\/uploads\/2021\/01\/cropped-08278551-banco-do-brasil-1-1.jpg\" alt=\"O Banco do Brasil (BBAS3) teve lucro recorde no 3T21 - Foto: Divulga\u00e7\u00e3o\" srcSet=\"https:\/\/files.sunoresearch.com.br\/n\/uploads\/2021\/01\/cropped-08278551-banco-do-brasil-1-1-640x853.jpg 640w,https:\/\/files.sunoresearch.com.br\/n\/uploads\/2021\/01\/cropped-08278551-banco-do-brasil-1-1-225x300.jpg 225w,https:\/\/files.sunoresearch.com.br\/n\/uploads\/2021\/01\/cropped-08278551-banco-do-brasil-1-1-150x200.jpg 150w\" sizes=\"(min-width: 1024px) 10vh, 23vw\" disable-inline-width=\"true\"><\/amp-img><\/div>\n<\/div>\n<\/div>\n<\/div>\n<\/div>\n<\/div>\n<div style=\"position:absolute;pointer-events:none;left:11.40777%;top:84.95146%;width:22.57282%;height:15.04854%;opacity:1\">\n<div id=\"anim-fe3f5d56-ec3f-4ca6-93e8-90c951f04b74\" class=\"animation-wrapper\" style=\"width:100%;height:100%;display:block;position:absolute;top:0;left:0;--initial-opacity:1;--initial-transform:translate3d(-150.53764%, 0px, 0)\">\n<div id=\"anim-9b377915-a28f-479a-9359-64bbcef8b13d\" class=\"animation-wrapper\" style=\"width:100%;height:100%;display:block;position:absolute;top:0;left:0;--initial-opacity:0;--initial-transform:none\">\n<div id=\"anim-f528be9d-945f-4b41-a7c4-4d352eb27b37\" class=\"animation-wrapper\" style=\"width:100%;height:100%;display:block;position:absolute;top:0;left:0;--initial-opacity:1;--initial-transform:scale(0.15)\">\n<div style=\"pointer-events:initial;width:100%;height:100%;display:block;position:absolute;top:0;left:0;z-index:0;border-radius:8.60215053763441% 8.60215053763441% 8.60215053763441% 8.60215053763441% \/ 8.60215053763441% 8.60215053763441% 8.60215053763441% 8.60215053763441%\" class=\"mask\" id=\"el-ee1efe69-6123-4996-8916-2722d5e18b0d\">\n<div style=\"position:absolute;width:100%;height:100.00004%;left:0%;top:-0.00002%\" data-leaf-element=\"true\"><amp-img layout=\"fill\" src=\"https:\/\/files.sunoresearch.com.br\/n\/uploads\/2020\/09\/985c176a-volkswagen-400x400-1.jpg\" alt=\"A Volkswagen lan\u00e7ou um plano de loca\u00e7\u00e3o de carros pensado para consumidores que preferem alugar autom\u00f3veis em vez de compr\u00e1-los.\" srcSet=\"https:\/\/files.sunoresearch.com.br\/n\/uploads\/2020\/09\/985c176a-volkswagen-400x400-1.jpg 400w,https:\/\/files.sunoresearch.com.br\/n\/uploads\/2020\/09\/985c176a-volkswagen-400x400-1-300x300.jpg 300w,https:\/\/files.sunoresearch.com.br\/n\/uploads\/2020\/09\/985c176a-volkswagen-400x400-1-150x150.jpg 150w\" sizes=\"(min-width: 1024px) 10vh, 23vw\" disable-inline-width=\"true\"><\/amp-img><\/div>\n<\/div>\n<\/div>\n<\/div>\n<\/div>\n<\/div>\n<div style=\"position:absolute;pointer-events:none;left:11.40777%;top:63.51133%;width:22.57282%;height:15.04854%;opacity:1\">\n<div id=\"anim-92569e4f-a1d3-45d4-8a1b-8ed769ff391e\" class=\"animation-wrapper\" style=\"width:100%;height:100%;display:block;position:absolute;top:0;left:0;--initial-opacity:1;--initial-transform:translate3d(-150.53764%, 0px, 0)\">\n<div id=\"anim-ff19b358-dbc2-4db0-81d4-b0878e0c144a\" class=\"animation-wrapper\" style=\"width:100%;height:100%;display:block;position:absolute;top:0;left:0;--initial-opacity:0;--initial-transform:none\">\n<div id=\"anim-fd8b2f83-b1ae-4a84-a784-b2658c747947\" class=\"animation-wrapper\" style=\"width:100%;height:100%;display:block;position:absolute;top:0;left:0;--initial-opacity:1;--initial-transform:scale(0.15)\">\n<div style=\"pointer-events:initial;width:100%;height:100%;display:block;position:absolute;top:0;left:0;z-index:0;border-radius:8.60215053763441% 8.60215053763441% 8.60215053763441% 8.60215053763441% \/ 8.60215053763441% 8.60215053763441% 8.60215053763441% 8.60215053763441%\" class=\"mask\" id=\"el-c31676fa-b634-4ecd-ba32-cf896373a958\">\n<div style=\"position:absolute;width:100%;height:133.28131%;left:0%;top:-16.64065%\" data-leaf-element=\"true\"><amp-img layout=\"fill\" src=\"https:\/\/files.sunoresearch.com.br\/n\/uploads\/2022\/10\/cropped-moeda-1real-invertida-reproducao.jpg\" alt=\"cropped-moeda-1real-invertida-reproducao.jpg\" srcSet=\"https:\/\/files.sunoresearch.com.br\/n\/uploads\/2022\/10\/cropped-moeda-1real-invertida-reproducao-640x853.jpg 640w,https:\/\/files.sunoresearch.com.br\/n\/uploads\/2022\/10\/cropped-moeda-1real-invertida-reproducao-225x300.jpg 225w,https:\/\/files.sunoresearch.com.br\/n\/uploads\/2022\/10\/cropped-moeda-1real-invertida-reproducao-150x200.jpg 150w\" sizes=\"(min-width: 1024px) 10vh, 23vw\" disable-inline-width=\"true\"><\/amp-img><\/div>\n<\/div>\n<\/div>\n<\/div>\n<\/div>\n<\/div>\n<div style=\"position:absolute;pointer-events:none;left:11.40777%;top:0;width:68.20388%;height:16.66667%;opacity:1\">\n<div id=\"anim-364df13f-62b9-4da9-b136-df6573d0e38a\" class=\"animation-wrapper\" style=\"width:100%;height:100%;display:block;position:absolute;top:0;left:0;--initial-opacity:0;--initial-transform:none\">\n<div style=\"pointer-events:initial;width:100%;height:100%;display:block;position:absolute;top:0;left:0;z-index:0\" id=\"el-01c2a414-aa66-44e6-944e-ff786d2572e8\">\n<h2 class=\"fill text-wrapper\" style=\"white-space:pre-line;overflow-wrap:break-word;word-break:break-word;margin:1.246975088967972% 0;font-family:&quot;Montserrat&quot;,sans-serif;font-size:0.517799em;line-height:1;text-align:left;padding:0;color:#000000\"><span><span style=\"font-weight: 700; color: #fff\">Confira mais stories do Grupo Suno:<\/span><\/span><\/h2>\n<\/div>\n<\/div>\n<\/div>\n<div style=\"position:absolute;pointer-events:none;left:38.59223%;top:24.59547%;width:46.35922%;height:10.35599%;opacity:1\">\n<div id=\"anim-689dbce2-063b-4b67-a086-aace69682f6a\" class=\"animation-wrapper\" style=\"width:100%;height:100%;display:block;position:absolute;top:0;left:0;--initial-opacity:0;--initial-transform:none\">\n<div id=\"anim-e78f1bfe-7109-4f43-a4f4-9baaa99c4782\" class=\"animation-wrapper\" style=\"width:100%;height:100%;display:block;position:absolute;top:0;left:0;--initial-opacity:1;--initial-transform:translate3d(-183.24607%, 0px, 0)\">\n<div style=\"pointer-events:initial;width:100%;height:100%;display:block;position:absolute;top:0;left:0;z-index:0\" id=\"el-0dc0606c-fbfd-4b53-85c1-37d8ea25816f\"><a href=\"https:\/\/www.suno.com.br\/noticias\/web-stories\/tecnico-selecao-brasileira-copa-quanto-ganha\/\" data-tooltip-icon=\"https:\/\/files.sunoresearch.com.br\/n\/uploads\/2022\/12\/cropped-1200px-20180610_FIFA_Friendly_Match_Austria_vs._Brazil_Tite_850_0231.jpg\" data-tooltip-text=\"Quanto ganha o t\u00e9cnico da Sele\u00e7\u00e3o Brasileira?\" target=\"_blank\" rel=\"noreferrer noopener\" style=\"width:100%;height:100%;display:block;position:absolute;top:0;left:0\"><\/p>\n<p class=\"fill text-wrapper\" style=\"white-space:pre-line;overflow-wrap:break-word;word-break:break-word;margin:-0.6324607329842933% 0;font-family:&quot;Montserrat&quot;,sans-serif;font-size:0.258900em;line-height:1.37;text-align:initial;padding:0;color:#000000\"><span><span style=\"font-weight: 700; text-decoration: underline; color: #fff\">Quanto ganha &nbsp;o t\u00e9cnico da Sele\u00e7\u00e3o Brasileira?<\/span><\/span><\/p>\n<p><\/a><\/div>\n<\/div>\n<\/div>\n<\/div>\n<div style=\"position:absolute;pointer-events:none;left:38.83495%;top:44.82201%;width:46.35922%;height:13.91586%;opacity:1\">\n<div id=\"anim-6108e0bf-3e48-43cf-8cd5-acb2fbe2e016\" class=\"animation-wrapper\" style=\"width:100%;height:100%;display:block;position:absolute;top:0;left:0;--initial-opacity:0;--initial-transform:none\">\n<div id=\"anim-0c69d3e3-e59f-4e28-a5f7-2b7aa16baf49\" class=\"animation-wrapper\" style=\"width:100%;height:100%;display:block;position:absolute;top:0;left:0;--initial-opacity:1;--initial-transform:translate3d(-183.76964%, 0px, 0)\">\n<div style=\"pointer-events:initial;width:100%;height:100%;display:block;position:absolute;top:0;left:0;z-index:0\" id=\"el-95d4eb13-bdf6-4f54-a715-8494a539003a\"><a href=\"https:\/\/www.suno.com.br\/noticias\/web-stories\/banco-do-brasil-bbas3-aumentar-dividendos-2023\/\" data-tooltip-icon=\"https:\/\/files.sunoresearch.com.br\/n\/uploads\/2021\/01\/cropped-238ba7a5-banco-do-brasil-1.jpg\" data-tooltip-text=\"Banco do Brasil (BBAS3) aumentar\u00e1 dividendos em 2023, projeta XP\" target=\"_blank\" rel=\"noreferrer noopener\" style=\"width:100%;height:100%;display:block;position:absolute;top:0;left:0\"><\/p>\n<p class=\"fill text-wrapper\" style=\"white-space:pre-line;overflow-wrap:break-word;word-break:break-word;margin:-0.6324607329842933% 0;font-family:&quot;Montserrat&quot;,sans-serif;font-size:0.258900em;line-height:1.37;text-align:initial;padding:0;color:#000000\"><span><span style=\"font-weight: 700; text-decoration: underline; color: #fff\">Banco do Brasil (BBAS3) pode aumentar dividendos em 2023<\/span><\/span><\/p>\n<p><\/a><\/div>\n<\/div>\n<\/div>\n<\/div>\n<div style=\"position:absolute;pointer-events:none;left:39.07767%;top:64.07767%;width:46.35922%;height:13.91586%;opacity:1\">\n<div id=\"anim-186e02a2-e396-41cc-ba93-755092a968a5\" class=\"animation-wrapper\" style=\"width:100%;height:100%;display:block;position:absolute;top:0;left:0;--initial-opacity:0;--initial-transform:none\">\n<div id=\"anim-e81f0723-306a-4cc1-9b37-ebaea809ff93\" class=\"animation-wrapper\" style=\"width:100%;height:100%;display:block;position:absolute;top:0;left:0;--initial-opacity:1;--initial-transform:translate3d(-184.2932%, 0px, 0)\">\n<div style=\"pointer-events:initial;width:100%;height:100%;display:block;position:absolute;top:0;left:0;z-index:0\" id=\"el-36730525-5581-45d5-b9ca-586841fe541a\"><a href=\"https:\/\/www.suno.com.br\/noticias\/web-stories\/moeda-rara-ate-7-mil-veja\/\" data-tooltip-icon=\"https:\/\/files.sunoresearch.com.br\/n\/uploads\/2022\/07\/cropped-moedas-raras-6-1.jpg\" data-tooltip-text=\"Moeda rara de R$ 1 pode valer R$ 7 mil; veja\" target=\"_blank\" rel=\"noreferrer noopener\" style=\"width:100%;height:100%;display:block;position:absolute;top:0;left:0\"><\/p>\n<p class=\"fill text-wrapper\" style=\"white-space:pre-line;overflow-wrap:break-word;word-break:break-word;margin:-0.6324607329842933% 0;font-family:&quot;Montserrat&quot;,sans-serif;font-size:0.258900em;line-height:1.37;text-align:initial;padding:0;color:#000000\"><span><span style=\"font-weight: 700; text-decoration: underline; color: #fff\">Colecionadores pagam at\u00e9 7 mil por moedas raras<br \/>\n<\/span><\/span><\/p>\n<p><\/a><\/div>\n<\/div>\n<\/div>\n<\/div>\n<div style=\"position:absolute;pointer-events:none;left:38.59223%;top:85.76052%;width:42.23301%;height:17.31392%;opacity:1\">\n<div id=\"anim-c39d9b8c-84cb-40ec-bc67-eb719e3f956f\" class=\"animation-wrapper\" style=\"width:100%;height:100%;display:block;position:absolute;top:0;left:0;--initial-opacity:0;--initial-transform:none\">\n<div id=\"anim-252307d0-3152-4b9f-9da9-85899fa0d2f1\" class=\"animation-wrapper\" style=\"width:100%;height:100%;display:block;position:absolute;top:0;left:0;--initial-opacity:1;--initial-transform:translate3d(-191.3793%, 0px, 0)\">\n<div style=\"pointer-events:initial;width:100%;height:100%;display:block;position:absolute;top:0;left:0;z-index:0\" id=\"el-a9bdcce2-ebbf-4d93-bd04-88f239a026bd\"><a href=\"https:\/\/www.suno.com.br\/noticias\/web-stories\/volkswagen-gol-edicao-despedida\/\" data-tooltip-icon=\"https:\/\/files.sunoresearch.com.br\/n\/uploads\/2022\/11\/cropped-Volkswagen-Gol-Last-Edition.jpg\" data-tooltip-text=\"Volkswagen Gol: edi\u00e7\u00e3o de depedida custar\u00e1 mais de R$ 120 mil; conhe\u00e7a\" target=\"_blank\" rel=\"noreferrer noopener\" style=\"width:100%;height:100%;display:block;position:absolute;top:0;left:0\"><\/p>\n<p class=\"fill text-wrapper\" style=\"white-space:pre-line;overflow-wrap:break-word;word-break:break-word;margin:-0.6942528735632185% 0;font-family:&quot;Montserrat&quot;,sans-serif;font-size:0.258900em;line-height:1.37;text-align:initial;padding:0;color:#000000\"><span><span style=\"font-weight: 700; text-decoration: underline; color: #fff\">Voskswagen Gol sair\u00e1 de linha e edi\u00e7\u00e3o de despedida custa R$ 120 mil<\/span><\/span><\/p>\n<p><\/a><\/div>\n<\/div>\n<\/div>\n<\/div>\n<div style=\"position:absolute;pointer-events:none;left:80.58252%;top:54.36893%;width:8.98058%;height:6.31068%;opacity:0.1\">\n<div style=\"pointer-events:initial;width:100%;height:100%;display:block;position:absolute;top:0;left:0;z-index:0\" id=\"el-3897704f-b668-4135-b938-7ad88904eeea\"><svg style=\"display:block;position:absolute;top:0;height:100%;width:auto\" viewBox=\"0 0 23 24\" fill=\"none\" xmlns=\"http:\/\/www.w3.org\/2000\/svg\"><title>Plus<\/title><path d=\"M0.5 10.4H10.4V0.5L12.6 0.5V10.4H22.5V12.6H0.5L0.5 10.4Z\" fill=\"white\"><\/path><path d=\"M12.6 23.0566L12.6 14.8591H10.4L10.4 23.0566H12.6Z\" fill=\"white\"><\/path><\/svg><\/div>\n<\/div>\n<div style=\"position:absolute;pointer-events:none;left:78.64078%;top:81.87702%;width:8.98058%;height:6.31068%;opacity:0.05\">\n<div style=\"pointer-events:initial;width:100%;height:100%;display:block;position:absolute;top:0;left:0;z-index:0\" id=\"el-06d4989d-95d1-43d1-baf0-b16ef93a1eb5\"><svg style=\"display:block;position:absolute;top:0;height:100%;width:auto\" viewBox=\"0 0 23 24\" fill=\"none\" xmlns=\"http:\/\/www.w3.org\/2000\/svg\"><title>Plus<\/title><path d=\"M0.5 10.4H10.4V0.5L12.6 0.5V10.4H22.5V12.6H0.5L0.5 10.4Z\" fill=\"white\"><\/path><path d=\"M12.6 23.0566L12.6 14.8591H10.4L10.4 23.0566H12.6Z\" fill=\"white\"><\/path><\/svg><\/div>\n<\/div>\n<div style=\"position:absolute;pointer-events:none;left:64.07767%;top:3.39806%;width:33.25243%;height:22.16828%;transform:rotate(270deg);opacity:0.08\">\n<div style=\"pointer-events:initial;width:100%;height:100%;display:block;position:absolute;top:0;left:0;z-index:0\" id=\"el-1e6d4305-1414-44ce-9de1-3e86e12b246a\"><svg style=\"display:block;position:absolute;top:0;height:100%;width:auto\" viewBox=\"0 0 26 26\" fill=\"none\" xmlns=\"http:\/\/www.w3.org\/2000\/svg\"><title>Gray Frame Corner<\/title><path d=\"M25.5 25.5L25.5 0.5L0.5 0.500001L0.5 1.5L24.5 1.5L24.5 25.5H25.5Z\" fill=\"#8C8C8C\" fill-opacity=\"0.5\"><\/path><\/svg><\/div>\n<\/div>\n<div style=\"position:absolute;pointer-events:none;left:60.43689%;top:83.17152%;width:33.25243%;height:22.16828%;transform:rotate(90deg);opacity:0.08\">\n<div style=\"pointer-events:initial;width:100%;height:100%;display:block;position:absolute;top:0;left:0;z-index:0\" id=\"el-1cc6c19b-1582-4dc4-9c37-57a774dbc5a4\"><a href=\"https:\/\/www.suno.com.br\/noticias\/web-stories\/banco-inter-inbr31-estreia-bolsa-bdr\/\" target=\"_blank\" rel=\"noreferrer noopener\" style=\"width:100%;height:100%;display:block;position:absolute;top:0;left:0\"><svg style=\"display:block;position:absolute;top:0;height:100%;width:auto\" viewBox=\"0 0 26 26\" fill=\"none\" xmlns=\"http:\/\/www.w3.org\/2000\/svg\"><title>Gray Frame Corner<\/title><path d=\"M25.5 25.5L25.5 0.5L0.5 0.500001L0.5 1.5L24.5 1.5L24.5 25.5H25.5Z\" fill=\"#8C8C8C\" fill-opacity=\"0.5\"><\/path><\/svg><\/a><\/div>\n<\/div>\n<\/div>\n<\/div>\n<p><\/amp-story-grid-layer><\/amp-story-page><amp-story-page id=\"4399af39-756c-4330-8db2-d9941f869db1\" auto-advance-after=\"7s\"><amp-story-grid-layer template=\"vertical\" aspect-ratio=\"412:618\" class=\"grid-layer\"><\/p>\n<div class=\"page-fullbleed-area\" style=\"background-color:#1e241d\">\n<div class=\"page-safe-area\">\n<div style=\"position:absolute;pointer-events:none;left:0;top:-9.25926%;width:100%;height:118.51852%;opacity:1\">\n<div style=\"pointer-events:initial;width:100%;height:100%;display:block;position:absolute;top:0;left:0;z-index:0\" class=\"mask\" id=\"el-f16450cb-9631-473e-9b53-484cb1ae3dbf\">\n<div style=\"position:absolute;width:100%;height:100%;left:0%;top:0%\" data-leaf-element=\"true\"><amp-img layout=\"fill\" src=\"https:\/\/files.sunoresearch.com.br\/n\/uploads\/2023\/01\/CTA-WebStories-Planilha-de-controle-de-gastos-576x1024-1.webp\" alt=\"\" srcSet=\"https:\/\/files.sunoresearch.com.br\/n\/uploads\/2023\/01\/CTA-WebStories-Planilha-de-controle-de-gastos-576x1024-1.webp 576w,https:\/\/files.sunoresearch.com.br\/n\/uploads\/2023\/01\/CTA-WebStories-Planilha-de-controle-de-gastos-576x1024-1-169x300.webp 169w,https:\/\/files.sunoresearch.com.br\/n\/uploads\/2023\/01\/CTA-WebStories-Planilha-de-controle-de-gastos-576x1024-1-150x267.webp 150w\" sizes=\"(min-width: 1024px) 45vh, 100vw\" disable-inline-width=\"true\"><\/amp-img><\/div>\n<\/div>\n<\/div>\n<\/div>\n<\/div>\n<p><\/amp-story-grid-layer><amp-story-grid-layer template=\"vertical\" aspect-ratio=\"412:618\" class=\"grid-layer\"><\/p>\n<div class=\"page-fullbleed-area\">\n<div class=\"page-safe-area\"><\/div>\n<\/div>\n<p><\/amp-story-grid-layer><amp-story-page-outlink layout=\"nodisplay\" cta-image=\"https:\/\/lp.suno.com.br\/wp-content\/uploads\/2022\/05\/Group-575-1.png\"><!DOCTYPE html PUBLIC \"-\/\/W3C\/\/DTD HTML 4.0 Transitional\/\/EN\" \"http:\/\/www.w3.org\/TR\/REC-html40\/loose.dtd\"><br \/>\n<html><body><a href=\"https:\/\/lp.suno.com.br\/planilha-controle-gastos\/?ppp=noticias\/web-stories\/americanas-lemann-socios-racha-entenda\" rel=\"\">Aproveite \ud83d\ude42<\/a><\/body><\/html><br \/>\n<\/amp-story-page-outlink><\/amp-story-page><\/amp-story><\/body><\/html><\/p>\n","protected":false},"excerpt":{"rendered":"<p>A crise na Americanas provocou um racha entre Jorge Paulo Lemann, Marcel Telles e Beto Sicupira. Saiba mais!<\/p>\n","protected":false},"author":232,"featured_media":352572,"template":"","meta":{"web_stories_publisher_logo":180483,"web_stories_poster":[],"web_stories_products":[],"footnotes":""},"web_story_category":[],"web_story_tag":[],"class_list":["post-360725","web-story","type-web-story","status-publish","has-post-thumbnail","hentry"],"yoast_head":"<!-- This site is optimized with the Yoast SEO plugin v24.4 - https:\/\/yoast.com\/wordpress\/plugins\/seo\/ -->\n<title>Americanas: Lemann e s\u00f3cios racham com crise na empresa<\/title>\n<meta name=\"description\" content=\"A crise na Americanas acendeu um racha entre Jorge Paulo Lemann, Marcel Telles e Beto Sicupira. Saiba mais!\" \/>\n<meta name=\"robots\" content=\"index, follow, max-snippet:-1, max-image-preview:large, max-video-preview:-1\" \/>\n<link rel=\"canonical\" href=\"https:\/\/www.suno.com.br\/noticias\/web-stories\/americanas-lemann-socios-racha-entenda\/\" \/>\n<meta property=\"og:locale\" content=\"pt_BR\" \/>\n<meta property=\"og:type\" content=\"article\" \/>\n<meta property=\"og:title\" content=\"Americanas: Lemann e s\u00f3cios racham com crise na empresa\" \/>\n<meta property=\"og:description\" content=\"A crise na Americanas acendeu um racha entre Jorge Paulo Lemann, Marcel Telles e Beto Sicupira. Saiba mais!\" \/>\n<meta property=\"og:url\" content=\"https:\/\/www.suno.com.br\/noticias\/web-stories\/americanas-lemann-socios-racha-entenda\/\" \/>\n<meta property=\"og:site_name\" content=\"Suno Not\u00edcias\" \/>\n<meta property=\"article:publisher\" content=\"https:\/\/facebook.com\/sunoresearch\" \/>\n<meta property=\"og:image\" content=\"https:\/\/files.sunoresearch.com.br\/n\/uploads\/2023\/01\/cropped-Americanas-Express.jpg\" \/>\n\t<meta property=\"og:image:width\" content=\"640\" \/>\n\t<meta property=\"og:image:height\" content=\"853\" \/>\n\t<meta property=\"og:image:type\" content=\"image\/jpeg\" \/>\n<meta name=\"twitter:card\" content=\"summary_large_image\" \/>\n<meta name=\"twitter:site\" content=\"@sunoresearch\" \/>\n<meta name=\"twitter:label1\" content=\"Est. tempo de leitura\" \/>\n\t<meta name=\"twitter:data1\" content=\"1 minuto\" \/>\n<script type=\"application\/ld+json\" class=\"yoast-schema-graph\">{\"@context\":\"https:\/\/schema.org\",\"@graph\":[{\"@type\":\"NewsArticle\",\"@id\":\"https:\/\/www.suno.com.br\/noticias\/web-stories\/americanas-lemann-socios-racha-entenda\/#article\",\"isPartOf\":{\"@id\":\"https:\/\/www.suno.com.br\/noticias\/web-stories\/americanas-lemann-socios-racha-entenda\/\"},\"author\":{\"name\":\"Erick Matheus Nery\",\"@id\":\"https:\/\/www.suno.com.br\/noticias\/#\/schema\/person\/6899bc3f19d1a7315f807131c2c013a0\"},\"headline\":\"Americanas: Lemann e s\u00f3cios racham com crise na empresa\",\"datePublished\":\"2023-02-08T20:30:05+00:00\",\"dateModified\":\"2023-02-08T20:30:07+00:00\",\"mainEntityOfPage\":{\"@id\":\"https:\/\/www.suno.com.br\/noticias\/web-stories\/americanas-lemann-socios-racha-entenda\/\"},\"wordCount\":311,\"publisher\":{\"@id\":\"https:\/\/www.suno.com.br\/noticias\/#organization\"},\"image\":{\"@id\":\"https:\/\/www.suno.com.br\/noticias\/web-stories\/americanas-lemann-socios-racha-entenda\/#primaryimage\"},\"thumbnailUrl\":\"https:\/\/files.sunoresearch.com.br\/n\/uploads\/2023\/01\/cropped-Americanas-Express.jpg\",\"inLanguage\":\"pt-BR\"},{\"@type\":\"WebPage\",\"@id\":\"https:\/\/www.suno.com.br\/noticias\/web-stories\/americanas-lemann-socios-racha-entenda\/\",\"url\":\"https:\/\/www.suno.com.br\/noticias\/web-stories\/americanas-lemann-socios-racha-entenda\/\",\"name\":\"Americanas: Lemann e s\u00f3cios racham com crise na empresa\",\"isPartOf\":{\"@id\":\"https:\/\/www.suno.com.br\/noticias\/#website\"},\"primaryImageOfPage\":{\"@id\":\"https:\/\/www.suno.com.br\/noticias\/web-stories\/americanas-lemann-socios-racha-entenda\/#primaryimage\"},\"image\":{\"@id\":\"https:\/\/www.suno.com.br\/noticias\/web-stories\/americanas-lemann-socios-racha-entenda\/#primaryimage\"},\"thumbnailUrl\":\"https:\/\/files.sunoresearch.com.br\/n\/uploads\/2023\/01\/cropped-Americanas-Express.jpg\",\"datePublished\":\"2023-02-08T20:30:05+00:00\",\"dateModified\":\"2023-02-08T20:30:07+00:00\",\"description\":\"A crise na Americanas acendeu um racha entre Jorge Paulo Lemann, Marcel Telles e Beto Sicupira. Saiba mais!\",\"breadcrumb\":{\"@id\":\"https:\/\/www.suno.com.br\/noticias\/web-stories\/americanas-lemann-socios-racha-entenda\/#breadcrumb\"},\"inLanguage\":\"pt-BR\",\"potentialAction\":[{\"@type\":\"ReadAction\",\"target\":[\"https:\/\/www.suno.com.br\/noticias\/web-stories\/americanas-lemann-socios-racha-entenda\/\"]}]},{\"@type\":\"ImageObject\",\"inLanguage\":\"pt-BR\",\"@id\":\"https:\/\/www.suno.com.br\/noticias\/web-stories\/americanas-lemann-socios-racha-entenda\/#primaryimage\",\"url\":\"https:\/\/files.sunoresearch.com.br\/n\/uploads\/2023\/01\/cropped-Americanas-Express.jpg\",\"contentUrl\":\"https:\/\/files.sunoresearch.com.br\/n\/uploads\/2023\/01\/cropped-Americanas-Express.jpg\",\"width\":640,\"height\":853,\"caption\":\"Americanas. Foto: Divulga\u00e7\u00e3o\"},{\"@type\":\"BreadcrumbList\",\"@id\":\"https:\/\/www.suno.com.br\/noticias\/web-stories\/americanas-lemann-socios-racha-entenda\/#breadcrumb\",\"itemListElement\":[{\"@type\":\"ListItem\",\"position\":1,\"name\":\"Not\u00edcias\",\"item\":\"https:\/\/www.suno.com.br\/noticias\/\"},{\"@type\":\"ListItem\",\"position\":2,\"name\":\"Story\",\"item\":\"https:\/\/www.suno.com.br\/noticias\/web-stories\/\"},{\"@type\":\"ListItem\",\"position\":3,\"name\":\"Americanas: Lemann e s\u00f3cios racham com crise na empresa\"}]},{\"@type\":\"WebSite\",\"@id\":\"https:\/\/www.suno.com.br\/noticias\/#website\",\"url\":\"https:\/\/www.suno.com.br\/noticias\/\",\"name\":\"Suno Not\u00edcias\",\"description\":\"Seu portal de informa\u00e7\u00e3o sobre o mundo dos investimentos\",\"publisher\":{\"@id\":\"https:\/\/www.suno.com.br\/noticias\/#organization\"},\"potentialAction\":[{\"@type\":\"SearchAction\",\"target\":{\"@type\":\"EntryPoint\",\"urlTemplate\":\"https:\/\/www.suno.com.br\/noticias\/?s={search_term_string}\"},\"query-input\":{\"@type\":\"PropertyValueSpecification\",\"valueRequired\":true,\"valueName\":\"search_term_string\"}}],\"inLanguage\":\"pt-BR\"},{\"@type\":\"Organization\",\"@id\":\"https:\/\/www.suno.com.br\/noticias\/#organization\",\"name\":\"Suno Not\u00edcias\",\"url\":\"https:\/\/www.suno.com.br\/noticias\/\",\"logo\":{\"@type\":\"ImageObject\",\"inLanguage\":\"pt-BR\",\"@id\":\"https:\/\/www.suno.com.br\/noticias\/#\/schema\/logo\/image\/\",\"url\":\"https:\/\/files.sunoresearch.com.br\/n\/uploads\/2021\/09\/suno-logo.png\",\"contentUrl\":\"https:\/\/files.sunoresearch.com.br\/n\/uploads\/2021\/09\/suno-logo.png\",\"width\":180,\"height\":180,\"caption\":\"Suno Not\u00edcias\"},\"image\":{\"@id\":\"https:\/\/www.suno.com.br\/noticias\/#\/schema\/logo\/image\/\"},\"sameAs\":[\"https:\/\/facebook.com\/sunoresearch\",\"https:\/\/x.com\/sunoresearch\",\"https:\/\/www.instagram.com\/suno\",\"https:\/\/www.linkedin.com\/company\/suno-research\/\",\"https:\/\/www.youtube.com\/c\/sunoresearch\"]},{\"@type\":\"Person\",\"@id\":\"https:\/\/www.suno.com.br\/noticias\/#\/schema\/person\/6899bc3f19d1a7315f807131c2c013a0\",\"name\":\"Erick Matheus Nery\",\"image\":{\"@type\":\"ImageObject\",\"inLanguage\":\"pt-BR\",\"@id\":\"https:\/\/www.suno.com.br\/noticias\/#\/schema\/person\/image\/\",\"url\":\"https:\/\/secure.gravatar.com\/avatar\/518ddffe438ccb767782d372a66304d2?s=96&r=g\",\"contentUrl\":\"https:\/\/secure.gravatar.com\/avatar\/518ddffe438ccb767782d372a66304d2?s=96&r=g\",\"caption\":\"Erick Matheus Nery\"},\"description\":\"Formado em Jornalismo pela Universidade Federal do Par\u00e1 (UFPA), conta com extens\u00e3o em Jornalismo Econ\u00f4mico pela Funda\u00e7\u00e3o Get\u00falio Vargas (FGV). No Suno Not\u00edcias, atua como rep\u00f3rter de Mercado, com foco nos setores de telecomunica\u00e7\u00f5es, varejo, alimentos e renda fixa. Conta com passagens pelo jornal O Estado de S\u00e3o Paulo, como trainee de Jornalismo Econ\u00f4mico, e pelo site Not\u00edcias da TV.\",\"url\":\"https:\/\/www.suno.com.br\/noticias\/author\/erick-nery\/\"}]}<\/script>\n<!-- \/ Yoast SEO plugin. -->","yoast_head_json":{"title":"Americanas: Lemann e s\u00f3cios racham com crise na empresa","description":"A crise na Americanas acendeu um racha entre Jorge Paulo Lemann, Marcel Telles e Beto Sicupira. Saiba mais!","robots":{"index":"index","follow":"follow","max-snippet":"max-snippet:-1","max-image-preview":"max-image-preview:large","max-video-preview":"max-video-preview:-1"},"canonical":"https:\/\/www.suno.com.br\/noticias\/web-stories\/americanas-lemann-socios-racha-entenda\/","og_locale":"pt_BR","og_type":"article","og_title":"Americanas: Lemann e s\u00f3cios racham com crise na empresa","og_description":"A crise na Americanas acendeu um racha entre Jorge Paulo Lemann, Marcel Telles e Beto Sicupira. Saiba mais!","og_url":"https:\/\/www.suno.com.br\/noticias\/web-stories\/americanas-lemann-socios-racha-entenda\/","og_site_name":"Suno Not\u00edcias","article_publisher":"https:\/\/facebook.com\/sunoresearch","og_image":[{"width":640,"height":853,"url":"https:\/\/files.sunoresearch.com.br\/n\/uploads\/2023\/01\/cropped-Americanas-Express.jpg","type":"image\/jpeg"}],"twitter_card":"summary_large_image","twitter_site":"@sunoresearch","twitter_misc":{"Est. tempo de leitura":"1 minuto"},"schema":{"@context":"https:\/\/schema.org","@graph":[{"@type":"NewsArticle","@id":"https:\/\/www.suno.com.br\/noticias\/web-stories\/americanas-lemann-socios-racha-entenda\/#article","isPartOf":{"@id":"https:\/\/www.suno.com.br\/noticias\/web-stories\/americanas-lemann-socios-racha-entenda\/"},"author":{"name":"Erick Matheus Nery","@id":"https:\/\/www.suno.com.br\/noticias\/#\/schema\/person\/6899bc3f19d1a7315f807131c2c013a0"},"headline":"Americanas: Lemann e s\u00f3cios racham com crise na empresa","datePublished":"2023-02-08T20:30:05+00:00","dateModified":"2023-02-08T20:30:07+00:00","mainEntityOfPage":{"@id":"https:\/\/www.suno.com.br\/noticias\/web-stories\/americanas-lemann-socios-racha-entenda\/"},"wordCount":311,"publisher":{"@id":"https:\/\/www.suno.com.br\/noticias\/#organization"},"image":{"@id":"https:\/\/www.suno.com.br\/noticias\/web-stories\/americanas-lemann-socios-racha-entenda\/#primaryimage"},"thumbnailUrl":"https:\/\/files.sunoresearch.com.br\/n\/uploads\/2023\/01\/cropped-Americanas-Express.jpg","inLanguage":"pt-BR"},{"@type":"WebPage","@id":"https:\/\/www.suno.com.br\/noticias\/web-stories\/americanas-lemann-socios-racha-entenda\/","url":"https:\/\/www.suno.com.br\/noticias\/web-stories\/americanas-lemann-socios-racha-entenda\/","name":"Americanas: Lemann e s\u00f3cios racham com crise na empresa","isPartOf":{"@id":"https:\/\/www.suno.com.br\/noticias\/#website"},"primaryImageOfPage":{"@id":"https:\/\/www.suno.com.br\/noticias\/web-stories\/americanas-lemann-socios-racha-entenda\/#primaryimage"},"image":{"@id":"https:\/\/www.suno.com.br\/noticias\/web-stories\/americanas-lemann-socios-racha-entenda\/#primaryimage"},"thumbnailUrl":"https:\/\/files.sunoresearch.com.br\/n\/uploads\/2023\/01\/cropped-Americanas-Express.jpg","datePublished":"2023-02-08T20:30:05+00:00","dateModified":"2023-02-08T20:30:07+00:00","description":"A crise na Americanas acendeu um racha entre Jorge Paulo Lemann, Marcel Telles e Beto Sicupira. Saiba mais!","breadcrumb":{"@id":"https:\/\/www.suno.com.br\/noticias\/web-stories\/americanas-lemann-socios-racha-entenda\/#breadcrumb"},"inLanguage":"pt-BR","potentialAction":[{"@type":"ReadAction","target":["https:\/\/www.suno.com.br\/noticias\/web-stories\/americanas-lemann-socios-racha-entenda\/"]}]},{"@type":"ImageObject","inLanguage":"pt-BR","@id":"https:\/\/www.suno.com.br\/noticias\/web-stories\/americanas-lemann-socios-racha-entenda\/#primaryimage","url":"https:\/\/files.sunoresearch.com.br\/n\/uploads\/2023\/01\/cropped-Americanas-Express.jpg","contentUrl":"https:\/\/files.sunoresearch.com.br\/n\/uploads\/2023\/01\/cropped-Americanas-Express.jpg","width":640,"height":853,"caption":"Americanas. Foto: Divulga\u00e7\u00e3o"},{"@type":"BreadcrumbList","@id":"https:\/\/www.suno.com.br\/noticias\/web-stories\/americanas-lemann-socios-racha-entenda\/#breadcrumb","itemListElement":[{"@type":"ListItem","position":1,"name":"Not\u00edcias","item":"https:\/\/www.suno.com.br\/noticias\/"},{"@type":"ListItem","position":2,"name":"Story","item":"https:\/\/www.suno.com.br\/noticias\/web-stories\/"},{"@type":"ListItem","position":3,"name":"Americanas: Lemann e s\u00f3cios racham com crise na empresa"}]},{"@type":"WebSite","@id":"https:\/\/www.suno.com.br\/noticias\/#website","url":"https:\/\/www.suno.com.br\/noticias\/","name":"Suno Not\u00edcias","description":"Seu portal de informa\u00e7\u00e3o sobre o mundo dos investimentos","publisher":{"@id":"https:\/\/www.suno.com.br\/noticias\/#organization"},"potentialAction":[{"@type":"SearchAction","target":{"@type":"EntryPoint","urlTemplate":"https:\/\/www.suno.com.br\/noticias\/?s={search_term_string}"},"query-input":{"@type":"PropertyValueSpecification","valueRequired":true,"valueName":"search_term_string"}}],"inLanguage":"pt-BR"},{"@type":"Organization","@id":"https:\/\/www.suno.com.br\/noticias\/#organization","name":"Suno Not\u00edcias","url":"https:\/\/www.suno.com.br\/noticias\/","logo":{"@type":"ImageObject","inLanguage":"pt-BR","@id":"https:\/\/www.suno.com.br\/noticias\/#\/schema\/logo\/image\/","url":"https:\/\/files.sunoresearch.com.br\/n\/uploads\/2021\/09\/suno-logo.png","contentUrl":"https:\/\/files.sunoresearch.com.br\/n\/uploads\/2021\/09\/suno-logo.png","width":180,"height":180,"caption":"Suno Not\u00edcias"},"image":{"@id":"https:\/\/www.suno.com.br\/noticias\/#\/schema\/logo\/image\/"},"sameAs":["https:\/\/facebook.com\/sunoresearch","https:\/\/x.com\/sunoresearch","https:\/\/www.instagram.com\/suno","https:\/\/www.linkedin.com\/company\/suno-research\/","https:\/\/www.youtube.com\/c\/sunoresearch"]},{"@type":"Person","@id":"https:\/\/www.suno.com.br\/noticias\/#\/schema\/person\/6899bc3f19d1a7315f807131c2c013a0","name":"Erick Matheus Nery","image":{"@type":"ImageObject","inLanguage":"pt-BR","@id":"https:\/\/www.suno.com.br\/noticias\/#\/schema\/person\/image\/","url":"https:\/\/secure.gravatar.com\/avatar\/518ddffe438ccb767782d372a66304d2?s=96&r=g","contentUrl":"https:\/\/secure.gravatar.com\/avatar\/518ddffe438ccb767782d372a66304d2?s=96&r=g","caption":"Erick Matheus Nery"},"description":"Formado em Jornalismo pela Universidade Federal do Par\u00e1 (UFPA), conta com extens\u00e3o em Jornalismo Econ\u00f4mico pela Funda\u00e7\u00e3o Get\u00falio Vargas (FGV). No Suno Not\u00edcias, atua como rep\u00f3rter de Mercado, com foco nos setores de telecomunica\u00e7\u00f5es, varejo, alimentos e renda fixa. Conta com passagens pelo jornal O Estado de S\u00e3o Paulo, como trainee de Jornalismo Econ\u00f4mico, e pelo site Not\u00edcias da TV.","url":"https:\/\/www.suno.com.br\/noticias\/author\/erick-nery\/"}]}},"amp_enabled":false,"story_data":{"version":46,"pages":[{"elements":[{"opacity":100,"flip":{"vertical":false,"horizontal":false},"rotationAngle":0,"lockAspectRatio":false,"scale":100,"focalX":50,"focalY":50,"resource":{"type":"image","mimeType":"image\/jpeg","width":640,"height":853,"sizes":{"medium":{"file":"cropped-Americanas-Foto-2021-Credito-Divulgacao-scaled-2-225x300.jpg","width":225,"height":300,"mimeType":"image\/jpeg","sourceUrl":"https:\/\/files.sunoresearch.com.br\/n\/uploads\/2022\/01\/cropped-Americanas-Foto-2021-Credito-Divulgacao-scaled-2-225x300.jpg"},"thumbnail":{"file":"cropped-Americanas-Foto-2021-Credito-Divulgacao-scaled-2-150x150.jpg","width":150,"height":150,"mimeType":"image\/jpeg","sourceUrl":"https:\/\/files.sunoresearch.com.br\/n\/uploads\/2022\/01\/cropped-Americanas-Foto-2021-Credito-Divulgacao-scaled-2-150x150.jpg"},"180x135":{"file":"cropped-Americanas-Foto-2021-Credito-Divulgacao-scaled-2-180x135.jpg","width":180,"height":135,"mimeType":"image\/jpeg","sourceUrl":"https:\/\/files.sunoresearch.com.br\/n\/uploads\/2022\/01\/cropped-Americanas-Foto-2021-Credito-Divulgacao-scaled-2-180x135.jpg"},"400x200":{"file":"cropped-Americanas-Foto-2021-Credito-Divulgacao-scaled-2-400x200.jpg","width":400,"height":200,"mimeType":"image\/jpeg","sourceUrl":"https:\/\/files.sunoresearch.com.br\/n\/uploads\/2022\/01\/cropped-Americanas-Foto-2021-Credito-Divulgacao-scaled-2-400x200.jpg"},"400x300":{"file":"cropped-Americanas-Foto-2021-Credito-Divulgacao-scaled-2-400x300.jpg","width":400,"height":300,"mimeType":"image\/jpeg","sourceUrl":"https:\/\/files.sunoresearch.com.br\/n\/uploads\/2022\/01\/cropped-Americanas-Foto-2021-Credito-Divulgacao-scaled-2-400x300.jpg"},"600x300":{"file":"cropped-Americanas-Foto-2021-Credito-Divulgacao-scaled-2-600x300.jpg","width":600,"height":300,"mimeType":"image\/jpeg","sourceUrl":"https:\/\/files.sunoresearch.com.br\/n\/uploads\/2022\/01\/cropped-Americanas-Foto-2021-Credito-Divulgacao-scaled-2-600x300.jpg"},"800x450":{"file":"cropped-Americanas-Foto-2021-Credito-Divulgacao-scaled-2-640x450.jpg","width":640,"height":450,"mimeType":"image\/jpeg","sourceUrl":"https:\/\/files.sunoresearch.com.br\/n\/uploads\/2022\/01\/cropped-Americanas-Foto-2021-Credito-Divulgacao-scaled-2-640x450.jpg"},"web-stories-poster-portrait":{"file":"cropped-Americanas-Foto-2021-Credito-Divulgacao-scaled-2-640x853.jpg","width":640,"height":853,"mimeType":"image\/jpeg","sourceUrl":"https:\/\/files.sunoresearch.com.br\/n\/uploads\/2022\/01\/cropped-Americanas-Foto-2021-Credito-Divulgacao-scaled-2-640x853.jpg"},"web-stories-publisher-logo":{"file":"cropped-Americanas-Foto-2021-Credito-Divulgacao-scaled-2-96x96.jpg","width":96,"height":96,"mimeType":"image\/jpeg","sourceUrl":"https:\/\/files.sunoresearch.com.br\/n\/uploads\/2022\/01\/cropped-Americanas-Foto-2021-Credito-Divulgacao-scaled-2-96x96.jpg"},"web-stories-thumbnail":{"file":"cropped-Americanas-Foto-2021-Credito-Divulgacao-scaled-2-150x200.jpg","width":150,"height":200,"mimeType":"image\/jpeg","sourceUrl":"https:\/\/files.sunoresearch.com.br\/n\/uploads\/2022\/01\/cropped-Americanas-Foto-2021-Credito-Divulgacao-scaled-2-150x200.jpg"},"full":{"file":"cropped-Americanas-Foto-2021-Credito-Divulgacao-scaled-2.jpg","width":640,"height":853,"mimeType":"image\/jpeg","sourceUrl":"https:\/\/files.sunoresearch.com.br\/n\/uploads\/2022\/01\/cropped-Americanas-Foto-2021-Credito-Divulgacao-scaled-2.jpg"}},"isPlaceholder":false,"isExternal":false,"needsProxy":false,"baseColor":"#bc9f83","blurHash":"UALo_[8{4:$eukskx[Nb?w%JtQX92bIpV@$f","creationDate":"2023-01-18T19:08:05","src":"https:\/\/files.sunoresearch.com.br\/n\/uploads\/2022\/01\/cropped-Americanas-Foto-2021-Credito-Divulgacao-scaled-2.jpg","id":349227,"alt":"Americanas (AMER3). Foto: Divulga\u00e7\u00e3o","local":false},"type":"image","x":48,"y":0,"width":320,"height":427,"mask":{"type":"rectangle","showInLibrary":true,"name":"Rectangle","path":"M 0,0 1,0 1,1 0,1 0,0 Z","ratio":1,"supportsBorder":true},"id":"20056a18-db45-48fb-b38c-4b781fd8c0d9","isBackground":true,"overlay":{"color":{"r":0,"g":0,"b":0,"a":0.5}}},{"opacity":100,"flip":{"vertical":false,"horizontal":false},"rotationAngle":0,"lockAspectRatio":true,"scale":100,"focalX":50,"focalY":50,"resource":{"baseColor":"#c82b2c","type":"image","mimeType":"image\/png","creationDate":"2022-06-10T15:02:06","src":"https:\/\/www.suno.com.br\/wp-content\/uploads\/2022\/06\/Suno-Negativo.png","width":904,"height":252,"id":240969,"alt":"Suno Negativo","sizes":{"medium":{"file":"Suno-Negativo-300x84.png","width":300,"height":84,"mimeType":"image\/png","sourceUrl":"https:\/\/www.suno.com.br\/wp-content\/uploads\/2022\/06\/Suno-Negativo-300x84.png"},"thumbnail":{"file":"Suno-Negativo-150x150.png","width":150,"height":150,"mimeType":"image\/png","sourceUrl":"https:\/\/www.suno.com.br\/wp-content\/uploads\/2022\/06\/Suno-Negativo-150x150.png"},"medium_large":{"file":"Suno-Negativo-768x214.png","width":768,"height":214,"mimeType":"image\/png","sourceUrl":"https:\/\/www.suno.com.br\/wp-content\/uploads\/2022\/06\/Suno-Negativo-768x214.png"},"400x200":{"file":"Suno-Negativo-400x200.png","width":400,"height":200,"mimeType":"image\/png","sourceUrl":"https:\/\/www.suno.com.br\/wp-content\/uploads\/2022\/06\/Suno-Negativo-400x200.png"},"400x300":{"file":"Suno-Negativo-400x252.png","width":400,"height":252,"mimeType":"image\/png","sourceUrl":"https:\/\/www.suno.com.br\/wp-content\/uploads\/2022\/06\/Suno-Negativo-400x252.png"},"800x450":{"file":"Suno-Negativo-800x252.png","width":800,"height":252,"mimeType":"image\/png","sourceUrl":"https:\/\/www.suno.com.br\/wp-content\/uploads\/2022\/06\/Suno-Negativo-800x252.png"},"web-stories-poster-portrait":{"file":"Suno-Negativo-640x252.png","width":640,"height":252,"mimeType":"image\/png","sourceUrl":"https:\/\/www.suno.com.br\/wp-content\/uploads\/2022\/06\/Suno-Negativo-640x252.png"},"web-stories-publisher-logo":{"file":"Suno-Negativo-96x96.png","width":96,"height":96,"mimeType":"image\/png","sourceUrl":"https:\/\/www.suno.com.br\/wp-content\/uploads\/2022\/06\/Suno-Negativo-96x96.png"},"web-stories-thumbnail":{"file":"Suno-Negativo-150x42.png","width":150,"height":42,"mimeType":"image\/png","sourceUrl":"https:\/\/www.suno.com.br\/wp-content\/uploads\/2022\/06\/Suno-Negativo-150x42.png"},"full":{"file":"Suno-Negativo.png","width":904,"height":252,"mimeType":"image\/png","sourceUrl":"https:\/\/www.suno.com.br\/wp-content\/uploads\/2022\/06\/Suno-Negativo.png"}},"isPlaceholder":false,"isOptimized":false,"isMuted":false,"isExternal":false,"provider":"local"},"type":"image","width":106,"height":30,"mask":{"type":"rectangle","showInLibrary":true,"name":"Ret\u00e2ngulo","path":"M 0,0 1,0 1,1 0,1 0,0 Z","ratio":1,"supportsBorder":true},"basedOn":"e16c2fa5-84e1-4fe5-ab95-2250965ca2b6","x":154,"y":0,"id":"0ac100fb-07e5-49ee-8a24-9bcb63612294"},{"opacity":100,"flip":{"vertical":false,"horizontal":false},"rotationAngle":0,"lockAspectRatio":true,"backgroundColor":{"color":{"r":212,"g":33,"b":38}},"type":"shape","width":262,"height":30,"mask":{"type":"rectangle"},"basedOn":"fffc4065-186a-447f-8397-88314f79c14b","x":75,"y":111,"id":"f264831d-5ddb-4921-9200-1abbf8952b31"},{"opacity":100,"flip":{"vertical":false,"horizontal":false},"rotationAngle":0,"lockAspectRatio":true,"backgroundTextMode":"NONE","font":{"family":"Montserrat"},"fontSize":20,"backgroundColor":{"color":{"r":196,"g":196,"b":196}},"lineHeight":1.2,"textAlign":"center","padding":{"locked":true,"hasHiddenPadding":false},"type":"text","content":"<span style=\"font-weight: 700; color: #fff\">BRIGA DE RICOS<\/span>","borderRadius":{"locked":true,"topLeft":2,"topRight":2,"bottomRight":2,"bottomLeft":2},"width":261,"height":25,"basedOn":"507c8720-cf7f-4da6-9e8b-286d398f9967","x":78,"y":114,"id":"2ed1c33e-7c5a-4888-a94d-df2ce5bf14ba"},{"opacity":100,"flip":{"vertical":false,"horizontal":false},"rotationAngle":0,"lockAspectRatio":true,"backgroundTextMode":"NONE","font":{"family":"Montserrat"},"fontSize":20,"backgroundColor":{"color":{"r":196,"g":196,"b":196}},"lineHeight":1.5,"textAlign":"center","padding":{"locked":true,"horizontal":0,"vertical":0},"type":"text","content":"<span style=\"font-weight: 700; color: #fff\">Suno Not\u00edcias<\/span>","marginOffset":5.578125,"width":317,"height":24,"basedOn":"fc190a56-1f52-44f7-88db-5d6d9968979a","x":49,"y":554,"id":"ee4d07c2-b27c-47a9-9fa9-dbf68ffb44a3"},{"opacity":100,"flip":{"vertical":false,"horizontal":false},"rotationAngle":0,"lockAspectRatio":true,"backgroundTextMode":"NONE","font":{"family":"Montserrat"},"fontSize":16,"backgroundColor":{"color":{"r":196,"g":196,"b":196}},"lineHeight":1.5,"textAlign":"center","padding":{"locked":true,"horizontal":0,"vertical":0},"type":"text","content":"<span style=\"color: #fff\">8 de fevereiro, 2023<\/span>","width":314,"height":20,"basedOn":"d221658e-44da-4bd1-bc0e-c6248f4e0639","x":50,"y":578,"id":"d61319de-f3bd-48f8-a6fb-77e9cc40345a"},{"opacity":100,"flip":{"vertical":false,"horizontal":false},"rotationAngle":0,"lockAspectRatio":true,"backgroundTextMode":"NONE","font":{"family":"Montserrat"},"fontSize":36,"backgroundColor":{"color":{"r":196,"g":196,"b":196}},"lineHeight":1.1,"textAlign":"center","padding":{"locked":true,"horizontal":0,"vertical":0},"type":"text","content":"<span style=\"font-weight: 700; color: #fff\">Americanas: Lemann e s\u00f3cios racham com crise na empresa<\/span>","width":262,"height":242,"basedOn":"c69c6f1f-5aed-4a8c-9337-6aa122d758a3","x":78,"y":221,"id":"f2d28412-f572-4ad2-8198-282f06f590a1"}],"backgroundColor":{"color":{"r":255,"g":255,"b":255}},"type":"page","id":"cc8bb080-d022-4fc1-b427-32432cfa5ed0","defaultBackgroundElement":{"opacity":100,"flip":{"vertical":false,"horizontal":false},"rotationAngle":0,"lockAspectRatio":true,"x":1,"y":1,"width":1,"height":1,"mask":{"type":"rectangle"},"isBackground":true,"isDefaultBackground":true,"type":"shape","id":"2ec91ccf-b3d6-4b56-8973-268e7c3421d2"},"animations":[],"pageAttachment":{"url":"","icon":"https:\/\/lp.suno.com.br\/wp-content\/uploads\/2022\/05\/image-5-1.png","needsProxy":false,"ctaText":"Aprenda mais"}},{"elements":[{"opacity":100,"flip":{"vertical":false,"horizontal":false},"rotationAngle":0,"lockAspectRatio":true,"x":1,"y":1,"width":1,"height":1,"mask":{"type":"rectangle"},"isBackground":true,"isDefaultBackground":true,"type":"shape","id":"d20fd0fc-6e5c-44c2-a033-6d4d778ee5a5","basedOn":"f59e6355-29a4-492b-93dc-fcd143dd9656"},{"opacity":100,"flip":{"vertical":false,"horizontal":false},"rotationAngle":0,"lockAspectRatio":true,"backgroundColor":{"color":{"r":33,"g":33,"b":33}},"x":-57,"y":308,"width":534,"height":511,"mask":{"type":"rectangle"},"borderRadius":{"topLeft":12,"topRight":12,"bottomRight":12,"bottomLeft":12,"locked":true},"type":"shape","basedOn":"5270a7ff-4007-4b1e-89c4-ff7e112dfab8","id":"7d7af45c-2df1-49a0-a43d-5d709859417b","link":null},{"opacity":100,"flip":{"vertical":false,"horizontal":false},"rotationAngle":0,"lockAspectRatio":true,"backgroundTextMode":"NONE","font":{"family":"Montserrat"},"fontSize":25,"backgroundColor":{"color":{"r":196,"g":196,"b":196}},"lineHeight":1.1,"textAlign":"center","padding":{"locked":true,"horizontal":0,"vertical":0},"content":"<span style=\"color: #fff\">A crise na Americanas (AMER3) causou um racha entre Jorge Paulo Lemann, Marcel Telles e Carlos Alberto Sicupira.&nbsp;<\/span>","width":251,"height":223,"basedOn":"65aebb74-efe1-46b3-b8cc-b62a419b8395","x":85,"y":369,"type":"text","id":"9252bf5b-26b2-4e07-96d5-cb51e8e54e14","marginOffset":-2.974999999999998},{"opacity":100,"flip":{"vertical":false,"horizontal":false},"rotationAngle":0,"lockAspectRatio":false,"scale":100,"focalX":50,"focalY":50,"resource":{"type":"image","mimeType":"image\/jpeg","width":1889,"height":1759,"sizes":{"medium":{"file":"lemann-telles-e-sicupira-300x279.jpg","width":300,"height":279,"mimeType":"image\/jpeg","sourceUrl":"https:\/\/files.sunoresearch.com.br\/n\/uploads\/2023\/01\/lemann-telles-e-sicupira-300x279.jpg"},"large":{"file":"lemann-telles-e-sicupira-1024x954.jpg","width":1024,"height":954,"mimeType":"image\/jpeg","sourceUrl":"https:\/\/files.sunoresearch.com.br\/n\/uploads\/2023\/01\/lemann-telles-e-sicupira-1024x954.jpg"},"thumbnail":{"file":"lemann-telles-e-sicupira-150x150.jpg","width":150,"height":150,"mimeType":"image\/jpeg","sourceUrl":"https:\/\/files.sunoresearch.com.br\/n\/uploads\/2023\/01\/lemann-telles-e-sicupira-150x150.jpg"},"medium_large":{"file":"lemann-telles-e-sicupira-768x715.jpg","width":768,"height":715,"mimeType":"image\/jpeg","sourceUrl":"https:\/\/files.sunoresearch.com.br\/n\/uploads\/2023\/01\/lemann-telles-e-sicupira-768x715.jpg"},"1536x1536":{"file":"lemann-telles-e-sicupira-1536x1430.jpg","width":1536,"height":1430,"mimeType":"image\/jpeg","sourceUrl":"https:\/\/files.sunoresearch.com.br\/n\/uploads\/2023\/01\/lemann-telles-e-sicupira-1536x1430.jpg"},"180x135":{"file":"lemann-telles-e-sicupira-180x135.jpg","width":180,"height":135,"mimeType":"image\/jpeg","sourceUrl":"https:\/\/files.sunoresearch.com.br\/n\/uploads\/2023\/01\/lemann-telles-e-sicupira-180x135.jpg"},"400x200":{"file":"lemann-telles-e-sicupira-400x200.jpg","width":400,"height":200,"mimeType":"image\/jpeg","sourceUrl":"https:\/\/files.sunoresearch.com.br\/n\/uploads\/2023\/01\/lemann-telles-e-sicupira-400x200.jpg"},"400x300":{"file":"lemann-telles-e-sicupira-400x300.jpg","width":400,"height":300,"mimeType":"image\/jpeg","sourceUrl":"https:\/\/files.sunoresearch.com.br\/n\/uploads\/2023\/01\/lemann-telles-e-sicupira-400x300.jpg"},"600x300":{"file":"lemann-telles-e-sicupira-600x300.jpg","width":600,"height":300,"mimeType":"image\/jpeg","sourceUrl":"https:\/\/files.sunoresearch.com.br\/n\/uploads\/2023\/01\/lemann-telles-e-sicupira-600x300.jpg"},"800x450":{"file":"lemann-telles-e-sicupira-800x450.jpg","width":800,"height":450,"mimeType":"image\/jpeg","sourceUrl":"https:\/\/files.sunoresearch.com.br\/n\/uploads\/2023\/01\/lemann-telles-e-sicupira-800x450.jpg"},"web-stories-poster-portrait":{"file":"lemann-telles-e-sicupira-640x853.jpg","width":640,"height":853,"mimeType":"image\/jpeg","sourceUrl":"https:\/\/files.sunoresearch.com.br\/n\/uploads\/2023\/01\/lemann-telles-e-sicupira-640x853.jpg"},"web-stories-publisher-logo":{"file":"lemann-telles-e-sicupira-96x96.jpg","width":96,"height":96,"mimeType":"image\/jpeg","sourceUrl":"https:\/\/files.sunoresearch.com.br\/n\/uploads\/2023\/01\/lemann-telles-e-sicupira-96x96.jpg"},"web-stories-thumbnail":{"file":"lemann-telles-e-sicupira-150x140.jpg","width":150,"height":140,"mimeType":"image\/jpeg","sourceUrl":"https:\/\/files.sunoresearch.com.br\/n\/uploads\/2023\/01\/lemann-telles-e-sicupira-150x140.jpg"},"full":{"file":"lemann-telles-e-sicupira.jpg","width":1889,"height":1759,"mimeType":"image\/jpeg","sourceUrl":"https:\/\/files.sunoresearch.com.br\/n\/uploads\/2023\/01\/lemann-telles-e-sicupira.jpg"}},"isPlaceholder":false,"isExternal":false,"needsProxy":false,"baseColor":"#2e2a2d","blurHash":"U,Jt^{RjM|WB~qa|WBof-;oft7WVRkofj[of","creationDate":"2023-01-23T10:22:21","src":"https:\/\/files.sunoresearch.com.br\/n\/uploads\/2023\/01\/lemann-telles-e-sicupira.jpg","id":351186,"alt":"Americanas (AMER3): Lemann, Telles e Sicupira v\u00eam ao Brasil; Trio deve se reunir com credores, diz jornal","local":false},"type":"image","x":-34,"y":-87,"width":481,"height":433,"mask":{"type":"rectangle","showInLibrary":true,"name":"Rectangle","path":"M 0,0 1,0 1,1 0,1 0,0 Z","ratio":1,"supportsBorder":true},"id":"3101a19b-9ec6-4fc1-8afe-ee20e34f8f06","alt":"Americanas (AMER3): Lemann, Telles e Sicupira. Foto: Divulga\u00e7\u00e3o"}],"animations":[],"backgroundColor":{"color":{"r":255,"g":255,"b":255}},"type":"page","id":"eb801354-e04c-48b4-b432-07c7e8135789","defaultBackgroundElement":{"opacity":100,"flip":{"vertical":false,"horizontal":false},"rotationAngle":0,"lockAspectRatio":true,"x":1,"y":1,"width":1,"height":1,"mask":{"type":"rectangle"},"isBackground":true,"isDefaultBackground":true,"type":"shape","id":"d20fd0fc-6e5c-44c2-a033-6d4d778ee5a5","basedOn":"f59e6355-29a4-492b-93dc-fcd143dd9656"}},{"elements":[{"opacity":100,"flip":{"vertical":false,"horizontal":false},"rotationAngle":0,"lockAspectRatio":true,"backgroundColor":{"color":{"r":196,"g":196,"b":196}},"x":1,"y":1,"width":1,"height":1,"mask":{"type":"rectangle"},"isBackground":true,"isDefaultBackground":true,"id":"1952a992-ad19-483e-bfcd-f785fce9ec18","basedOn":"37e97e70-4cdb-4e64-90e6-e8bcc88d896a","type":"shape","scale":100,"focalX":50,"focalY":50},{"opacity":100,"flip":{"vertical":false,"horizontal":false},"rotationAngle":0,"lockAspectRatio":false,"scale":100,"focalX":50,"focalY":50,"resource":{"type":"image","mimeType":"image\/jpeg","width":1200,"height":675,"sizes":{"medium":{"file":"jorge-paulo-lemann-americanas-amer3-crise-foto-youtube-300x169.jpg","width":300,"height":169,"mimeType":"image\/jpeg","sourceUrl":"https:\/\/files.sunoresearch.com.br\/n\/uploads\/2023\/01\/jorge-paulo-lemann-americanas-amer3-crise-foto-youtube-300x169.jpg"},"large":{"file":"jorge-paulo-lemann-americanas-amer3-crise-foto-youtube-1024x576.jpg","width":1024,"height":576,"mimeType":"image\/jpeg","sourceUrl":"https:\/\/files.sunoresearch.com.br\/n\/uploads\/2023\/01\/jorge-paulo-lemann-americanas-amer3-crise-foto-youtube-1024x576.jpg"},"thumbnail":{"file":"jorge-paulo-lemann-americanas-amer3-crise-foto-youtube-150x150.jpg","width":150,"height":150,"mimeType":"image\/jpeg","sourceUrl":"https:\/\/files.sunoresearch.com.br\/n\/uploads\/2023\/01\/jorge-paulo-lemann-americanas-amer3-crise-foto-youtube-150x150.jpg"},"medium_large":{"file":"jorge-paulo-lemann-americanas-amer3-crise-foto-youtube-768x432.jpg","width":768,"height":432,"mimeType":"image\/jpeg","sourceUrl":"https:\/\/files.sunoresearch.com.br\/n\/uploads\/2023\/01\/jorge-paulo-lemann-americanas-amer3-crise-foto-youtube-768x432.jpg"},"180x135":{"file":"jorge-paulo-lemann-americanas-amer3-crise-foto-youtube-180x135.jpg","width":180,"height":135,"mimeType":"image\/jpeg","sourceUrl":"https:\/\/files.sunoresearch.com.br\/n\/uploads\/2023\/01\/jorge-paulo-lemann-americanas-amer3-crise-foto-youtube-180x135.jpg"},"400x200":{"file":"jorge-paulo-lemann-americanas-amer3-crise-foto-youtube-400x200.jpg","width":400,"height":200,"mimeType":"image\/jpeg","sourceUrl":"https:\/\/files.sunoresearch.com.br\/n\/uploads\/2023\/01\/jorge-paulo-lemann-americanas-amer3-crise-foto-youtube-400x200.jpg"},"400x300":{"file":"jorge-paulo-lemann-americanas-amer3-crise-foto-youtube-400x300.jpg","width":400,"height":300,"mimeType":"image\/jpeg","sourceUrl":"https:\/\/files.sunoresearch.com.br\/n\/uploads\/2023\/01\/jorge-paulo-lemann-americanas-amer3-crise-foto-youtube-400x300.jpg"},"600x300":{"file":"jorge-paulo-lemann-americanas-amer3-crise-foto-youtube-600x300.jpg","width":600,"height":300,"mimeType":"image\/jpeg","sourceUrl":"https:\/\/files.sunoresearch.com.br\/n\/uploads\/2023\/01\/jorge-paulo-lemann-americanas-amer3-crise-foto-youtube-600x300.jpg"},"800x450":{"file":"jorge-paulo-lemann-americanas-amer3-crise-foto-youtube-800x450.jpg","width":800,"height":450,"mimeType":"image\/jpeg","sourceUrl":"https:\/\/files.sunoresearch.com.br\/n\/uploads\/2023\/01\/jorge-paulo-lemann-americanas-amer3-crise-foto-youtube-800x450.jpg"},"web-stories-poster-portrait":{"file":"jorge-paulo-lemann-americanas-amer3-crise-foto-youtube-640x675.jpg","width":640,"height":675,"mimeType":"image\/jpeg","sourceUrl":"https:\/\/files.sunoresearch.com.br\/n\/uploads\/2023\/01\/jorge-paulo-lemann-americanas-amer3-crise-foto-youtube-640x675.jpg"},"web-stories-publisher-logo":{"file":"jorge-paulo-lemann-americanas-amer3-crise-foto-youtube-96x96.jpg","width":96,"height":96,"mimeType":"image\/jpeg","sourceUrl":"https:\/\/files.sunoresearch.com.br\/n\/uploads\/2023\/01\/jorge-paulo-lemann-americanas-amer3-crise-foto-youtube-96x96.jpg"},"web-stories-thumbnail":{"file":"jorge-paulo-lemann-americanas-amer3-crise-foto-youtube-150x84.jpg","width":150,"height":84,"mimeType":"image\/jpeg","sourceUrl":"https:\/\/files.sunoresearch.com.br\/n\/uploads\/2023\/01\/jorge-paulo-lemann-americanas-amer3-crise-foto-youtube-150x84.jpg"},"full":{"file":"jorge-paulo-lemann-americanas-amer3-crise-foto-youtube.jpg","width":1200,"height":675,"mimeType":"image\/jpeg","sourceUrl":"https:\/\/files.sunoresearch.com.br\/n\/uploads\/2023\/01\/jorge-paulo-lemann-americanas-amer3-crise-foto-youtube.jpg"}},"isPlaceholder":false,"isExternal":false,"needsProxy":false,"baseColor":"#946645","blurHash":"UNIgZSja5QEL4m%MITM{?wRP%2oK8_f,Rjae","creationDate":"2023-01-31T01:43:51","src":"https:\/\/files.sunoresearch.com.br\/n\/uploads\/2023\/01\/jorge-paulo-lemann-americanas-amer3-crise-foto-youtube.jpg","id":355346,"alt":"Jorge Paulo Lemann. Foto: YouTube","local":false},"type":"image","x":-21,"y":-75,"width":549,"height":476,"mask":{"type":"rectangle","showInLibrary":true,"name":"Rectangle","path":"M 0,0 1,0 1,1 0,1 0,0 Z","ratio":1,"supportsBorder":true},"id":"293bdfb9-7804-44f6-a6dd-f60ecc0a5184"},{"opacity":100,"flip":{"vertical":false,"horizontal":false},"rotationAngle":0,"lockAspectRatio":true,"backgroundColor":{"color":{"r":33,"g":33,"b":33}},"x":-207,"y":378,"width":920,"height":880,"mask":{"type":"rectangle"},"borderRadius":{"topLeft":12,"topRight":12,"bottomRight":12,"bottomLeft":12,"locked":true},"basedOn":"3848bfe7-aa0f-45ab-8a6d-de772faa7352","link":null,"id":"5750d051-9515-4d08-965d-3f0a95dfddfc","type":"shape"},{"opacity":100,"flip":{"vertical":false,"horizontal":false},"rotationAngle":0,"lockAspectRatio":true,"backgroundTextMode":"NONE","font":{"family":"Montserrat"},"fontSize":23,"backgroundColor":{"color":{"r":196,"g":196,"b":196}},"lineHeight":1.2,"textAlign":"center","padding":{"locked":true,"hasHiddenPadding":false,"horizontal":0,"vertical":0},"content":"<span style=\"color: #fff\">Existem diverg\u00eancias dentro do trio sobre os rumos da varejista e um dos s\u00f3cios vem sendo apontado como o culpado pelo atual estado de caos.<\/span>","borderRadius":{"locked":true,"topLeft":2,"topRight":2,"bottomRight":2,"bottomLeft":2},"x":65,"y":412,"width":283,"height":194,"id":"5342f816-5492-408a-bfb0-582251079871","basedOn":"3561b6ae-5e83-481d-872b-9c40c04081a9","type":"text"}],"backgroundColor":{"color":{"r":255,"g":255,"b":255}},"animations":[],"type":"page","id":"c24e013e-8a5a-478c-a36c-540c3842dddd","defaultBackgroundElement":{"opacity":100,"flip":{"vertical":false,"horizontal":false},"rotationAngle":0,"lockAspectRatio":true,"backgroundColor":{"color":{"r":196,"g":196,"b":196}},"x":1,"y":1,"width":1,"height":1,"mask":{"type":"rectangle"},"isBackground":true,"isDefaultBackground":true,"id":"1952a992-ad19-483e-bfcd-f785fce9ec18","basedOn":"37e97e70-4cdb-4e64-90e6-e8bcc88d896a","type":"shape"}},{"elements":[{"opacity":100,"flip":{"vertical":false,"horizontal":false},"rotationAngle":0,"lockAspectRatio":true,"backgroundColor":{"color":{"r":196,"g":196,"b":196}},"x":1,"y":1,"width":1,"height":1,"mask":{"type":"rectangle"},"isBackground":true,"isDefaultBackground":true,"id":"1f5f1844-f739-4239-a2f3-d640cfb8fbfc","basedOn":"1952a992-ad19-483e-bfcd-f785fce9ec18","type":"shape"},{"opacity":100,"flip":{"vertical":false,"horizontal":false},"rotationAngle":0,"lockAspectRatio":false,"scale":100,"focalX":50,"focalY":50,"resource":{"type":"image","mimeType":"image\/jpeg","width":1889,"height":1759,"sizes":{"medium":{"file":"lemann-telles-e-sicupira-300x279.jpg","width":300,"height":279,"mimeType":"image\/jpeg","sourceUrl":"https:\/\/files.sunoresearch.com.br\/n\/uploads\/2023\/01\/lemann-telles-e-sicupira-300x279.jpg"},"large":{"file":"lemann-telles-e-sicupira-1024x954.jpg","width":1024,"height":954,"mimeType":"image\/jpeg","sourceUrl":"https:\/\/files.sunoresearch.com.br\/n\/uploads\/2023\/01\/lemann-telles-e-sicupira-1024x954.jpg"},"thumbnail":{"file":"lemann-telles-e-sicupira-150x150.jpg","width":150,"height":150,"mimeType":"image\/jpeg","sourceUrl":"https:\/\/files.sunoresearch.com.br\/n\/uploads\/2023\/01\/lemann-telles-e-sicupira-150x150.jpg"},"medium_large":{"file":"lemann-telles-e-sicupira-768x715.jpg","width":768,"height":715,"mimeType":"image\/jpeg","sourceUrl":"https:\/\/files.sunoresearch.com.br\/n\/uploads\/2023\/01\/lemann-telles-e-sicupira-768x715.jpg"},"1536x1536":{"file":"lemann-telles-e-sicupira-1536x1430.jpg","width":1536,"height":1430,"mimeType":"image\/jpeg","sourceUrl":"https:\/\/files.sunoresearch.com.br\/n\/uploads\/2023\/01\/lemann-telles-e-sicupira-1536x1430.jpg"},"180x135":{"file":"lemann-telles-e-sicupira-180x135.jpg","width":180,"height":135,"mimeType":"image\/jpeg","sourceUrl":"https:\/\/files.sunoresearch.com.br\/n\/uploads\/2023\/01\/lemann-telles-e-sicupira-180x135.jpg"},"400x200":{"file":"lemann-telles-e-sicupira-400x200.jpg","width":400,"height":200,"mimeType":"image\/jpeg","sourceUrl":"https:\/\/files.sunoresearch.com.br\/n\/uploads\/2023\/01\/lemann-telles-e-sicupira-400x200.jpg"},"400x300":{"file":"lemann-telles-e-sicupira-400x300.jpg","width":400,"height":300,"mimeType":"image\/jpeg","sourceUrl":"https:\/\/files.sunoresearch.com.br\/n\/uploads\/2023\/01\/lemann-telles-e-sicupira-400x300.jpg"},"600x300":{"file":"lemann-telles-e-sicupira-600x300.jpg","width":600,"height":300,"mimeType":"image\/jpeg","sourceUrl":"https:\/\/files.sunoresearch.com.br\/n\/uploads\/2023\/01\/lemann-telles-e-sicupira-600x300.jpg"},"800x450":{"file":"lemann-telles-e-sicupira-800x450.jpg","width":800,"height":450,"mimeType":"image\/jpeg","sourceUrl":"https:\/\/files.sunoresearch.com.br\/n\/uploads\/2023\/01\/lemann-telles-e-sicupira-800x450.jpg"},"web-stories-poster-portrait":{"file":"lemann-telles-e-sicupira-640x853.jpg","width":640,"height":853,"mimeType":"image\/jpeg","sourceUrl":"https:\/\/files.sunoresearch.com.br\/n\/uploads\/2023\/01\/lemann-telles-e-sicupira-640x853.jpg"},"web-stories-publisher-logo":{"file":"lemann-telles-e-sicupira-96x96.jpg","width":96,"height":96,"mimeType":"image\/jpeg","sourceUrl":"https:\/\/files.sunoresearch.com.br\/n\/uploads\/2023\/01\/lemann-telles-e-sicupira-96x96.jpg"},"web-stories-thumbnail":{"file":"lemann-telles-e-sicupira-150x140.jpg","width":150,"height":140,"mimeType":"image\/jpeg","sourceUrl":"https:\/\/files.sunoresearch.com.br\/n\/uploads\/2023\/01\/lemann-telles-e-sicupira-150x140.jpg"},"full":{"file":"lemann-telles-e-sicupira.jpg","width":1889,"height":1759,"mimeType":"image\/jpeg","sourceUrl":"https:\/\/files.sunoresearch.com.br\/n\/uploads\/2023\/01\/lemann-telles-e-sicupira.jpg"}},"isPlaceholder":false,"isExternal":false,"needsProxy":false,"baseColor":"#2e2a2d","blurHash":"U,Jt^{RjM|WB~qa|WBof-;oft7WVRkofj[of","creationDate":"2023-01-23T10:22:21","src":"https:\/\/files.sunoresearch.com.br\/n\/uploads\/2023\/01\/lemann-telles-e-sicupira.jpg","id":351186,"alt":"Americanas (AMER3): Lemann, Telles e Sicupira v\u00eam ao Brasil; Trio deve se reunir com credores, diz jornal","local":false},"type":"image","x":-677,"y":-118,"width":1089,"height":815,"mask":{"type":"rectangle","showInLibrary":true,"name":"Rectangle","path":"M 0,0 1,0 1,1 0,1 0,0 Z","ratio":1,"supportsBorder":true},"id":"5448944c-17b0-4cb1-9caf-52382e6a6445","alt":"Marcel Telles, acionista da Americanas. Foto: Divulga\u00e7\u00e3o"},{"opacity":100,"flip":{"vertical":false,"horizontal":false},"rotationAngle":0,"lockAspectRatio":true,"backgroundColor":{"color":{"r":33,"g":33,"b":33}},"x":-217,"y":278,"width":920,"height":880,"mask":{"type":"rectangle"},"borderRadius":{"topLeft":12,"topRight":12,"bottomRight":12,"bottomLeft":12,"locked":true},"basedOn":"ffd79464-9c99-407f-a160-519c61775363","link":null,"id":"754afecb-4af6-4d08-a17e-b88470c3d0d5","type":"shape"},{"opacity":100,"flip":{"vertical":false,"horizontal":false},"rotationAngle":0,"lockAspectRatio":true,"backgroundTextMode":"NONE","font":{"family":"Montserrat"},"fontSize":23,"backgroundColor":{"color":{"r":196,"g":196,"b":196}},"lineHeight":1.2,"textAlign":"center","padding":{"locked":true,"hasHiddenPadding":false,"horizontal":0,"vertical":0},"content":"<span style=\"color: #fff\">De acordo com a apura\u00e7\u00e3o do jornal Valor Econ\u00f4mico, Telles passou a dizer aos s\u00f3cios que \u00e9 contra seguir investindo na Americanas, pois a empresa apresenta \u201cresultados med\u00edocres\u201d para os seus padr\u00f5es.<\/span>","borderRadius":{"locked":true,"topLeft":2,"topRight":2,"bottomRight":2,"bottomLeft":2},"x":67,"y":309,"width":278,"height":276,"id":"4b84aaea-5e41-42b7-9db8-40a099e57a2e","basedOn":"922443ae-a06d-440e-9c51-272ce994a7cf","type":"text"}],"backgroundColor":{"color":{"r":255,"g":255,"b":255}},"animations":[],"type":"page","id":"14a86402-e0e1-4461-aabc-510e4ceda39f","defaultBackgroundElement":{"opacity":100,"flip":{"vertical":false,"horizontal":false},"rotationAngle":0,"lockAspectRatio":true,"backgroundColor":{"color":{"r":196,"g":196,"b":196}},"x":1,"y":1,"width":1,"height":1,"mask":{"type":"rectangle"},"isBackground":true,"isDefaultBackground":true,"id":"1f5f1844-f739-4239-a2f3-d640cfb8fbfc","basedOn":"1952a992-ad19-483e-bfcd-f785fce9ec18","type":"shape"}},{"elements":[{"opacity":100,"flip":{"vertical":false,"horizontal":false},"rotationAngle":0,"lockAspectRatio":true,"backgroundColor":{"color":{"r":196,"g":196,"b":196}},"x":1,"y":1,"width":1,"height":1,"mask":{"type":"rectangle"},"isBackground":true,"isDefaultBackground":true,"id":"fa686f13-e3b3-4b3f-9d79-d9316a7de684","basedOn":"1f5f1844-f739-4239-a2f3-d640cfb8fbfc","type":"shape"},{"opacity":100,"flip":{"vertical":false,"horizontal":false},"rotationAngle":0,"lockAspectRatio":true,"scale":100,"focalX":50,"focalY":50,"resource":{"type":"gif","mimeType":"image\/gif","width":498,"height":493,"sizes":{"full":{"file":"media\/tenor:4032523401733417333","sourceUrl":"https:\/\/media.tenor.com\/N_ZmqyzFKXUAAAAC\/stan-twitter.gif","mimeType":"image\/gif","width":498,"height":493},"large":{"file":"media\/tenor:4032523401733417333","sourceUrl":"https:\/\/media.tenor.com\/N_ZmqyzFKXUAAAAM\/stan-twitter.gif","mimeType":"image\/gif","width":220,"height":218},"web_stories_thumbnail":{"file":"media\/tenor:4032523401733417333","sourceUrl":"https:\/\/media.tenor.com\/N_ZmqyzFKXUAAAAS\/stan-twitter.gif","mimeType":"image\/gif","width":91,"height":90}},"isPlaceholder":false,"isExternal":true,"needsProxy":false,"id":"media\/tenor:4032523401733417333","baseColor":"#b4906b","creationDate":"2022-03-17T17:39:51Z","src":"https:\/\/media.tenor.com\/N_ZmqyzFKXUAAAAC\/stan-twitter.gif","alt":"Stan Twitter GIF","attribution":{"author":{"displayName":"ANABANAN","url":"https:\/\/tenor.com\/users\/ANABANAN"},"registerUsageUrl":"https:\/\/media3p.googleapis.com\/v1\/media:registerUsage?token=Aa0pnNYQ7OUavbiOLR4yFdis2srvrcwwGdNd24vQ%2Bt%2BlL7Ezop0jrfBh%2B63\/Z9%2BrO9VPVJxtujaEQAaoVDJwVOxXfG0NPg%3D%3D"},"poster":"https:\/\/media.tenor.com\/N_ZmqyzFKXUAAAAe\/stan-twitter.png","posterId":"media\/tenor:4032523401733417333","isOptimized":true,"output":{"mimeType":"video\/mp4","src":"https:\/\/media.tenor.com\/N_ZmqyzFKXUAAAPo\/stan-twitter.mp4"}},"type":"gif","x":-27,"y":-75,"width":477,"height":472,"mask":{"type":"rectangle","showInLibrary":true,"name":"Rectangle","path":"M 0,0 1,0 1,1 0,1 0,0 Z","ratio":1,"supportsBorder":true},"id":"1dbb4bbb-bd86-48f2-9330-a944083a82a5","alt":"Gatos brigando. GIF: Tenor"},{"opacity":100,"flip":{"vertical":false,"horizontal":false},"rotationAngle":0,"lockAspectRatio":true,"backgroundColor":{"color":{"r":33,"g":33,"b":33}},"x":-232,"y":376,"width":920,"height":880,"mask":{"type":"rectangle"},"borderRadius":{"topLeft":12,"topRight":12,"bottomRight":12,"bottomLeft":12,"locked":true},"basedOn":"754afecb-4af6-4d08-a17e-b88470c3d0d5","link":null,"id":"e2397b0d-4ff0-42ab-899d-8e1e50cd49db","type":"shape"},{"opacity":100,"flip":{"vertical":false,"horizontal":false},"rotationAngle":0,"lockAspectRatio":true,"backgroundTextMode":"NONE","font":{"family":"Montserrat"},"fontSize":23,"backgroundColor":{"color":{"r":196,"g":196,"b":196}},"lineHeight":1.2,"textAlign":"center","padding":{"locked":true,"hasHiddenPadding":false,"horizontal":0,"vertical":0},"content":"<span style=\"color: #fff\">H\u00e1 alguns anos, o executivo defende que o trio deveria vender sua parte do neg\u00f3cio e, com a crise, ele passou a apontar Sicupira como o culpado desse caos.<\/span>","borderRadius":{"locked":true,"topLeft":2,"topRight":2,"bottomRight":2,"bottomLeft":2},"x":61,"y":398,"width":288,"height":194,"id":"eb537115-4983-4c75-8e30-e52ffe058016","basedOn":"4b84aaea-5e41-42b7-9db8-40a099e57a2e","type":"text"}],"backgroundColor":{"color":{"r":255,"g":255,"b":255}},"animations":[],"type":"page","id":"802d951c-1883-4a82-8534-33813d65aff1","defaultBackgroundElement":{"opacity":100,"flip":{"vertical":false,"horizontal":false},"rotationAngle":0,"lockAspectRatio":true,"backgroundColor":{"color":{"r":196,"g":196,"b":196}},"x":1,"y":1,"width":1,"height":1,"mask":{"type":"rectangle"},"isBackground":true,"isDefaultBackground":true,"id":"1f5f1844-f739-4239-a2f3-d640cfb8fbfc","basedOn":"1952a992-ad19-483e-bfcd-f785fce9ec18","type":"shape"}},{"elements":[{"opacity":100,"flip":{"vertical":false,"horizontal":false},"rotationAngle":0,"lockAspectRatio":true,"backgroundColor":{"color":{"r":196,"g":196,"b":196}},"x":1,"y":1,"width":1,"height":1,"mask":{"type":"rectangle"},"isBackground":true,"isDefaultBackground":true,"id":"82a17be7-b5a6-4dd4-afc4-f137889ec92c","basedOn":"a7bd4661-80c6-4e76-9b39-8f1a93320e08","type":"shape"},{"opacity":100,"flip":{"vertical":false,"horizontal":false},"rotationAngle":0,"lockAspectRatio":false,"scale":114,"focalX":43.88836670954318,"focalY":42.978898731411554,"resource":{"type":"image","mimeType":"image\/jpeg","width":1889,"height":1759,"sizes":{"medium":{"file":"lemann-telles-e-sicupira-300x279.jpg","width":300,"height":279,"mimeType":"image\/jpeg","sourceUrl":"https:\/\/files.sunoresearch.com.br\/n\/uploads\/2023\/01\/lemann-telles-e-sicupira-300x279.jpg"},"large":{"file":"lemann-telles-e-sicupira-1024x954.jpg","width":1024,"height":954,"mimeType":"image\/jpeg","sourceUrl":"https:\/\/files.sunoresearch.com.br\/n\/uploads\/2023\/01\/lemann-telles-e-sicupira-1024x954.jpg"},"thumbnail":{"file":"lemann-telles-e-sicupira-150x150.jpg","width":150,"height":150,"mimeType":"image\/jpeg","sourceUrl":"https:\/\/files.sunoresearch.com.br\/n\/uploads\/2023\/01\/lemann-telles-e-sicupira-150x150.jpg"},"medium_large":{"file":"lemann-telles-e-sicupira-768x715.jpg","width":768,"height":715,"mimeType":"image\/jpeg","sourceUrl":"https:\/\/files.sunoresearch.com.br\/n\/uploads\/2023\/01\/lemann-telles-e-sicupira-768x715.jpg"},"1536x1536":{"file":"lemann-telles-e-sicupira-1536x1430.jpg","width":1536,"height":1430,"mimeType":"image\/jpeg","sourceUrl":"https:\/\/files.sunoresearch.com.br\/n\/uploads\/2023\/01\/lemann-telles-e-sicupira-1536x1430.jpg"},"180x135":{"file":"lemann-telles-e-sicupira-180x135.jpg","width":180,"height":135,"mimeType":"image\/jpeg","sourceUrl":"https:\/\/files.sunoresearch.com.br\/n\/uploads\/2023\/01\/lemann-telles-e-sicupira-180x135.jpg"},"400x200":{"file":"lemann-telles-e-sicupira-400x200.jpg","width":400,"height":200,"mimeType":"image\/jpeg","sourceUrl":"https:\/\/files.sunoresearch.com.br\/n\/uploads\/2023\/01\/lemann-telles-e-sicupira-400x200.jpg"},"400x300":{"file":"lemann-telles-e-sicupira-400x300.jpg","width":400,"height":300,"mimeType":"image\/jpeg","sourceUrl":"https:\/\/files.sunoresearch.com.br\/n\/uploads\/2023\/01\/lemann-telles-e-sicupira-400x300.jpg"},"600x300":{"file":"lemann-telles-e-sicupira-600x300.jpg","width":600,"height":300,"mimeType":"image\/jpeg","sourceUrl":"https:\/\/files.sunoresearch.com.br\/n\/uploads\/2023\/01\/lemann-telles-e-sicupira-600x300.jpg"},"800x450":{"file":"lemann-telles-e-sicupira-800x450.jpg","width":800,"height":450,"mimeType":"image\/jpeg","sourceUrl":"https:\/\/files.sunoresearch.com.br\/n\/uploads\/2023\/01\/lemann-telles-e-sicupira-800x450.jpg"},"web-stories-poster-portrait":{"file":"lemann-telles-e-sicupira-640x853.jpg","width":640,"height":853,"mimeType":"image\/jpeg","sourceUrl":"https:\/\/files.sunoresearch.com.br\/n\/uploads\/2023\/01\/lemann-telles-e-sicupira-640x853.jpg"},"web-stories-publisher-logo":{"file":"lemann-telles-e-sicupira-96x96.jpg","width":96,"height":96,"mimeType":"image\/jpeg","sourceUrl":"https:\/\/files.sunoresearch.com.br\/n\/uploads\/2023\/01\/lemann-telles-e-sicupira-96x96.jpg"},"web-stories-thumbnail":{"file":"lemann-telles-e-sicupira-150x140.jpg","width":150,"height":140,"mimeType":"image\/jpeg","sourceUrl":"https:\/\/files.sunoresearch.com.br\/n\/uploads\/2023\/01\/lemann-telles-e-sicupira-150x140.jpg"},"full":{"file":"lemann-telles-e-sicupira.jpg","width":1889,"height":1759,"mimeType":"image\/jpeg","sourceUrl":"https:\/\/files.sunoresearch.com.br\/n\/uploads\/2023\/01\/lemann-telles-e-sicupira.jpg"}},"isPlaceholder":false,"isExternal":false,"needsProxy":false,"baseColor":"#2e2a2d","blurHash":"U,Jt^{RjM|WB~qa|WBof-;oft7WVRkofj[of","creationDate":"2023-01-23T10:22:21","src":"https:\/\/files.sunoresearch.com.br\/n\/uploads\/2023\/01\/lemann-telles-e-sicupira.jpg","id":351186,"alt":"Americanas (AMER3): Lemann, Telles e Sicupira v\u00eam ao Brasil; Trio deve se reunir com credores, diz jornal","local":false},"type":"image","x":0,"y":-58,"width":1021,"height":674,"mask":{"type":"rectangle","showInLibrary":true,"name":"Rectangle","path":"M 0,0 1,0 1,1 0,1 0,0 Z","ratio":1,"supportsBorder":true},"id":"72678d17-3596-4f31-ac6a-9018fd0eaa1e","alt":"Carlos Alberto Sicupira, acionista da Americanas. Foto: Divulga\u00e7\u00e3o"},{"opacity":100,"flip":{"vertical":false,"horizontal":false},"rotationAngle":0,"lockAspectRatio":true,"backgroundColor":{"color":{"r":33,"g":33,"b":33}},"x":-299,"y":242,"width":920,"height":880,"mask":{"type":"rectangle"},"borderRadius":{"topLeft":12,"topRight":12,"bottomRight":12,"bottomLeft":12,"locked":true},"basedOn":"836df9cb-ac8c-465f-94dd-aa5410bb7253","id":"79883b56-3151-4ecd-ac28-b46a542a0c96","link":null,"type":"shape"},{"opacity":100,"flip":{"vertical":false,"horizontal":false},"rotationAngle":0,"lockAspectRatio":true,"backgroundTextMode":"NONE","font":{"family":"Montserrat"},"fontSize":23,"backgroundColor":{"color":{"r":196,"g":196,"b":196}},"lineHeight":1.2,"textAlign":"center","padding":{"locked":true,"hasHiddenPadding":false,"horizontal":0,"vertical":0},"content":"<span style=\"color: #fff\">No trio dos acionistas de refer\u00eancia, Sicupira ficou encarregado da Americanas enquanto Telles foi o respons\u00e1vel pela fus\u00e3o da Brahma e da Antarctica, que deu origem \u00e0 Ambev. Com a cobran\u00e7a dos bancos, Sicupira come\u00e7ou a falar diretamente com os credores.<\/span>","borderRadius":{"locked":true,"topLeft":2,"topRight":2,"bottomRight":2,"bottomLeft":2},"x":64,"y":271,"width":284,"height":332,"basedOn":"eb537115-4983-4c75-8e30-e52ffe058016","id":"bb190d4d-b9c4-42a8-91bd-a3c959d19f15","type":"text"}],"backgroundColor":{"color":{"r":255,"g":255,"b":255}},"animations":[],"type":"page","id":"ef89271f-b277-4751-b98d-889a11bf9ce4","defaultBackgroundElement":{"opacity":100,"flip":{"vertical":false,"horizontal":false},"rotationAngle":0,"lockAspectRatio":true,"backgroundColor":{"color":{"r":196,"g":196,"b":196}},"x":1,"y":1,"width":1,"height":1,"mask":{"type":"rectangle"},"isBackground":true,"isDefaultBackground":true,"id":"82a17be7-b5a6-4dd4-afc4-f137889ec92c","basedOn":"a7bd4661-80c6-4e76-9b39-8f1a93320e08","type":"shape"}},{"elements":[{"opacity":100,"flip":{"vertical":false,"horizontal":false},"rotationAngle":0,"lockAspectRatio":true,"backgroundColor":{"color":{"r":196,"g":196,"b":196}},"x":1,"y":1,"width":1,"height":1,"mask":{"type":"rectangle"},"isBackground":true,"isDefaultBackground":true,"id":"cb1c7379-0caa-4504-a3e4-dcc7d6656c89","basedOn":"1f5f1844-f739-4239-a2f3-d640cfb8fbfc","type":"shape"},{"opacity":100,"flip":{"vertical":false,"horizontal":false},"rotationAngle":0,"lockAspectRatio":false,"scale":100,"focalX":50,"focalY":50,"resource":{"type":"image","mimeType":"image\/jpeg","width":1200,"height":675,"sizes":{"medium":{"file":"abilio-diniz-americanas-lemann-foto-cnnbrasil-300x169.jpg","width":300,"height":169,"mimeType":"image\/jpeg","sourceUrl":"https:\/\/files.sunoresearch.com.br\/n\/uploads\/2023\/02\/abilio-diniz-americanas-lemann-foto-cnnbrasil-300x169.jpg"},"large":{"file":"abilio-diniz-americanas-lemann-foto-cnnbrasil-1024x576.jpg","width":1024,"height":576,"mimeType":"image\/jpeg","sourceUrl":"https:\/\/files.sunoresearch.com.br\/n\/uploads\/2023\/02\/abilio-diniz-americanas-lemann-foto-cnnbrasil-1024x576.jpg"},"thumbnail":{"file":"abilio-diniz-americanas-lemann-foto-cnnbrasil-150x150.jpg","width":150,"height":150,"mimeType":"image\/jpeg","sourceUrl":"https:\/\/files.sunoresearch.com.br\/n\/uploads\/2023\/02\/abilio-diniz-americanas-lemann-foto-cnnbrasil-150x150.jpg"},"medium_large":{"file":"abilio-diniz-americanas-lemann-foto-cnnbrasil-768x432.jpg","width":768,"height":432,"mimeType":"image\/jpeg","sourceUrl":"https:\/\/files.sunoresearch.com.br\/n\/uploads\/2023\/02\/abilio-diniz-americanas-lemann-foto-cnnbrasil-768x432.jpg"},"180x135":{"file":"abilio-diniz-americanas-lemann-foto-cnnbrasil-180x135.jpg","width":180,"height":135,"mimeType":"image\/jpeg","sourceUrl":"https:\/\/files.sunoresearch.com.br\/n\/uploads\/2023\/02\/abilio-diniz-americanas-lemann-foto-cnnbrasil-180x135.jpg"},"400x200":{"file":"abilio-diniz-americanas-lemann-foto-cnnbrasil-400x200.jpg","width":400,"height":200,"mimeType":"image\/jpeg","sourceUrl":"https:\/\/files.sunoresearch.com.br\/n\/uploads\/2023\/02\/abilio-diniz-americanas-lemann-foto-cnnbrasil-400x200.jpg"},"400x300":{"file":"abilio-diniz-americanas-lemann-foto-cnnbrasil-400x300.jpg","width":400,"height":300,"mimeType":"image\/jpeg","sourceUrl":"https:\/\/files.sunoresearch.com.br\/n\/uploads\/2023\/02\/abilio-diniz-americanas-lemann-foto-cnnbrasil-400x300.jpg"},"600x300":{"file":"abilio-diniz-americanas-lemann-foto-cnnbrasil-600x300.jpg","width":600,"height":300,"mimeType":"image\/jpeg","sourceUrl":"https:\/\/files.sunoresearch.com.br\/n\/uploads\/2023\/02\/abilio-diniz-americanas-lemann-foto-cnnbrasil-600x300.jpg"},"800x450":{"file":"abilio-diniz-americanas-lemann-foto-cnnbrasil-800x450.jpg","width":800,"height":450,"mimeType":"image\/jpeg","sourceUrl":"https:\/\/files.sunoresearch.com.br\/n\/uploads\/2023\/02\/abilio-diniz-americanas-lemann-foto-cnnbrasil-800x450.jpg"},"web-stories-poster-portrait":{"file":"abilio-diniz-americanas-lemann-foto-cnnbrasil-640x675.jpg","width":640,"height":675,"mimeType":"image\/jpeg","sourceUrl":"https:\/\/files.sunoresearch.com.br\/n\/uploads\/2023\/02\/abilio-diniz-americanas-lemann-foto-cnnbrasil-640x675.jpg"},"web-stories-publisher-logo":{"file":"abilio-diniz-americanas-lemann-foto-cnnbrasil-96x96.jpg","width":96,"height":96,"mimeType":"image\/jpeg","sourceUrl":"https:\/\/files.sunoresearch.com.br\/n\/uploads\/2023\/02\/abilio-diniz-americanas-lemann-foto-cnnbrasil-96x96.jpg"},"web-stories-thumbnail":{"file":"abilio-diniz-americanas-lemann-foto-cnnbrasil-150x84.jpg","width":150,"height":84,"mimeType":"image\/jpeg","sourceUrl":"https:\/\/files.sunoresearch.com.br\/n\/uploads\/2023\/02\/abilio-diniz-americanas-lemann-foto-cnnbrasil-150x84.jpg"},"full":{"file":"abilio-diniz-americanas-lemann-foto-cnnbrasil.jpg","width":1200,"height":675,"mimeType":"image\/jpeg","sourceUrl":"https:\/\/files.sunoresearch.com.br\/n\/uploads\/2023\/02\/abilio-diniz-americanas-lemann-foto-cnnbrasil.jpg"}},"isPlaceholder":false,"isExternal":false,"needsProxy":false,"baseColor":"#322b29","blurHash":"U68gBHt70LEN~Aax0gWrK5WCrrxZXSWWr?s.","creationDate":"2023-02-01T15:48:26","src":"https:\/\/files.sunoresearch.com.br\/n\/uploads\/2023\/02\/abilio-diniz-americanas-lemann-foto-cnnbrasil.jpg","id":356352,"alt":"Abilio Diniz. Foto: CNN Brasil","local":false},"type":"image","x":-74,"y":-65,"width":524,"height":374,"mask":{"type":"rectangle","showInLibrary":true,"name":"Rectangle","path":"M 0,0 1,0 1,1 0,1 0,0 Z","ratio":1,"supportsBorder":true},"id":"6f8c0dbb-1898-441d-850e-0ea6d91d9d4f"},{"opacity":100,"flip":{"vertical":false,"horizontal":false},"rotationAngle":0,"lockAspectRatio":true,"backgroundColor":{"color":{"r":33,"g":33,"b":33}},"x":-209,"y":254,"width":920,"height":880,"mask":{"type":"rectangle"},"borderRadius":{"topLeft":12,"topRight":12,"bottomRight":12,"bottomLeft":12,"locked":true},"basedOn":"754afecb-4af6-4d08-a17e-b88470c3d0d5","link":null,"id":"37f4b665-04da-4330-b371-a80161719d7b","type":"shape"},{"opacity":100,"flip":{"vertical":false,"horizontal":false},"rotationAngle":0,"lockAspectRatio":true,"backgroundTextMode":"NONE","font":{"family":"Montserrat"},"fontSize":23,"backgroundColor":{"color":{"r":196,"g":196,"b":196}},"lineHeight":1.2,"textAlign":"center","padding":{"locked":true,"hasHiddenPadding":false,"horizontal":0,"vertical":0},"content":"<span style=\"color: #fff\">Jorge Paulo Lemann se arrepende de n\u00e3o ter conseguido vender a varejista e n\u00e3o mostrava entusiasmo pelo neg\u00f3cio, que julgava ser mal gerido. A empresa chegou a ser oferecida para Abilio Diniz, mas o ex-l\u00edder do P\u00e3o de A\u00e7\u00facar n\u00e3o quis.<\/span>","borderRadius":{"locked":true,"topLeft":2,"topRight":2,"bottomRight":2,"bottomLeft":2},"x":64,"y":284,"width":284,"height":305,"id":"1e5b444d-7112-4a33-9bbd-ddba5b983ab7","basedOn":"4b84aaea-5e41-42b7-9db8-40a099e57a2e","type":"text"}],"backgroundColor":{"color":{"r":255,"g":255,"b":255}},"animations":[],"type":"page","id":"71f18e7c-9c87-494b-86ab-6954c9c66097","defaultBackgroundElement":{"opacity":100,"flip":{"vertical":false,"horizontal":false},"rotationAngle":0,"lockAspectRatio":true,"backgroundColor":{"color":{"r":196,"g":196,"b":196}},"x":1,"y":1,"width":1,"height":1,"mask":{"type":"rectangle"},"isBackground":true,"isDefaultBackground":true,"id":"1f5f1844-f739-4239-a2f3-d640cfb8fbfc","basedOn":"1952a992-ad19-483e-bfcd-f785fce9ec18","type":"shape"},"pageAttachment":{"url":"","icon":"https:\/\/files.sunoresearch.com.br\/n\/uploads\/2023\/02\/ambev-abev3-foto-caixas-cerveja-divulgacao.jpg","needsProxy":false,"ctaText":"Clique e entenda o caso!"}},{"elements":[{"opacity":100,"flip":{"vertical":false,"horizontal":false},"rotationAngle":0,"lockAspectRatio":true,"backgroundColor":{"color":{"r":196,"g":196,"b":196}},"x":1,"y":1,"width":1,"height":1,"mask":{"type":"rectangle"},"isBackground":true,"isDefaultBackground":true,"id":"9acf24bc-8c11-405f-bdbc-0f99224ec693","basedOn":"fa686f13-e3b3-4b3f-9d79-d9316a7de684","type":"shape"},{"opacity":100,"flip":{"vertical":false,"horizontal":false},"rotationAngle":0,"lockAspectRatio":false,"scale":100,"focalX":50,"focalY":50,"resource":{"type":"image","mimeType":"image\/jpeg","width":640,"height":853,"sizes":{"medium":{"file":"cropped-lojas-americanas-em-telemaco-borba-wikimedia-reproducao-225x300.jpg","width":225,"height":300,"mimeType":"image\/jpeg","sourceUrl":"https:\/\/files.sunoresearch.com.br\/n\/uploads\/2023\/01\/cropped-lojas-americanas-em-telemaco-borba-wikimedia-reproducao-225x300.jpg"},"thumbnail":{"file":"cropped-lojas-americanas-em-telemaco-borba-wikimedia-reproducao-150x150.jpg","width":150,"height":150,"mimeType":"image\/jpeg","sourceUrl":"https:\/\/files.sunoresearch.com.br\/n\/uploads\/2023\/01\/cropped-lojas-americanas-em-telemaco-borba-wikimedia-reproducao-150x150.jpg"},"180x135":{"file":"cropped-lojas-americanas-em-telemaco-borba-wikimedia-reproducao-180x135.jpg","width":180,"height":135,"mimeType":"image\/jpeg","sourceUrl":"https:\/\/files.sunoresearch.com.br\/n\/uploads\/2023\/01\/cropped-lojas-americanas-em-telemaco-borba-wikimedia-reproducao-180x135.jpg"},"400x200":{"file":"cropped-lojas-americanas-em-telemaco-borba-wikimedia-reproducao-400x200.jpg","width":400,"height":200,"mimeType":"image\/jpeg","sourceUrl":"https:\/\/files.sunoresearch.com.br\/n\/uploads\/2023\/01\/cropped-lojas-americanas-em-telemaco-borba-wikimedia-reproducao-400x200.jpg"},"400x300":{"file":"cropped-lojas-americanas-em-telemaco-borba-wikimedia-reproducao-400x300.jpg","width":400,"height":300,"mimeType":"image\/jpeg","sourceUrl":"https:\/\/files.sunoresearch.com.br\/n\/uploads\/2023\/01\/cropped-lojas-americanas-em-telemaco-borba-wikimedia-reproducao-400x300.jpg"},"600x300":{"file":"cropped-lojas-americanas-em-telemaco-borba-wikimedia-reproducao-600x300.jpg","width":600,"height":300,"mimeType":"image\/jpeg","sourceUrl":"https:\/\/files.sunoresearch.com.br\/n\/uploads\/2023\/01\/cropped-lojas-americanas-em-telemaco-borba-wikimedia-reproducao-600x300.jpg"},"800x450":{"file":"cropped-lojas-americanas-em-telemaco-borba-wikimedia-reproducao-640x450.jpg","width":640,"height":450,"mimeType":"image\/jpeg","sourceUrl":"https:\/\/files.sunoresearch.com.br\/n\/uploads\/2023\/01\/cropped-lojas-americanas-em-telemaco-borba-wikimedia-reproducao-640x450.jpg"},"web-stories-poster-portrait":{"file":"cropped-lojas-americanas-em-telemaco-borba-wikimedia-reproducao-640x853.jpg","width":640,"height":853,"mimeType":"image\/jpeg","sourceUrl":"https:\/\/files.sunoresearch.com.br\/n\/uploads\/2023\/01\/cropped-lojas-americanas-em-telemaco-borba-wikimedia-reproducao-640x853.jpg"},"web-stories-publisher-logo":{"file":"cropped-lojas-americanas-em-telemaco-borba-wikimedia-reproducao-96x96.jpg","width":96,"height":96,"mimeType":"image\/jpeg","sourceUrl":"https:\/\/files.sunoresearch.com.br\/n\/uploads\/2023\/01\/cropped-lojas-americanas-em-telemaco-borba-wikimedia-reproducao-96x96.jpg"},"web-stories-thumbnail":{"file":"cropped-lojas-americanas-em-telemaco-borba-wikimedia-reproducao-150x200.jpg","width":150,"height":200,"mimeType":"image\/jpeg","sourceUrl":"https:\/\/files.sunoresearch.com.br\/n\/uploads\/2023\/01\/cropped-lojas-americanas-em-telemaco-borba-wikimedia-reproducao-150x200.jpg"},"full":{"file":"cropped-lojas-americanas-em-telemaco-borba-wikimedia-reproducao.jpg","width":640,"height":853,"mimeType":"image\/jpeg","sourceUrl":"https:\/\/files.sunoresearch.com.br\/n\/uploads\/2023\/01\/cropped-lojas-americanas-em-telemaco-borba-wikimedia-reproducao.jpg"}},"isPlaceholder":false,"isExternal":false,"needsProxy":false,"baseColor":"#b39784","blurHash":"USLgCO?uf6E1^,yEkDxa_Lx]ozxaOsxuiwIo","creationDate":"2023-02-07T20:16:25","src":"https:\/\/files.sunoresearch.com.br\/n\/uploads\/2023\/01\/cropped-lojas-americanas-em-telemaco-borba-wikimedia-reproducao.jpg","id":359965,"alt":"Crise na Americanas (AMER3): BYG reverte no STJ decis\u00e3o sobre bloqueio","local":false},"type":"image","x":-8,"y":-73,"width":429,"height":548,"mask":{"type":"rectangle","showInLibrary":true,"name":"Rectangle","path":"M 0,0 1,0 1,1 0,1 0,0 Z","ratio":1,"supportsBorder":true},"id":"5e12aeeb-443c-4723-b776-49b7e7839400","alt":"Fachada de loja da Americanas. Foto: Divulga\u00e7\u00e3o"},{"opacity":100,"flip":{"vertical":false,"horizontal":false},"rotationAngle":0,"lockAspectRatio":true,"backgroundColor":{"color":{"r":33,"g":33,"b":33}},"x":-231,"y":418,"width":920,"height":880,"mask":{"type":"rectangle"},"borderRadius":{"topLeft":12,"topRight":12,"bottomRight":12,"bottomLeft":12,"locked":true},"basedOn":"e2397b0d-4ff0-42ab-899d-8e1e50cd49db","link":null,"id":"4098f2dd-58f0-4abe-abe6-8b21c4f83d93","type":"shape"},{"opacity":100,"flip":{"vertical":false,"horizontal":false},"rotationAngle":0,"lockAspectRatio":true,"backgroundTextMode":"NONE","font":{"family":"Montserrat"},"fontSize":23,"backgroundColor":{"color":{"r":196,"g":196,"b":196}},"lineHeight":1.2,"textAlign":"center","padding":{"locked":true,"hasHiddenPadding":false,"horizontal":0,"vertical":0},"content":"<span style=\"color: #fff\">Americanas e os acionistas n\u00e3o responderam os questionamentos do Valor sobre o caso.<\/span>","borderRadius":{"locked":true,"topLeft":2,"topRight":2,"bottomRight":2,"bottomLeft":2},"x":63,"y":454,"width":286,"height":139,"id":"154a2720-2032-45cf-ba17-e2643a1408fb","basedOn":"eb537115-4983-4c75-8e30-e52ffe058016","type":"text"}],"backgroundColor":{"color":{"r":255,"g":255,"b":255}},"animations":[],"type":"page","id":"227566d6-58b2-467e-a069-c63f50155498","defaultBackgroundElement":{"opacity":100,"flip":{"vertical":false,"horizontal":false},"rotationAngle":0,"lockAspectRatio":true,"backgroundColor":{"color":{"r":196,"g":196,"b":196}},"x":1,"y":1,"width":1,"height":1,"mask":{"type":"rectangle"},"isBackground":true,"isDefaultBackground":true,"id":"9acf24bc-8c11-405f-bdbc-0f99224ec693","basedOn":"fa686f13-e3b3-4b3f-9d79-d9316a7de684","type":"shape"},"pageAttachment":{"url":"","icon":"https:\/\/files.sunoresearch.com.br\/n\/uploads\/2023\/02\/shein-magalu-renner-roupas-digital-foto-prisciladupreez-unsplash.jpg","needsProxy":false,"ctaText":"Saiba mais!"}},{"elements":[{"opacity":100,"flip":{"vertical":false,"horizontal":false},"rotationAngle":0,"lockAspectRatio":true,"x":1,"y":1,"width":1,"height":1,"mask":{"type":"rectangle"},"isBackground":true,"isDefaultBackground":true,"type":"shape","id":"a909c6d3-5a1a-4fc7-84fd-35afddd0513f","basedOn":"f59e6355-29a4-492b-93dc-fcd143dd9656"},{"opacity":5,"flip":{"vertical":false,"horizontal":false},"rotationAngle":0,"lockAspectRatio":true,"x":295,"y":64,"width":68,"height":71,"sticker":{"type":"diyPlus"},"basedOn":"d1e81fa2-4e7b-42c6-94ee-1da8f8a55c7f","id":"fa33335f-d44d-4c2a-ad26-24d7e7a9c14a","type":"sticker"},{"opacity":100,"flip":{"vertical":false,"horizontal":false},"rotationAngle":0,"lockAspectRatio":true,"backgroundColor":{"type":"linear","stops":[{"color":{"r":33,"g":33,"b":33},"position":0},{"color":{"r":255,"g":255,"b":255,"a":0.1},"position":1}],"rotation":0.75},"x":0,"y":133,"width":412,"height":118,"mask":{"type":"rectangle"},"basedOn":"137b5861-4523-4a55-a40f-3ed67ce790dc","id":"9f1340ac-b499-4969-be12-804741c32576","type":"shape"},{"opacity":100,"flip":{"vertical":false,"horizontal":false},"rotationAngle":180,"lockAspectRatio":true,"backgroundColor":{"type":"linear","stops":[{"color":{"r":33,"g":33,"b":33},"position":0},{"color":{"r":255,"g":255,"b":255,"a":0.1},"position":1}],"rotation":0.75},"width":411,"height":118,"mask":{"type":"rectangle"},"basedOn":"4fabcef7-9767-402a-b8ff-0a5ce4ee66c2","x":0,"y":258,"id":"7acbf239-afc5-45fb-80df-c3b04a0ea410","type":"shape"},{"opacity":100,"flip":{"vertical":false,"horizontal":false},"rotationAngle":0,"lockAspectRatio":true,"backgroundColor":{"type":"linear","stops":[{"color":{"r":33,"g":33,"b":33},"position":0},{"color":{"r":255,"g":255,"b":255,"a":0.1},"position":1}],"rotation":0.75},"width":412,"height":118,"mask":{"type":"rectangle"},"basedOn":"2f34747e-d3fe-4e1f-8dea-6be74ad129fc","x":0,"y":375,"id":"8bdf4e4f-06ef-4aa4-b510-3dee50b0167d","type":"shape"},{"opacity":100,"flip":{"vertical":false,"horizontal":false},"rotationAngle":180,"lockAspectRatio":true,"backgroundColor":{"type":"linear","stops":[{"color":{"r":33,"g":33,"b":33},"position":0},{"color":{"r":255,"g":255,"b":255,"a":0.1},"position":1}],"rotation":0.75},"width":411,"height":118,"mask":{"type":"rectangle"},"basedOn":"997448a3-05ee-4e50-bb0a-7080fce01295","x":0,"y":513,"id":"de7172ba-3bd3-4fab-be9b-7aef2c61e447","type":"shape"},{"opacity":100,"flip":{"vertical":false,"horizontal":false},"rotationAngle":0,"lockAspectRatio":false,"backgroundColor":{"color":{"r":212,"g":33,"b":38,"a":0.38}},"width":210,"height":8,"mask":{"type":"rectangle"},"basedOn":"62e47cec-d09c-4db8-b8bf-357d0daab52b","x":46,"y":27,"id":"826e51c9-0d2a-47e6-b53d-395a4751f247","type":"shape"},{"opacity":100,"flip":{"vertical":false,"horizontal":false},"rotationAngle":0,"lockAspectRatio":false,"backgroundColor":{"color":{"r":212,"g":33,"b":38,"a":0.38}},"width":270,"height":8,"mask":{"type":"rectangle"},"basedOn":"d9320b90-a86b-48ca-b12c-e028f0b7d332","x":48,"y":60,"id":"38cd1279-06c3-4a63-b9e8-456d3714008d","type":"shape"},{"opacity":100,"flip":{"vertical":false,"horizontal":false},"rotationAngle":0,"lockAspectRatio":false,"backgroundColor":{"color":{"r":212,"g":33,"b":38,"a":0.38}},"width":90,"height":8,"mask":{"type":"rectangle"},"basedOn":"8e09a244-45ed-4413-b083-911bf117bdb1","x":46,"y":89,"id":"aa69e8dd-121c-404a-8108-0dbbc855577e","type":"shape"},{"opacity":100,"flip":{"vertical":false,"horizontal":false},"rotationAngle":0,"lockAspectRatio":true,"scale":100,"focalX":50,"focalY":50,"resource":{"type":"image","mimeType":"image\/jpeg","width":640,"height":853,"sizes":{"medium":{"file":"cropped-1200px-20180610_FIFA_Friendly_Match_Austria_vs._Brazil_Tite_850_0231-225x300.jpg","width":225,"height":300,"mimeType":"image\/jpeg","sourceUrl":"https:\/\/files.sunoresearch.com.br\/n\/uploads\/2022\/12\/cropped-1200px-20180610_FIFA_Friendly_Match_Austria_vs._Brazil_Tite_850_0231-225x300.jpg"},"thumbnail":{"file":"cropped-1200px-20180610_FIFA_Friendly_Match_Austria_vs._Brazil_Tite_850_0231-150x150.jpg","width":150,"height":150,"mimeType":"image\/jpeg","sourceUrl":"https:\/\/files.sunoresearch.com.br\/n\/uploads\/2022\/12\/cropped-1200px-20180610_FIFA_Friendly_Match_Austria_vs._Brazil_Tite_850_0231-150x150.jpg"},"180x135":{"file":"cropped-1200px-20180610_FIFA_Friendly_Match_Austria_vs._Brazil_Tite_850_0231-180x135.jpg","width":180,"height":135,"mimeType":"image\/jpeg","sourceUrl":"https:\/\/files.sunoresearch.com.br\/n\/uploads\/2022\/12\/cropped-1200px-20180610_FIFA_Friendly_Match_Austria_vs._Brazil_Tite_850_0231-180x135.jpg"},"400x200":{"file":"cropped-1200px-20180610_FIFA_Friendly_Match_Austria_vs._Brazil_Tite_850_0231-400x200.jpg","width":400,"height":200,"mimeType":"image\/jpeg","sourceUrl":"https:\/\/files.sunoresearch.com.br\/n\/uploads\/2022\/12\/cropped-1200px-20180610_FIFA_Friendly_Match_Austria_vs._Brazil_Tite_850_0231-400x200.jpg"},"400x300":{"file":"cropped-1200px-20180610_FIFA_Friendly_Match_Austria_vs._Brazil_Tite_850_0231-400x300.jpg","width":400,"height":300,"mimeType":"image\/jpeg","sourceUrl":"https:\/\/files.sunoresearch.com.br\/n\/uploads\/2022\/12\/cropped-1200px-20180610_FIFA_Friendly_Match_Austria_vs._Brazil_Tite_850_0231-400x300.jpg"},"600x300":{"file":"cropped-1200px-20180610_FIFA_Friendly_Match_Austria_vs._Brazil_Tite_850_0231-600x300.jpg","width":600,"height":300,"mimeType":"image\/jpeg","sourceUrl":"https:\/\/files.sunoresearch.com.br\/n\/uploads\/2022\/12\/cropped-1200px-20180610_FIFA_Friendly_Match_Austria_vs._Brazil_Tite_850_0231-600x300.jpg"},"800x450":{"file":"cropped-1200px-20180610_FIFA_Friendly_Match_Austria_vs._Brazil_Tite_850_0231-640x450.jpg","width":640,"height":450,"mimeType":"image\/jpeg","sourceUrl":"https:\/\/files.sunoresearch.com.br\/n\/uploads\/2022\/12\/cropped-1200px-20180610_FIFA_Friendly_Match_Austria_vs._Brazil_Tite_850_0231-640x450.jpg"},"web-stories-poster-portrait":{"file":"cropped-1200px-20180610_FIFA_Friendly_Match_Austria_vs._Brazil_Tite_850_0231-640x853.jpg","width":640,"height":853,"mimeType":"image\/jpeg","sourceUrl":"https:\/\/files.sunoresearch.com.br\/n\/uploads\/2022\/12\/cropped-1200px-20180610_FIFA_Friendly_Match_Austria_vs._Brazil_Tite_850_0231-640x853.jpg"},"web-stories-publisher-logo":{"file":"cropped-1200px-20180610_FIFA_Friendly_Match_Austria_vs._Brazil_Tite_850_0231-96x96.jpg","width":96,"height":96,"mimeType":"image\/jpeg","sourceUrl":"https:\/\/files.sunoresearch.com.br\/n\/uploads\/2022\/12\/cropped-1200px-20180610_FIFA_Friendly_Match_Austria_vs._Brazil_Tite_850_0231-96x96.jpg"},"web-stories-thumbnail":{"file":"cropped-1200px-20180610_FIFA_Friendly_Match_Austria_vs._Brazil_Tite_850_0231-150x200.jpg","width":150,"height":200,"mimeType":"image\/jpeg","sourceUrl":"https:\/\/files.sunoresearch.com.br\/n\/uploads\/2022\/12\/cropped-1200px-20180610_FIFA_Friendly_Match_Austria_vs._Brazil_Tite_850_0231-150x200.jpg"},"full":{"file":"cropped-1200px-20180610_FIFA_Friendly_Match_Austria_vs._Brazil_Tite_850_0231.jpg","width":640,"height":853,"mimeType":"image\/jpeg","sourceUrl":"https:\/\/files.sunoresearch.com.br\/n\/uploads\/2022\/12\/cropped-1200px-20180610_FIFA_Friendly_Match_Austria_vs._Brazil_Tite_850_0231.jpg"}},"isPlaceholder":false,"isExternal":false,"needsProxy":false,"baseColor":"#2d292a","blurHash":"UPDb~jxa16oMOLaftUNGtVt6Vujv5AR%n3WX","creationDate":"2022-12-05T19:07:14.000Z","src":"https:\/\/files.sunoresearch.com.br\/n\/uploads\/2022\/12\/cropped-1200px-20180610_FIFA_Friendly_Match_Austria_vs._Brazil_Tite_850_0231.jpg","id":329214,"alt":"Tite; t\u00e9cnicos da copa; copa do mundo; sele\u00e7\u00e3o","local":false},"x":47,"y":148,"width":93,"height":93,"backgroundColor":{"color":{"r":219,"g":223,"b":226}},"mask":{"type":"rectangle"},"borderRadius":{"topLeft":8,"topRight":8,"bottomRight":8,"bottomLeft":8,"locked":true},"basedOn":"57e4d3e8-f89e-43e3-8cda-ef71e6245ff6","id":"62919ee1-3a0d-4e7d-a06f-5feec8e8f272","type":"image"},{"opacity":100,"flip":{"vertical":false,"horizontal":false},"rotationAngle":0,"lockAspectRatio":true,"scale":100,"focalX":50,"focalY":50,"resource":{"type":"image","mimeType":"image\/jpeg","width":640,"height":853,"sizes":{"medium":{"file":"cropped-08278551-banco-do-brasil-1-1-225x300.jpg","width":225,"height":300,"mimeType":"image\/jpeg","sourceUrl":"https:\/\/files.sunoresearch.com.br\/n\/uploads\/2021\/01\/cropped-08278551-banco-do-brasil-1-1-225x300.jpg"},"thumbnail":{"file":"cropped-08278551-banco-do-brasil-1-1-150x150.jpg","width":150,"height":150,"mimeType":"image\/jpeg","sourceUrl":"https:\/\/files.sunoresearch.com.br\/n\/uploads\/2021\/01\/cropped-08278551-banco-do-brasil-1-1-150x150.jpg"},"180x135":{"file":"cropped-08278551-banco-do-brasil-1-1-180x135.jpg","width":180,"height":135,"mimeType":"image\/jpeg","sourceUrl":"https:\/\/files.sunoresearch.com.br\/n\/uploads\/2021\/01\/cropped-08278551-banco-do-brasil-1-1-180x135.jpg"},"400x200":{"file":"cropped-08278551-banco-do-brasil-1-1-400x200.jpg","width":400,"height":200,"mimeType":"image\/jpeg","sourceUrl":"https:\/\/files.sunoresearch.com.br\/n\/uploads\/2021\/01\/cropped-08278551-banco-do-brasil-1-1-400x200.jpg"},"400x300":{"file":"cropped-08278551-banco-do-brasil-1-1-400x300.jpg","width":400,"height":300,"mimeType":"image\/jpeg","sourceUrl":"https:\/\/files.sunoresearch.com.br\/n\/uploads\/2021\/01\/cropped-08278551-banco-do-brasil-1-1-400x300.jpg"},"600x300":{"file":"cropped-08278551-banco-do-brasil-1-1-600x300.jpg","width":600,"height":300,"mimeType":"image\/jpeg","sourceUrl":"https:\/\/files.sunoresearch.com.br\/n\/uploads\/2021\/01\/cropped-08278551-banco-do-brasil-1-1-600x300.jpg"},"800x450":{"file":"cropped-08278551-banco-do-brasil-1-1-640x450.jpg","width":640,"height":450,"mimeType":"image\/jpeg","sourceUrl":"https:\/\/files.sunoresearch.com.br\/n\/uploads\/2021\/01\/cropped-08278551-banco-do-brasil-1-1-640x450.jpg"},"web-stories-poster-portrait":{"file":"cropped-08278551-banco-do-brasil-1-1-640x853.jpg","width":640,"height":853,"mimeType":"image\/jpeg","sourceUrl":"https:\/\/files.sunoresearch.com.br\/n\/uploads\/2021\/01\/cropped-08278551-banco-do-brasil-1-1-640x853.jpg"},"web-stories-publisher-logo":{"file":"cropped-08278551-banco-do-brasil-1-1-96x96.jpg","width":96,"height":96,"mimeType":"image\/jpeg","sourceUrl":"https:\/\/files.sunoresearch.com.br\/n\/uploads\/2021\/01\/cropped-08278551-banco-do-brasil-1-1-96x96.jpg"},"web-stories-thumbnail":{"file":"cropped-08278551-banco-do-brasil-1-1-150x200.jpg","width":150,"height":200,"mimeType":"image\/jpeg","sourceUrl":"https:\/\/files.sunoresearch.com.br\/n\/uploads\/2021\/01\/cropped-08278551-banco-do-brasil-1-1-150x200.jpg"},"full":{"file":"cropped-08278551-banco-do-brasil-1-1.jpg","width":640,"height":853,"mimeType":"image\/jpeg","sourceUrl":"https:\/\/files.sunoresearch.com.br\/n\/uploads\/2021\/01\/cropped-08278551-banco-do-brasil-1-1.jpg"}},"isPlaceholder":false,"isExternal":false,"needsProxy":false,"baseColor":"#3757ac","blurHash":"UOIq=Y?b.8-;0VngIVRj0IaiVpWAwYEAt7NL","creationDate":"2022-12-11T03:32:32.000Z","src":"https:\/\/files.sunoresearch.com.br\/n\/uploads\/2021\/01\/cropped-08278551-banco-do-brasil-1-1.jpg","id":332652,"alt":"O Banco do Brasil (BBAS3) teve lucro recorde no 3T21 - Foto: Divulga\u00e7\u00e3o","local":false},"x":47,"y":271,"width":93,"height":93,"backgroundColor":{"color":{"r":219,"g":223,"b":226}},"mask":{"type":"rectangle"},"basedOn":"4690ae77-2f4a-47c0-9dec-03cc13de79ef","borderRadius":{"topLeft":8,"topRight":8,"bottomRight":8,"bottomLeft":8,"locked":true},"id":"b299da37-d9f5-4eb9-a382-9f74ad90d1d4","type":"image"},{"opacity":100,"flip":{"vertical":false,"horizontal":false},"rotationAngle":0,"lockAspectRatio":true,"scale":100,"focalX":50,"focalY":50,"resource":{"type":"image","mimeType":"image\/jpeg","width":400,"height":400,"sizes":{"medium":{"file":"985c176a-volkswagen-400x400-1-300x300.jpg","width":300,"height":300,"mimeType":"image\/jpeg","sourceUrl":"https:\/\/files.sunoresearch.com.br\/n\/uploads\/2020\/09\/985c176a-volkswagen-400x400-1-300x300.jpg"},"thumbnail":{"file":"985c176a-volkswagen-400x400-1-150x150.jpg","width":150,"height":150,"mimeType":"image\/jpeg","sourceUrl":"https:\/\/files.sunoresearch.com.br\/n\/uploads\/2020\/09\/985c176a-volkswagen-400x400-1-150x150.jpg"},"180x135":{"file":"985c176a-volkswagen-400x400-1-180x135.jpg","width":180,"height":135,"mimeType":"image\/jpeg","sourceUrl":"https:\/\/files.sunoresearch.com.br\/n\/uploads\/2020\/09\/985c176a-volkswagen-400x400-1-180x135.jpg"},"400x200":{"file":"985c176a-volkswagen-400x400-1-400x200.jpg","width":400,"height":200,"mimeType":"image\/jpeg","sourceUrl":"https:\/\/files.sunoresearch.com.br\/n\/uploads\/2020\/09\/985c176a-volkswagen-400x400-1-400x200.jpg"},"400x300":{"file":"985c176a-volkswagen-400x400-1-400x300.jpg","width":400,"height":300,"mimeType":"image\/jpeg","sourceUrl":"https:\/\/files.sunoresearch.com.br\/n\/uploads\/2020\/09\/985c176a-volkswagen-400x400-1-400x300.jpg"},"600x300":{"file":"985c176a-volkswagen-400x400-1-400x300.jpg","width":400,"height":300,"mimeType":"image\/jpeg","sourceUrl":"https:\/\/files.sunoresearch.com.br\/n\/uploads\/2020\/09\/985c176a-volkswagen-400x400-1-400x300.jpg"},"full":{"file":"985c176a-volkswagen-400x400-1.jpg","width":400,"height":400,"mimeType":"image\/jpeg","sourceUrl":"https:\/\/files.sunoresearch.com.br\/n\/uploads\/2020\/09\/985c176a-volkswagen-400x400-1.jpg"}},"isPlaceholder":false,"isExternal":false,"needsProxy":false,"baseColor":"#c8d6d9","blurHash":"UIFG2v9FE3nh%%x_VqNGyFI9.8bc$vbxbxs:","creationDate":"2020-09-15T22:54:11.000Z","src":"https:\/\/files.sunoresearch.com.br\/n\/uploads\/2020\/09\/985c176a-volkswagen-400x400-1.jpg","id":84939,"alt":"A Volkswagen lan\u00e7ou um plano de loca\u00e7\u00e3o de carros pensado para consumidores que preferem alugar autom\u00f3veis em vez de compr\u00e1-los.","local":false},"x":47,"y":525,"width":93,"height":93,"backgroundColor":{"color":{"r":219,"g":223,"b":226}},"mask":{"type":"rectangle"},"basedOn":"c8f3ecb0-75cb-4b06-9fa1-edf8f943d098","borderRadius":{"topLeft":8,"topRight":8,"bottomRight":8,"bottomLeft":8,"locked":true},"id":"ee1efe69-6123-4996-8916-2722d5e18b0d","type":"image"},{"opacity":100,"flip":{"vertical":false,"horizontal":false},"rotationAngle":0,"lockAspectRatio":true,"scale":100,"focalX":50,"focalY":50,"resource":{"type":"image","mimeType":"image\/jpeg","width":640,"height":853,"sizes":{"medium":{"file":"cropped-moeda-1real-invertida-reproducao-225x300.jpg","width":225,"height":300,"mimeType":"image\/jpeg","sourceUrl":"https:\/\/files.sunoresearch.com.br\/n\/uploads\/2022\/10\/cropped-moeda-1real-invertida-reproducao-225x300.jpg"},"thumbnail":{"file":"cropped-moeda-1real-invertida-reproducao-150x150.jpg","width":150,"height":150,"mimeType":"image\/jpeg","sourceUrl":"https:\/\/files.sunoresearch.com.br\/n\/uploads\/2022\/10\/cropped-moeda-1real-invertida-reproducao-150x150.jpg"},"180x135":{"file":"cropped-moeda-1real-invertida-reproducao-180x135.jpg","width":180,"height":135,"mimeType":"image\/jpeg","sourceUrl":"https:\/\/files.sunoresearch.com.br\/n\/uploads\/2022\/10\/cropped-moeda-1real-invertida-reproducao-180x135.jpg"},"400x200":{"file":"cropped-moeda-1real-invertida-reproducao-400x200.jpg","width":400,"height":200,"mimeType":"image\/jpeg","sourceUrl":"https:\/\/files.sunoresearch.com.br\/n\/uploads\/2022\/10\/cropped-moeda-1real-invertida-reproducao-400x200.jpg"},"400x300":{"file":"cropped-moeda-1real-invertida-reproducao-400x300.jpg","width":400,"height":300,"mimeType":"image\/jpeg","sourceUrl":"https:\/\/files.sunoresearch.com.br\/n\/uploads\/2022\/10\/cropped-moeda-1real-invertida-reproducao-400x300.jpg"},"600x300":{"file":"cropped-moeda-1real-invertida-reproducao-600x300.jpg","width":600,"height":300,"mimeType":"image\/jpeg","sourceUrl":"https:\/\/files.sunoresearch.com.br\/n\/uploads\/2022\/10\/cropped-moeda-1real-invertida-reproducao-600x300.jpg"},"800x450":{"file":"cropped-moeda-1real-invertida-reproducao-640x450.jpg","width":640,"height":450,"mimeType":"image\/jpeg","sourceUrl":"https:\/\/files.sunoresearch.com.br\/n\/uploads\/2022\/10\/cropped-moeda-1real-invertida-reproducao-640x450.jpg"},"web-stories-poster-portrait":{"file":"cropped-moeda-1real-invertida-reproducao-640x853.jpg","width":640,"height":853,"mimeType":"image\/jpeg","sourceUrl":"https:\/\/files.sunoresearch.com.br\/n\/uploads\/2022\/10\/cropped-moeda-1real-invertida-reproducao-640x853.jpg"},"web-stories-publisher-logo":{"file":"cropped-moeda-1real-invertida-reproducao-96x96.jpg","width":96,"height":96,"mimeType":"image\/jpeg","sourceUrl":"https:\/\/files.sunoresearch.com.br\/n\/uploads\/2022\/10\/cropped-moeda-1real-invertida-reproducao-96x96.jpg"},"web-stories-thumbnail":{"file":"cropped-moeda-1real-invertida-reproducao-150x200.jpg","width":150,"height":200,"mimeType":"image\/jpeg","sourceUrl":"https:\/\/files.sunoresearch.com.br\/n\/uploads\/2022\/10\/cropped-moeda-1real-invertida-reproducao-150x200.jpg"},"full":{"file":"cropped-moeda-1real-invertida-reproducao.jpg","width":640,"height":853,"mimeType":"image\/jpeg","sourceUrl":"https:\/\/files.sunoresearch.com.br\/n\/uploads\/2022\/10\/cropped-moeda-1real-invertida-reproducao.jpg"}},"isPlaceholder":false,"isExternal":false,"needsProxy":false,"baseColor":"#bca98d","blurHash":"UJLgOgNx{^ixV=ngV@x^HsJ-sss8rqV[?Ht7","creationDate":"2022-10-11T19:14:41.000Z","src":"https:\/\/files.sunoresearch.com.br\/n\/uploads\/2022\/10\/cropped-moeda-1real-invertida-reproducao.jpg","id":307740,"alt":"cropped-moeda-1real-invertida-reproducao.jpg","local":false},"x":47,"y":392.5,"width":93,"height":93,"backgroundColor":{"color":{"r":219,"g":223,"b":226}},"mask":{"type":"rectangle"},"basedOn":"c53cd542-8157-458e-844c-3e6dfe2896c6","borderRadius":{"topLeft":8,"topRight":8,"bottomRight":8,"bottomLeft":8,"locked":true},"id":"c31676fa-b634-4ecd-ba32-cf896373a958","type":"image"},{"opacity":100,"flip":{"vertical":false,"horizontal":false},"rotationAngle":0,"lockAspectRatio":true,"backgroundTextMode":"NONE","font":{"family":"Montserrat"},"fontSize":32,"backgroundColor":{"color":{"r":196,"g":196,"b":196}},"lineHeight":1,"textAlign":"left","padding":{"horizontal":0,"vertical":0},"x":47,"y":0,"width":281,"height":103,"basedOn":"bff4f57d-7b84-4f82-875a-42b1eaa5f461","content":"<span style=\"font-weight: 700; color: #fff\">Confira mais stories do Grupo Suno:<\/span>","id":"01c2a414-aa66-44e6-944e-ff786d2572e8","type":"text"},{"opacity":100,"flip":{"vertical":false,"horizontal":false},"rotationAngle":0,"lockAspectRatio":true,"backgroundTextMode":"NONE","font":{"family":"Montserrat"},"fontSize":16,"backgroundColor":{"color":{"r":196,"g":196,"b":196}},"lineHeight":1.37,"textAlign":"initial","padding":{"horizontal":0,"vertical":0},"x":159,"y":152,"width":191,"height":64,"basedOn":"071f0777-631b-4a18-b515-35efa89c572a","content":"<span style=\"font-weight: 700; text-decoration: underline; color: #fff\">Quanto ganha &nbsp;o t\u00e9cnico da Sele\u00e7\u00e3o Brasileira?<\/span>","link":{"needsProxy":false,"url":"https:\/\/www.suno.com.br\/noticias\/web-stories\/tecnico-selecao-brasileira-copa-quanto-ganha\/","rel":[],"icon":"https:\/\/files.sunoresearch.com.br\/n\/uploads\/2022\/12\/cropped-1200px-20180610_FIFA_Friendly_Match_Austria_vs._Brazil_Tite_850_0231.jpg","desc":"Quanto ganha o t\u00e9cnico da Sele\u00e7\u00e3o Brasileira?"},"id":"0dc0606c-fbfd-4b53-85c1-37d8ea25816f","type":"text"},{"opacity":100,"flip":{"vertical":false,"horizontal":false},"rotationAngle":0,"lockAspectRatio":true,"backgroundTextMode":"NONE","font":{"family":"Montserrat"},"fontSize":16,"backgroundColor":{"color":{"r":196,"g":196,"b":196}},"lineHeight":1.37,"textAlign":"initial","padding":{"horizontal":0,"vertical":0},"x":160,"y":277,"width":191,"height":86,"basedOn":"f76e9cc3-817f-4488-8982-dbb1c803f09b","content":"<span style=\"font-weight: 700; text-decoration: underline; color: #fff\">Banco do Brasil (BBAS3) pode aumentar dividendos em 2023<\/span>","link":{"needsProxy":false,"url":"https:\/\/www.suno.com.br\/noticias\/web-stories\/banco-do-brasil-bbas3-aumentar-dividendos-2023\/","rel":[],"icon":"https:\/\/files.sunoresearch.com.br\/n\/uploads\/2021\/01\/cropped-238ba7a5-banco-do-brasil-1.jpg","desc":"Banco do Brasil (BBAS3) aumentar\u00e1 dividendos em 2023, projeta XP"},"id":"95d4eb13-bdf6-4f54-a715-8494a539003a","type":"text"},{"opacity":100,"flip":{"vertical":false,"horizontal":false},"rotationAngle":0,"lockAspectRatio":true,"backgroundTextMode":"NONE","font":{"family":"Montserrat"},"fontSize":16,"backgroundColor":{"color":{"r":196,"g":196,"b":196}},"lineHeight":1.37,"textAlign":"initial","padding":{"horizontal":0,"vertical":0},"x":161,"y":396,"width":191,"height":86,"basedOn":"540c4fb6-b162-44b7-9eb6-dcd4d382d985","content":"<span style=\"font-weight: 700; text-decoration: underline; color: #fff\">Colecionadores pagam at\u00e9 7 mil por moedas raras\n<\/span>","link":{"needsProxy":false,"url":"https:\/\/www.suno.com.br\/noticias\/web-stories\/moeda-rara-ate-7-mil-veja\/","rel":[],"icon":"https:\/\/files.sunoresearch.com.br\/n\/uploads\/2022\/07\/cropped-moedas-raras-6-1.jpg","desc":"Moeda rara de R$ 1 pode valer R$ 7 mil; veja"},"id":"36730525-5581-45d5-b9ca-586841fe541a","type":"text"},{"opacity":100,"flip":{"vertical":false,"horizontal":false},"rotationAngle":0,"lockAspectRatio":true,"backgroundTextMode":"NONE","font":{"family":"Montserrat"},"fontSize":16,"backgroundColor":{"color":{"r":196,"g":196,"b":196}},"lineHeight":1.37,"textAlign":"initial","padding":{"horizontal":0,"vertical":0},"x":159,"y":530,"width":174,"height":107,"basedOn":"cb77f6ce-e629-44a9-bc82-36c2c437c023","content":"<span style=\"font-weight: 700; text-decoration: underline; color: #fff\">Voskswagen Gol sair\u00e1 de linha e edi\u00e7\u00e3o de despedida custa R$ 120 mil<\/span>","link":{"needsProxy":false,"url":"https:\/\/www.suno.com.br\/noticias\/web-stories\/volkswagen-gol-edicao-despedida\/","rel":[],"icon":"https:\/\/files.sunoresearch.com.br\/n\/uploads\/2022\/11\/cropped-Volkswagen-Gol-Last-Edition.jpg","desc":"Volkswagen Gol: edi\u00e7\u00e3o de depedida custar\u00e1 mais de R$ 120 mil; conhe\u00e7a"},"id":"a9bdcce2-ebbf-4d93-bd04-88f239a026bd","type":"text"},{"opacity":10,"flip":{"vertical":false,"horizontal":false},"rotationAngle":0,"lockAspectRatio":true,"width":37,"height":39,"sticker":{"type":"diyPlus"},"basedOn":"a92c03ee-6823-43b0-83b7-9b9eaef70f7f","x":332,"y":336,"id":"3897704f-b668-4135-b938-7ad88904eeea","type":"sticker"},{"opacity":5,"flip":{"vertical":false,"horizontal":false},"rotationAngle":0,"lockAspectRatio":true,"width":37,"height":39,"sticker":{"type":"diyPlus"},"basedOn":"3024661b-5741-463b-bf0d-3625fbfd96ea","x":324,"y":506,"id":"06d4989d-95d1-43d1-baf0-b16ef93a1eb5","type":"sticker"},{"opacity":8,"flip":{"vertical":false,"horizontal":false},"rotationAngle":270,"lockAspectRatio":true,"x":264,"y":21,"width":137,"height":137,"sticker":{"type":"studioGrayFrameCorner"},"basedOn":"600a1fb6-3ecc-4be1-93d9-ed38e3031a02","id":"1e6d4305-1414-44ce-9de1-3e86e12b246a","type":"sticker"},{"opacity":8,"flip":{"vertical":false,"horizontal":false},"rotationAngle":90,"lockAspectRatio":true,"width":137,"height":137,"sticker":{"type":"studioGrayFrameCorner"},"basedOn":"62e24df4-0377-4000-8635-089eb65e5664","x":249,"y":514,"link":{"needsProxy":false,"url":"https:\/\/www.suno.com.br\/noticias\/web-stories\/banco-inter-inbr31-estreia-bolsa-bdr\/","rel":["noreferrer","noreferrer","noreferrer","noreferrer","noreferrer","noreferrer","noreferrer","noreferrer","noreferrer","noreferrer","noreferrer","noreferrer","noreferrer","noreferrer","noreferrer","noreferrer","noreferrer","noreferrer","noreferrer","noreferrer","noreferrer","noreferrer","noreferrer","noreferrer","noreferrer","noreferrer","noreferrer","noreferrer","noreferrer","noreferrer","noreferrer","noreferrer","noreferrer","noreferrer","noreferrer","noreferrer","noreferrer","noreferrer","noreferrer","noreferrer","noreferrer","noreferrer","noreferrer","noreferrer","noreferrer","noreferrer","noreferrer","noreferrer","noreferrer","noreferrer","noreferrer","noreferrer","noreferrer","noreferrer","noreferrer","noreferrer","noreferrer","noreferrer","noreferrer","noreferrer","noreferrer","noreferrer","noreferrer","noreferrer","noreferrer","noreferrer","noreferrer","noreferrer","noreferrer","noreferrer","noreferrer","noreferrer","noreferrer","noreferrer","noreferrer","noreferrer","noreferrer","noreferrer","noreferrer","noreferrer","noreferrer","noreferrer","noreferrer","noreferrer","noreferrer","noreferrer","noreferrer","noreferrer","noreferrer","noreferrer","noreferrer","noreferrer","noreferrer","noreferrer","noreferrer","noreferrer","noreferrer","noreferrer","noreferrer","noreferrer","noreferrer","noreferrer","noreferrer","noreferrer","noreferrer","noreferrer","noreferrer","noreferrer","noreferrer","noreferrer","noreferrer","noreferrer","noreferrer","noreferrer","noreferrer","noreferrer","noreferrer","noreferrer","noreferrer","noreferrer","noreferrer","noreferrer","noreferrer","noreferrer","noreferrer","noreferrer","noreferrer","noreferrer","noreferrer","noreferrer","noreferrer","noreferrer","noreferrer","noreferrer","noreferrer","noreferrer","noreferrer","noreferrer","noreferrer","noreferrer","noreferrer","noreferrer","noreferrer","noreferrer","noreferrer","noreferrer","noreferrer","noreferrer","noreferrer","noreferrer","noreferrer","noreferrer","noreferrer","noreferrer","noreferrer","noreferrer","noreferrer","noreferrer","noreferrer","noreferrer","noreferrer","noreferrer","noreferrer","noreferrer","noreferrer","noreferrer","noreferrer","noreferrer","noreferrer","noreferrer","noreferrer","noreferrer","noreferrer","noreferrer","noreferrer","noreferrer","noreferrer","noreferrer","noreferrer","noreferrer","noreferrer","noreferrer","noreferrer","noreferrer","noreferrer","noreferrer","noreferrer","noreferrer","noreferrer","noreferrer","noreferrer","noreferrer","noreferrer","noreferrer","noreferrer","noreferrer","noreferrer","noreferrer","noreferrer","noreferrer","noreferrer","noreferrer","noreferrer","noreferrer","noreferrer","noreferrer","noreferrer","noreferrer","noreferrer","noreferrer","noreferrer","noreferrer","noreferrer","noreferrer","noreferrer","noreferrer","noreferrer","noreferrer","noreferrer","noreferrer","noreferrer","noreferrer","noreferrer","noreferrer","noreferrer","noreferrer","noreferrer","noreferrer","noreferrer","noreferrer","noreferrer","noreferrer","noreferrer","noreferrer","noreferrer","noreferrer","noreferrer","noreferrer","noreferrer","noreferrer","noreferrer","noreferrer","noreferrer","noreferrer","noreferrer","noreferrer","noreferrer","noreferrer","noreferrer","noreferrer","noreferrer","noreferrer","noreferrer","noreferrer","noreferrer","noreferrer","noreferrer","noreferrer","noreferrer","noreferrer","noreferrer","noreferrer","noreferrer","noreferrer","noreferrer","noreferrer","noreferrer","noreferrer","noreferrer","noreferrer","noreferrer","noreferrer","noreferrer","noreferrer","noreferrer","noreferrer","noreferrer","noreferrer","noreferrer","noreferrer","noreferrer","noreferrer","noreferrer","noreferrer","noreferrer","noreferrer","noreferrer","noreferrer","noreferrer","noreferrer","noreferrer","noreferrer","noreferrer","noreferrer","noreferrer","noreferrer","noreferrer","noreferrer","noreferrer","noreferrer","noreferrer","noreferrer","noreferrer","noreferrer","noreferrer","noreferrer","noreferrer","noreferrer","noreferrer","noreferrer","noreferrer","noreferrer","noreferrer","noreferrer","noreferrer","noreferrer","noreferrer","noreferrer","noreferrer","noreferrer","noreferrer","noreferrer","noreferrer","noreferrer","noreferrer","noreferrer","noreferrer","noreferrer","noreferrer","noreferrer","noreferrer","noreferrer","noreferrer","noreferrer","noreferrer","noreferrer","noreferrer","noreferrer","noreferrer","noreferrer","noreferrer","noreferrer","noreferrer","noreferrer","noreferrer","noreferrer","noreferrer","noreferrer","noreferrer","noreferrer","noreferrer","noreferrer","noreferrer","noreferrer","noreferrer","noreferrer","noreferrer","noreferrer","noreferrer","noreferrer","noreferrer","noreferrer","noreferrer","noreferrer","noreferrer","noreferrer","noreferrer","noreferrer","noreferrer","noreferrer","noreferrer","noreferrer","noreferrer","noreferrer","noreferrer","noreferrer","noreferrer","noreferrer","noreferrer","noreferrer","noreferrer","noreferrer","noreferrer","noreferrer","noreferrer","noreferrer","noreferrer","noreferrer","noreferrer","noreferrer","noreferrer","noreferrer","noreferrer","noreferrer","noreferrer","noreferrer","noreferrer","noreferrer","noreferrer","noreferrer","noreferrer","noreferrer","noreferrer","noreferrer","noreferrer","noreferrer","noreferrer","noreferrer","noreferrer","noreferrer","noreferrer","noreferrer","noreferrer","noreferrer","noreferrer","noreferrer","noreferrer","noreferrer","noreferrer","noreferrer","noreferrer","noreferrer","noreferrer","noreferrer","noreferrer","noreferrer","noreferrer","noreferrer","noreferrer","noreferrer","noreferrer","noreferrer","noreferrer","noreferrer","noreferrer","noreferrer","noreferrer","noreferrer","noreferrer","noreferrer","noreferrer","noreferrer","noreferrer","noreferrer","noreferrer","noreferrer","noreferrer","noreferrer","noreferrer","noreferrer","noreferrer","noreferrer","noreferrer","noreferrer","noreferrer","noreferrer","noreferrer","noreferrer","noreferrer","noreferrer","noreferrer","noreferrer","noreferrer","noreferrer","noreferrer","noreferrer","noreferrer","noreferrer","noreferrer","noreferrer","noreferrer","noreferrer","noreferrer","noreferrer","noreferrer","noreferrer","noreferrer","noreferrer","noreferrer","noreferrer","noreferrer","noreferrer","noreferrer","noreferrer","noreferrer","noreferrer","noreferrer","noreferrer","noreferrer","noreferrer","noreferrer","noreferrer","noreferrer","noreferrer","noreferrer","noreferrer","noreferrer","noreferrer"],"icon":null,"desc":null},"id":"1cc6c19b-1582-4dc4-9c37-57a774dbc5a4","type":"sticker"}],"animations":[{"targets":["62919ee1-3a0d-4e7d-a06f-5feec8e8f272"],"id":"8135d837-b0ed-4af6-b861-071d1afccf5e","type":"effect-whoosh-in","whooshInDir":"leftToRight","duration":1400,"delay":100},{"targets":["b299da37-d9f5-4eb9-a382-9f74ad90d1d4"],"id":"c55fce83-8d5d-4744-9684-7d124c2351ae","type":"effect-whoosh-in","whooshInDir":"leftToRight","duration":1400,"delay":250},{"targets":["ee1efe69-6123-4996-8916-2722d5e18b0d"],"id":"fda9f18a-76c0-4f39-9a5b-ff2e65fbaa8b","type":"effect-whoosh-in","whooshInDir":"leftToRight","duration":1400,"delay":300},{"targets":["c31676fa-b634-4ecd-ba32-cf896373a958"],"id":"ae001c19-a94e-4e04-99ab-f49f0195ff77","type":"effect-whoosh-in","whooshInDir":"leftToRight","duration":1400,"delay":350},{"targets":["01c2a414-aa66-44e6-944e-ff786d2572e8"],"id":"754cec23-9019-4d1c-b3ef-f31180fd4013","type":"effect-fade-in","duration":3000,"delay":0},{"targets":["0dc0606c-fbfd-4b53-85c1-37d8ea25816f"],"id":"3e41cbf5-345d-4f85-82ed-e9016d9fe882","type":"effect-fly-in","flyInDir":"leftToRight","duration":1400,"delay":100},{"targets":["95d4eb13-bdf6-4f54-a715-8494a539003a"],"id":"e05a7879-e7f3-46a4-981a-e0b7769da3eb","type":"effect-fly-in","flyInDir":"leftToRight","duration":1400,"delay":200},{"targets":["36730525-5581-45d5-b9ca-586841fe541a"],"id":"0e070e33-7a6d-4218-8fb1-9134bb24923c","type":"effect-fly-in","flyInDir":"leftToRight","duration":1400,"delay":200},{"targets":["a9bdcce2-ebbf-4d93-bd04-88f239a026bd"],"id":"8929e111-44a6-4a31-bccd-fa79bc72b17f","type":"effect-fly-in","flyInDir":"leftToRight","duration":1400,"delay":200}],"backgroundColor":{"color":{"r":33,"g":33,"b":33}},"type":"page","id":"028a325d-fbcc-410e-80b9-fd635db6ae7a","defaultBackgroundElement":{"opacity":100,"flip":{"vertical":false,"horizontal":false},"rotationAngle":0,"lockAspectRatio":true,"x":1,"y":1,"width":1,"height":1,"mask":{"type":"rectangle"},"isBackground":true,"isDefaultBackground":true,"type":"shape","id":"a909c6d3-5a1a-4fc7-84fd-35afddd0513f","basedOn":"f59e6355-29a4-492b-93dc-fcd143dd9656"}},{"elements":[{"opacity":100,"flip":{"vertical":false,"horizontal":false},"rotationAngle":0,"lockAspectRatio":true,"x":48,"y":0,"width":288,"height":512,"mask":{"type":"rectangle"},"type":"image","id":"f16450cb-9631-473e-9b53-484cb1ae3dbf","scale":100,"focalX":50,"focalY":50,"resource":{"type":"image","mimeType":"image\/webp","width":576,"height":1024,"sizes":{"medium":{"file":"CTA-WebStories-Planilha-de-controle-de-gastos-576x1024-1-169x300.webp","width":169,"height":300,"mimeType":"image\/webp","sourceUrl":"https:\/\/files.sunoresearch.com.br\/n\/uploads\/2023\/01\/CTA-WebStories-Planilha-de-controle-de-gastos-576x1024-1-169x300.webp"},"thumbnail":{"file":"CTA-WebStories-Planilha-de-controle-de-gastos-576x1024-1-150x150.webp","width":150,"height":150,"mimeType":"image\/webp","sourceUrl":"https:\/\/files.sunoresearch.com.br\/n\/uploads\/2023\/01\/CTA-WebStories-Planilha-de-controle-de-gastos-576x1024-1-150x150.webp"},"180x135":{"file":"CTA-WebStories-Planilha-de-controle-de-gastos-576x1024-1-180x135.webp","width":180,"height":135,"mimeType":"image\/webp","sourceUrl":"https:\/\/files.sunoresearch.com.br\/n\/uploads\/2023\/01\/CTA-WebStories-Planilha-de-controle-de-gastos-576x1024-1-180x135.webp"},"400x200":{"file":"CTA-WebStories-Planilha-de-controle-de-gastos-576x1024-1-400x200.webp","width":400,"height":200,"mimeType":"image\/webp","sourceUrl":"https:\/\/files.sunoresearch.com.br\/n\/uploads\/2023\/01\/CTA-WebStories-Planilha-de-controle-de-gastos-576x1024-1-400x200.webp"},"400x300":{"file":"CTA-WebStories-Planilha-de-controle-de-gastos-576x1024-1-400x300.webp","width":400,"height":300,"mimeType":"image\/webp","sourceUrl":"https:\/\/files.sunoresearch.com.br\/n\/uploads\/2023\/01\/CTA-WebStories-Planilha-de-controle-de-gastos-576x1024-1-400x300.webp"},"600x300":{"file":"CTA-WebStories-Planilha-de-controle-de-gastos-576x1024-1-576x300.webp","width":576,"height":300,"mimeType":"image\/webp","sourceUrl":"https:\/\/files.sunoresearch.com.br\/n\/uploads\/2023\/01\/CTA-WebStories-Planilha-de-controle-de-gastos-576x1024-1-576x300.webp"},"800x450":{"file":"CTA-WebStories-Planilha-de-controle-de-gastos-576x1024-1-576x450.webp","width":576,"height":450,"mimeType":"image\/webp","sourceUrl":"https:\/\/files.sunoresearch.com.br\/n\/uploads\/2023\/01\/CTA-WebStories-Planilha-de-controle-de-gastos-576x1024-1-576x450.webp"},"web-stories-poster-portrait":{"file":"CTA-WebStories-Planilha-de-controle-de-gastos-576x1024-1-576x853.webp","width":576,"height":853,"mimeType":"image\/webp","sourceUrl":"https:\/\/files.sunoresearch.com.br\/n\/uploads\/2023\/01\/CTA-WebStories-Planilha-de-controle-de-gastos-576x1024-1-576x853.webp"},"web-stories-publisher-logo":{"file":"CTA-WebStories-Planilha-de-controle-de-gastos-576x1024-1-96x96.webp","width":96,"height":96,"mimeType":"image\/webp","sourceUrl":"https:\/\/files.sunoresearch.com.br\/n\/uploads\/2023\/01\/CTA-WebStories-Planilha-de-controle-de-gastos-576x1024-1-96x96.webp"},"web-stories-thumbnail":{"file":"CTA-WebStories-Planilha-de-controle-de-gastos-576x1024-1-150x267.webp","width":150,"height":267,"mimeType":"image\/webp","sourceUrl":"https:\/\/files.sunoresearch.com.br\/n\/uploads\/2023\/01\/CTA-WebStories-Planilha-de-controle-de-gastos-576x1024-1-150x267.webp"},"full":{"file":"CTA-WebStories-Planilha-de-controle-de-gastos-576x1024-1.webp","width":576,"height":1024,"mimeType":"image\/webp","sourceUrl":"https:\/\/files.sunoresearch.com.br\/n\/uploads\/2023\/01\/CTA-WebStories-Planilha-de-controle-de-gastos-576x1024-1.webp"}},"isPlaceholder":false,"isExternal":false,"needsProxy":false,"baseColor":"#1e241d","blurHash":"U9AAm$tR00s.NYj[-qbI00V@_MWW~qof4nn%","creationDate":"2023-01-30T19:10:22","src":"https:\/\/files.sunoresearch.com.br\/n\/uploads\/2023\/01\/CTA-WebStories-Planilha-de-controle-de-gastos-576x1024-1.webp","id":355008,"alt":"","local":false},"overlay":null,"isBackground":true}],"backgroundColor":{"color":{"r":255,"g":255,"b":255}},"type":"page","id":"4399af39-756c-4330-8db2-d9941f869db1","defaultBackgroundElement":{"opacity":100,"flip":{"vertical":false,"horizontal":false},"rotationAngle":0,"lockAspectRatio":true,"x":1,"y":1,"width":1,"height":1,"mask":{"type":"rectangle"},"isBackground":true,"isDefaultBackground":true,"type":"shape","id":"5d46d16b-e05c-4c45-bd10-7b3b319bcf40"},"animations":[],"pageAttachment":{"url":"https:\/\/lp.suno.com.br\/planilha-controle-gastos\/","icon":"https:\/\/lp.suno.com.br\/wp-content\/uploads\/2022\/05\/Group-575-1.png","needsProxy":false,"ctaText":"Aproveite :)"}}],"fonts":{"Montserrat":{"family":"Montserrat","fallbacks":["sans-serif"],"weights":[100,200,300,400,500,600,700,800,900],"styles":["regular","italic"],"variants":[[0,100],[0,200],[0,300],[0,400],[0,500],[0,600],[0,700],[0,800],[0,900],[1,100],[1,200],[1,300],[1,400],[1,500],[1,600],[1,700],[1,800],[1,900]],"service":"fonts.google.com","metrics":{"upm":1000,"asc":968,"des":-251,"tAsc":968,"tDes":-251,"tLGap":0,"wAsc":1109,"wDes":270,"xH":517,"capH":700,"yMin":-259,"yMax":1021,"hAsc":968,"hDes":-251,"lGap":0}}},"autoAdvance":true,"defaultPageDuration":7,"currentStoryStyles":{"colors":[]}},"story_poster":{"id":352572,"url":"https:\/\/files.sunoresearch.com.br\/n\/uploads\/2023\/01\/cropped-Americanas-Express-640x853.jpg","width":640,"height":853,"needsProxy":false},"_links":{"self":[{"href":"https:\/\/www.suno.com.br\/noticias\/wp-json\/web-stories\/v1\/web-story\/360725"}],"collection":[{"href":"https:\/\/www.suno.com.br\/noticias\/wp-json\/web-stories\/v1\/web-story"}],"about":[{"href":"https:\/\/www.suno.com.br\/noticias\/wp-json\/wp\/v2\/types\/web-story"}],"author":[{"embeddable":true,"href":"https:\/\/www.suno.com.br\/noticias\/wp-json\/web-stories\/v1\/users\/232"}],"version-history":[{"count":3,"href":"https:\/\/www.suno.com.br\/noticias\/wp-json\/web-stories\/v1\/web-story\/360725\/revisions"}],"predecessor-version":[{"id":360796,"href":"https:\/\/www.suno.com.br\/noticias\/wp-json\/web-stories\/v1\/web-story\/360725\/revisions\/360796"}],"wp:featuredmedia":[{"embeddable":true,"href":"https:\/\/www.suno.com.br\/noticias\/wp-json\/web-stories\/v1\/media\/352572"}],"wp:attachment":[{"href":"https:\/\/www.suno.com.br\/noticias\/wp-json\/web-stories\/v1\/media?parent=360725"}],"wp:term":[{"taxonomy":"web_story_category","embeddable":true,"href":"https:\/\/www.suno.com.br\/noticias\/wp-json\/web-stories\/v1\/web_story_category?post=360725"},{"taxonomy":"web_story_tag","embeddable":true,"href":"https:\/\/www.suno.com.br\/noticias\/wp-json\/web-stories\/v1\/web_story_tag?post=360725"}],"wp:lock":[{"embeddable":true,"href":"https:\/\/www.suno.com.br\/noticias\/wp-json\/web-stories\/v1\/web-story\/360725\/lock"}],"wp:publisherlogo":[{"embeddable":true,"href":"https:\/\/www.suno.com.br\/noticias\/wp-json\/web-stories\/v1\/media\/180483"}],"curies":[{"name":"wp","href":"https:\/\/api.w.org\/{rel}","templated":true}]}}