{"id":201196,"date":"2021-11-04T11:57:05","date_gmt":"2021-11-04T14:57:05","guid":{"rendered":"https:\/\/www.suno.com.br\/noticias\/?post_type=web-story&#038;p=201196"},"modified":"2021-11-04T11:57:06","modified_gmt":"2021-11-04T14:57:06","slug":"camara-pec-dos-precatorios-aprova-primeiro-turno","status":"publish","type":"web-story","link":"https:\/\/www.suno.com.br\/noticias\/web-stories\/camara-pec-dos-precatorios-aprova-primeiro-turno\/","title":{"rendered":"PEC dos Precat\u00f3rios: C\u00e2mara aprovou projeto em primeiro turno; entenda"},"content":{"rendered":"<p><html amp=\"\" lang=\"en\"><head><meta charSet=\"utf-8\"\/><meta name=\"viewport\" content=\"width=device-width,minimum-scale=1,initial-scale=1\"\/><script async=\"\" src=\"https:\/\/cdn.ampproject.org\/v0.js\"><\/script><script async=\"\" src=\"https:\/\/cdn.ampproject.org\/v0\/amp-story-1.0.js\" custom-element=\"amp-story\"><\/script><script async=\"\" src=\"https:\/\/cdn.ampproject.org\/v0\/amp-video-0.1.js\" custom-element=\"amp-video\"><\/script><link href=\"https:\/\/fonts.googleapis.com\/css2?display=swap&amp;family=Montserrat%3Awght%40400%3B700&amp;family=Open+Sans&amp;family=Roboto\" rel=\"stylesheet\"\/><link href=\"https:\/\/files.sunoresearch.com.br\/n\/uploads\/2021\/08\/0cd5a35d-camara-dos-deputados-ebc-scaled.jpg\" rel=\"preload\" as=\"image\"\/>\n<style amp-boilerplate=\"\">body{-webkit-animation:-amp-start 8s steps(1,end) 0s 1 normal both;-moz-animation:-amp-start 8s steps(1,end) 0s 1 normal both;-ms-animation:-amp-start 8s steps(1,end) 0s 1 normal both;animation:-amp-start 8s steps(1,end) 0s 1 normal both}@-webkit-keyframes -amp-start{from{visibility:hidden}to{visibility:visible}}@-moz-keyframes -amp-start{from{visibility:hidden}to{visibility:visible}}@-ms-keyframes -amp-start{from{visibility:hidden}to{visibility:visible}}@-o-keyframes -amp-start{from{visibility:hidden}to{visibility:visible}}@keyframes -amp-start{from{visibility:hidden}to{visibility:visible}}<\/style>\n<p><noscript><\/p>\n<style amp-boilerplate=\"\">body{-webkit-animation:none;-moz-animation:none;-ms-animation:none;animation:none}<\/style>\n<p><\/noscript><\/p>\n<style amp-custom=\"\">\n              amp-story-page {\n                background-color: #131516;\n              }<\/p>\n<p>              amp-story-grid-layer {\n                overflow: visible;\n              }<\/p>\n<p>              @media (max-aspect-ratio: 9 \/ 16)  {\n                @media (min-aspect-ratio: 320 \/ 678) {\n                  amp-story-grid-layer.grid-layer {\n                    margin-top: calc((100% \/ 0.5625 - 100% \/ 0.6666666666666666) \/ 2);\n                  }\n                }\n              }<\/p>\n<p>              @media not all and (min-resolution:.001dpcm) {\n                @media {\n                  p.text-wrapper > span {\n                    font-size: calc(100% - 0.5px);\n                  }\n                }\n              }<\/p>\n<p>              .page-fullbleed-area,\n              .page-background-overlay-area {\n                position: absolute;\n                overflow: hidden;\n                width: 100%;\n                left: 0;\n                height: calc(1.1851851851851851 * 100%);\n                top: calc((1 - 1.1851851851851851) * 100% \/ 2);\n              }<\/p>\n<p>              .element-overlay-area {\n                position: absolute;\n                width: 100%;\n                height: 100%;\n                top: 0;\n                left: 0;\n              }<\/p>\n<p>              .page-safe-area {\n                overflow: visible;\n                position: absolute;\n                top: 0;\n                bottom: 0;\n                left: 0;\n                right: 0;\n                width: 100%;\n                height: calc(0.84375 * 100%);\n                margin: auto 0;\n              }<\/p>\n<p>              .mask {\n                position: absolute;\n                overflow: hidden;\n              }<\/p>\n<p>              .fill {\n                position: absolute;\n                top: 0;\n                left: 0;\n                right: 0;\n                bottom: 0;\n                margin: 0;\n              }<\/p>\n<p>              @media (prefers-reduced-motion: no-preference) {\n                .animation-wrapper {\n                  opacity: var(--initial-opacity);\n                  transform: var(--initial-transform);\n                }\n              }\n              <\/style>\n<p><meta name=\"web-stories-replace-head-start\"\/><title>PEC dos Precat\u00f3rios: C\u00e2mara aprovou projeto em primeiro turno; entenda<\/title><link rel=\"canonical\" href=\"https:\/\/www.suno.com.br\/noticias\/?post_type=web-story&amp;p=201196\"\/><meta name=\"web-stories-replace-head-end\"\/><\/head><body><amp-story standalone=\"\" publisher=\"Suno Not\u00edcias\" publisher-logo-src=\"https:\/\/files.sunoresearch.com.br\/n\/uploads\/2021\/09\/suno-logo-96x96.png\" title=\"PEC dos Precat\u00f3rios: C\u00e2mara aprovou projeto em primeiro turno; entenda\" poster-portrait-src=\"https:\/\/files.sunoresearch.com.br\/n\/uploads\/2021\/02\/cropped-25257fbd-camara-deputados-suspensao-sigilo-documentos-2019-1100.jpg.jpg\"><amp-story-page id=\"1c699f95-1f04-4eef-b11c-fdc06b3504ba\" auto-advance-after=\"7s\"><amp-story-animation layout=\"nodisplay\" trigger=\"visibility\"><script type=\"application\/json\">[{\"selector\":\"#anim-4ab0f92d-7cc9-4367-b507-201421ceb504\",\"keyframes\":{\"opacity\":[0,1]},\"delay\":300,\"duration\":600,\"easing\":\"cubic-bezier(0.4, 0.4, 0.0, 1)\",\"fill\":\"both\"}]<\/script><\/amp-story-animation><amp-story-animation layout=\"nodisplay\" trigger=\"visibility\"><script type=\"application\/json\">[{\"selector\":\"#anim-0940131d-876d-420d-89f4-5e8c5e893b5d\",\"keyframes\":{\"opacity\":[0,1]},\"delay\":0,\"duration\":1200,\"easing\":\"cubic-bezier(0.4, 0.4, 0.0, 1)\",\"fill\":\"both\"}]<\/script><\/amp-story-animation><amp-story-grid-layer template=\"vertical\" aspect-ratio=\"412:618\" class=\"grid-layer\"><\/p>\n<div class=\"page-fullbleed-area\" style=\"background-color:rgb(20,18,21)\">\n<div class=\"page-safe-area\">\n<div style=\"position:absolute;pointer-events:none;left:0%;top:-9.25926%;width:100%;height:118.51852%;opacity:1\">\n<div style=\"pointer-events:initial;width:100%;height:100%;display:block;position:absolute;top:0;left:0;z-index:0\" class=\"mask\" id=\"el-4f60dbc8-f304-4263-983b-d97071875bf2\">\n<div style=\"position:absolute;width:266.6146%;height:100%;left:-83.3073%;top:0%\" data-leaf-element=\"true\"><amp-img layout=\"fill\" src=\"https:\/\/files.sunoresearch.com.br\/n\/uploads\/2021\/08\/0cd5a35d-camara-dos-deputados-ebc-scaled.jpg\" alt=\"Presidente da C\u00e2mara, Arthur Lira - Foto: Marcelo Camargo\/Ag\u00eancia Brasil\" srcSet=\"https:\/\/files.sunoresearch.com.br\/n\/uploads\/2021\/08\/0cd5a35d-camara-dos-deputados-ebc-scaled.jpg 2560w,https:\/\/files.sunoresearch.com.br\/n\/uploads\/2021\/08\/0cd5a35d-camara-dos-deputados-ebc-2048x1365.jpg 2048w,https:\/\/files.sunoresearch.com.br\/n\/uploads\/2021\/08\/0cd5a35d-camara-dos-deputados-ebc-1536x1024.jpg 1536w,https:\/\/files.sunoresearch.com.br\/n\/uploads\/2021\/08\/0cd5a35d-camara-dos-deputados-ebc-1024x683.jpg 1024w,https:\/\/files.sunoresearch.com.br\/n\/uploads\/2021\/08\/0cd5a35d-camara-dos-deputados-ebc-768x512.jpg 768w,https:\/\/files.sunoresearch.com.br\/n\/uploads\/2021\/08\/0cd5a35d-camara-dos-deputados-ebc-300x200.jpg 300w,https:\/\/files.sunoresearch.com.br\/n\/uploads\/2021\/08\/0cd5a35d-camara-dos-deputados-ebc-150x100.jpg 150w\" sizes=\"(min-width: 1024px) 36vh, 80vw\" disable-inline-width=\"true\"><\/amp-img><\/div>\n<div class=\"element-overlay-area\" style=\"background-image:linear-gradient(0.5turn, rgba(0,0,0,0) 0%, rgba(0,0,0,0.7) 100%)\"><\/div>\n<\/div>\n<\/div>\n<div class=\"page-background-overlay-area\" style=\"background-image:linear-gradient(0.5turn, rgba(0,0,0,0) 0%, rgba(0,0,0,0.7) 100%)\"><\/div>\n<\/div>\n<\/div>\n<p><\/amp-story-grid-layer><amp-story-grid-layer template=\"vertical\" aspect-ratio=\"412:618\" class=\"grid-layer\"><\/p>\n<div class=\"page-fullbleed-area\">\n<div class=\"page-safe-area\">\n<div style=\"position:absolute;pointer-events:none;left:11.40777%;top:86.8932%;width:80.58252%;height:16.99029%;opacity:1\">\n<div id=\"anim-4ab0f92d-7cc9-4367-b507-201421ceb504\" class=\"animation-wrapper\" style=\"width:100%;height:100%;display:block;position:absolute;top:0;left:0;--initial-opacity:0;--initial-transform:none\">\n<div style=\"pointer-events:initial;width:100%;height:100%;display:block;position:absolute;top:0;left:0;z-index:0\" id=\"el-5ad27b70-11c9-406b-bbfd-1b84de004d81\">\n<p class=\"fill text-wrapper\" style=\"white-space:pre-wrap;overflow-wrap:break-word;word-break:break-word;margin:0.06295180722891609% 0;font-family:&quot;Montserrat&quot;,sans-serif;font-size:0.355987em;line-height:1.2;text-align:left;padding:0% 0%;color:#000000\"><span><span style=\"color: #fff\">C\u00e2mara aprovou projeto em primeiro turno; entenda o que isso significa<\/span><\/p>\n<p><\/span><\/p>\n<\/div>\n<\/div>\n<\/div>\n<div style=\"position:absolute;pointer-events:none;left:11.40777%;top:71.52104%;width:27.91262%;height:5.17799%;opacity:1\">\n<div id=\"anim-0940131d-876d-420d-89f4-5e8c5e893b5d\" class=\"animation-wrapper\" style=\"width:100%;height:100%;display:block;position:absolute;top:0;left:0;--initial-opacity:0;--initial-transform:none\">\n<div style=\"pointer-events:initial;width:100%;height:100%;display:block;position:absolute;top:0;left:0;z-index:0\" class=\"mask\" id=\"el-44afcb1d-410d-4e60-9bfd-b319467df252\">\n<div style=\"position:absolute;width:100%;height:100.43674%;left:0%;top:-0.21837%\" data-leaf-element=\"true\"><amp-img layout=\"fill\" src=\"https:\/\/www.suno.com.br\/wp-content\/uploads\/2021\/09\/image-5.png\" alt=\"image\" srcSet=\"https:\/\/www.suno.com.br\/wp-content\/uploads\/2021\/09\/image-5.png 229w,https:\/\/www.suno.com.br\/wp-content\/uploads\/2021\/09\/image-5-150x42.png 150w\" sizes=\"(min-width: 1024px) 13vh, 28vw\" disable-inline-width=\"true\"><\/amp-img><\/div>\n<\/div>\n<\/div>\n<\/div>\n<div style=\"position:absolute;pointer-events:none;left:11.16505%;top:80.42071%;width:69.90291%;height:4.69256%;opacity:1\">\n<div style=\"pointer-events:initial;width:100%;height:100%;display:block;position:absolute;top:0;left:0;z-index:0;border-radius:0.6944444444444444% 0.6944444444444444% 0.6944444444444444% 0.6944444444444444% \/ 6.896551724137931% 6.896551724137931% 6.896551724137931% 6.896551724137931%\" id=\"el-c7b984dc-19e8-442c-971a-cdf8952fe237\">\n<p class=\"fill text-wrapper\" style=\"white-space:pre-wrap;overflow-wrap:break-word;word-break:break-word;margin:-1.2196180555555554% 0;font-family:&quot;Montserrat&quot;,sans-serif;font-size:0.404531em;line-height:1.5;text-align:left;padding:NaN% NaN%;color:#000000\"><span><span style=\"font-weight: 700; color: #fffefe\">PEC dos Precat\u00f3rios<\/span><\/span><\/p>\n<\/div>\n<\/div>\n<\/div>\n<\/div>\n<p><\/amp-story-grid-layer><\/amp-story-page><amp-story-page id=\"322b43b2-aaab-475b-a14d-9168ed127328\" auto-advance-after=\"7s\"><amp-story-animation layout=\"nodisplay\" trigger=\"visibility\"><script type=\"application\/json\">[{\"selector\":\"#anim-e10634e7-6dae-4f03-bc93-0a1d248e40b9\",\"keyframes\":{\"transform\":[\"translate3d(-118.54304%, 0px, 0)\",\"translate3d(0px, 0px, 0)\"]},\"delay\":0,\"duration\":870,\"easing\":\"cubic-bezier(.2, 0, .8, 1)\",\"fill\":\"both\"}]<\/script><\/amp-story-animation><amp-story-animation layout=\"nodisplay\" trigger=\"visibility\"><script type=\"application\/json\">[{\"selector\":\"#anim-7a62020f-413b-4391-b7e0-53af96da9584\",\"keyframes\":[{\"transform\":\"rotateZ(-180deg)\"},{\"transform\":\"rotateZ(0deg)\"}],\"delay\":0,\"duration\":1000,\"easing\":\"cubic-bezier(.2, 0, .5, 1)\",\"fill\":\"forwards\"}]<\/script><\/amp-story-animation><amp-story-grid-layer template=\"vertical\" aspect-ratio=\"412:618\" class=\"grid-layer\"><\/p>\n<div class=\"page-fullbleed-area\" style=\"background-color:rgb(37,35,40)\">\n<div class=\"page-safe-area\">\n<div style=\"position:absolute;pointer-events:none;left:0%;top:-9.25926%;width:100%;height:118.51852%;opacity:1\">\n<div style=\"pointer-events:initial;width:100%;height:100%;display:block;position:absolute;top:0;left:0;z-index:0\" class=\"mask\" id=\"el-311fe38b-b107-4c0f-b4bd-977962aaccae\">\n<div style=\"position:absolute;width:271.40922%;height:100%;left:-85.70461%;top:0%\" data-leaf-element=\"true\"><amp-img layout=\"fill\" src=\"https:\/\/files.sunoresearch.com.br\/n\/uploads\/2021\/05\/e42e9228-foto-luis-macedo-agencia-camara.jpg\" alt=\"PEC dos Precat\u00f3rios \u00e9 aprovada em comiss\u00e3o na C\u00e2mara\" srcSet=\"https:\/\/files.sunoresearch.com.br\/n\/uploads\/2021\/05\/e42e9228-foto-luis-macedo-agencia-camara.jpg 2003w,https:\/\/files.sunoresearch.com.br\/n\/uploads\/2021\/05\/e42e9228-foto-luis-macedo-agencia-camara-1536x1006.jpg 1536w,https:\/\/files.sunoresearch.com.br\/n\/uploads\/2021\/05\/e42e9228-foto-luis-macedo-agencia-camara-1024x671.jpg 1024w,https:\/\/files.sunoresearch.com.br\/n\/uploads\/2021\/05\/e42e9228-foto-luis-macedo-agencia-camara-768x503.jpg 768w,https:\/\/files.sunoresearch.com.br\/n\/uploads\/2021\/05\/e42e9228-foto-luis-macedo-agencia-camara-300x197.jpg 300w\" sizes=\"(min-width: 1024px) 36vh, 80vw\" disable-inline-width=\"true\"><\/amp-img><\/div>\n<div class=\"element-overlay-area\" style=\"background-image:linear-gradient(0.5turn, rgba(0,0,0,0) 0%, rgba(0,0,0,0.7) 100%)\"><\/div>\n<\/div>\n<\/div>\n<div class=\"page-background-overlay-area\" style=\"background-image:linear-gradient(0.5turn, rgba(0,0,0,0) 0%, rgba(0,0,0,0.7) 100%)\"><\/div>\n<\/div>\n<\/div>\n<p><\/amp-story-grid-layer><amp-story-grid-layer template=\"vertical\" aspect-ratio=\"412:618\" class=\"grid-layer\"><\/p>\n<div class=\"page-fullbleed-area\">\n<div class=\"page-safe-area\">\n<div style=\"position:absolute;pointer-events:none;left:13.59223%;top:37.37864%;width:73.30097%;height:35.43689%;opacity:1\">\n<div id=\"anim-e10634e7-6dae-4f03-bc93-0a1d248e40b9\" class=\"animation-wrapper\" style=\"width:100%;height:100%;display:block;position:absolute;top:0;left:0;--initial-opacity:1;--initial-transform:translate3d(-118.54304%, 0px, 0)\">\n<div id=\"anim-7a62020f-413b-4391-b7e0-53af96da9584\" class=\"animation-wrapper\" style=\"width:100%;height:100%;display:block;position:absolute;top:0;left:0;--initial-opacity:1;--initial-transform:rotateZ(-180deg)\">\n<div style=\"pointer-events:initial;width:100%;height:100%;display:block;position:absolute;top:0;left:0;z-index:0;border-radius:2.6490066225165565% 2.6490066225165565% 2.6490066225165565% 2.6490066225165565% \/ 3.65296803652968% 3.65296803652968% 3.65296803652968% 3.65296803652968%;background-clip:content-box;background-color:rgba(0,0,0,0.7)\" id=\"el-fa223f29-83e5-45e8-89a4-724c3502123e\">\n<p class=\"fill text-wrapper\" style=\"white-space:pre-wrap;overflow-wrap:break-word;word-break:break-word;margin:-0.5033177255794702% 0;font-family:&quot;Open Sans&quot;,sans-serif;font-size:0.355987em;line-height:1.5;text-align:center;padding:5.298013245033113% 6.622516556291391%;color:#000000\"><span><span style=\"color: #fff\">Na madrugada de hoje, por 312 votos a 144, o governo conseguiu aprovar, em primeiro turno, a PEC dos Precat\u00f3rios na C\u00e2mara.<\/span><\/span><\/p>\n<\/div>\n<\/div>\n<\/div>\n<\/div>\n<div style=\"position:absolute;pointer-events:none;left:80.09709%;top:94.01294%;width:7.76699%;height:0.64725%;opacity:1\">\n<div style=\"pointer-events:initial;width:100%;height:100%;display:block;position:absolute;top:0;left:0;z-index:0\" class=\"mask\" id=\"el-0b1d7f8d-e895-4fd7-b782-32383c1d9e28\">\n<div class=\"fill\" style=\"background-color:#f00;will-change:transform\"><\/div>\n<\/div>\n<\/div>\n<div style=\"position:absolute;pointer-events:none;left:40.04854%;top:95.95469%;width:48.54369%;height:4.36893%;opacity:1\">\n<div style=\"pointer-events:initial;width:100%;height:100%;display:block;position:absolute;top:0;left:0;z-index:0;border-radius:1% 1% 1% 1% \/ 7.4074074074074066% 7.4074074074074066% 7.4074074074074066% 7.4074074074074066%;background-clip:content-box;background-color:#c7c2c2\" id=\"el-5a66d0be-0fc4-4335-b6ec-98d06b4ba741\">\n<p class=\"fill text-wrapper\" style=\"white-space:pre-wrap;overflow-wrap:break-word;word-break:break-word;margin:-0.11249999999999982% 0;font-family:&quot;Roboto&quot;,&quot;Helvetica Neue&quot;,&quot;Helvetica&quot;,sans-serif;font-size:0.258900em;line-height:1.2;text-align:initial;padding:2% 4%;color:#000000\"><span><span style=\"color: #080101\">Rep\u00f3rter: Poliana Santos<\/span><\/span><\/p>\n<\/div>\n<\/div>\n<\/div>\n<\/div>\n<p><\/amp-story-grid-layer><\/amp-story-page><amp-story-page id=\"41c36654-2624-464b-a760-b747ce63ea12\" auto-advance-after=\"7s\"><amp-story-animation layout=\"nodisplay\" trigger=\"visibility\"><script type=\"application\/json\">[{\"selector\":\"#anim-60758d34-6048-4e61-9b9f-65706c5c6f39\",\"keyframes\":{\"opacity\":[1,1]},\"delay\":0,\"duration\":2000,\"easing\":\"cubic-bezier(.3,0,.55,1)\",\"fill\":\"both\"}]<\/script><\/amp-story-animation><amp-story-animation layout=\"nodisplay\" trigger=\"visibility\"><script type=\"application\/json\">[{\"selector\":\"#anim-aad41136-bbd3-430a-85de-8dd658077e8b\",\"keyframes\":{\"transform\":[\"scale(3)\",\"scale(1)\"]},\"delay\":0,\"duration\":2000,\"easing\":\"cubic-bezier(.3,0,.55,1)\",\"fill\":\"forwards\"}]<\/script><\/amp-story-animation><amp-story-grid-layer template=\"vertical\" aspect-ratio=\"412:618\" class=\"grid-layer\"><\/p>\n<div class=\"page-fullbleed-area\" style=\"background-color:rgb(50,41,41)\">\n<div class=\"page-safe-area\">\n<div style=\"position:absolute;pointer-events:none;left:0%;top:-9.25926%;width:100%;height:118.51852%;opacity:1\">\n<div style=\"pointer-events:initial;width:100%;height:100%;display:block;position:absolute;top:0;left:0;z-index:0\" class=\"mask\" id=\"el-3cc9da80-3495-479e-b5be-1938eb434fe2\">\n<div style=\"position:absolute;width:297.14286%;height:100%;left:-98.57143%;top:0%\" data-leaf-element=\"true\"><amp-img layout=\"fill\" src=\"https:\/\/files.sunoresearch.com.br\/n\/uploads\/2021\/11\/bolsa-familia-ebc.jpg\" alt=\"Bolsa Fam\u00edlia - Foto: Ag\u00eancia Brasil\" srcSet=\"https:\/\/files.sunoresearch.com.br\/n\/uploads\/2021\/11\/bolsa-familia-ebc.jpg 1170w,https:\/\/files.sunoresearch.com.br\/n\/uploads\/2021\/11\/bolsa-familia-ebc-1024x613.jpg 1024w,https:\/\/files.sunoresearch.com.br\/n\/uploads\/2021\/11\/bolsa-familia-ebc-768x459.jpg 768w,https:\/\/files.sunoresearch.com.br\/n\/uploads\/2021\/11\/bolsa-familia-ebc-300x179.jpg 300w,https:\/\/files.sunoresearch.com.br\/n\/uploads\/2021\/11\/bolsa-familia-ebc-150x90.jpg 150w\" sizes=\"(min-width: 1024px) 36vh, 80vw\" disable-inline-width=\"true\"><\/amp-img><\/div>\n<div class=\"element-overlay-area\" style=\"background-image:linear-gradient(0.5turn, rgba(0,0,0,0) 0%, rgba(0,0,0,0.7) 100%)\"><\/div>\n<\/div>\n<\/div>\n<div class=\"page-background-overlay-area\" style=\"background-image:linear-gradient(0.5turn, rgba(0,0,0,0) 0%, rgba(0,0,0,0.7) 100%)\"><\/div>\n<\/div>\n<\/div>\n<p><\/amp-story-grid-layer><amp-story-grid-layer template=\"vertical\" aspect-ratio=\"412:618\" class=\"grid-layer\"><\/p>\n<div class=\"page-fullbleed-area\">\n<div class=\"page-safe-area\">\n<div style=\"position:absolute;pointer-events:none;left:11.8932%;top:63.43042%;width:73.30097%;height:35.59871%;opacity:1\">\n<div id=\"anim-60758d34-6048-4e61-9b9f-65706c5c6f39\" class=\"animation-wrapper\" style=\"width:100%;height:100%;display:block;position:absolute;top:0;left:0;--initial-opacity:1;--initial-transform:none\">\n<div id=\"anim-aad41136-bbd3-430a-85de-8dd658077e8b\" class=\"animation-wrapper\" style=\"width:100%;height:100%;display:block;position:absolute;top:0;left:0;--initial-opacity:1;--initial-transform:scale(3)\">\n<div style=\"pointer-events:initial;width:100%;height:100%;display:block;position:absolute;top:0;left:0;z-index:0;border-radius:2.6490066225165565% 2.6490066225165565% 2.6490066225165565% 2.6490066225165565% \/ 3.6363636363636362% 3.6363636363636362% 3.6363636363636362% 3.6363636363636362%;background-clip:content-box;background-color:rgba(0,0,0,0.7)\" id=\"el-76853a62-02f5-4c06-8f82-bb71eb2cb90a\">\n<p class=\"fill text-wrapper\" style=\"white-space:pre-wrap;overflow-wrap:break-word;word-break:break-word;margin:-0.5033177255794702% 0;font-family:&quot;Open Sans&quot;,sans-serif;font-size:0.355987em;line-height:1.5;text-align:center;padding:5.298013245033113% 6.622516556291391%;color:#000000\"><span><span style=\"color: #fff\">O texto abre espa\u00e7o de R$ 91,6 bilh\u00f5es no Or\u00e7amento de 2022 para o pagamento do Aux\u00edlio Brasil e outros gastos durante o ano eleitoral.<\/span><\/span><\/p>\n<\/div>\n<\/div>\n<\/div>\n<\/div>\n<\/div>\n<\/div>\n<p><\/amp-story-grid-layer><\/amp-story-page><amp-story-page id=\"a28bdb72-e21b-4cfc-8432-4dd057e1438a\" auto-advance-after=\"7s\"><amp-story-animation layout=\"nodisplay\" trigger=\"visibility\"><script type=\"application\/json\">[{\"selector\":\"#anim-b8bd685a-7197-453a-bfb1-a6d47e3dbfbd\",\"keyframes\":{\"transform\":[\"translate3d(-115.56292%, 0px, 0)\",\"translate3d(0px, 0px, 0)\"]},\"delay\":0,\"duration\":600,\"easing\":\"cubic-bezier(0.4, 0.4, 0.0, 1)\",\"fill\":\"both\"}]<\/script><\/amp-story-animation><amp-story-animation layout=\"nodisplay\" trigger=\"visibility\"><script type=\"application\/json\">[{\"selector\":\"#anim-eb197059-8d89-4563-9314-71d072de72e6\",\"keyframes\":{\"opacity\":[0,1]},\"delay\":0,\"duration\":600,\"easing\":\"cubic-bezier(0.4, 0.4, 0.0, 1)\",\"fill\":\"both\"}]<\/script><\/amp-story-animation><amp-story-animation layout=\"nodisplay\" trigger=\"visibility\"><script type=\"application\/json\">[{\"selector\":\"#anim-800dcf50-8e42-4b98-a779-5379bbbc1663\",\"keyframes\":{\"transform\":[\"scale(0.15)\",\"scale(1)\"]},\"delay\":0,\"duration\":600,\"easing\":\"cubic-bezier(0.4, 0.4, 0.0, 1)\",\"fill\":\"forwards\"}]<\/script><\/amp-story-animation><amp-story-grid-layer template=\"vertical\" aspect-ratio=\"412:618\" class=\"grid-layer\"><\/p>\n<div class=\"page-fullbleed-area\" style=\"background-color:rgb(46,51,47)\">\n<div class=\"page-safe-area\">\n<div style=\"position:absolute;pointer-events:none;left:0%;top:-9.25926%;width:100%;height:118.51852%;opacity:1\">\n<div style=\"pointer-events:initial;width:100%;height:100%;display:block;position:absolute;top:0;left:0;z-index:0\" class=\"mask\" id=\"el-73dd8ada-76b9-42af-bc54-69de47c892f7\">\n<div style=\"position:absolute;width:266.6146%;height:100%;left:-53.67767%;top:0%\" data-leaf-element=\"true\"><amp-img layout=\"fill\" src=\"https:\/\/files.sunoresearch.com.br\/n\/uploads\/2021\/02\/84292bd9-bolsonaro-scaled.jpg\" alt=\"Bolsonaro acredita ser poss\u00edvel diminuir pre\u00e7o dos combust\u00edveis em 10% sem canetada\" srcSet=\"https:\/\/files.sunoresearch.com.br\/n\/uploads\/2021\/02\/84292bd9-bolsonaro-scaled.jpg 2560w,https:\/\/files.sunoresearch.com.br\/n\/uploads\/2021\/02\/84292bd9-bolsonaro-2048x1365.jpg 2048w,https:\/\/files.sunoresearch.com.br\/n\/uploads\/2021\/02\/84292bd9-bolsonaro-1536x1024.jpg 1536w,https:\/\/files.sunoresearch.com.br\/n\/uploads\/2021\/02\/84292bd9-bolsonaro-1024x683.jpg 1024w,https:\/\/files.sunoresearch.com.br\/n\/uploads\/2021\/02\/84292bd9-bolsonaro-768x512.jpg 768w,https:\/\/files.sunoresearch.com.br\/n\/uploads\/2021\/02\/84292bd9-bolsonaro-300x200.jpg 300w\" sizes=\"(min-width: 1024px) 36vh, 80vw\" disable-inline-width=\"true\"><\/amp-img><\/div>\n<div class=\"element-overlay-area\" style=\"background-image:linear-gradient(0.5turn, rgba(0,0,0,0) 40%, rgba(0,0,0,0.5) 100%)\"><\/div>\n<\/div>\n<\/div>\n<div class=\"page-background-overlay-area\" style=\"background-image:linear-gradient(0.5turn, rgba(0,0,0,0) 40%, rgba(0,0,0,0.5) 100%)\"><\/div>\n<\/div>\n<\/div>\n<p><\/amp-story-grid-layer><amp-story-grid-layer template=\"vertical\" aspect-ratio=\"412:618\" class=\"grid-layer\"><\/p>\n<div class=\"page-fullbleed-area\">\n<div class=\"page-safe-area\">\n<div style=\"position:absolute;pointer-events:none;left:11.40777%;top:36.40777%;width:73.30097%;height:59.06149%;opacity:1\">\n<div id=\"anim-b8bd685a-7197-453a-bfb1-a6d47e3dbfbd\" class=\"animation-wrapper\" style=\"width:100%;height:100%;display:block;position:absolute;top:0;left:0;--initial-opacity:1;--initial-transform:translate3d(-115.56292%, 0px, 0)\">\n<div id=\"anim-eb197059-8d89-4563-9314-71d072de72e6\" class=\"animation-wrapper\" style=\"width:100%;height:100%;display:block;position:absolute;top:0;left:0;--initial-opacity:0;--initial-transform:none\">\n<div id=\"anim-800dcf50-8e42-4b98-a779-5379bbbc1663\" class=\"animation-wrapper\" style=\"width:100%;height:100%;display:block;position:absolute;top:0;left:0;--initial-opacity:1;--initial-transform:scale(0.15)\">\n<div style=\"pointer-events:initial;width:100%;height:100%;display:block;position:absolute;top:0;left:0;z-index:0;border-radius:2.6490066225165565% 2.6490066225165565% 2.6490066225165565% 2.6490066225165565% \/ 2.191780821917808% 2.191780821917808% 2.191780821917808% 2.191780821917808%;background-clip:content-box;background-color:rgba(0,0,0,0.7)\" id=\"el-700e9258-a144-4919-a793-aa422a15e642\">\n<p class=\"fill text-wrapper\" style=\"white-space:pre-wrap;overflow-wrap:break-word;word-break:break-word;margin:-0.5033177255794702% 0;font-family:&quot;Open Sans&quot;,sans-serif;font-size:0.355987em;line-height:1.5;text-align:center;padding:5.298013245033113% 6.622516556291391%;color:#000000\"><span><span style=\"color: #fff\">A proposta adia o pagamento de precat\u00f3rios (d\u00edvidas do governo j\u00e1 reconhecidas pela Justi\u00e7a), a fim de viabilizar a concess\u00e3o de pelo menos R$ 400 mensais aos benefici\u00e1rios do novo programa no ano eleitoral de 2022.<\/span><\/span><\/p>\n<\/div>\n<\/div>\n<\/div>\n<\/div>\n<\/div>\n<\/div>\n<\/div>\n<p><\/amp-story-grid-layer><\/amp-story-page><amp-story-page id=\"bf8c7aff-9835-4466-84c5-d8e86dd4ab02\" auto-advance-after=\"7s\"><amp-story-animation layout=\"nodisplay\" trigger=\"visibility\"><script type=\"application\/json\">[{\"selector\":\"#anim-fc1f3cec-56a3-4883-9a78-95079888442b\",\"keyframes\":{\"transform\":[\"translate3d(-118.54304%, 0px, 0)\",\"translate3d(0px, 0px, 0)\"]},\"delay\":0,\"duration\":600,\"easing\":\"cubic-bezier(0.4, 0.4, 0.0, 1)\",\"fill\":\"both\"}]<\/script><\/amp-story-animation><amp-story-animation layout=\"nodisplay\" trigger=\"visibility\"><script type=\"application\/json\">[{\"selector\":\"#anim-abd1f66f-3536-47e3-9cfe-f77a897e1e33\",\"keyframes\":{\"opacity\":[0,1]},\"delay\":0,\"duration\":600,\"easing\":\"cubic-bezier(0.4, 0.4, 0.0, 1)\",\"fill\":\"both\"}]<\/script><\/amp-story-animation><amp-story-animation layout=\"nodisplay\" trigger=\"visibility\"><script type=\"application\/json\">[{\"selector\":\"#anim-08c2650e-cd1b-4f79-995e-d64afc264134\",\"keyframes\":{\"transform\":[\"scale(0.15)\",\"scale(1)\"]},\"delay\":0,\"duration\":600,\"easing\":\"cubic-bezier(0.4, 0.4, 0.0, 1)\",\"fill\":\"forwards\"}]<\/script><\/amp-story-animation><amp-story-grid-layer template=\"vertical\" aspect-ratio=\"412:618\" class=\"grid-layer\"><\/p>\n<div class=\"page-fullbleed-area\" style=\"background-color:rgb(215,214,223)\">\n<div class=\"page-safe-area\">\n<div style=\"position:absolute;pointer-events:none;left:0%;top:-9.25926%;width:100%;height:118.51852%;opacity:1\">\n<div style=\"pointer-events:initial;width:100%;height:100%;display:block;position:absolute;top:0;left:0;z-index:0\" class=\"mask\" id=\"el-21e07f86-26e8-4332-a40b-e3f11aa803c5\">\n<div style=\"position:absolute;width:266.66667%;height:100%;left:-83.33334%;top:0%\" data-leaf-element=\"true\"><amp-img layout=\"fill\" src=\"https:\/\/files.sunoresearch.com.br\/n\/uploads\/2019\/01\/cd7fb683-boletim-focus.jpg\" alt=\"Boletim Focus aumenta previs\u00e3o da Selic em 2021 de 4% para 4,5%\" srcSet=\"https:\/\/files.sunoresearch.com.br\/n\/uploads\/2019\/01\/cd7fb683-boletim-focus.jpg 960w,https:\/\/files.sunoresearch.com.br\/n\/uploads\/2019\/01\/cd7fb683-boletim-focus-768x512.jpg 768w,https:\/\/files.sunoresearch.com.br\/n\/uploads\/2019\/01\/cd7fb683-boletim-focus-300x200.jpg 300w\" sizes=\"(min-width: 1024px) 36vh, 80vw\" disable-inline-width=\"true\"><\/amp-img><\/div>\n<div class=\"element-overlay-area\" style=\"background-image:linear-gradient(0.5turn, rgba(0,0,0,0) 0%, rgba(0,0,0,0.7) 100%)\"><\/div>\n<\/div>\n<\/div>\n<div class=\"page-background-overlay-area\" style=\"background-image:linear-gradient(0.5turn, rgba(0,0,0,0) 0%, rgba(0,0,0,0.7) 100%)\"><\/div>\n<\/div>\n<\/div>\n<p><\/amp-story-grid-layer><amp-story-grid-layer template=\"vertical\" aspect-ratio=\"412:618\" class=\"grid-layer\"><\/p>\n<div class=\"page-fullbleed-area\">\n<div class=\"page-safe-area\">\n<div style=\"position:absolute;pointer-events:none;left:13.59223%;top:32.36246%;width:73.30097%;height:56.79612%;opacity:1\">\n<div id=\"anim-fc1f3cec-56a3-4883-9a78-95079888442b\" class=\"animation-wrapper\" style=\"width:100%;height:100%;display:block;position:absolute;top:0;left:0;--initial-opacity:1;--initial-transform:translate3d(-118.54304%, 0px, 0)\">\n<div id=\"anim-abd1f66f-3536-47e3-9cfe-f77a897e1e33\" class=\"animation-wrapper\" style=\"width:100%;height:100%;display:block;position:absolute;top:0;left:0;--initial-opacity:0;--initial-transform:none\">\n<div id=\"anim-08c2650e-cd1b-4f79-995e-d64afc264134\" class=\"animation-wrapper\" style=\"width:100%;height:100%;display:block;position:absolute;top:0;left:0;--initial-opacity:1;--initial-transform:scale(0.15)\">\n<div style=\"pointer-events:initial;width:100%;height:100%;display:block;position:absolute;top:0;left:0;z-index:0;border-radius:2.6490066225165565% 2.6490066225165565% 2.6490066225165565% 2.6490066225165565% \/ 2.2792022792022792% 2.2792022792022792% 2.2792022792022792% 2.2792022792022792%;background-clip:content-box;background-color:rgba(0,0,0,0.7)\" id=\"el-34705152-0318-450c-b8bd-45cc415741e6\">\n<p class=\"fill text-wrapper\" style=\"white-space:pre-wrap;overflow-wrap:break-word;word-break:break-word;margin:-0.5033177255794702% 0;font-family:&quot;Open Sans&quot;,sans-serif;font-size:0.355987em;line-height:1.5;text-align:left;padding:5.298013245033113% 6.622516556291391%;color:#000000\"><span><span style=\"color: #fff\">&#8211; R$ 400\/m\u00eas (aux\u00edlio previsto at\u00e9 dezembro\/22) a 17 milh\u00f5es de pessoas,<\/span><br \/>\n<span style=\"color: #fff\">&#8211; Aux\u00edlio diesel para os caminhoneiros,<\/span><br \/>\n<span style=\"color: #fff\">&#8211; Compra de vacinas<\/span><br \/>\n<span style=\"color: #fff\">&#8211; Aumento do fund\u00e3o eleitoral, de R$ 2 bilh\u00f5es para R$ 5 bilh\u00f5es.<\/span><\/span><\/p>\n<\/div>\n<\/div>\n<\/div>\n<\/div>\n<\/div>\n<div style=\"position:absolute;pointer-events:none;left:13.83495%;top:6.14887%;width:72.81553%;height:19.7411%;opacity:1\">\n<div style=\"pointer-events:initial;width:100%;height:100%;display:block;position:absolute;top:0;left:0;z-index:0;border-radius:0.6666666666666667% 0.6666666666666667% 0.6666666666666667% 0.6666666666666667% \/ 1.639344262295082% 1.639344262295082% 1.639344262295082% 1.639344262295082%;background-clip:content-box;background-color:#f81e1e\" id=\"el-2154e58c-d51c-46e8-86cd-61656a665aac\">\n<p class=\"fill text-wrapper\" style=\"white-space:pre-wrap;overflow-wrap:break-word;word-break:break-word;margin:0.6472656250000004% 0;font-family:&quot;Open Sans&quot;,sans-serif;font-size:0.388350em;line-height:1.2;text-align:center;padding:1.3333333333333335% 2.666666666666667%;color:#000000\"><span><span style=\"color: #eadfdf\">O teto de gastos foi expandido e dar\u00e1 folga no Or\u00e7amento para pagar:<\/span><\/span><\/p>\n<\/div>\n<\/div>\n<\/div>\n<\/div>\n<p><\/amp-story-grid-layer><\/amp-story-page><amp-story-page id=\"5a001ea1-9909-4fdc-bd91-8e362e9f7a31\" auto-advance-after=\"7s\"><amp-story-animation layout=\"nodisplay\" trigger=\"visibility\"><script type=\"application\/json\">[{\"selector\":\"#anim-0e8ab017-52c9-4e5f-84ae-237c08928fc8\",\"keyframes\":{\"transform\":[\"translate3d(-120.86092%, 0px, 0)\",\"translate3d(0px, 0px, 0)\"]},\"delay\":0,\"duration\":600,\"easing\":\"cubic-bezier(0.4, 0.4, 0.0, 1)\",\"fill\":\"both\"}]<\/script><\/amp-story-animation><amp-story-animation layout=\"nodisplay\" trigger=\"visibility\"><script type=\"application\/json\">[{\"selector\":\"#anim-efef41ee-e9f5-48ab-9fde-3e7dd5d4f040\",\"keyframes\":{\"opacity\":[0,1]},\"delay\":0,\"duration\":600,\"easing\":\"cubic-bezier(0.4, 0.4, 0.0, 1)\",\"fill\":\"both\"}]<\/script><\/amp-story-animation><amp-story-animation layout=\"nodisplay\" trigger=\"visibility\"><script type=\"application\/json\">[{\"selector\":\"#anim-b7b5cae2-f58f-404f-a871-2330a46fb74e\",\"keyframes\":{\"transform\":[\"scale(0.15)\",\"scale(1)\"]},\"delay\":0,\"duration\":600,\"easing\":\"cubic-bezier(0.4, 0.4, 0.0, 1)\",\"fill\":\"forwards\"}]<\/script><\/amp-story-animation><amp-story-grid-layer template=\"vertical\" aspect-ratio=\"412:618\" class=\"grid-layer\"><\/p>\n<div class=\"page-fullbleed-area\" style=\"background-color:rgb(43,45,58)\">\n<div class=\"page-safe-area\">\n<div style=\"position:absolute;pointer-events:none;left:0%;top:-9.25926%;width:100%;height:118.51852%;opacity:1\">\n<div style=\"pointer-events:initial;width:100%;height:100%;display:block;position:absolute;top:0;left:0;z-index:0\" class=\"mask\" id=\"el-e67f33e3-d99a-4158-a7ce-f7d54b6a964b\">\n<div style=\"position:absolute;width:303.70371%;height:100%;left:-128.24074%;top:0%\" data-leaf-element=\"true\"><amp-img layout=\"fill\" src=\"https:\/\/files.sunoresearch.com.br\/n\/uploads\/2021\/02\/35e02f4a-foto09pol-101-articula-a15.jpg\" alt=\"Autonomia do Banco Central ser\u00e1 votada na C\u00e2mara na ter\u00e7a-feira, diz Lira\" srcSet=\"https:\/\/files.sunoresearch.com.br\/n\/uploads\/2021\/02\/35e02f4a-foto09pol-101-articula-a15.jpg 984w,https:\/\/files.sunoresearch.com.br\/n\/uploads\/2021\/02\/35e02f4a-foto09pol-101-articula-a15-768x450.jpg 768w,https:\/\/files.sunoresearch.com.br\/n\/uploads\/2021\/02\/35e02f4a-foto09pol-101-articula-a15-300x176.jpg 300w\" sizes=\"(min-width: 1024px) 36vh, 80vw\" disable-inline-width=\"true\"><\/amp-img><\/div>\n<div class=\"element-overlay-area\" style=\"background-image:linear-gradient(0.5turn, rgba(0,0,0,0) 0%, rgba(0,0,0,0.7) 100%)\"><\/div>\n<\/div>\n<\/div>\n<div class=\"page-background-overlay-area\" style=\"background-image:linear-gradient(0.5turn, rgba(0,0,0,0) 0%, rgba(0,0,0,0.7) 100%)\"><\/div>\n<\/div>\n<\/div>\n<p><\/amp-story-grid-layer><amp-story-grid-layer template=\"vertical\" aspect-ratio=\"412:618\" class=\"grid-layer\"><\/p>\n<div class=\"page-fullbleed-area\">\n<div class=\"page-safe-area\">\n<div style=\"position:absolute;pointer-events:none;left:15.29126%;top:30.42071%;width:73.30097%;height:66.50485%;opacity:1\">\n<div id=\"anim-0e8ab017-52c9-4e5f-84ae-237c08928fc8\" class=\"animation-wrapper\" style=\"width:100%;height:100%;display:block;position:absolute;top:0;left:0;--initial-opacity:1;--initial-transform:translate3d(-120.86092%, 0px, 0)\">\n<div id=\"anim-efef41ee-e9f5-48ab-9fde-3e7dd5d4f040\" class=\"animation-wrapper\" style=\"width:100%;height:100%;display:block;position:absolute;top:0;left:0;--initial-opacity:0;--initial-transform:none\">\n<div id=\"anim-b7b5cae2-f58f-404f-a871-2330a46fb74e\" class=\"animation-wrapper\" style=\"width:100%;height:100%;display:block;position:absolute;top:0;left:0;--initial-opacity:1;--initial-transform:scale(0.15)\">\n<div style=\"pointer-events:initial;width:100%;height:100%;display:block;position:absolute;top:0;left:0;z-index:0;border-radius:2.6490066225165565% 2.6490066225165565% 2.6490066225165565% 2.6490066225165565% \/ 1.9464720194647203% 1.9464720194647203% 1.9464720194647203% 1.9464720194647203%;background-clip:content-box;background-color:rgba(0,0,0,0.7)\" id=\"el-c0a5cddf-25d7-4d8c-b4aa-243f0b61991d\">\n<p class=\"fill text-wrapper\" style=\"white-space:pre-wrap;overflow-wrap:break-word;word-break:break-word;margin:-0.5033177255794702% 0;font-family:&quot;Open Sans&quot;,sans-serif;font-size:0.355987em;line-height:1.5;text-align:center;padding:5.298013245033113% 6.622516556291391%;color:#000000\"><span><span style=\"color: #fff\">Os parlamentares ainda precisam votar os chamados destaques (sugest\u00f5es pontuais de altera\u00e7\u00e3o no texto principal) e o segundo turno.&nbsp;<\/span><\/p>\n<p><span style=\"color: #fff\">De acordo com Arthur Lira, isso deve acontecer ainda nesta quinta ou na ter\u00e7a-feira (9).<\/span><\/span><\/p>\n<\/div>\n<\/div>\n<\/div>\n<\/div>\n<\/div>\n<\/div>\n<\/div>\n<p><\/amp-story-grid-layer><\/amp-story-page><amp-story-page id=\"63f980fb-b9b0-4e7a-bbba-fb5f25e4d486\" auto-advance-after=\"7s\"><amp-story-animation layout=\"nodisplay\" trigger=\"visibility\"><script type=\"application\/json\">[{\"selector\":\"#anim-b9e93420-659b-4f38-a631-000708b899d4\",\"keyframes\":{\"transform\":[\"translate3d(-120.86092%, 0px, 0)\",\"translate3d(0px, 0px, 0)\"]},\"delay\":0,\"duration\":600,\"easing\":\"cubic-bezier(0.4, 0.4, 0.0, 1)\",\"fill\":\"both\"}]<\/script><\/amp-story-animation><amp-story-animation layout=\"nodisplay\" trigger=\"visibility\"><script type=\"application\/json\">[{\"selector\":\"#anim-9040d0ab-6022-42d2-9743-994f257510f2\",\"keyframes\":{\"opacity\":[0,1]},\"delay\":0,\"duration\":600,\"easing\":\"cubic-bezier(0.4, 0.4, 0.0, 1)\",\"fill\":\"both\"}]<\/script><\/amp-story-animation><amp-story-animation layout=\"nodisplay\" trigger=\"visibility\"><script type=\"application\/json\">[{\"selector\":\"#anim-af1c1688-e16b-4aa4-ab19-b99dbace2d66\",\"keyframes\":{\"transform\":[\"scale(0.15)\",\"scale(1)\"]},\"delay\":0,\"duration\":600,\"easing\":\"cubic-bezier(0.4, 0.4, 0.0, 1)\",\"fill\":\"forwards\"}]<\/script><\/amp-story-animation><amp-story-grid-layer template=\"vertical\" aspect-ratio=\"412:618\" class=\"grid-layer\"><\/p>\n<div class=\"page-fullbleed-area\" style=\"background-color:rgb(186,195,203)\">\n<div class=\"page-safe-area\">\n<div style=\"position:absolute;pointer-events:none;left:0%;top:-9.25926%;width:100%;height:118.51852%;opacity:1\">\n<div style=\"pointer-events:initial;width:100%;height:100%;display:block;position:absolute;top:0;left:0;z-index:0\" class=\"mask\" id=\"el-5c8ebdeb-6fed-4c97-b94c-ea470a3e6b0a\">\n<div style=\"position:absolute;width:297.14286%;height:100%;left:-98.57143%;top:0%\" data-leaf-element=\"true\"><amp-img layout=\"fill\" src=\"https:\/\/files.sunoresearch.com.br\/n\/uploads\/2021\/04\/d7d2ec9e-50373167341_1205fa5bd9_o.jpg\" alt=\"Imposto de Renda\" srcSet=\"https:\/\/files.sunoresearch.com.br\/n\/uploads\/2021\/04\/d7d2ec9e-50373167341_1205fa5bd9_o.jpg 1170w,https:\/\/files.sunoresearch.com.br\/n\/uploads\/2021\/04\/d7d2ec9e-50373167341_1205fa5bd9_o-1024x613.jpg 1024w,https:\/\/files.sunoresearch.com.br\/n\/uploads\/2021\/04\/d7d2ec9e-50373167341_1205fa5bd9_o-768x459.jpg 768w,https:\/\/files.sunoresearch.com.br\/n\/uploads\/2021\/04\/d7d2ec9e-50373167341_1205fa5bd9_o-300x179.jpg 300w\" sizes=\"(min-width: 1024px) 36vh, 80vw\" disable-inline-width=\"true\"><\/amp-img><\/div>\n<div class=\"element-overlay-area\" style=\"background-image:linear-gradient(0.5turn, rgba(0,0,0,0) 0%, rgba(0,0,0,0.7) 100%)\"><\/div>\n<\/div>\n<\/div>\n<div class=\"page-background-overlay-area\" style=\"background-image:linear-gradient(0.5turn, rgba(0,0,0,0) 0%, rgba(0,0,0,0.7) 100%)\"><\/div>\n<\/div>\n<\/div>\n<p><\/amp-story-grid-layer><amp-story-grid-layer template=\"vertical\" aspect-ratio=\"412:618\" class=\"grid-layer\"><\/p>\n<div class=\"page-fullbleed-area\">\n<div class=\"page-safe-area\">\n<div style=\"position:absolute;pointer-events:none;left:15.29126%;top:58.89968%;width:73.30097%;height:40.61489%;opacity:1\">\n<div id=\"anim-b9e93420-659b-4f38-a631-000708b899d4\" class=\"animation-wrapper\" style=\"width:100%;height:100%;display:block;position:absolute;top:0;left:0;--initial-opacity:1;--initial-transform:translate3d(-120.86092%, 0px, 0)\">\n<div id=\"anim-9040d0ab-6022-42d2-9743-994f257510f2\" class=\"animation-wrapper\" style=\"width:100%;height:100%;display:block;position:absolute;top:0;left:0;--initial-opacity:0;--initial-transform:none\">\n<div id=\"anim-af1c1688-e16b-4aa4-ab19-b99dbace2d66\" class=\"animation-wrapper\" style=\"width:100%;height:100%;display:block;position:absolute;top:0;left:0;--initial-opacity:1;--initial-transform:scale(0.15)\">\n<div style=\"pointer-events:initial;width:100%;height:100%;display:block;position:absolute;top:0;left:0;z-index:0;border-radius:2.6490066225165565% 2.6490066225165565% 2.6490066225165565% 2.6490066225165565% \/ 3.187250996015936% 3.187250996015936% 3.187250996015936% 3.187250996015936%;background-clip:content-box;background-color:rgba(0,0,0,0.7)\" id=\"el-3fa203e6-bae4-4a67-8dd2-1a76f440868a\">\n<p class=\"fill text-wrapper\" style=\"white-space:pre-wrap;overflow-wrap:break-word;word-break:break-word;margin:-0.5033177255794702% 0;font-family:&quot;Open Sans&quot;,sans-serif;font-size:0.355987em;line-height:1.5;text-align:center;padding:5.298013245033113% 6.622516556291391%;color:#000000\"><span><span style=\"color: #fff\">Se aprovado em segundo turno, o texto seguir\u00e1 para o Senado, onde tamb\u00e9m necessitar\u00e1 de aprova\u00e7\u00e3o em dois turnos<\/span><\/span><\/p>\n<\/div>\n<\/div>\n<\/div>\n<\/div>\n<\/div>\n<\/div>\n<\/div>\n<p><\/amp-story-grid-layer><\/amp-story-page><amp-story-page id=\"bfd0682b-0c86-463b-8fcc-fcf6c289ca9d\" auto-advance-after=\"7s\"><amp-story-animation layout=\"nodisplay\" trigger=\"visibility\"><script type=\"application\/json\">[{\"selector\":\"#anim-df58baf7-6324-4341-925d-3afee4ddfe92\",\"keyframes\":{\"transform\":[\"translate3d(-118.54304%, 0px, 0)\",\"translate3d(0px, 0px, 0)\"]},\"delay\":0,\"duration\":600,\"easing\":\"cubic-bezier(0.4, 0.4, 0.0, 1)\",\"fill\":\"both\"}]<\/script><\/amp-story-animation><amp-story-animation layout=\"nodisplay\" trigger=\"visibility\"><script type=\"application\/json\">[{\"selector\":\"#anim-134864bf-4ec8-4443-8e3d-07b8ef55da47\",\"keyframes\":{\"opacity\":[0,1]},\"delay\":0,\"duration\":600,\"easing\":\"cubic-bezier(0.4, 0.4, 0.0, 1)\",\"fill\":\"both\"}]<\/script><\/amp-story-animation><amp-story-animation layout=\"nodisplay\" trigger=\"visibility\"><script type=\"application\/json\">[{\"selector\":\"#anim-accf7706-3005-489f-9cfd-9d3c5b02a3b6\",\"keyframes\":{\"transform\":[\"scale(0.15)\",\"scale(1)\"]},\"delay\":0,\"duration\":600,\"easing\":\"cubic-bezier(0.4, 0.4, 0.0, 1)\",\"fill\":\"forwards\"}]<\/script><\/amp-story-animation><amp-story-grid-layer template=\"vertical\" aspect-ratio=\"412:618\" class=\"grid-layer\"><\/p>\n<div class=\"page-fullbleed-area\" style=\"background-color:rgb(10,26,71)\">\n<div class=\"page-safe-area\">\n<div style=\"position:absolute;pointer-events:none;left:0%;top:-9.25926%;width:100%;height:118.51852%;opacity:1\">\n<div style=\"pointer-events:initial;width:100%;height:100%;display:block;position:absolute;top:0;left:0;z-index:0\" class=\"mask\" id=\"el-3788fcdd-5dac-4985-a17e-fd7e2cb54de1\">\n<div style=\"position:absolute;width:316.04939%;height:100%;left:-108.02469%;top:0%\" data-leaf-element=\"true\"><amp-video id=\"el-3788fcdd-5dac-4985-a17e-fd7e2cb54de1-media\" autoplay=\"autoplay\" loop=\"loop\" noaudio=\"noaudio\" poster=\"https:\/\/c.tenor.com\/MeXxoUFWX2cAAAAe\/3d-stock-market.png\" layout=\"fill\" alt=\"media\/tenor:3595545552413417319\"><source type=\"video\/mp4\" src=\"https:\/\/c.tenor.com\/MeXxoUFWX2cAAAPo\/3d-stock-market.mp4\"\/><\/amp-video><\/div>\n<\/div>\n<\/div>\n<\/div>\n<\/div>\n<p><\/amp-story-grid-layer><amp-story-grid-layer template=\"vertical\" aspect-ratio=\"412:618\" class=\"grid-layer\"><\/p>\n<div class=\"page-fullbleed-area\">\n<div class=\"page-safe-area\">\n<div style=\"position:absolute;pointer-events:none;left:13.59223%;top:46.92557%;width:73.30097%;height:43.04207%;opacity:1\">\n<div id=\"anim-df58baf7-6324-4341-925d-3afee4ddfe92\" class=\"animation-wrapper\" style=\"width:100%;height:100%;display:block;position:absolute;top:0;left:0;--initial-opacity:1;--initial-transform:translate3d(-118.54304%, 0px, 0)\">\n<div id=\"anim-134864bf-4ec8-4443-8e3d-07b8ef55da47\" class=\"animation-wrapper\" style=\"width:100%;height:100%;display:block;position:absolute;top:0;left:0;--initial-opacity:0;--initial-transform:none\">\n<div id=\"anim-accf7706-3005-489f-9cfd-9d3c5b02a3b6\" class=\"animation-wrapper\" style=\"width:100%;height:100%;display:block;position:absolute;top:0;left:0;--initial-opacity:1;--initial-transform:scale(0.15)\">\n<div style=\"pointer-events:initial;width:100%;height:100%;display:block;position:absolute;top:0;left:0;z-index:0;border-radius:2.6490066225165565% 2.6490066225165565% 2.6490066225165565% 2.6490066225165565% \/ 3.007518796992481% 3.007518796992481% 3.007518796992481% 3.007518796992481%;background-clip:content-box;background-color:rgba(0,0,0,0.7)\" id=\"el-65aace8b-b6f2-4180-833b-46c70c380006\">\n<p class=\"fill text-wrapper\" style=\"white-space:pre-wrap;overflow-wrap:break-word;word-break:break-word;margin:-0.4804396471440397% 0;font-family:&quot;Open Sans&quot;,sans-serif;font-size:0.339806em;line-height:1.5;text-align:center;padding:5.298013245033113% 6.622516556291391%;color:#000000\"><span><span style=\"color: #fff\">Na an\u00e1lise da Guide Investimentos, esta aprova\u00e7\u00e3o resolve o curto prazo o aux\u00edlio emergencial, mas empurra o risco fiscal para o futuro e ainda ser\u00e1 tema de preocupa\u00e7\u00e3o<\/span><\/span><\/p>\n<\/div>\n<\/div>\n<\/div>\n<\/div>\n<\/div>\n<\/div>\n<\/div>\n<p><\/amp-story-grid-layer><\/amp-story-page><amp-story-page id=\"61f10a19-f7c5-42fc-a6d9-6baff5eaaca0\" auto-advance-after=\"7s\"><amp-story-animation layout=\"nodisplay\" trigger=\"visibility\"><script type=\"application\/json\">[{\"selector\":\"#anim-a81283b8-0b99-4d8b-b695-4a26080fce09\",\"keyframes\":{\"opacity\":[0,1]},\"delay\":300,\"duration\":600,\"easing\":\"cubic-bezier(0.4, 0.4, 0.0, 1)\",\"fill\":\"both\"}]<\/script><\/amp-story-animation><amp-story-animation layout=\"nodisplay\" trigger=\"visibility\"><script type=\"application\/json\">[{\"selector\":\"#anim-b807e8d1-fc55-416f-9cf7-f644c5e84db8\",\"keyframes\":{\"opacity\":[0,1]},\"delay\":0,\"duration\":1200,\"easing\":\"cubic-bezier(0.4, 0.4, 0.0, 1)\",\"fill\":\"both\"}]<\/script><\/amp-story-animation><amp-story-animation layout=\"nodisplay\" trigger=\"visibility\"><script type=\"application\/json\">[{\"selector\":\"#anim-45f6a166-5bc3-4bd8-8d6b-5c7d4b8d95b5 [data-leaf-element=\\\"true\\\"]\",\"keyframes\":{\"transform\":[\"translate3d(31.249999886225726%, 0, 0)\",\"translate3d(0%, 0, 0)\"]},\"delay\":0,\"duration\":5000,\"easing\":\"cubic-bezier(.3,0,.55,1)\",\"fill\":\"both\"}]<\/script><\/amp-story-animation><amp-story-grid-layer template=\"vertical\" aspect-ratio=\"412:618\" class=\"grid-layer\"><\/p>\n<div class=\"page-fullbleed-area\" style=\"background-color:rgb(176,147,129)\">\n<div class=\"page-safe-area\">\n<div style=\"position:absolute;pointer-events:none;left:0%;top:-9.25926%;width:100%;height:118.51852%;opacity:1\">\n<div id=\"anim-45f6a166-5bc3-4bd8-8d6b-5c7d4b8d95b5\" class=\"animation-wrapper\" style=\"width:100%;height:100%;display:block;position:absolute;top:0;left:0\">\n<div style=\"pointer-events:initial;width:100%;height:100%;display:block;position:absolute;top:0;left:0;z-index:0\" class=\"mask\" id=\"el-865d74d7-ee47-4629-8811-d3c2589b71fc\">\n<div style=\"position:absolute;width:266.66667%;height:100%;left:-83.33334%;top:0%\" data-leaf-element=\"true\"><amp-img layout=\"fill\" src=\"https:\/\/images.unsplash.com\/photo-1513475382585-d06e58bcb0e0?ixid=MnwxMzcxOTN8MHwxfHNlYXJjaHwzfHxyZWFkaW5nfGVufDB8fHx8MTYzMjM0OTEwMw&amp;ixlib=rb-1.2.1&amp;fm=jpg&amp;w=5616&amp;h=3744&amp;fit=max\" alt=\"\" srcSet=\"https:\/\/images.unsplash.com\/photo-1513475382585-d06e58bcb0e0?ixid=MnwxMzcxOTN8MHwxfHNlYXJjaHwzfHxyZWFkaW5nfGVufDB8fHx8MTYzMjM0OTEwMw&amp;ixlib=rb-1.2.1&amp;fm=jpg&amp;w=5616&amp;h=3744&amp;fit=max 5616w,https:\/\/images.unsplash.com\/photo-1513475382585-d06e58bcb0e0?ixid=MnwxMzcxOTN8MHwxfHNlYXJjaHwzfHxyZWFkaW5nfGVufDB8fHx8MTYzMjM0OTEwMw&amp;ixlib=rb-1.2.1&amp;fm=jpg&amp;w=4492&amp;h=2995&amp;fit=max 4492w,https:\/\/images.unsplash.com\/photo-1513475382585-d06e58bcb0e0?ixid=MnwxMzcxOTN8MHwxfHNlYXJjaHwzfHxyZWFkaW5nfGVufDB8fHx8MTYzMjM0OTEwMw&amp;ixlib=rb-1.2.1&amp;fm=jpg&amp;w=3369&amp;h=2246&amp;fit=max 3369w,https:\/\/images.unsplash.com\/photo-1513475382585-d06e58bcb0e0?ixid=MnwxMzcxOTN8MHwxfHNlYXJjaHwzfHxyZWFkaW5nfGVufDB8fHx8MTYzMjM0OTEwMw&amp;ixlib=rb-1.2.1&amp;fm=jpg&amp;w=2246&amp;h=1497&amp;fit=max 2246w,https:\/\/images.unsplash.com\/photo-1513475382585-d06e58bcb0e0?ixid=MnwxMzcxOTN8MHwxfHNlYXJjaHwzfHxyZWFkaW5nfGVufDB8fHx8MTYzMjM0OTEwMw&amp;ixlib=rb-1.2.1&amp;fm=jpg&amp;w=1123&amp;h=749&amp;fit=max 1123w,https:\/\/images.unsplash.com\/photo-1513475382585-d06e58bcb0e0?ixid=MnwxMzcxOTN8MHwxfHNlYXJjaHwzfHxyZWFkaW5nfGVufDB8fHx8MTYzMjM0OTEwMw&amp;ixlib=rb-1.2.1&amp;fm=jpg&amp;w=340&amp;h=227&amp;fit=max 340w\" sizes=\"(min-width: 1024px) 36vh, 80vw\" disable-inline-width=\"true\"><\/amp-img><\/div>\n<div class=\"element-overlay-area\" style=\"background-color:rgba(0,0,0,0.4)\"><\/div>\n<\/div>\n<\/div>\n<\/div>\n<div class=\"page-background-overlay-area\" style=\"background-color:rgba(0,0,0,0.4)\"><\/div>\n<\/div>\n<\/div>\n<p><\/amp-story-grid-layer><amp-story-grid-layer template=\"vertical\" aspect-ratio=\"412:618\" class=\"grid-layer\"><\/p>\n<div class=\"page-fullbleed-area\">\n<div class=\"page-safe-area\">\n<div style=\"position:absolute;pointer-events:none;left:17.47573%;top:39.80583%;width:69.17476%;height:22.00647%;opacity:1\">\n<div id=\"anim-a81283b8-0b99-4d8b-b695-4a26080fce09\" class=\"animation-wrapper\" style=\"width:100%;height:100%;display:block;position:absolute;top:0;left:0;--initial-opacity:0;--initial-transform:none\">\n<div style=\"pointer-events:initial;width:100%;height:100%;display:block;position:absolute;top:0;left:0;z-index:0\" id=\"el-d7b3c4e5-e929-484f-be0d-8b367f9c2d30\">\n<p class=\"fill text-wrapper\" style=\"white-space:pre-wrap;overflow-wrap:break-word;word-break:break-word;margin:0.10000000000000005% 0;font-family:&quot;Montserrat&quot;,sans-serif;font-size:0.485437em;line-height:1.2;text-align:center;padding:0% 0%;color:#000000\"><span><span style=\"font-weight: 700; color: #fff\">Quer saber mais sobre&nbsp;a vota\u00e7\u00e3o da PEC dos Precat\u00f3rios?<\/span><\/span><\/p>\n<\/div>\n<\/div>\n<\/div>\n<div style=\"position:absolute;pointer-events:none;left:36.16505%;top:7.28155%;width:27.91262%;height:5.17799%;opacity:1\">\n<div id=\"anim-b807e8d1-fc55-416f-9cf7-f644c5e84db8\" class=\"animation-wrapper\" style=\"width:100%;height:100%;display:block;position:absolute;top:0;left:0;--initial-opacity:0;--initial-transform:none\">\n<div style=\"pointer-events:initial;width:100%;height:100%;display:block;position:absolute;top:0;left:0;z-index:0\" class=\"mask\" id=\"el-9c875927-e66d-46f4-9809-5cdf4dd5a012\">\n<div style=\"position:absolute;width:100%;height:100.43674%;left:0%;top:-0.21837%\" data-leaf-element=\"true\"><amp-img layout=\"fill\" src=\"https:\/\/www.suno.com.br\/wp-content\/uploads\/2021\/09\/image-5.png\" alt=\"image\" srcSet=\"https:\/\/www.suno.com.br\/wp-content\/uploads\/2021\/09\/image-5.png 229w,https:\/\/www.suno.com.br\/wp-content\/uploads\/2021\/09\/image-5-150x42.png 150w\" sizes=\"(min-width: 1024px) 13vh, 28vw\" disable-inline-width=\"true\"><\/amp-img><\/div>\n<\/div>\n<\/div>\n<\/div>\n<\/div>\n<\/div>\n<p><\/amp-story-grid-layer><amp-story-page-outlink layout=\"nodisplay\"><a href=\"https:\/\/www.suno.com.br\/noticias\/camara-aprova-pec-dos-precatorios-em-primeiro-turno\/\">Arrasta para cima!<\/a><\/amp-story-page-outlink><\/amp-story-page><\/amp-story><\/body><\/html><\/p>\n","protected":false},"excerpt":{"rendered":"<p>O governo conseguiu aprovar a PEC dos Precat\u00f3rios na C\u00e2mara. O texto abre espa\u00e7o de R$ 91,6 bilh\u00f5es no Or\u00e7amento de 2022. Leia mais.<\/p>\n","protected":false},"author":60,"featured_media":201230,"template":"","meta":{"web_stories_publisher_logo":180483,"web_stories_poster":[],"web_stories_products":[],"footnotes":""},"web_story_category":[],"web_story_tag":[],"class_list":["post-201196","web-story","type-web-story","status-publish","has-post-thumbnail","hentry"],"yoast_head":"<!-- This site is optimized with the Yoast SEO plugin v24.4 - https:\/\/yoast.com\/wordpress\/plugins\/seo\/ -->\n<title>PEC dos Precat\u00f3rios: C\u00e2mara aprovou projeto em primeiro turno; entenda<\/title>\n<meta name=\"description\" content=\"O governo conseguiu aprovar a PEC dos Precat\u00f3rios na C\u00e2mara. O texto abre espa\u00e7o de R$ 91,6 bilh\u00f5es no Or\u00e7amento de 2022. Leia mais.\" \/>\n<meta name=\"robots\" content=\"index, follow, max-snippet:-1, max-image-preview:large, max-video-preview:-1\" \/>\n<link rel=\"canonical\" href=\"https:\/\/www.suno.com.br\/noticias\/web-stories\/camara-pec-dos-precatorios-aprova-primeiro-turno\/\" \/>\n<meta property=\"og:locale\" content=\"pt_BR\" \/>\n<meta property=\"og:type\" content=\"article\" \/>\n<meta property=\"og:title\" content=\"PEC dos Precat\u00f3rios: C\u00e2mara aprovou projeto em primeiro turno; entenda\" \/>\n<meta property=\"og:description\" content=\"O governo conseguiu aprovar a PEC dos Precat\u00f3rios na C\u00e2mara. O texto abre espa\u00e7o de R$ 91,6 bilh\u00f5es no Or\u00e7amento de 2022. Leia mais.\" \/>\n<meta property=\"og:url\" content=\"https:\/\/www.suno.com.br\/noticias\/web-stories\/camara-pec-dos-precatorios-aprova-primeiro-turno\/\" \/>\n<meta property=\"og:site_name\" content=\"Suno Not\u00edcias\" \/>\n<meta property=\"article:publisher\" content=\"https:\/\/facebook.com\/sunoresearch\" \/>\n<meta property=\"og:image\" content=\"https:\/\/files.sunoresearch.com.br\/n\/uploads\/2021\/02\/cropped-25257fbd-camara-deputados-suspensao-sigilo-documentos-2019-1100.jpg.jpg\" \/>\n\t<meta property=\"og:image:width\" content=\"640\" \/>\n\t<meta property=\"og:image:height\" content=\"853\" \/>\n\t<meta property=\"og:image:type\" content=\"image\/jpeg\" \/>\n<meta name=\"twitter:card\" content=\"summary_large_image\" \/>\n<meta name=\"twitter:site\" content=\"@sunoresearch\" \/>\n<meta name=\"twitter:label1\" content=\"Est. tempo de leitura\" \/>\n\t<meta name=\"twitter:data1\" content=\"1 minuto\" \/>\n<script type=\"application\/ld+json\" class=\"yoast-schema-graph\">{\"@context\":\"https:\/\/schema.org\",\"@graph\":[{\"@type\":\"NewsArticle\",\"@id\":\"https:\/\/www.suno.com.br\/noticias\/web-stories\/camara-pec-dos-precatorios-aprova-primeiro-turno\/#article\",\"isPartOf\":{\"@id\":\"https:\/\/www.suno.com.br\/noticias\/web-stories\/camara-pec-dos-precatorios-aprova-primeiro-turno\/\"},\"author\":{\"name\":\"Natalia G\u00f3mez\",\"@id\":\"https:\/\/www.suno.com.br\/noticias\/#\/schema\/person\/1b24d67c140a42e864ef414497edb164\"},\"headline\":\"PEC dos Precat\u00f3rios: C\u00e2mara aprovou projeto em primeiro turno; entenda\",\"datePublished\":\"2021-11-04T14:57:05+00:00\",\"dateModified\":\"2021-11-04T14:57:06+00:00\",\"mainEntityOfPage\":{\"@id\":\"https:\/\/www.suno.com.br\/noticias\/web-stories\/camara-pec-dos-precatorios-aprova-primeiro-turno\/\"},\"wordCount\":291,\"publisher\":{\"@id\":\"https:\/\/www.suno.com.br\/noticias\/#organization\"},\"image\":{\"@id\":\"https:\/\/www.suno.com.br\/noticias\/web-stories\/camara-pec-dos-precatorios-aprova-primeiro-turno\/#primaryimage\"},\"thumbnailUrl\":\"https:\/\/files.sunoresearch.com.br\/n\/uploads\/2021\/02\/cropped-25257fbd-camara-deputados-suspensao-sigilo-documentos-2019-1100.jpg.jpg\",\"inLanguage\":\"pt-BR\"},{\"@type\":\"WebPage\",\"@id\":\"https:\/\/www.suno.com.br\/noticias\/web-stories\/camara-pec-dos-precatorios-aprova-primeiro-turno\/\",\"url\":\"https:\/\/www.suno.com.br\/noticias\/web-stories\/camara-pec-dos-precatorios-aprova-primeiro-turno\/\",\"name\":\"PEC dos Precat\u00f3rios: C\u00e2mara aprovou projeto em primeiro turno; entenda\",\"isPartOf\":{\"@id\":\"https:\/\/www.suno.com.br\/noticias\/#website\"},\"primaryImageOfPage\":{\"@id\":\"https:\/\/www.suno.com.br\/noticias\/web-stories\/camara-pec-dos-precatorios-aprova-primeiro-turno\/#primaryimage\"},\"image\":{\"@id\":\"https:\/\/www.suno.com.br\/noticias\/web-stories\/camara-pec-dos-precatorios-aprova-primeiro-turno\/#primaryimage\"},\"thumbnailUrl\":\"https:\/\/files.sunoresearch.com.br\/n\/uploads\/2021\/02\/cropped-25257fbd-camara-deputados-suspensao-sigilo-documentos-2019-1100.jpg.jpg\",\"datePublished\":\"2021-11-04T14:57:05+00:00\",\"dateModified\":\"2021-11-04T14:57:06+00:00\",\"description\":\"O governo conseguiu aprovar a PEC dos Precat\u00f3rios na C\u00e2mara. O texto abre espa\u00e7o de R$ 91,6 bilh\u00f5es no Or\u00e7amento de 2022. Leia mais.\",\"breadcrumb\":{\"@id\":\"https:\/\/www.suno.com.br\/noticias\/web-stories\/camara-pec-dos-precatorios-aprova-primeiro-turno\/#breadcrumb\"},\"inLanguage\":\"pt-BR\",\"potentialAction\":[{\"@type\":\"ReadAction\",\"target\":[\"https:\/\/www.suno.com.br\/noticias\/web-stories\/camara-pec-dos-precatorios-aprova-primeiro-turno\/\"]}]},{\"@type\":\"ImageObject\",\"inLanguage\":\"pt-BR\",\"@id\":\"https:\/\/www.suno.com.br\/noticias\/web-stories\/camara-pec-dos-precatorios-aprova-primeiro-turno\/#primaryimage\",\"url\":\"https:\/\/files.sunoresearch.com.br\/n\/uploads\/2021\/02\/cropped-25257fbd-camara-deputados-suspensao-sigilo-documentos-2019-1100.jpg.jpg\",\"contentUrl\":\"https:\/\/files.sunoresearch.com.br\/n\/uploads\/2021\/02\/cropped-25257fbd-camara-deputados-suspensao-sigilo-documentos-2019-1100.jpg.jpg\",\"width\":640,\"height\":853},{\"@type\":\"BreadcrumbList\",\"@id\":\"https:\/\/www.suno.com.br\/noticias\/web-stories\/camara-pec-dos-precatorios-aprova-primeiro-turno\/#breadcrumb\",\"itemListElement\":[{\"@type\":\"ListItem\",\"position\":1,\"name\":\"Not\u00edcias\",\"item\":\"https:\/\/www.suno.com.br\/noticias\/\"},{\"@type\":\"ListItem\",\"position\":2,\"name\":\"Story\",\"item\":\"https:\/\/www.suno.com.br\/noticias\/web-stories\/\"},{\"@type\":\"ListItem\",\"position\":3,\"name\":\"PEC dos Precat\u00f3rios: C\u00e2mara aprovou projeto em primeiro turno; entenda\"}]},{\"@type\":\"WebSite\",\"@id\":\"https:\/\/www.suno.com.br\/noticias\/#website\",\"url\":\"https:\/\/www.suno.com.br\/noticias\/\",\"name\":\"Suno Not\u00edcias\",\"description\":\"Seu portal de informa\u00e7\u00e3o sobre o mundo dos investimentos\",\"publisher\":{\"@id\":\"https:\/\/www.suno.com.br\/noticias\/#organization\"},\"potentialAction\":[{\"@type\":\"SearchAction\",\"target\":{\"@type\":\"EntryPoint\",\"urlTemplate\":\"https:\/\/www.suno.com.br\/noticias\/?s={search_term_string}\"},\"query-input\":{\"@type\":\"PropertyValueSpecification\",\"valueRequired\":true,\"valueName\":\"search_term_string\"}}],\"inLanguage\":\"pt-BR\"},{\"@type\":\"Organization\",\"@id\":\"https:\/\/www.suno.com.br\/noticias\/#organization\",\"name\":\"Suno Not\u00edcias\",\"url\":\"https:\/\/www.suno.com.br\/noticias\/\",\"logo\":{\"@type\":\"ImageObject\",\"inLanguage\":\"pt-BR\",\"@id\":\"https:\/\/www.suno.com.br\/noticias\/#\/schema\/logo\/image\/\",\"url\":\"https:\/\/files.sunoresearch.com.br\/n\/uploads\/2021\/09\/suno-logo.png\",\"contentUrl\":\"https:\/\/files.sunoresearch.com.br\/n\/uploads\/2021\/09\/suno-logo.png\",\"width\":180,\"height\":180,\"caption\":\"Suno Not\u00edcias\"},\"image\":{\"@id\":\"https:\/\/www.suno.com.br\/noticias\/#\/schema\/logo\/image\/\"},\"sameAs\":[\"https:\/\/facebook.com\/sunoresearch\",\"https:\/\/x.com\/sunoresearch\",\"https:\/\/www.instagram.com\/suno\",\"https:\/\/www.linkedin.com\/company\/suno-research\/\",\"https:\/\/www.youtube.com\/c\/sunoresearch\"]},{\"@type\":\"Person\",\"@id\":\"https:\/\/www.suno.com.br\/noticias\/#\/schema\/person\/1b24d67c140a42e864ef414497edb164\",\"name\":\"Natalia G\u00f3mez\",\"image\":{\"@type\":\"ImageObject\",\"inLanguage\":\"pt-BR\",\"@id\":\"https:\/\/www.suno.com.br\/noticias\/#\/schema\/person\/image\/\",\"url\":\"https:\/\/secure.gravatar.com\/avatar\/9e957e0b2b485c2d42c3f4145c16d940?s=96&r=g\",\"contentUrl\":\"https:\/\/secure.gravatar.com\/avatar\/9e957e0b2b485c2d42c3f4145c16d940?s=96&r=g\",\"caption\":\"Natalia G\u00f3mez\"},\"description\":\"Editora do Suno Not\u00edcias desde outubro de 2020, \u00e9 jornalista formada pela PUC-SP, com p\u00f3s-gradua\u00e7\u00e3o em jornalismo liter\u00e1rio. Atua no mercado financeiro desde 2003, quando iniciou a carreira no jornal econ\u00f4mico DCI, cobrindo o setor de alimentos no caderno de Ind\u00fastria. Foi trainee do jornal Valor Econ\u00f4mico, onde atuou no Caderno de Empresas por quase tr\u00eas anos. L\u00e1, cobriu o setor de ind\u00fastria, com foco em siderurgia, embalagens e aeroespacial. Fez coberturas setoriais em viagens para S\u00e3o Jos\u00e9 dos Campos e Franca (SP), al\u00e9m de coberturas internacionais na Alemanha e na Su\u00e9cia. Trabalhou por cinco anos na Ag\u00eancia Estado\/Broadcast, do Grupo Estado, onde foi rep\u00f3rter dos setores de minera\u00e7\u00e3o e siderurgia, alimentos e bebidas e finan\u00e7as. Foi premiada como o pr\u00eamio Destaque de Reportagem da AE em 2007 e 2008. Al\u00e9m de atuar no servi\u00e7o de not\u00edcias em tempo real, fez participa\u00e7\u00f5es no caderno de Economia do jornal Estado de S.Paulo e na R\u00e1dio Eldorado. Ainda no Grupo Estado, foi editora assistente da editoria Empresas e Setores, atuando com edi\u00e7\u00e3o e pauta, al\u00e9m de cobrir mercados diariamente com o cen\u00e1rio de bolsa e fazer reportagens especiais com foco em governan\u00e7a corporativa. Trabalhou tamb\u00e9m como correspondente de finan\u00e7as no servi\u00e7o da Thomson Reuters em portugu\u00eas por quase um ano. Atuou por cerca de oito anos como jornalista independente, contribuindo para ve\u00edculos como UOL Economia, Infomoney e Revista Voc\u00ea SA, al\u00e9m de ter trabalhado em projetos na \u00e1rea de conte\u00fado e comunica\u00e7\u00e3o de institui\u00e7\u00f5es financeiras como Anbima, Banco BS2, Banco Pine, Ita\u00fa BBA e EQI.\",\"url\":\"https:\/\/www.suno.com.br\/noticias\/author\/natalia-gomez\/\"}]}<\/script>\n<!-- \/ Yoast SEO plugin. -->","yoast_head_json":{"title":"PEC dos Precat\u00f3rios: C\u00e2mara aprovou projeto em primeiro turno; entenda","description":"O governo conseguiu aprovar a PEC dos Precat\u00f3rios na C\u00e2mara. O texto abre espa\u00e7o de R$ 91,6 bilh\u00f5es no Or\u00e7amento de 2022. Leia mais.","robots":{"index":"index","follow":"follow","max-snippet":"max-snippet:-1","max-image-preview":"max-image-preview:large","max-video-preview":"max-video-preview:-1"},"canonical":"https:\/\/www.suno.com.br\/noticias\/web-stories\/camara-pec-dos-precatorios-aprova-primeiro-turno\/","og_locale":"pt_BR","og_type":"article","og_title":"PEC dos Precat\u00f3rios: C\u00e2mara aprovou projeto em primeiro turno; entenda","og_description":"O governo conseguiu aprovar a PEC dos Precat\u00f3rios na C\u00e2mara. O texto abre espa\u00e7o de R$ 91,6 bilh\u00f5es no Or\u00e7amento de 2022. Leia mais.","og_url":"https:\/\/www.suno.com.br\/noticias\/web-stories\/camara-pec-dos-precatorios-aprova-primeiro-turno\/","og_site_name":"Suno Not\u00edcias","article_publisher":"https:\/\/facebook.com\/sunoresearch","og_image":[{"width":640,"height":853,"url":"https:\/\/files.sunoresearch.com.br\/n\/uploads\/2021\/02\/cropped-25257fbd-camara-deputados-suspensao-sigilo-documentos-2019-1100.jpg.jpg","type":"image\/jpeg"}],"twitter_card":"summary_large_image","twitter_site":"@sunoresearch","twitter_misc":{"Est. tempo de leitura":"1 minuto"},"schema":{"@context":"https:\/\/schema.org","@graph":[{"@type":"NewsArticle","@id":"https:\/\/www.suno.com.br\/noticias\/web-stories\/camara-pec-dos-precatorios-aprova-primeiro-turno\/#article","isPartOf":{"@id":"https:\/\/www.suno.com.br\/noticias\/web-stories\/camara-pec-dos-precatorios-aprova-primeiro-turno\/"},"author":{"name":"Natalia G\u00f3mez","@id":"https:\/\/www.suno.com.br\/noticias\/#\/schema\/person\/1b24d67c140a42e864ef414497edb164"},"headline":"PEC dos Precat\u00f3rios: C\u00e2mara aprovou projeto em primeiro turno; entenda","datePublished":"2021-11-04T14:57:05+00:00","dateModified":"2021-11-04T14:57:06+00:00","mainEntityOfPage":{"@id":"https:\/\/www.suno.com.br\/noticias\/web-stories\/camara-pec-dos-precatorios-aprova-primeiro-turno\/"},"wordCount":291,"publisher":{"@id":"https:\/\/www.suno.com.br\/noticias\/#organization"},"image":{"@id":"https:\/\/www.suno.com.br\/noticias\/web-stories\/camara-pec-dos-precatorios-aprova-primeiro-turno\/#primaryimage"},"thumbnailUrl":"https:\/\/files.sunoresearch.com.br\/n\/uploads\/2021\/02\/cropped-25257fbd-camara-deputados-suspensao-sigilo-documentos-2019-1100.jpg.jpg","inLanguage":"pt-BR"},{"@type":"WebPage","@id":"https:\/\/www.suno.com.br\/noticias\/web-stories\/camara-pec-dos-precatorios-aprova-primeiro-turno\/","url":"https:\/\/www.suno.com.br\/noticias\/web-stories\/camara-pec-dos-precatorios-aprova-primeiro-turno\/","name":"PEC dos Precat\u00f3rios: C\u00e2mara aprovou projeto em primeiro turno; entenda","isPartOf":{"@id":"https:\/\/www.suno.com.br\/noticias\/#website"},"primaryImageOfPage":{"@id":"https:\/\/www.suno.com.br\/noticias\/web-stories\/camara-pec-dos-precatorios-aprova-primeiro-turno\/#primaryimage"},"image":{"@id":"https:\/\/www.suno.com.br\/noticias\/web-stories\/camara-pec-dos-precatorios-aprova-primeiro-turno\/#primaryimage"},"thumbnailUrl":"https:\/\/files.sunoresearch.com.br\/n\/uploads\/2021\/02\/cropped-25257fbd-camara-deputados-suspensao-sigilo-documentos-2019-1100.jpg.jpg","datePublished":"2021-11-04T14:57:05+00:00","dateModified":"2021-11-04T14:57:06+00:00","description":"O governo conseguiu aprovar a PEC dos Precat\u00f3rios na C\u00e2mara. O texto abre espa\u00e7o de R$ 91,6 bilh\u00f5es no Or\u00e7amento de 2022. Leia mais.","breadcrumb":{"@id":"https:\/\/www.suno.com.br\/noticias\/web-stories\/camara-pec-dos-precatorios-aprova-primeiro-turno\/#breadcrumb"},"inLanguage":"pt-BR","potentialAction":[{"@type":"ReadAction","target":["https:\/\/www.suno.com.br\/noticias\/web-stories\/camara-pec-dos-precatorios-aprova-primeiro-turno\/"]}]},{"@type":"ImageObject","inLanguage":"pt-BR","@id":"https:\/\/www.suno.com.br\/noticias\/web-stories\/camara-pec-dos-precatorios-aprova-primeiro-turno\/#primaryimage","url":"https:\/\/files.sunoresearch.com.br\/n\/uploads\/2021\/02\/cropped-25257fbd-camara-deputados-suspensao-sigilo-documentos-2019-1100.jpg.jpg","contentUrl":"https:\/\/files.sunoresearch.com.br\/n\/uploads\/2021\/02\/cropped-25257fbd-camara-deputados-suspensao-sigilo-documentos-2019-1100.jpg.jpg","width":640,"height":853},{"@type":"BreadcrumbList","@id":"https:\/\/www.suno.com.br\/noticias\/web-stories\/camara-pec-dos-precatorios-aprova-primeiro-turno\/#breadcrumb","itemListElement":[{"@type":"ListItem","position":1,"name":"Not\u00edcias","item":"https:\/\/www.suno.com.br\/noticias\/"},{"@type":"ListItem","position":2,"name":"Story","item":"https:\/\/www.suno.com.br\/noticias\/web-stories\/"},{"@type":"ListItem","position":3,"name":"PEC dos Precat\u00f3rios: C\u00e2mara aprovou projeto em primeiro turno; entenda"}]},{"@type":"WebSite","@id":"https:\/\/www.suno.com.br\/noticias\/#website","url":"https:\/\/www.suno.com.br\/noticias\/","name":"Suno Not\u00edcias","description":"Seu portal de informa\u00e7\u00e3o sobre o mundo dos investimentos","publisher":{"@id":"https:\/\/www.suno.com.br\/noticias\/#organization"},"potentialAction":[{"@type":"SearchAction","target":{"@type":"EntryPoint","urlTemplate":"https:\/\/www.suno.com.br\/noticias\/?s={search_term_string}"},"query-input":{"@type":"PropertyValueSpecification","valueRequired":true,"valueName":"search_term_string"}}],"inLanguage":"pt-BR"},{"@type":"Organization","@id":"https:\/\/www.suno.com.br\/noticias\/#organization","name":"Suno Not\u00edcias","url":"https:\/\/www.suno.com.br\/noticias\/","logo":{"@type":"ImageObject","inLanguage":"pt-BR","@id":"https:\/\/www.suno.com.br\/noticias\/#\/schema\/logo\/image\/","url":"https:\/\/files.sunoresearch.com.br\/n\/uploads\/2021\/09\/suno-logo.png","contentUrl":"https:\/\/files.sunoresearch.com.br\/n\/uploads\/2021\/09\/suno-logo.png","width":180,"height":180,"caption":"Suno Not\u00edcias"},"image":{"@id":"https:\/\/www.suno.com.br\/noticias\/#\/schema\/logo\/image\/"},"sameAs":["https:\/\/facebook.com\/sunoresearch","https:\/\/x.com\/sunoresearch","https:\/\/www.instagram.com\/suno","https:\/\/www.linkedin.com\/company\/suno-research\/","https:\/\/www.youtube.com\/c\/sunoresearch"]},{"@type":"Person","@id":"https:\/\/www.suno.com.br\/noticias\/#\/schema\/person\/1b24d67c140a42e864ef414497edb164","name":"Natalia G\u00f3mez","image":{"@type":"ImageObject","inLanguage":"pt-BR","@id":"https:\/\/www.suno.com.br\/noticias\/#\/schema\/person\/image\/","url":"https:\/\/secure.gravatar.com\/avatar\/9e957e0b2b485c2d42c3f4145c16d940?s=96&r=g","contentUrl":"https:\/\/secure.gravatar.com\/avatar\/9e957e0b2b485c2d42c3f4145c16d940?s=96&r=g","caption":"Natalia G\u00f3mez"},"description":"Editora do Suno Not\u00edcias desde outubro de 2020, \u00e9 jornalista formada pela PUC-SP, com p\u00f3s-gradua\u00e7\u00e3o em jornalismo liter\u00e1rio. Atua no mercado financeiro desde 2003, quando iniciou a carreira no jornal econ\u00f4mico DCI, cobrindo o setor de alimentos no caderno de Ind\u00fastria. Foi trainee do jornal Valor Econ\u00f4mico, onde atuou no Caderno de Empresas por quase tr\u00eas anos. L\u00e1, cobriu o setor de ind\u00fastria, com foco em siderurgia, embalagens e aeroespacial. Fez coberturas setoriais em viagens para S\u00e3o Jos\u00e9 dos Campos e Franca (SP), al\u00e9m de coberturas internacionais na Alemanha e na Su\u00e9cia. Trabalhou por cinco anos na Ag\u00eancia Estado\/Broadcast, do Grupo Estado, onde foi rep\u00f3rter dos setores de minera\u00e7\u00e3o e siderurgia, alimentos e bebidas e finan\u00e7as. Foi premiada como o pr\u00eamio Destaque de Reportagem da AE em 2007 e 2008. Al\u00e9m de atuar no servi\u00e7o de not\u00edcias em tempo real, fez participa\u00e7\u00f5es no caderno de Economia do jornal Estado de S.Paulo e na R\u00e1dio Eldorado. Ainda no Grupo Estado, foi editora assistente da editoria Empresas e Setores, atuando com edi\u00e7\u00e3o e pauta, al\u00e9m de cobrir mercados diariamente com o cen\u00e1rio de bolsa e fazer reportagens especiais com foco em governan\u00e7a corporativa. Trabalhou tamb\u00e9m como correspondente de finan\u00e7as no servi\u00e7o da Thomson Reuters em portugu\u00eas por quase um ano. Atuou por cerca de oito anos como jornalista independente, contribuindo para ve\u00edculos como UOL Economia, Infomoney e Revista Voc\u00ea SA, al\u00e9m de ter trabalhado em projetos na \u00e1rea de conte\u00fado e comunica\u00e7\u00e3o de institui\u00e7\u00f5es financeiras como Anbima, Banco BS2, Banco Pine, Ita\u00fa BBA e EQI.","url":"https:\/\/www.suno.com.br\/noticias\/author\/natalia-gomez\/"}]}},"amp_enabled":false,"story_data":{"version":32,"pages":[{"elements":[{"opacity":100,"flip":{"vertical":false,"horizontal":false},"rotationAngle":0,"lockAspectRatio":true,"backgroundColor":{"color":{"r":196,"g":196,"b":196}},"x":48,"y":0,"width":330,"height":220,"mask":{"type":"rectangle"},"isBackground":true,"type":"image","id":"4f60dbc8-f304-4263-983b-d97071875bf2","scale":100,"focalX":50,"focalY":50,"resource":{"type":"image","mimeType":"image\/jpeg","creationDate":"2021-08-03T22:07:32","src":"https:\/\/files.sunoresearch.com.br\/n\/uploads\/2021\/08\/0cd5a35d-camara-dos-deputados-ebc-scaled.jpg","width":2560,"height":1707,"id":171985,"title":"Presidente da C\u00e2mara, Arthur Lira - Foto: Marcelo Camargo\/Ag\u00eancia Brasil","alt":"Presidente da C\u00e2mara, Arthur Lira - Foto: Marcelo Camargo\/Ag\u00eancia Brasil","sizes":{"medium":{"file":"0cd5a35d-camara-dos-deputados-ebc-300x200.jpg","width":300,"height":200,"mime_type":"image\/jpeg","source_url":"https:\/\/files.sunoresearch.com.br\/n\/uploads\/2021\/08\/0cd5a35d-camara-dos-deputados-ebc-300x200.jpg"},"large":{"file":"0cd5a35d-camara-dos-deputados-ebc-1024x683.jpg","width":1024,"height":683,"mime_type":"image\/jpeg","source_url":"https:\/\/files.sunoresearch.com.br\/n\/uploads\/2021\/08\/0cd5a35d-camara-dos-deputados-ebc-1024x683.jpg"},"thumbnail":{"file":"0cd5a35d-camara-dos-deputados-ebc-150x150.jpg","width":150,"height":150,"mime_type":"image\/jpeg","source_url":"https:\/\/files.sunoresearch.com.br\/n\/uploads\/2021\/08\/0cd5a35d-camara-dos-deputados-ebc-150x150.jpg"},"medium_large":{"file":"0cd5a35d-camara-dos-deputados-ebc-768x512.jpg","width":768,"height":512,"mime_type":"image\/jpeg","source_url":"https:\/\/files.sunoresearch.com.br\/n\/uploads\/2021\/08\/0cd5a35d-camara-dos-deputados-ebc-768x512.jpg"},"1536x1536":{"file":"0cd5a35d-camara-dos-deputados-ebc-1536x1024.jpg","width":1536,"height":1024,"mime_type":"image\/jpeg","source_url":"https:\/\/files.sunoresearch.com.br\/n\/uploads\/2021\/08\/0cd5a35d-camara-dos-deputados-ebc-1536x1024.jpg"},"2048x2048":{"file":"0cd5a35d-camara-dos-deputados-ebc-2048x1365.jpg","width":2048,"height":1365,"mime_type":"image\/jpeg","source_url":"https:\/\/files.sunoresearch.com.br\/n\/uploads\/2021\/08\/0cd5a35d-camara-dos-deputados-ebc-2048x1365.jpg"},"180x135":{"file":"0cd5a35d-camara-dos-deputados-ebc-180x135.jpg","width":180,"height":135,"mime_type":"image\/jpeg","source_url":"https:\/\/files.sunoresearch.com.br\/n\/uploads\/2021\/08\/0cd5a35d-camara-dos-deputados-ebc-180x135.jpg"},"400x200":{"file":"0cd5a35d-camara-dos-deputados-ebc-400x200.jpg","width":400,"height":200,"mime_type":"image\/jpeg","source_url":"https:\/\/files.sunoresearch.com.br\/n\/uploads\/2021\/08\/0cd5a35d-camara-dos-deputados-ebc-400x200.jpg"},"400x300":{"file":"0cd5a35d-camara-dos-deputados-ebc-400x300.jpg","width":400,"height":300,"mime_type":"image\/jpeg","source_url":"https:\/\/files.sunoresearch.com.br\/n\/uploads\/2021\/08\/0cd5a35d-camara-dos-deputados-ebc-400x300.jpg"},"600x300":{"file":"0cd5a35d-camara-dos-deputados-ebc-600x300.jpg","width":600,"height":300,"mime_type":"image\/jpeg","source_url":"https:\/\/files.sunoresearch.com.br\/n\/uploads\/2021\/08\/0cd5a35d-camara-dos-deputados-ebc-600x300.jpg"},"800x450":{"file":"0cd5a35d-camara-dos-deputados-ebc-800x450.jpg","width":800,"height":450,"mime_type":"image\/jpeg","source_url":"https:\/\/files.sunoresearch.com.br\/n\/uploads\/2021\/08\/0cd5a35d-camara-dos-deputados-ebc-800x450.jpg"},"web-stories-poster-portrait":{"file":"0cd5a35d-camara-dos-deputados-ebc-640x853.jpg","width":640,"height":853,"mime_type":"image\/jpeg","source_url":"https:\/\/files.sunoresearch.com.br\/n\/uploads\/2021\/08\/0cd5a35d-camara-dos-deputados-ebc-640x853.jpg"},"web-stories-poster-landscape":{"file":"0cd5a35d-camara-dos-deputados-ebc-853x640.jpg","width":853,"height":640,"mime_type":"image\/jpeg","source_url":"https:\/\/files.sunoresearch.com.br\/n\/uploads\/2021\/08\/0cd5a35d-camara-dos-deputados-ebc-853x640.jpg"},"web-stories-poster-square":{"file":"0cd5a35d-camara-dos-deputados-ebc-640x640.jpg","width":640,"height":640,"mime_type":"image\/jpeg","source_url":"https:\/\/files.sunoresearch.com.br\/n\/uploads\/2021\/08\/0cd5a35d-camara-dos-deputados-ebc-640x640.jpg"},"web-stories-publisher-logo":{"file":"0cd5a35d-camara-dos-deputados-ebc-96x96.jpg","width":96,"height":96,"mime_type":"image\/jpeg","source_url":"https:\/\/files.sunoresearch.com.br\/n\/uploads\/2021\/08\/0cd5a35d-camara-dos-deputados-ebc-96x96.jpg"},"web-stories-thumbnail":{"file":"0cd5a35d-camara-dos-deputados-ebc-150x100.jpg","width":150,"height":100,"mime_type":"image\/jpeg","source_url":"https:\/\/files.sunoresearch.com.br\/n\/uploads\/2021\/08\/0cd5a35d-camara-dos-deputados-ebc-150x100.jpg"},"full":{"file":"0cd5a35d-camara-dos-deputados-ebc-scaled.jpg","width":2560,"height":1707,"mime_type":"image\/jpeg","source_url":"https:\/\/files.sunoresearch.com.br\/n\/uploads\/2021\/08\/0cd5a35d-camara-dos-deputados-ebc-scaled.jpg"}},"local":false,"isPlaceholder":false,"isOptimized":false,"isMuted":false,"baseColor":[20,18,21]},"overlay":{"type":"linear","rotation":0,"stops":[{"color":{"r":0,"g":0,"b":0,"a":0},"position":0},{"color":{"r":0,"g":0,"b":0,"a":1},"position":1}],"alpha":0.7}},{"opacity":100,"flip":{"vertical":false,"horizontal":false},"rotationAngle":0,"lockAspectRatio":false,"backgroundTextMode":"NONE","font":{"family":"Montserrat","service":"fonts.google.com","fallbacks":["sans-serif"],"weights":[100,200,300,400,500,600,700,800,900],"styles":["italic","regular"],"variants":[[0,100],[0,200],[0,300],[0,400],[0,500],[0,600],[0,700],[0,800],[0,900],[1,100],[1,200],[1,300],[1,400],[1,500],[1,600],[1,700],[1,800],[1,900]],"metrics":{"upm":1000,"asc":968,"des":-251,"tAsc":968,"tDes":-251,"tLGap":0,"wAsc":1109,"wDes":270,"xH":525,"capH":700,"yMin":-262,"yMax":1043,"hAsc":968,"hDes":-251,"lGap":0}},"fontSize":22,"backgroundColor":{"color":{"r":229,"g":73,"b":73}},"lineHeight":1.2,"textAlign":"left","padding":{"locked":true,"hasHiddenPadding":false,"horizontal":0,"vertical":0},"type":"text","content":"<span style=\"color: #fff\">C\u00e2mara aprovou projeto em primeiro turno; entenda o que isso significa<\/span>\n","fontWeight":700,"marginOffset":-0.6080000000000041,"width":332,"height":105,"scale":100,"focalX":50,"focalY":50,"basedOn":"f52e5848-3a98-43f3-a27a-77b1d0f85b21","id":"5ad27b70-11c9-406b-bbfd-1b84de004d81","x":47,"y":537},{"opacity":100,"flip":{"vertical":false,"horizontal":false},"rotationAngle":0,"lockAspectRatio":true,"scale":100,"focalX":50,"focalY":50,"resource":{"type":"image","mimeType":"image\/png","src":"https:\/\/www.suno.com.br\/wp-content\/uploads\/2021\/09\/image-5.png","width":229,"height":64,"id":220847,"title":"image","alt":"image","local":true,"sizes":{"thumbnail":{"file":"image-5-150x64.png","width":150,"height":64,"mime_type":"image\/png","source_url":"https:\/\/www.suno.com.br\/wp-content\/uploads\/2021\/09\/image-5-150x64.png"},"web-stories-publisher-logo":{"file":"image-5-96x64.png","width":96,"height":64,"mime_type":"image\/png","source_url":"https:\/\/www.suno.com.br\/wp-content\/uploads\/2021\/09\/image-5-96x64.png"},"web-stories-thumbnail":{"file":"image-5-150x42.png","width":150,"height":42,"mime_type":"image\/png","source_url":"https:\/\/www.suno.com.br\/wp-content\/uploads\/2021\/09\/image-5-150x42.png"},"full":{"file":"image-5.png","width":229,"height":64,"mime_type":"image\/png","source_url":"https:\/\/www.suno.com.br\/wp-content\/uploads\/2021\/09\/image-5.png"}}},"type":"image","width":115,"height":32,"mask":{"type":"rectangle","showInLibrary":true,"name":"Rectangle","path":"M 0,0 1,0 1,1 0,1 0,0 Z","ratio":1,"supportsBorder":true},"basedOn":"3fc752e7-490a-4f45-8ded-5fb52553acfd","id":"44afcb1d-410d-4e60-9bfd-b319467df252","x":47,"y":442},{"opacity":100,"flip":{"vertical":false,"horizontal":false},"rotationAngle":0,"lockAspectRatio":true,"backgroundTextMode":"NONE","font":{"family":"Montserrat","service":"fonts.google.com","fallbacks":["sans-serif"],"weights":[100,200,300,400,500,600,700,800,900],"styles":["italic","regular"],"variants":[[0,100],[1,100],[0,200],[1,200],[0,300],[1,300],[0,400],[1,400],[0,500],[1,500],[0,600],[1,600],[0,700],[1,700],[0,800],[1,800],[0,900],[1,900]],"metrics":{"upm":1000,"asc":968,"des":-251,"tAsc":968,"tDes":-251,"tLGap":0,"wAsc":1109,"wDes":270,"xH":525,"capH":700,"yMin":-262,"yMax":1043,"hAsc":968,"hDes":-251,"lGap":0}},"fontSize":25,"backgroundColor":{"color":{"r":196,"g":196,"b":196}},"lineHeight":1.5,"textAlign":"left","padding":{"locked":true,"hasHiddenPadding":false},"type":"text","content":"<span style=\"font-weight: 700; color: #fffefe\">PEC dos Precat\u00f3rios<\/span>","fontWeight":400,"borderRadius":{"locked":true,"topLeft":2,"topRight":2,"bottomRight":2,"bottomLeft":2},"x":46,"y":497,"width":288,"height":29,"scale":100,"focalX":50,"focalY":50,"id":"c7b984dc-19e8-442c-971a-cdf8952fe237"}],"backgroundColor":{"color":{"r":255,"g":255,"b":255}},"type":"page","id":"1c699f95-1f04-4eef-b11c-fdc06b3504ba","animations":[{"targets":["5ad27b70-11c9-406b-bbfd-1b84de004d81"],"id":"d78bbcb4-fbfb-429f-8a9d-e13b319ec016","type":"effect-fade-in","duration":600,"delay":300},{"targets":["44afcb1d-410d-4e60-9bfd-b319467df252"],"id":"5ffa5332-1587-41a2-921d-d42c7a64fac3","type":"effect-fade-in","duration":1200,"delay":0}],"defaultBackgroundElement":{"opacity":100,"flip":{"vertical":false,"horizontal":false},"rotationAngle":0,"lockAspectRatio":true,"backgroundColor":{"color":{"r":196,"g":196,"b":196}},"x":1,"y":1,"width":1,"height":1,"mask":{"type":"rectangle"},"isBackground":true,"isDefaultBackground":true,"type":"shape","id":"b1ed806b-5b18-4985-b097-d1a6f5700923"}},{"overlay":"none","elements":[{"opacity":100,"flip":{"vertical":false,"horizontal":false},"rotationAngle":0,"lockAspectRatio":true,"backgroundColor":{"color":{"r":196,"g":196,"b":196}},"x":48,"y":0,"width":330,"height":216,"mask":{"type":"rectangle"},"isBackground":true,"type":"image","id":"311fe38b-b107-4c0f-b4bd-977962aaccae","scale":100,"focalX":50,"focalY":50,"resource":{"type":"image","mimeType":"image\/jpeg","creationDate":"2021-05-21T16:24:42","src":"https:\/\/files.sunoresearch.com.br\/n\/uploads\/2021\/05\/e42e9228-foto-luis-macedo-agencia-camara.jpg","width":2003,"height":1312,"id":150062,"title":"PEC dos Precat\u00f3rios \u00e9 aprovada em comiss\u00e3o na C\u00e2mara","alt":"PEC dos Precat\u00f3rios \u00e9 aprovada em comiss\u00e3o na C\u00e2mara","sizes":{"medium":{"file":"e42e9228-foto-luis-macedo-agencia-camara-300x197.jpg","width":300,"height":197,"mime_type":"image\/jpeg","source_url":"https:\/\/files.sunoresearch.com.br\/n\/uploads\/2021\/05\/e42e9228-foto-luis-macedo-agencia-camara-300x197.jpg"},"large":{"file":"e42e9228-foto-luis-macedo-agencia-camara-1024x671.jpg","width":1024,"height":671,"mime_type":"image\/jpeg","source_url":"https:\/\/files.sunoresearch.com.br\/n\/uploads\/2021\/05\/e42e9228-foto-luis-macedo-agencia-camara-1024x671.jpg"},"thumbnail":{"file":"e42e9228-foto-luis-macedo-agencia-camara-150x150.jpg","width":150,"height":150,"mime_type":"image\/jpeg","source_url":"https:\/\/files.sunoresearch.com.br\/n\/uploads\/2021\/05\/e42e9228-foto-luis-macedo-agencia-camara-150x150.jpg"},"medium_large":{"file":"e42e9228-foto-luis-macedo-agencia-camara-768x503.jpg","width":768,"height":503,"mime_type":"image\/jpeg","source_url":"https:\/\/files.sunoresearch.com.br\/n\/uploads\/2021\/05\/e42e9228-foto-luis-macedo-agencia-camara-768x503.jpg"},"1536x1536":{"file":"e42e9228-foto-luis-macedo-agencia-camara-1536x1006.jpg","width":1536,"height":1006,"mime_type":"image\/jpeg","source_url":"https:\/\/files.sunoresearch.com.br\/n\/uploads\/2021\/05\/e42e9228-foto-luis-macedo-agencia-camara-1536x1006.jpg"},"180x135":{"file":"e42e9228-foto-luis-macedo-agencia-camara-180x135.jpg","width":180,"height":135,"mime_type":"image\/jpeg","source_url":"https:\/\/files.sunoresearch.com.br\/n\/uploads\/2021\/05\/e42e9228-foto-luis-macedo-agencia-camara-180x135.jpg"},"400x200":{"file":"e42e9228-foto-luis-macedo-agencia-camara-400x200.jpg","width":400,"height":200,"mime_type":"image\/jpeg","source_url":"https:\/\/files.sunoresearch.com.br\/n\/uploads\/2021\/05\/e42e9228-foto-luis-macedo-agencia-camara-400x200.jpg"},"400x300":{"file":"e42e9228-foto-luis-macedo-agencia-camara-400x300.jpg","width":400,"height":300,"mime_type":"image\/jpeg","source_url":"https:\/\/files.sunoresearch.com.br\/n\/uploads\/2021\/05\/e42e9228-foto-luis-macedo-agencia-camara-400x300.jpg"},"600x300":{"file":"e42e9228-foto-luis-macedo-agencia-camara-600x300.jpg","width":600,"height":300,"mime_type":"image\/jpeg","source_url":"https:\/\/files.sunoresearch.com.br\/n\/uploads\/2021\/05\/e42e9228-foto-luis-macedo-agencia-camara-600x300.jpg"},"800x450":{"file":"e42e9228-foto-luis-macedo-agencia-camara-800x450.jpg","width":800,"height":450,"mime_type":"image\/jpeg","source_url":"https:\/\/files.sunoresearch.com.br\/n\/uploads\/2021\/05\/e42e9228-foto-luis-macedo-agencia-camara-800x450.jpg"},"full":{"file":"e42e9228-foto-luis-macedo-agencia-camara.jpg","width":2003,"height":1312,"mime_type":"image\/jpeg","source_url":"https:\/\/files.sunoresearch.com.br\/n\/uploads\/2021\/05\/e42e9228-foto-luis-macedo-agencia-camara.jpg"}},"local":false,"isPlaceholder":false,"isOptimized":false,"isMuted":false,"baseColor":[37,35,40]},"overlay":{"type":"linear","rotation":0,"stops":[{"color":{"r":0,"g":0,"b":0,"a":0},"position":0},{"color":{"r":0,"g":0,"b":0,"a":1},"position":1}],"alpha":0.7}},{"opacity":100,"flip":{"vertical":false,"horizontal":false},"rotationAngle":0,"lockAspectRatio":false,"backgroundTextMode":"FILL","font":{"family":"Open Sans","service":"fonts.google.com","fallbacks":["sans-serif"],"weights":[300,400,600,700,800],"styles":["italic","regular"],"variants":[[0,300],[0,400],[0,600],[0,700],[0,800],[1,300],[1,400],[1,600],[1,700],[1,800]],"metrics":{"upm":2048,"asc":2189,"des":-600,"tAsc":1567,"tDes":-492,"tLGap":132,"wAsc":2189,"wDes":600,"xH":1096,"capH":1462,"yMin":-555,"yMax":2146,"hAsc":2189,"hDes":-600,"lGap":0}},"fontSize":22,"backgroundColor":{"color":{"r":0,"g":0,"b":0,"a":0.7}},"lineHeight":1.5,"textAlign":"center","padding":{"locked":true,"hasHiddenPadding":true,"horizontal":20,"vertical":16},"content":"<span style=\"color: #fff\">Na madrugada de hoje, por 312 votos a 144, o governo conseguiu aprovar, em primeiro turno, a PEC dos Precat\u00f3rios na C\u00e2mara.<\/span>","fontWeight":400,"marginOffset":2.4873046875,"width":302,"height":219,"scale":100,"focalX":50,"focalY":50,"type":"text","border":{"left":0,"right":0,"top":0,"bottom":0,"lockedWidth":true,"color":{"color":{"r":255,"g":0,"b":0}}},"borderRadius":{"topLeft":8,"topRight":8,"bottomRight":8,"bottomLeft":8,"locked":true},"basedOn":"40b966d1-7d9b-47f9-9547-18e13223c79b","id":"fa223f29-83e5-45e8-89a4-724c3502123e","x":56,"y":231},{"opacity":100,"flip":{"vertical":false,"horizontal":false},"rotationAngle":0,"lockAspectRatio":false,"backgroundColor":{"color":{"r":255,"g":0,"b":0}},"type":"shape","width":32,"height":4,"scale":100,"focalX":50,"focalY":50,"mask":{"type":"rectangle"},"basedOn":"dcf2dfac-92f9-41ab-bc79-79f8b88f6a05","id":"0b1d7f8d-e895-4fd7-b782-32383c1d9e28","x":330,"y":581},{"opacity":100,"flip":{"vertical":false,"horizontal":false},"rotationAngle":0,"lockAspectRatio":true,"backgroundTextMode":"FILL","font":{"family":"Roboto","weights":[100,300,400,500,700,900],"styles":["italic","regular"],"variants":[[0,100],[0,300],[0,400],[0,500],[0,700],[0,900],[1,100],[1,300],[1,400],[1,500],[1,700],[1,900]],"fallbacks":["Helvetica Neue","Helvetica","sans-serif"],"service":"fonts.google.com","metrics":{"upm":2048,"asc":1900,"des":-500,"tAsc":1536,"tDes":-512,"tLGap":102,"wAsc":1946,"wDes":512,"xH":1082,"capH":1456,"yMin":-555,"yMax":2163,"hAsc":1900,"hDes":-500,"lGap":0}},"fontSize":16,"backgroundColor":{"color":{"r":199,"g":194,"b":194}},"lineHeight":1.2,"textAlign":"initial","padding":{"locked":true,"hasHiddenPadding":true,"horizontal":8,"vertical":4},"type":"text","content":"<span style=\"color: #080101\">Rep\u00f3rter: Poliana Santos<\/span>","fontWeight":400,"borderRadius":{"locked":true,"topLeft":2,"topRight":2,"bottomRight":2,"bottomLeft":2},"x":165,"y":593,"width":200,"height":27,"scale":100,"focalX":50,"focalY":50,"id":"5a66d0be-0fc4-4335-b6ec-98d06b4ba741"}],"backgroundColor":{"color":{"r":255,"g":255,"b":255}},"type":"page","id":"322b43b2-aaab-475b-a14d-9168ed127328","animations":[{"id":"826b1f0d-c3a8-416e-a17f-35dc2d42441e","type":"effect-rotate-in","rotateInDir":"leftToRight","duration":1000,"delay":0,"targets":["fa223f29-83e5-45e8-89a4-724c3502123e"]}],"defaultBackgroundElement":{"opacity":100,"flip":{"vertical":false,"horizontal":false},"rotationAngle":0,"lockAspectRatio":true,"backgroundColor":{"color":{"r":196,"g":196,"b":196}},"x":1,"y":1,"width":1,"height":1,"mask":{"type":"rectangle"},"isBackground":true,"isDefaultBackground":true,"type":"shape","id":"52b22f23-bc8d-4176-8515-37a0d6a06a40"}},{"overlay":"none","elements":[{"opacity":100,"flip":{"vertical":false,"horizontal":false},"rotationAngle":0,"lockAspectRatio":true,"backgroundColor":{"color":{"r":196,"g":196,"b":196}},"x":48,"y":0,"width":330,"height":197,"mask":{"type":"rectangle"},"isBackground":true,"type":"image","id":"3cc9da80-3495-479e-b5be-1938eb434fe2","scale":100,"focalX":50,"focalY":50,"resource":{"type":"image","mimeType":"image\/jpeg","src":"https:\/\/files.sunoresearch.com.br\/n\/uploads\/2021\/11\/bolsa-familia-ebc.jpg","width":1170,"height":700,"id":201217,"title":"Bolsa Fam\u00edlia - Foto: Ag\u00eancia Brasil","alt":"Bolsa Fam\u00edlia - Foto: Ag\u00eancia Brasil","sizes":{"medium":{"file":"bolsa-familia-ebc-300x179.jpg","width":300,"height":179,"mime_type":"image\/jpeg","source_url":"https:\/\/files.sunoresearch.com.br\/n\/uploads\/2021\/11\/bolsa-familia-ebc-300x179.jpg"},"large":{"file":"bolsa-familia-ebc-1024x613.jpg","width":1024,"height":613,"mime_type":"image\/jpeg","source_url":"https:\/\/files.sunoresearch.com.br\/n\/uploads\/2021\/11\/bolsa-familia-ebc-1024x613.jpg"},"thumbnail":{"file":"bolsa-familia-ebc-150x150.jpg","width":150,"height":150,"mime_type":"image\/jpeg","source_url":"https:\/\/files.sunoresearch.com.br\/n\/uploads\/2021\/11\/bolsa-familia-ebc-150x150.jpg"},"medium_large":{"file":"bolsa-familia-ebc-768x459.jpg","width":768,"height":459,"mime_type":"image\/jpeg","source_url":"https:\/\/files.sunoresearch.com.br\/n\/uploads\/2021\/11\/bolsa-familia-ebc-768x459.jpg"},"180x135":{"file":"bolsa-familia-ebc-180x135.jpg","width":180,"height":135,"mime_type":"image\/jpeg","source_url":"https:\/\/files.sunoresearch.com.br\/n\/uploads\/2021\/11\/bolsa-familia-ebc-180x135.jpg"},"400x200":{"file":"bolsa-familia-ebc-400x200.jpg","width":400,"height":200,"mime_type":"image\/jpeg","source_url":"https:\/\/files.sunoresearch.com.br\/n\/uploads\/2021\/11\/bolsa-familia-ebc-400x200.jpg"},"400x300":{"file":"bolsa-familia-ebc-400x300.jpg","width":400,"height":300,"mime_type":"image\/jpeg","source_url":"https:\/\/files.sunoresearch.com.br\/n\/uploads\/2021\/11\/bolsa-familia-ebc-400x300.jpg"},"600x300":{"file":"bolsa-familia-ebc-600x300.jpg","width":600,"height":300,"mime_type":"image\/jpeg","source_url":"https:\/\/files.sunoresearch.com.br\/n\/uploads\/2021\/11\/bolsa-familia-ebc-600x300.jpg"},"800x450":{"file":"bolsa-familia-ebc-800x450.jpg","width":800,"height":450,"mime_type":"image\/jpeg","source_url":"https:\/\/files.sunoresearch.com.br\/n\/uploads\/2021\/11\/bolsa-familia-ebc-800x450.jpg"},"web-stories-poster-portrait":{"file":"bolsa-familia-ebc-640x700.jpg","width":640,"height":700,"mime_type":"image\/jpeg","source_url":"https:\/\/files.sunoresearch.com.br\/n\/uploads\/2021\/11\/bolsa-familia-ebc-640x700.jpg"},"web-stories-publisher-logo":{"file":"bolsa-familia-ebc-96x96.jpg","width":96,"height":96,"mime_type":"image\/jpeg","source_url":"https:\/\/files.sunoresearch.com.br\/n\/uploads\/2021\/11\/bolsa-familia-ebc-96x96.jpg"},"web-stories-thumbnail":{"file":"bolsa-familia-ebc-150x90.jpg","width":150,"height":90,"mime_type":"image\/jpeg","source_url":"https:\/\/files.sunoresearch.com.br\/n\/uploads\/2021\/11\/bolsa-familia-ebc-150x90.jpg"},"full":{"file":"bolsa-familia-ebc.jpg","width":1170,"height":700,"mime_type":"image\/jpeg","source_url":"https:\/\/files.sunoresearch.com.br\/n\/uploads\/2021\/11\/bolsa-familia-ebc.jpg"}},"local":false,"isPlaceholder":false,"isOptimized":false,"isMuted":false,"baseColor":[50,41,41]},"overlay":{"type":"linear","rotation":0,"stops":[{"color":{"r":0,"g":0,"b":0,"a":0},"position":0},{"color":{"r":0,"g":0,"b":0,"a":1},"position":1}],"alpha":0.7}},{"opacity":100,"flip":{"vertical":false,"horizontal":false},"rotationAngle":0,"lockAspectRatio":false,"backgroundTextMode":"FILL","font":{"family":"Open Sans","service":"fonts.google.com","fallbacks":["sans-serif"],"weights":[300,400,600,700,800],"styles":["italic","regular"],"variants":[[0,300],[1,300],[0,400],[1,400],[0,600],[1,600],[0,700],[1,700],[0,800],[1,800]],"metrics":{"upm":2048,"asc":2189,"des":-600,"tAsc":1567,"tDes":-492,"tLGap":132,"wAsc":2189,"wDes":600,"xH":1096,"capH":1462,"yMin":-555,"yMax":2146,"hAsc":2189,"hDes":-600,"lGap":0}},"fontSize":22,"backgroundColor":{"color":{"r":0,"g":0,"b":0,"a":0.7}},"lineHeight":1.5,"textAlign":"center","padding":{"locked":true,"hasHiddenPadding":true,"horizontal":20,"vertical":16},"content":"<span style=\"color: #fff\">O texto abre espa\u00e7o de R$ 91,6 bilh\u00f5es no Or\u00e7amento de 2022 para o pagamento do Aux\u00edlio Brasil e outros gastos durante o ano eleitoral.<\/span>","fontWeight":400,"marginOffset":2.4873046875,"width":302,"height":220,"scale":100,"focalX":50,"focalY":50,"border":{"left":0,"right":0,"top":0,"bottom":0,"lockedWidth":true,"color":{"color":{"r":255,"g":0,"b":0}}},"borderRadius":{"topLeft":8,"topRight":8,"bottomRight":8,"bottomLeft":8,"locked":true},"basedOn":"40b966d1-7d9b-47f9-9547-18e13223c79b","id":"76853a62-02f5-4c06-8f82-bb71eb2cb90a","x":49,"y":392,"type":"text"}],"animations":[{"id":"13237290-6ada-4e76-aa89-48dcc632bb28","type":"effect-zoom","scaleDirection":"scaleOut","duration":2000,"delay":0,"targets":["76853a62-02f5-4c06-8f82-bb71eb2cb90a"]}],"backgroundColor":{"color":{"r":255,"g":255,"b":255}},"type":"page","id":"41c36654-2624-464b-a760-b747ce63ea12","defaultBackgroundElement":{"opacity":100,"flip":{"vertical":false,"horizontal":false},"rotationAngle":0,"lockAspectRatio":true,"backgroundColor":{"color":{"r":196,"g":196,"b":196}},"x":1,"y":1,"width":1,"height":1,"mask":{"type":"rectangle"},"isBackground":true,"isDefaultBackground":true,"type":"shape","id":"d0dcf145-1b03-424f-997d-562a2ffc3a9c"}},{"overlay":"none","elements":[{"opacity":100,"flip":{"vertical":false,"horizontal":false},"rotationAngle":0,"lockAspectRatio":true,"backgroundColor":{"color":{"r":196,"g":196,"b":196}},"x":48,"y":0,"width":330,"height":220,"mask":{"type":"rectangle"},"isBackground":true,"type":"image","id":"73dd8ada-76b9-42af-bc54-69de47c892f7","scale":100,"focalX":38.88671875,"focalY":50,"resource":{"type":"image","mimeType":"image\/jpeg","src":"https:\/\/files.sunoresearch.com.br\/n\/uploads\/2021\/02\/84292bd9-bolsonaro-scaled.jpg","width":2560,"height":1707,"id":125401,"title":"Bolsonaro acredita ser poss\u00edvel diminuir pre\u00e7o dos combust\u00edveis em 10% sem canetada","alt":"Bolsonaro acredita ser poss\u00edvel diminuir pre\u00e7o dos combust\u00edveis em 10% sem canetada","sizes":{"medium":{"file":"84292bd9-bolsonaro-300x200.jpg","width":300,"height":200,"mime_type":"image\/jpeg","source_url":"https:\/\/files.sunoresearch.com.br\/n\/uploads\/2021\/02\/84292bd9-bolsonaro-300x200.jpg"},"large":{"file":"84292bd9-bolsonaro-1024x683.jpg","width":1024,"height":683,"mime_type":"image\/jpeg","source_url":"https:\/\/files.sunoresearch.com.br\/n\/uploads\/2021\/02\/84292bd9-bolsonaro-1024x683.jpg"},"thumbnail":{"file":"84292bd9-bolsonaro-150x150.jpg","width":150,"height":150,"mime_type":"image\/jpeg","source_url":"https:\/\/files.sunoresearch.com.br\/n\/uploads\/2021\/02\/84292bd9-bolsonaro-150x150.jpg"},"medium_large":{"file":"84292bd9-bolsonaro-768x512.jpg","width":768,"height":512,"mime_type":"image\/jpeg","source_url":"https:\/\/files.sunoresearch.com.br\/n\/uploads\/2021\/02\/84292bd9-bolsonaro-768x512.jpg"},"1536x1536":{"file":"84292bd9-bolsonaro-1536x1024.jpg","width":1536,"height":1024,"mime_type":"image\/jpeg","source_url":"https:\/\/files.sunoresearch.com.br\/n\/uploads\/2021\/02\/84292bd9-bolsonaro-1536x1024.jpg"},"2048x2048":{"file":"84292bd9-bolsonaro-2048x1365.jpg","width":2048,"height":1365,"mime_type":"image\/jpeg","source_url":"https:\/\/files.sunoresearch.com.br\/n\/uploads\/2021\/02\/84292bd9-bolsonaro-2048x1365.jpg"},"180x135":{"file":"84292bd9-bolsonaro-180x135.jpg","width":180,"height":135,"mime_type":"image\/jpeg","source_url":"https:\/\/files.sunoresearch.com.br\/n\/uploads\/2021\/02\/84292bd9-bolsonaro-180x135.jpg"},"400x200":{"file":"84292bd9-bolsonaro-400x200.jpg","width":400,"height":200,"mime_type":"image\/jpeg","source_url":"https:\/\/files.sunoresearch.com.br\/n\/uploads\/2021\/02\/84292bd9-bolsonaro-400x200.jpg"},"400x300":{"file":"84292bd9-bolsonaro-400x300.jpg","width":400,"height":300,"mime_type":"image\/jpeg","source_url":"https:\/\/files.sunoresearch.com.br\/n\/uploads\/2021\/02\/84292bd9-bolsonaro-400x300.jpg"},"600x300":{"file":"84292bd9-bolsonaro-600x300.jpg","width":600,"height":300,"mime_type":"image\/jpeg","source_url":"https:\/\/files.sunoresearch.com.br\/n\/uploads\/2021\/02\/84292bd9-bolsonaro-600x300.jpg"},"800x450":{"file":"84292bd9-bolsonaro-800x450.jpg","width":800,"height":450,"mime_type":"image\/jpeg","source_url":"https:\/\/files.sunoresearch.com.br\/n\/uploads\/2021\/02\/84292bd9-bolsonaro-800x450.jpg"},"full":{"file":"84292bd9-bolsonaro-scaled.jpg","width":2560,"height":1707,"mime_type":"image\/jpeg","source_url":"https:\/\/files.sunoresearch.com.br\/n\/uploads\/2021\/02\/84292bd9-bolsonaro-scaled.jpg"}},"local":false,"isPlaceholder":false,"isOptimized":false,"isMuted":false,"baseColor":[46,51,47]},"overlay":{"type":"linear","rotation":0,"stops":[{"color":{"r":0,"g":0,"b":0,"a":0},"position":0.4},{"color":{"r":0,"g":0,"b":0,"a":1},"position":1}],"alpha":0.5}},{"opacity":100,"flip":{"vertical":false,"horizontal":false},"rotationAngle":0,"lockAspectRatio":false,"backgroundTextMode":"FILL","font":{"family":"Open Sans","service":"fonts.google.com","fallbacks":["sans-serif"],"weights":[300,400,600,700,800],"styles":["italic","regular"],"variants":[[0,300],[1,300],[0,400],[1,400],[0,600],[1,600],[0,700],[1,700],[0,800],[1,800]],"metrics":{"upm":2048,"asc":2189,"des":-600,"tAsc":1567,"tDes":-492,"tLGap":132,"wAsc":2189,"wDes":600,"xH":1096,"capH":1462,"yMin":-555,"yMax":2146,"hAsc":2189,"hDes":-600,"lGap":0}},"fontSize":22,"backgroundColor":{"color":{"r":0,"g":0,"b":0,"a":0.7}},"lineHeight":1.5,"textAlign":"center","padding":{"locked":true,"hasHiddenPadding":true,"horizontal":20,"vertical":16},"content":"<span style=\"color: #fff\">A proposta adia o pagamento de precat\u00f3rios (d\u00edvidas do governo j\u00e1 reconhecidas pela Justi\u00e7a), a fim de viabilizar a concess\u00e3o de pelo menos R$ 400 mensais aos benefici\u00e1rios do novo programa no ano eleitoral de 2022.<\/span>","fontWeight":400,"marginOffset":2.4873046875,"width":302,"height":365,"scale":100,"focalX":50,"focalY":50,"border":{"left":0,"right":0,"top":0,"bottom":0,"lockedWidth":true,"color":{"color":{"r":255,"g":0,"b":0}}},"borderRadius":{"topLeft":8,"topRight":8,"bottomRight":8,"bottomLeft":8,"locked":true},"basedOn":"40b966d1-7d9b-47f9-9547-18e13223c79b","id":"700e9258-a144-4919-a793-aa422a15e642","x":47,"y":225,"type":"text"}],"animations":[{"id":"5e750429-f331-4b49-aa74-00487cfd1b13","type":"effect-whoosh-in","whooshInDir":"leftToRight","duration":600,"delay":0,"targets":["700e9258-a144-4919-a793-aa422a15e642"]}],"backgroundColor":{"color":{"r":255,"g":255,"b":255}},"type":"page","id":"a28bdb72-e21b-4cfc-8432-4dd057e1438a","defaultBackgroundElement":{"opacity":100,"flip":{"vertical":false,"horizontal":false},"rotationAngle":0,"lockAspectRatio":true,"backgroundColor":{"color":{"r":196,"g":196,"b":196}},"x":1,"y":1,"width":1,"height":1,"mask":{"type":"rectangle"},"isBackground":true,"isDefaultBackground":true,"type":"shape","id":"36e93898-d537-4e0b-86eb-ea05320afc8a"},"pageAttachment":{"url":""}},{"overlay":"none","elements":[{"opacity":100,"flip":{"vertical":false,"horizontal":false},"rotationAngle":0,"lockAspectRatio":true,"backgroundColor":{"color":{"r":196,"g":196,"b":196}},"x":48,"y":0,"width":330,"height":220,"mask":{"type":"rectangle"},"isBackground":true,"type":"image","id":"21e07f86-26e8-4332-a40b-e3f11aa803c5","scale":100,"focalX":50,"focalY":50,"resource":{"type":"image","mimeType":"image\/jpeg","src":"https:\/\/files.sunoresearch.com.br\/n\/uploads\/2019\/01\/cd7fb683-boletim-focus.jpg","width":960,"height":640,"id":10532,"title":"Boletim Focus aumenta previs\u00e3o da Selic em 2021 de 4% para 4,5%v","alt":"Boletim Focus aumenta previs\u00e3o da Selic em 2021 de 4% para 4,5%","sizes":{"thumbnail":{"file":"cd7fb683-boletim-focus-150x150.jpg","width":150,"height":150,"mime_type":"image\/jpeg","source_url":"https:\/\/files.sunoresearch.com.br\/n\/uploads\/2019\/01\/cd7fb683-boletim-focus-150x150.jpg"},"medium":{"file":"cd7fb683-boletim-focus-300x200.jpg","width":300,"height":200,"mime_type":"image\/jpeg","source_url":"https:\/\/files.sunoresearch.com.br\/n\/uploads\/2019\/01\/cd7fb683-boletim-focus-300x200.jpg"},"medium_large":{"file":"cd7fb683-boletim-focus-768x512.jpg","width":768,"height":512,"mime_type":"image\/jpeg","source_url":"https:\/\/files.sunoresearch.com.br\/n\/uploads\/2019\/01\/cd7fb683-boletim-focus-768x512.jpg"},"tnm-xxs-4_3":{"file":"cd7fb683-boletim-focus-180x135.jpg","width":180,"height":135,"mime_type":"image\/jpeg","source_url":"https:\/\/files.sunoresearch.com.br\/n\/uploads\/2019\/01\/cd7fb683-boletim-focus-180x135.jpg"},"tnm-xxs-1_1":{"file":"cd7fb683-boletim-focus-180x180.jpg","width":180,"height":180,"mime_type":"image\/jpeg","source_url":"https:\/\/files.sunoresearch.com.br\/n\/uploads\/2019\/01\/cd7fb683-boletim-focus-180x180.jpg"},"tnm-xs-16_9 400x225":{"file":"cd7fb683-boletim-focus-400x225.jpg","width":400,"height":225,"mime_type":"image\/jpeg","source_url":"https:\/\/files.sunoresearch.com.br\/n\/uploads\/2019\/01\/cd7fb683-boletim-focus-400x225.jpg"},"tnm-xs-4_3":{"file":"cd7fb683-boletim-focus-400x300.jpg","width":400,"height":300,"mime_type":"image\/jpeg","source_url":"https:\/\/files.sunoresearch.com.br\/n\/uploads\/2019\/01\/cd7fb683-boletim-focus-400x300.jpg"},"tnm-xs-2_1":{"file":"cd7fb683-boletim-focus-400x200.jpg","width":400,"height":200,"mime_type":"image\/jpeg","source_url":"https:\/\/files.sunoresearch.com.br\/n\/uploads\/2019\/01\/cd7fb683-boletim-focus-400x200.jpg"},"tnm-xs-1_1":{"file":"cd7fb683-boletim-focus-400x400.jpg","width":400,"height":400,"mime_type":"image\/jpeg","source_url":"https:\/\/files.sunoresearch.com.br\/n\/uploads\/2019\/01\/cd7fb683-boletim-focus-400x400.jpg"},"tnm-xs-16_9":{"file":"cd7fb683-boletim-focus-600x338.jpg","width":600,"height":338,"mime_type":"image\/jpeg","source_url":"https:\/\/files.sunoresearch.com.br\/n\/uploads\/2019\/01\/cd7fb683-boletim-focus-600x338.jpg"},"tnm-s-4_3":{"file":"cd7fb683-boletim-focus-600x450.jpg","width":600,"height":450,"mime_type":"image\/jpeg","source_url":"https:\/\/files.sunoresearch.com.br\/n\/uploads\/2019\/01\/cd7fb683-boletim-focus-600x450.jpg"},"tnm-s-2_1":{"file":"cd7fb683-boletim-focus-600x300.jpg","width":600,"height":300,"mime_type":"image\/jpeg","source_url":"https:\/\/files.sunoresearch.com.br\/n\/uploads\/2019\/01\/cd7fb683-boletim-focus-600x300.jpg"},"tnm-s-1_1":{"file":"cd7fb683-boletim-focus-600x600.jpg","width":600,"height":600,"mime_type":"image\/jpeg","source_url":"https:\/\/files.sunoresearch.com.br\/n\/uploads\/2019\/01\/cd7fb683-boletim-focus-600x600.jpg"},"tnm-m-16_9":{"file":"cd7fb683-boletim-focus-800x450.jpg","width":800,"height":450,"mime_type":"image\/jpeg","source_url":"https:\/\/files.sunoresearch.com.br\/n\/uploads\/2019\/01\/cd7fb683-boletim-focus-800x450.jpg"},"tnm-m-4_3":{"file":"cd7fb683-boletim-focus-800x600.jpg","width":800,"height":600,"mime_type":"image\/jpeg","source_url":"https:\/\/files.sunoresearch.com.br\/n\/uploads\/2019\/01\/cd7fb683-boletim-focus-800x600.jpg"},"tnm-m-2_1":{"file":"cd7fb683-boletim-focus-800x400.jpg","width":800,"height":400,"mime_type":"image\/jpeg","source_url":"https:\/\/files.sunoresearch.com.br\/n\/uploads\/2019\/01\/cd7fb683-boletim-focus-800x400.jpg"},"tnm-l-2_1":{"file":"cd7fb683-boletim-focus-960x600.jpg","width":960,"height":600,"mime_type":"image\/jpeg","source_url":"https:\/\/files.sunoresearch.com.br\/n\/uploads\/2019\/01\/cd7fb683-boletim-focus-960x600.jpg"},"profile_24":{"file":"cd7fb683-boletim-focus-24x24.jpg","width":24,"height":24,"mime_type":"image\/jpeg","source_url":"https:\/\/files.sunoresearch.com.br\/n\/uploads\/2019\/01\/cd7fb683-boletim-focus-24x24.jpg"},"profile_48":{"file":"cd7fb683-boletim-focus-48x48.jpg","width":48,"height":48,"mime_type":"image\/jpeg","source_url":"https:\/\/files.sunoresearch.com.br\/n\/uploads\/2019\/01\/cd7fb683-boletim-focus-48x48.jpg"},"profile_96":{"file":"cd7fb683-boletim-focus-96x96.jpg","width":96,"height":96,"mime_type":"image\/jpeg","source_url":"https:\/\/files.sunoresearch.com.br\/n\/uploads\/2019\/01\/cd7fb683-boletim-focus-96x96.jpg"},"full":{"file":"cd7fb683-boletim-focus.jpg","width":960,"height":640,"mime_type":"image\/jpeg","source_url":"https:\/\/files.sunoresearch.com.br\/n\/uploads\/2019\/01\/cd7fb683-boletim-focus.jpg"}},"local":false,"isPlaceholder":false,"isOptimized":false,"isMuted":false,"baseColor":[215,214,223]},"overlay":{"type":"linear","rotation":0,"stops":[{"color":{"r":0,"g":0,"b":0,"a":0},"position":0},{"color":{"r":0,"g":0,"b":0,"a":1},"position":1}],"alpha":0.7}},{"opacity":100,"flip":{"vertical":false,"horizontal":false},"rotationAngle":0,"lockAspectRatio":false,"backgroundTextMode":"FILL","font":{"family":"Open Sans","service":"fonts.google.com","fallbacks":["sans-serif"],"weights":[300,400,600,700,800],"styles":["italic","regular"],"variants":[[0,300],[1,300],[0,400],[1,400],[0,600],[1,600],[0,700],[1,700],[0,800],[1,800]],"metrics":{"upm":2048,"asc":2189,"des":-600,"tAsc":1567,"tDes":-492,"tLGap":132,"wAsc":2189,"wDes":600,"xH":1096,"capH":1462,"yMin":-555,"yMax":2146,"hAsc":2189,"hDes":-600,"lGap":0}},"fontSize":22,"backgroundColor":{"color":{"r":0,"g":0,"b":0,"a":0.7}},"lineHeight":1.5,"textAlign":"left","padding":{"locked":true,"hasHiddenPadding":true,"horizontal":20,"vertical":16},"content":"<span style=\"color: #fff\">- R$ 400\/m\u00eas (aux\u00edlio previsto at\u00e9 dezembro\/22) a 17 milh\u00f5es de pessoas,<\/span>\n<span style=\"color: #fff\">- Aux\u00edlio diesel para os caminhoneiros,<\/span>\n<span style=\"color: #fff\">- Compra de vacinas<\/span>\n<span style=\"color: #fff\">- Aumento do fund\u00e3o eleitoral, de R$ 2 bilh\u00f5es para R$ 5 bilh\u00f5es.<\/span>","fontWeight":400,"marginOffset":2.4873046875,"width":302,"height":351,"scale":100,"focalX":50,"focalY":50,"border":{"left":0,"right":0,"top":0,"bottom":0,"lockedWidth":true,"color":{"color":{"r":255,"g":0,"b":0}}},"borderRadius":{"topLeft":8,"topRight":8,"bottomRight":8,"bottomLeft":8,"locked":true},"basedOn":"40b966d1-7d9b-47f9-9547-18e13223c79b","id":"34705152-0318-450c-b8bd-45cc415741e6","x":56,"y":200,"type":"text"},{"opacity":100,"flip":{"vertical":false,"horizontal":false},"rotationAngle":0,"lockAspectRatio":true,"backgroundTextMode":"FILL","font":{"family":"Open Sans","service":"fonts.google.com","fallbacks":["sans-serif"],"weights":[300,400,600,700,800],"styles":["italic","regular"],"variants":[[0,300],[1,300],[0,400],[1,400],[0,600],[1,600],[0,700],[1,700],[0,800],[1,800]],"metrics":{"upm":2048,"asc":2189,"des":-600,"tAsc":1567,"tDes":-492,"tLGap":132,"wAsc":2189,"wDes":600,"xH":1096,"capH":1462,"yMin":-555,"yMax":2146,"hAsc":2189,"hDes":-600,"lGap":0}},"fontSize":24,"backgroundColor":{"color":{"r":248,"g":30,"b":30}},"lineHeight":1.2,"textAlign":"center","padding":{"locked":true,"hasHiddenPadding":true,"horizontal":8,"vertical":4},"type":"text","content":"<span style=\"color: #eadfdf\">O teto de gastos foi expandido e dar\u00e1 folga no Or\u00e7amento para pagar:<\/span>","fontWeight":400,"borderRadius":{"locked":true,"topLeft":2,"topRight":2,"bottomRight":2,"bottomLeft":2},"x":57,"y":38,"width":300,"height":122,"scale":100,"focalX":50,"focalY":50,"id":"2154e58c-d51c-46e8-86cd-61656a665aac"}],"animations":[{"id":"b415944c-5e6a-4218-a553-30dbd0ca33f4","type":"effect-whoosh-in","whooshInDir":"leftToRight","duration":600,"delay":0,"targets":["34705152-0318-450c-b8bd-45cc415741e6"]}],"backgroundColor":{"color":{"r":255,"g":255,"b":255}},"type":"page","id":"bf8c7aff-9835-4466-84c5-d8e86dd4ab02","defaultBackgroundElement":{"opacity":100,"flip":{"vertical":false,"horizontal":false},"rotationAngle":0,"lockAspectRatio":true,"backgroundColor":{"color":{"r":196,"g":196,"b":196}},"x":1,"y":1,"width":1,"height":1,"mask":{"type":"rectangle"},"isBackground":true,"isDefaultBackground":true,"type":"shape","id":"abc81c3c-1c8d-4e09-b587-9e6874cfcf46"},"pageAttachment":{"url":""}},{"overlay":"none","elements":[{"opacity":100,"flip":{"vertical":false,"horizontal":false},"rotationAngle":0,"lockAspectRatio":true,"backgroundColor":{"color":{"r":196,"g":196,"b":196}},"x":48,"y":0,"width":330,"height":193,"mask":{"type":"rectangle"},"isBackground":true,"type":"image","id":"e67f33e3-d99a-4158-a7ce-f7d54b6a964b","scale":100,"focalX":58.6890243902439,"focalY":50,"resource":{"type":"image","mimeType":"image\/jpeg","src":"https:\/\/files.sunoresearch.com.br\/n\/uploads\/2021\/02\/35e02f4a-foto09pol-101-articula-a15.jpg","width":984,"height":576,"id":119800,"title":"Autonomia do Banco Central ser\u00e1 votada na C\u00e2mara na ter\u00e7a-feira, diz Lira","alt":"Autonomia do Banco Central ser\u00e1 votada na C\u00e2mara na ter\u00e7a-feira, diz Lira","sizes":{"medium":{"file":"35e02f4a-foto09pol-101-articula-a15-300x176.jpg","width":300,"height":176,"mime_type":"image\/jpeg","source_url":"https:\/\/files.sunoresearch.com.br\/n\/uploads\/2021\/02\/35e02f4a-foto09pol-101-articula-a15-300x176.jpg"},"thumbnail":{"file":"35e02f4a-foto09pol-101-articula-a15-150x150.jpg","width":150,"height":150,"mime_type":"image\/jpeg","source_url":"https:\/\/files.sunoresearch.com.br\/n\/uploads\/2021\/02\/35e02f4a-foto09pol-101-articula-a15-150x150.jpg"},"medium_large":{"file":"35e02f4a-foto09pol-101-articula-a15-768x450.jpg","width":768,"height":450,"mime_type":"image\/jpeg","source_url":"https:\/\/files.sunoresearch.com.br\/n\/uploads\/2021\/02\/35e02f4a-foto09pol-101-articula-a15-768x450.jpg"},"180x135":{"file":"35e02f4a-foto09pol-101-articula-a15-180x135.jpg","width":180,"height":135,"mime_type":"image\/jpeg","source_url":"https:\/\/files.sunoresearch.com.br\/n\/uploads\/2021\/02\/35e02f4a-foto09pol-101-articula-a15-180x135.jpg"},"400x200":{"file":"35e02f4a-foto09pol-101-articula-a15-400x200.jpg","width":400,"height":200,"mime_type":"image\/jpeg","source_url":"https:\/\/files.sunoresearch.com.br\/n\/uploads\/2021\/02\/35e02f4a-foto09pol-101-articula-a15-400x200.jpg"},"400x300":{"file":"35e02f4a-foto09pol-101-articula-a15-400x300.jpg","width":400,"height":300,"mime_type":"image\/jpeg","source_url":"https:\/\/files.sunoresearch.com.br\/n\/uploads\/2021\/02\/35e02f4a-foto09pol-101-articula-a15-400x300.jpg"},"600x300":{"file":"35e02f4a-foto09pol-101-articula-a15-600x300.jpg","width":600,"height":300,"mime_type":"image\/jpeg","source_url":"https:\/\/files.sunoresearch.com.br\/n\/uploads\/2021\/02\/35e02f4a-foto09pol-101-articula-a15-600x300.jpg"},"800x450":{"file":"35e02f4a-foto09pol-101-articula-a15-800x450.jpg","width":800,"height":450,"mime_type":"image\/jpeg","source_url":"https:\/\/files.sunoresearch.com.br\/n\/uploads\/2021\/02\/35e02f4a-foto09pol-101-articula-a15-800x450.jpg"},"full":{"file":"35e02f4a-foto09pol-101-articula-a15.jpg","width":984,"height":576,"mime_type":"image\/jpeg","source_url":"https:\/\/files.sunoresearch.com.br\/n\/uploads\/2021\/02\/35e02f4a-foto09pol-101-articula-a15.jpg"}},"local":false,"isPlaceholder":false,"isOptimized":false,"isMuted":false,"baseColor":[43,45,58]},"overlay":{"type":"linear","rotation":0,"stops":[{"color":{"r":0,"g":0,"b":0,"a":0},"position":0},{"color":{"r":0,"g":0,"b":0,"a":1},"position":1}],"alpha":0.7}},{"opacity":100,"flip":{"vertical":false,"horizontal":false},"rotationAngle":0,"lockAspectRatio":false,"backgroundTextMode":"FILL","font":{"family":"Open Sans","service":"fonts.google.com","fallbacks":["sans-serif"],"weights":[300,400,600,700,800],"styles":["italic","regular"],"variants":[[0,300],[1,300],[0,400],[1,400],[0,600],[1,600],[0,700],[1,700],[0,800],[1,800]],"metrics":{"upm":2048,"asc":2189,"des":-600,"tAsc":1567,"tDes":-492,"tLGap":132,"wAsc":2189,"wDes":600,"xH":1096,"capH":1462,"yMin":-555,"yMax":2146,"hAsc":2189,"hDes":-600,"lGap":0}},"fontSize":22,"backgroundColor":{"color":{"r":0,"g":0,"b":0,"a":0.7}},"lineHeight":1.5,"textAlign":"center","padding":{"locked":true,"hasHiddenPadding":true,"horizontal":20,"vertical":16},"content":"<span style=\"color: #fff\">Os parlamentares ainda precisam votar os chamados destaques (sugest\u00f5es pontuais de altera\u00e7\u00e3o no texto principal) e o segundo turno.&nbsp;<\/span>\n\n<span style=\"color: #fff\">De acordo com Arthur Lira, isso deve acontecer ainda nesta quinta ou na ter\u00e7a-feira (9).<\/span>","fontWeight":400,"marginOffset":2.4873046875,"width":302,"height":411,"scale":100,"focalX":50,"focalY":50,"border":{"left":0,"right":0,"top":0,"bottom":0,"lockedWidth":true,"color":{"color":{"r":255,"g":0,"b":0}}},"borderRadius":{"topLeft":8,"topRight":8,"bottomRight":8,"bottomLeft":8,"locked":true},"basedOn":"40b966d1-7d9b-47f9-9547-18e13223c79b","id":"c0a5cddf-25d7-4d8c-b4aa-243f0b61991d","x":63,"y":188,"type":"text"}],"animations":[{"id":"8d31418a-5e3e-4edd-ab20-332038d75aa4","type":"effect-whoosh-in","whooshInDir":"leftToRight","duration":600,"delay":0,"targets":["c0a5cddf-25d7-4d8c-b4aa-243f0b61991d"]}],"backgroundColor":{"color":{"r":255,"g":255,"b":255}},"type":"page","id":"5a001ea1-9909-4fdc-bd91-8e362e9f7a31","defaultBackgroundElement":{"opacity":100,"flip":{"vertical":false,"horizontal":false},"rotationAngle":0,"lockAspectRatio":true,"backgroundColor":{"color":{"r":196,"g":196,"b":196}},"x":1,"y":1,"width":1,"height":1,"mask":{"type":"rectangle"},"isBackground":true,"isDefaultBackground":true,"type":"shape","id":"45bf56a7-00e0-4669-a0bc-3a252b979118"},"pageAttachment":{"url":""}},{"overlay":"none","elements":[{"opacity":100,"flip":{"vertical":false,"horizontal":false},"rotationAngle":0,"lockAspectRatio":true,"backgroundColor":{"color":{"r":196,"g":196,"b":196}},"x":48,"y":0,"width":330,"height":197,"mask":{"type":"rectangle"},"isBackground":true,"type":"image","id":"5c8ebdeb-6fed-4c97-b94c-ea470a3e6b0a","scale":100,"focalX":50,"focalY":50,"resource":{"type":"image","mimeType":"image\/jpeg","src":"https:\/\/files.sunoresearch.com.br\/n\/uploads\/2021\/04\/d7d2ec9e-50373167341_1205fa5bd9_o.jpg","width":1170,"height":700,"id":142067,"title":"Senado Federal. Foto: Marcos Oliveira\/Ag\u00eancia Senado.","alt":"Imposto de Renda","sizes":{"medium":{"file":"d7d2ec9e-50373167341_1205fa5bd9_o-300x179.jpg","width":300,"height":179,"mime_type":"image\/jpeg","source_url":"https:\/\/files.sunoresearch.com.br\/n\/uploads\/2021\/04\/d7d2ec9e-50373167341_1205fa5bd9_o-300x179.jpg"},"large":{"file":"d7d2ec9e-50373167341_1205fa5bd9_o-1024x613.jpg","width":1024,"height":613,"mime_type":"image\/jpeg","source_url":"https:\/\/files.sunoresearch.com.br\/n\/uploads\/2021\/04\/d7d2ec9e-50373167341_1205fa5bd9_o-1024x613.jpg"},"thumbnail":{"file":"d7d2ec9e-50373167341_1205fa5bd9_o-150x150.jpg","width":150,"height":150,"mime_type":"image\/jpeg","source_url":"https:\/\/files.sunoresearch.com.br\/n\/uploads\/2021\/04\/d7d2ec9e-50373167341_1205fa5bd9_o-150x150.jpg"},"medium_large":{"file":"d7d2ec9e-50373167341_1205fa5bd9_o-768x459.jpg","width":768,"height":459,"mime_type":"image\/jpeg","source_url":"https:\/\/files.sunoresearch.com.br\/n\/uploads\/2021\/04\/d7d2ec9e-50373167341_1205fa5bd9_o-768x459.jpg"},"180x135":{"file":"d7d2ec9e-50373167341_1205fa5bd9_o-180x135.jpg","width":180,"height":135,"mime_type":"image\/jpeg","source_url":"https:\/\/files.sunoresearch.com.br\/n\/uploads\/2021\/04\/d7d2ec9e-50373167341_1205fa5bd9_o-180x135.jpg"},"400x200":{"file":"d7d2ec9e-50373167341_1205fa5bd9_o-400x200.jpg","width":400,"height":200,"mime_type":"image\/jpeg","source_url":"https:\/\/files.sunoresearch.com.br\/n\/uploads\/2021\/04\/d7d2ec9e-50373167341_1205fa5bd9_o-400x200.jpg"},"400x300":{"file":"d7d2ec9e-50373167341_1205fa5bd9_o-400x300.jpg","width":400,"height":300,"mime_type":"image\/jpeg","source_url":"https:\/\/files.sunoresearch.com.br\/n\/uploads\/2021\/04\/d7d2ec9e-50373167341_1205fa5bd9_o-400x300.jpg"},"600x300":{"file":"d7d2ec9e-50373167341_1205fa5bd9_o-600x300.jpg","width":600,"height":300,"mime_type":"image\/jpeg","source_url":"https:\/\/files.sunoresearch.com.br\/n\/uploads\/2021\/04\/d7d2ec9e-50373167341_1205fa5bd9_o-600x300.jpg"},"800x450":{"file":"d7d2ec9e-50373167341_1205fa5bd9_o-800x450.jpg","width":800,"height":450,"mime_type":"image\/jpeg","source_url":"https:\/\/files.sunoresearch.com.br\/n\/uploads\/2021\/04\/d7d2ec9e-50373167341_1205fa5bd9_o-800x450.jpg"},"full":{"file":"d7d2ec9e-50373167341_1205fa5bd9_o.jpg","width":1170,"height":700,"mime_type":"image\/jpeg","source_url":"https:\/\/files.sunoresearch.com.br\/n\/uploads\/2021\/04\/d7d2ec9e-50373167341_1205fa5bd9_o.jpg"}},"local":false,"isPlaceholder":false,"isOptimized":false,"isMuted":false,"baseColor":[186,195,203]},"overlay":{"type":"linear","rotation":0,"stops":[{"color":{"r":0,"g":0,"b":0,"a":0},"position":0},{"color":{"r":0,"g":0,"b":0,"a":1},"position":1}],"alpha":0.7}},{"opacity":100,"flip":{"vertical":false,"horizontal":false},"rotationAngle":0,"lockAspectRatio":false,"backgroundTextMode":"FILL","font":{"family":"Open Sans","service":"fonts.google.com","fallbacks":["sans-serif"],"weights":[300,400,600,700,800],"styles":["italic","regular"],"variants":[[0,300],[1,300],[0,400],[1,400],[0,600],[1,600],[0,700],[1,700],[0,800],[1,800]],"metrics":{"upm":2048,"asc":2189,"des":-600,"tAsc":1567,"tDes":-492,"tLGap":132,"wAsc":2189,"wDes":600,"xH":1096,"capH":1462,"yMin":-555,"yMax":2146,"hAsc":2189,"hDes":-600,"lGap":0}},"fontSize":22,"backgroundColor":{"color":{"r":0,"g":0,"b":0,"a":0.7}},"lineHeight":1.5,"textAlign":"center","padding":{"locked":true,"hasHiddenPadding":true,"horizontal":20,"vertical":16},"content":"<span style=\"color: #fff\">Se aprovado em segundo turno, o texto seguir\u00e1 para o Senado, onde tamb\u00e9m necessitar\u00e1 de aprova\u00e7\u00e3o em dois turnos<\/span>","fontWeight":400,"marginOffset":2.4873046875,"width":302,"height":251,"scale":100,"focalX":50,"focalY":50,"border":{"left":0,"right":0,"top":0,"bottom":0,"lockedWidth":true,"color":{"color":{"r":255,"g":0,"b":0}}},"borderRadius":{"topLeft":8,"topRight":8,"bottomRight":8,"bottomLeft":8,"locked":true},"basedOn":"40b966d1-7d9b-47f9-9547-18e13223c79b","id":"3fa203e6-bae4-4a67-8dd2-1a76f440868a","x":63,"y":364,"type":"text"}],"animations":[{"id":"300365a6-2fa5-4eef-81d8-725b3c20ab99","type":"effect-whoosh-in","whooshInDir":"leftToRight","duration":600,"delay":0,"targets":["3fa203e6-bae4-4a67-8dd2-1a76f440868a"]}],"backgroundColor":{"color":{"r":255,"g":255,"b":255}},"type":"page","id":"63f980fb-b9b0-4e7a-bbba-fb5f25e4d486","defaultBackgroundElement":{"opacity":100,"flip":{"vertical":false,"horizontal":false},"rotationAngle":0,"lockAspectRatio":true,"backgroundColor":{"color":{"r":196,"g":196,"b":196}},"x":1,"y":1,"width":1,"height":1,"mask":{"type":"rectangle"},"isBackground":true,"isDefaultBackground":true,"type":"shape","id":"71408641-a3b5-4f83-bc00-e6037db1c1b4"},"pageAttachment":{"url":""}},{"overlay":"none","elements":[{"opacity":100,"flip":{"vertical":false,"horizontal":false},"rotationAngle":0,"lockAspectRatio":true,"backgroundColor":{"color":{"r":196,"g":196,"b":196}},"x":48,"y":0,"width":160,"height":90,"mask":{"type":"rectangle"},"isBackground":true,"type":"gif","id":"3788fcdd-5dac-4985-a17e-fd7e2cb54de1","scale":100,"focalX":50,"focalY":50,"resource":{"type":"gif","mimeType":"image\/gif","creationDate":"2017-12-15T08:04:22Z","src":"https:\/\/c.tenor.com\/MeXxoUFWX2cAAAAC\/3d-stock-market.gif","width":320,"height":180,"poster":"https:\/\/c.tenor.com\/MeXxoUFWX2cAAAAe\/3d-stock-market.png","posterId":"media\/tenor:3595545552413417319","id":"media\/tenor:3595545552413417319","alt":"media\/tenor:3595545552413417319","sizes":{"full":{"file":"media\/tenor:3595545552413417319","source_url":"https:\/\/c.tenor.com\/MeXxoUFWX2cAAAAC\/3d-stock-market.gif","mime_type":"image\/gif","width":320,"height":180},"large":{"file":"media\/tenor:3595545552413417319","source_url":"https:\/\/c.tenor.com\/MeXxoUFWX2cAAAAM\/3d-stock-market.gif","mime_type":"image\/gif","width":220,"height":124},"web_stories_thumbnail":{"file":"media\/tenor:3595545552413417319","source_url":"https:\/\/c.tenor.com\/MeXxoUFWX2cAAAAS\/3d-stock-market.gif","mime_type":"image\/gif","width":160,"height":90}},"attribution":{"author":[],"registerUsageUrl":"https:\/\/media3p.googleapis.com\/v1\/media:registerUsage?token=AdnbmE\/\/EUqPXezyhybvlsDiKDuDIc1lsYovZZ9vPmPjocwF%2BbLzzZ\/tYnU7g6p5f6qiFYWPunKXnRqZ7qAb6GW9II1pYA%3D%3D"},"output":{"mimeType":"video\/mp4","src":"https:\/\/c.tenor.com\/MeXxoUFWX2cAAAPo\/3d-stock-market.mp4"},"local":false,"isPlaceholder":false,"isOptimized":true,"isMuted":false,"baseColor":[10,26,71]}},{"opacity":100,"flip":{"vertical":false,"horizontal":false},"rotationAngle":0,"lockAspectRatio":false,"backgroundTextMode":"FILL","font":{"family":"Open Sans","service":"fonts.google.com","fallbacks":["sans-serif"],"weights":[300,400,600,700,800],"styles":["italic","regular"],"variants":[[0,300],[1,300],[0,400],[1,400],[0,600],[1,600],[0,700],[1,700],[0,800],[1,800]],"metrics":{"upm":2048,"asc":2189,"des":-600,"tAsc":1567,"tDes":-492,"tLGap":132,"wAsc":2189,"wDes":600,"xH":1096,"capH":1462,"yMin":-555,"yMax":2146,"hAsc":2189,"hDes":-600,"lGap":0}},"fontSize":21,"backgroundColor":{"color":{"r":0,"g":0,"b":0,"a":0.7}},"lineHeight":1.5,"textAlign":"center","padding":{"locked":true,"hasHiddenPadding":true,"horizontal":20,"vertical":16},"content":"<span style=\"color: #fff\">Na an\u00e1lise da Guide Investimentos, esta aprova\u00e7\u00e3o resolve o curto prazo o aux\u00edlio emergencial, mas empurra o risco fiscal para o futuro e ainda ser\u00e1 tema de preocupa\u00e7\u00e3o<\/span>","fontWeight":400,"marginOffset":2.4873046875,"width":302,"height":266,"scale":100,"focalX":50,"focalY":50,"border":{"left":0,"right":0,"top":0,"bottom":0,"lockedWidth":true,"color":{"color":{"r":255,"g":0,"b":0}}},"borderRadius":{"topLeft":8,"topRight":8,"bottomRight":8,"bottomLeft":8,"locked":true},"basedOn":"40b966d1-7d9b-47f9-9547-18e13223c79b","id":"65aace8b-b6f2-4180-833b-46c70c380006","x":56,"y":290,"type":"text"}],"animations":[{"id":"184ce59b-f936-495e-be6a-c6c577e8e824","type":"effect-whoosh-in","whooshInDir":"leftToRight","duration":600,"delay":0,"targets":["65aace8b-b6f2-4180-833b-46c70c380006"]}],"backgroundColor":{"color":{"r":255,"g":255,"b":255}},"type":"page","id":"bfd0682b-0c86-463b-8fcc-fcf6c289ca9d","defaultBackgroundElement":{"opacity":100,"flip":{"vertical":false,"horizontal":false},"rotationAngle":0,"lockAspectRatio":true,"backgroundColor":{"color":{"r":196,"g":196,"b":196}},"x":1,"y":1,"width":1,"height":1,"mask":{"type":"rectangle"},"isBackground":true,"isDefaultBackground":true,"type":"shape","id":"72554b31-8959-4732-8f20-8d9708d051f6"},"pageAttachment":{"url":""}},{"overlay":"none","elements":[{"opacity":100,"flip":{"vertical":false,"horizontal":false},"rotationAngle":0,"lockAspectRatio":true,"backgroundColor":{"color":{"r":196,"g":196,"b":196}},"x":48,"y":0,"width":330,"height":220,"mask":{"type":"rectangle"},"isBackground":true,"type":"image","id":"865d74d7-ee47-4629-8811-d3c2589b71fc","scale":100,"focalX":50,"focalY":50,"resource":{"type":"image","mimeType":"image\/jpeg","creationDate":"2017-12-17T01:50:36Z","src":"https:\/\/images.unsplash.com\/photo-1513475382585-d06e58bcb0e0?ixid=MnwxMzcxOTN8MHwxfHNlYXJjaHwzfHxyZWFkaW5nfGVufDB8fHx8MTYzMjM0OTEwMw&ixlib=rb-1.2.1&fm=jpg&w=5616&h=3744&fit=max","width":330,"height":220,"id":"media\/unsplash:k2Kcwkandwg","title":"person picking white and red book on bookshelf","alt":"","local":false,"sizes":{"full":{"file":"media\/unsplash:k2Kcwkandwg","source_url":"https:\/\/images.unsplash.com\/photo-1513475382585-d06e58bcb0e0?ixid=MnwxMzcxOTN8MHwxfHNlYXJjaHwzfHxyZWFkaW5nfGVufDB8fHx8MTYzMjM0OTEwMw&ixlib=rb-1.2.1&fm=jpg&w=5616&h=3744&fit=max","mime_type":"image\/jpeg","width":5616,"height":3744},"large":{"file":"media\/unsplash:k2Kcwkandwg","source_url":"https:\/\/images.unsplash.com\/photo-1513475382585-d06e58bcb0e0?ixid=MnwxMzcxOTN8MHwxfHNlYXJjaHwzfHxyZWFkaW5nfGVufDB8fHx8MTYzMjM0OTEwMw&ixlib=rb-1.2.1&fm=jpg&w=4492&h=2995&fit=max","mime_type":"image\/jpeg","width":4492,"height":2995},"3369_2246":{"file":"media\/unsplash:k2Kcwkandwg","source_url":"https:\/\/images.unsplash.com\/photo-1513475382585-d06e58bcb0e0?ixid=MnwxMzcxOTN8MHwxfHNlYXJjaHwzfHxyZWFkaW5nfGVufDB8fHx8MTYzMjM0OTEwMw&ixlib=rb-1.2.1&fm=jpg&w=3369&h=2246&fit=max","mime_type":"image\/jpeg","width":3369,"height":2246},"2246_1497":{"file":"media\/unsplash:k2Kcwkandwg","source_url":"https:\/\/images.unsplash.com\/photo-1513475382585-d06e58bcb0e0?ixid=MnwxMzcxOTN8MHwxfHNlYXJjaHwzfHxyZWFkaW5nfGVufDB8fHx8MTYzMjM0OTEwMw&ixlib=rb-1.2.1&fm=jpg&w=2246&h=1497&fit=max","mime_type":"image\/jpeg","width":2246,"height":1497},"1123_749":{"file":"media\/unsplash:k2Kcwkandwg","source_url":"https:\/\/images.unsplash.com\/photo-1513475382585-d06e58bcb0e0?ixid=MnwxMzcxOTN8MHwxfHNlYXJjaHwzfHxyZWFkaW5nfGVufDB8fHx8MTYzMjM0OTEwMw&ixlib=rb-1.2.1&fm=jpg&w=1123&h=749&fit=max","mime_type":"image\/jpeg","width":1123,"height":749},"web_stories_thumbnail":{"file":"media\/unsplash:k2Kcwkandwg","source_url":"https:\/\/images.unsplash.com\/photo-1513475382585-d06e58bcb0e0?ixid=MnwxMzcxOTN8MHwxfHNlYXJjaHwzfHxyZWFkaW5nfGVufDB8fHx8MTYzMjM0OTEwMw&ixlib=rb-1.2.1&fm=jpg&w=340&h=227&fit=max","mime_type":"image\/jpeg","width":340,"height":227}},"attribution":{"author":{"displayName":"Christin Hume","url":"https:\/\/unsplash.com\/@christinhumephoto?utm_source=web_stories_wordpress&utm_medium=referral"},"registerUsageUrl":"https:\/\/media3p.googleapis.com\/v1\/media:registerUsage?token=AdnbmE9cqCPtvYoS8AnC6fHrx6FNKMnSfugYikTbdvdZ26InfnXwLzqZeKZ3kYvde2J1PeDgJqOb80tka4VtFVYto0\/NfwUg37LXnIE5rR47Ysd4TtVVNaLTk8mtB3jtSHG1bJ%2BRr7usKRR42P2E9pFF%2BZcQIKZgMIxUjjKMDTIFn4Fu6ITD8Zcv5tlX2HLzOHajKGk9FbMs3xGcJw5tozGTb0Ii3lzZKxCJP1aNN50wMw%3D%3D"},"baseColor":[176,147,129]},"overlay":{"color":{"r":0,"g":0,"b":0,"a":0.4}}},{"opacity":100,"flip":{"vertical":false,"horizontal":false},"rotationAngle":0,"lockAspectRatio":false,"backgroundTextMode":"NONE","font":{"family":"Montserrat","service":"fonts.google.com","fallbacks":["sans-serif"],"weights":[100,200,300,400,500,600,700,800,900],"styles":["italic","regular"],"variants":[[0,100],[0,200],[0,300],[0,400],[0,500],[0,600],[0,700],[0,800],[0,900],[1,100],[1,200],[1,300],[1,400],[1,500],[1,600],[1,700],[1,800],[1,900]],"metrics":{"upm":1000,"asc":968,"des":-251,"tAsc":968,"tDes":-251,"tLGap":0,"wAsc":1109,"wDes":270,"xH":525,"capH":700,"yMin":-262,"yMax":1043,"hAsc":968,"hDes":-251,"lGap":0}},"fontSize":30,"backgroundColor":{"color":{"r":196,"g":196,"b":196}},"lineHeight":1.2,"textAlign":"center","padding":{"locked":true,"horizontal":0,"vertical":0},"content":"<span style=\"font-weight: 700; color: #fff\">Quer saber mais sobre&nbsp;a vota\u00e7\u00e3o da PEC dos Precat\u00f3rios?<\/span>","fontWeight":700,"marginOffset":-0.5130000000000052,"width":285,"height":136,"scale":100,"focalX":50,"focalY":50,"type":"text","basedOn":"2d2a8004-b0c8-4e4d-a9d8-2e893dd2b492","id":"d7b3c4e5-e929-484f-be0d-8b367f9c2d30","x":72,"y":246},{"opacity":100,"flip":{"vertical":false,"horizontal":false},"rotationAngle":0,"lockAspectRatio":true,"scale":100,"focalX":50,"focalY":50,"resource":{"type":"image","mimeType":"image\/png","src":"https:\/\/www.suno.com.br\/wp-content\/uploads\/2021\/09\/image-5.png","width":229,"height":64,"id":220847,"title":"image","alt":"image","local":true,"sizes":{"thumbnail":{"file":"image-5-150x64.png","width":150,"height":64,"mime_type":"image\/png","source_url":"https:\/\/www.suno.com.br\/wp-content\/uploads\/2021\/09\/image-5-150x64.png"},"web-stories-publisher-logo":{"file":"image-5-96x64.png","width":96,"height":64,"mime_type":"image\/png","source_url":"https:\/\/www.suno.com.br\/wp-content\/uploads\/2021\/09\/image-5-96x64.png"},"web-stories-thumbnail":{"file":"image-5-150x42.png","width":150,"height":42,"mime_type":"image\/png","source_url":"https:\/\/www.suno.com.br\/wp-content\/uploads\/2021\/09\/image-5-150x42.png"},"full":{"file":"image-5.png","width":229,"height":64,"mime_type":"image\/png","source_url":"https:\/\/www.suno.com.br\/wp-content\/uploads\/2021\/09\/image-5.png"}}},"width":115,"height":32,"mask":{"type":"rectangle","showInLibrary":true,"name":"Rectangle","path":"M 0,0 1,0 1,1 0,1 0,0 Z","ratio":1,"supportsBorder":true},"type":"image","basedOn":"fc5f9800-426a-409c-bde0-596bb02b5b28","id":"9c875927-e66d-46f4-9809-5cdf4dd5a012","x":149,"y":45}],"backgroundColor":{"color":{"r":255,"g":255,"b":255}},"type":"page","id":"61f10a19-f7c5-42fc-a6d9-6baff5eaaca0","animations":[{"targets":["d7b3c4e5-e929-484f-be0d-8b367f9c2d30"],"id":"667a4dbb-6370-4d37-a6bd-03ad3d705203","type":"effect-fade-in","duration":600,"delay":300},{"targets":["9c875927-e66d-46f4-9809-5cdf4dd5a012"],"id":"24049ae7-138f-4beb-a915-a0b5c907de60","type":"effect-fade-in","duration":1200,"delay":0},{"targets":["865d74d7-ee47-4629-8811-d3c2589b71fc"],"id":"68b7044b-ba94-4731-b46a-eb4b090f7082","type":"effect-background-pan","panDir":"rightToLeft","duration":5000,"delay":0}],"defaultBackgroundElement":{"opacity":100,"flip":{"vertical":false,"horizontal":false},"rotationAngle":0,"lockAspectRatio":true,"backgroundColor":{"color":{"r":196,"g":196,"b":196}},"x":1,"y":1,"width":1,"height":1,"mask":{"type":"rectangle"},"isBackground":true,"isDefaultBackground":true,"type":"shape","id":"e5950a8b-668c-499d-afd5-774e30488305"},"pageAttachment":{"url":"https:\/\/www.suno.com.br\/noticias\/camara-aprova-pec-dos-precatorios-em-primeiro-turno\/","ctaText":"Arrasta para cima!"}}],"autoAdvance":true,"defaultPageDuration":7,"currentStoryStyles":{"colors":[]}},"story_poster":{"id":201230,"url":"https:\/\/files.sunoresearch.com.br\/n\/uploads\/2021\/02\/cropped-25257fbd-camara-deputados-suspensao-sigilo-documentos-2019-1100.jpg-640x853.jpg","width":640,"height":853,"needsProxy":false},"_links":{"self":[{"href":"https:\/\/www.suno.com.br\/noticias\/wp-json\/web-stories\/v1\/web-story\/201196"}],"collection":[{"href":"https:\/\/www.suno.com.br\/noticias\/wp-json\/web-stories\/v1\/web-story"}],"about":[{"href":"https:\/\/www.suno.com.br\/noticias\/wp-json\/wp\/v2\/types\/web-story"}],"author":[{"embeddable":true,"href":"https:\/\/www.suno.com.br\/noticias\/wp-json\/web-stories\/v1\/users\/60"}],"version-history":[{"count":3,"href":"https:\/\/www.suno.com.br\/noticias\/wp-json\/web-stories\/v1\/web-story\/201196\/revisions"}],"predecessor-version":[{"id":201255,"href":"https:\/\/www.suno.com.br\/noticias\/wp-json\/web-stories\/v1\/web-story\/201196\/revisions\/201255"}],"wp:featuredmedia":[{"embeddable":true,"href":"https:\/\/www.suno.com.br\/noticias\/wp-json\/web-stories\/v1\/media\/201230"}],"wp:attachment":[{"href":"https:\/\/www.suno.com.br\/noticias\/wp-json\/web-stories\/v1\/media?parent=201196"}],"wp:term":[{"taxonomy":"web_story_category","embeddable":true,"href":"https:\/\/www.suno.com.br\/noticias\/wp-json\/web-stories\/v1\/web_story_category?post=201196"},{"taxonomy":"web_story_tag","embeddable":true,"href":"https:\/\/www.suno.com.br\/noticias\/wp-json\/web-stories\/v1\/web_story_tag?post=201196"}],"wp:lock":[{"embeddable":true,"href":"https:\/\/www.suno.com.br\/noticias\/wp-json\/web-stories\/v1\/web-story\/201196\/lock"}],"wp:publisherlogo":[{"embeddable":true,"href":"https:\/\/www.suno.com.br\/noticias\/wp-json\/web-stories\/v1\/media\/180483"}],"curies":[{"name":"wp","href":"https:\/\/api.w.org\/{rel}","templated":true}]}}